{"id":1134,"date":"2023-05-25T10:26:35","date_gmt":"2023-05-25T13:26:35","guid":{"rendered":"https:\/\/blogdojoaocosta.com.br\/?p=1134"},"modified":"2023-05-25T18:48:04","modified_gmt":"2023-05-25T21:48:04","slug":"cavalgada-e-bacamarteiros-rumo-a-pedra-do-reino","status":"publish","type":"post","link":"https:\/\/blogdojoaocosta.com.br\/?p=1134","title":{"rendered":"Cavalgada e bacamarteiros rumo \u00e0 Pedra do Reino"},"content":{"rendered":"<p>A Pedra do Reino, em S\u00e3o Jos\u00e9 do Belmonte, Pernambuco, tem uma interface m\u00edstica com a Para\u00edba; segundo o escritor paraibano Ariano Suassuna(1927-2014) s\u00e3o duas torres g\u00eameas com uma voltada para a Para\u00edba e a outra para Pernambuco; geograficamente a dist\u00e2ncia entre o munic\u00edpio de Santa In\u00eas, Para\u00edba, \u00e0 S\u00e3o Jos\u00e9 do Belmonte, onde fica a famosa Pedra Bonita, \u00e9 de 35 km; \u00e9 l\u00e1 onde a partir desta sexta-feira, 26, se realiza uma cavalgada bem ao estilo medieval.<\/p>\n<p>S\u00e3o Jos\u00e9 do Belmonte, terra do tenente Jos\u00e9 Rufino, o maior matador de cangaceiros, se torna Armorial \u2013 a express\u00e3o contributiva mais forte do \u201carianismo\u201d para a identidade nordestina.<\/p>\n<p>Em Jo\u00e3o Pessoa, terra de Ariano, homenagens f\u00edsicas s\u00e3o v\u00e1rias, inclusive d\u00e1 nome a quatro teatros, mas fica em S\u00e3o Jos\u00e9 do Belmonte sua mais forte inspira\u00e7\u00e3o: A Pedra do Reino que gerou \u201cO Romance D\u2019a Pedra do Reino\u201d, tendo como consequ\u00eancia o despertar cultural da popula\u00e7\u00e3o de S\u00e3o Jos\u00e9 do Belmonte em defesa de suas tradi\u00e7\u00f5es.<\/p>\n<p>A Cavalgada at\u00e9 a Pedra do Reino \u00e9 multicolorida, alegorias ao \u201creino encantado\u201d sebastianista e a manifesta\u00e7\u00e3o folcl\u00f3rica dos bacamarteiros emociona. Vi uma dessas apresenta\u00e7\u00f5es em Bom Nome, distrito de S\u00e3o Jos\u00e9 do Belmonte, durante o evento Cariri Canga\u00e7o, e pude ter uma compreens\u00e3o mais clara daquela cidadela no per\u00edodo Lampi\u00f4nico, que \u00e9 muito posterior ao evento protagonizado por homens e mulheres negras naquelas duas torres.<\/p>\n<h2>Guerreiros da cultura nordestina<\/h2>\n<p>O folclorista Edvandro Serafim, assim descreve a magia dos bacamateiros: \u201c \u00a0armas brilhantes e reluzentes, ricamente enfeitadas, fardados, geralmente de azul, a cor dos combates, e tamb\u00e9m homenagem a nossa senhora, organizados, com seus chap\u00e9us de couro com a aba virada ricamente enfeitados, ou Chap\u00e9us de palha com a aba virada e uma rosa enfeitando adentram na pra\u00e7a da cidade, dan\u00e7ando e fazendo coreografias cantando, acompanhados de sanfona tri\u00e2ngulo e zabumba\u201d.<\/p>\n<p><img decoding=\"async\" class=\"alignnone size-medium wp-image-1136\" src=\"https:\/\/blogdojoaocosta.com.br\/wp-content\/uploads\/2023\/05\/bacamarteiros-169x300.jpeg\" alt=\"\" width=\"169\" height=\"300\" srcset=\"https:\/\/blogdojoaocosta.com.br\/wp-content\/uploads\/2023\/05\/bacamarteiros-169x300.jpeg 169w, https:\/\/blogdojoaocosta.com.br\/wp-content\/uploads\/2023\/05\/bacamarteiros-576x1024.jpeg 576w, https:\/\/blogdojoaocosta.com.br\/wp-content\/uploads\/2023\/05\/bacamarteiros.jpeg 720w\" sizes=\"(max-width: 169px) 100vw, 169px\" \/><\/p>\n<p><em><strong>Bacamarteiros em S\u00e3o Jos\u00e9<\/strong><\/em><\/p>\n<p>Serafim vai mais al\u00e9m. \u201cN\u00e3o, Lampi\u00e3o n\u00e3o invadiu a cidade. S\u00e3o os bacamarteiros que iniciam sua linda\u00a0 apresenta\u00e7\u00e3o em breve se iniciar\u00e1 os tiros estrondosos parecendo trov\u00f5es em homenagem aos Santos, as festas juninas e a tradi\u00e7\u00e3o seguido das piruetas dos bacamarteiros. Um\u00a0 folguedo com mais de 100 anos de tradi\u00e7\u00e3o, de hist\u00f3ria e de cultura remontando a guerra do Paraguai onde os combates vitoriosos retornando da guerra com seus granadeiros iniciaram est\u00e1 linda tradi\u00e7\u00e3o. Dando tiros com p\u00f3lvora seca para dar gra\u00e7as por estarem vivos, pela colheita e homenagear os santos. Ficando esses tiros conhecidos como &#8220;tiro da paz,&#8221; pois comemora o fim da guerra, s\u00e3o tiros s\u00f3 com p\u00f3lvora seca sem chumbo para n\u00e3o machucar mas comemorar, a alegria da vida\u201d.<\/p>\n<p><img decoding=\"async\" class=\"alignnone size-medium wp-image-1137\" src=\"https:\/\/blogdojoaocosta.com.br\/wp-content\/uploads\/2023\/05\/20191220_085310-4-300x225.jpg\" alt=\"\" width=\"300\" height=\"225\" srcset=\"https:\/\/blogdojoaocosta.com.br\/wp-content\/uploads\/2023\/05\/20191220_085310-4-300x225.jpg 300w, https:\/\/blogdojoaocosta.com.br\/wp-content\/uploads\/2023\/05\/20191220_085310-4-1024x768.jpg 1024w, https:\/\/blogdojoaocosta.com.br\/wp-content\/uploads\/2023\/05\/20191220_085310-4-768x576.jpg 768w, https:\/\/blogdojoaocosta.com.br\/wp-content\/uploads\/2023\/05\/20191220_085310-4.jpg 1385w\" sizes=\"(max-width: 300px) 100vw, 300px\" \/><\/p>\n<p><strong><em>As torres g\u00eameas que inspiraram o teatro e a literatura<\/em><\/strong><\/p>\n<h2>Forte Movimento Armorial tem seu castelo<\/h2>\n<p>Criado pelo escritor, poeta e dramaturgo paraibano, Ariano Suassuna, o Movimento Armorial obteve desdobramentos na m\u00fasica, teatro, literatura. Entretanto sua express\u00e3o de maior destaque arquitet\u00f4nica, \u00e9 o Castelo Armorial, em S\u00e3o Jos\u00e9 do Belmonte , distante 474 KM do Recife, na divisa com o munic\u00edpio de Santa In\u00eas(PB). Na verdade, uma casa transformada em castelo.<\/p>\n<p><img decoding=\"async\" class=\"alignnone size-medium wp-image-1138\" src=\"https:\/\/blogdojoaocosta.com.br\/wp-content\/uploads\/2023\/05\/castsarracri-300x225.jpg\" alt=\"\" width=\"300\" height=\"225\" srcset=\"https:\/\/blogdojoaocosta.com.br\/wp-content\/uploads\/2023\/05\/castsarracri-300x225.jpg 300w, https:\/\/blogdojoaocosta.com.br\/wp-content\/uploads\/2023\/05\/castsarracri-1024x768.jpg 1024w, https:\/\/blogdojoaocosta.com.br\/wp-content\/uploads\/2023\/05\/castsarracri-768x576.jpg 768w, https:\/\/blogdojoaocosta.com.br\/wp-content\/uploads\/2023\/05\/castsarracri-1536x1152.jpg 1536w, https:\/\/blogdojoaocosta.com.br\/wp-content\/uploads\/2023\/05\/castsarracri-2048x1536.jpg 2048w\" sizes=\"(max-width: 300px) 100vw, 300px\" \/><\/p>\n<p><em><strong>S\u00edmbolos do islamismo e cristianismo no castelo armorial<\/strong><\/em><\/p>\n<p>S\u00e3o Jos\u00e9 do Belmonte \u00e9 refer\u00eancia nas obras de Ariano Suassuna e Jos\u00e9 Lins do Rego, porque \u00e9 l\u00e1 que se situa a Pedra do Reino \u2013 motivo de argumento para romances e pe\u00e7as de teatro.<\/p>\n<p>A elabora\u00e7\u00e3o do projeto teve in\u00edcio no ano de 2002. J\u00e1 o pr\u00e9dio foi constru\u00eddo entre os anos de 2007 e 2017 pelo empres\u00e1rio Cl\u00e9cio Novaes.<\/p>\n<p>\u201cEm uma de nossas conversas, Ariano me disse que j\u00e1 tinha visto tudo sobre o movimento armorial, menos uma arquitetura. Foi a partir da\u00ed que surgiu a ideia de criar o projeto do castelo. Quando eu disse a ele que iria construir ele n\u00e3o acreditou\u201d, relata o comerciante.<\/p>\n<p><img decoding=\"async\" class=\"alignnone size-medium wp-image-1139\" src=\"https:\/\/blogdojoaocosta.com.br\/wp-content\/uploads\/2023\/05\/DSCN0033-300x225.jpg\" alt=\"\" width=\"300\" height=\"225\" srcset=\"https:\/\/blogdojoaocosta.com.br\/wp-content\/uploads\/2023\/05\/DSCN0033-300x225.jpg 300w, https:\/\/blogdojoaocosta.com.br\/wp-content\/uploads\/2023\/05\/DSCN0033-1024x768.jpg 1024w, https:\/\/blogdojoaocosta.com.br\/wp-content\/uploads\/2023\/05\/DSCN0033-768x576.jpg 768w, https:\/\/blogdojoaocosta.com.br\/wp-content\/uploads\/2023\/05\/DSCN0033-1536x1152.jpg 1536w, https:\/\/blogdojoaocosta.com.br\/wp-content\/uploads\/2023\/05\/DSCN0033-2048x1536.jpg 2048w\" sizes=\"(max-width: 300px) 100vw, 300px\" \/><\/p>\n<p><em><strong>Anjo vaqueiro recepciona turistas na entrada do Pal\u00e1cio<\/strong><\/em><\/p>\n<p>Quem entra fica impressionado com tamanha delicadeza e riqueza de detalhes. Cada cent\u00edmetro do lugar tem uma hist\u00f3ria para contar. Tudo foi milimetricamente pensado e fundamentado na literatura. Assim como o movimento, a uni\u00e3o entre o medieval, barroco, a cultura popular e o erudito s\u00e3o fortes em cada canto do castelo.<\/p>\n<p>O pal\u00e1cio armorial tem mais de 15 metros de altura. Ele \u00e9 reaberto ao p\u00fablico sempre na \u00faltima semana de maio, per\u00edodo em que a cidade organiza sua cavalhada, tamb\u00e9m, inspirada por Ariano.<\/p>\n<p>O palacete tem v\u00e1rias pe\u00e7as feitas regionais feitas em barro. Elas foram confeccionadas pelos artes\u00e3os de Tracunha\u00e9m.<\/p>\n<p>\u201cTivemos um trabalho imenso para deslocar cada obra de arte. Elas evidenciam os personagens que ilustraram a obra \u2018A Pedra do Reino e o pr\u00edncipe do Vai e volta\u2019, de Ariano\u201d, relata, Cl\u00e9cio Novaes.<\/p>\n<p>&nbsp;<\/p>\n<p><img decoding=\"async\" class=\"alignnone size-medium wp-image-1141\" src=\"https:\/\/blogdojoaocosta.com.br\/wp-content\/uploads\/2023\/05\/20191220_085330-300x225.jpg\" alt=\"\" width=\"300\" height=\"225\" srcset=\"https:\/\/blogdojoaocosta.com.br\/wp-content\/uploads\/2023\/05\/20191220_085330-300x225.jpg 300w, https:\/\/blogdojoaocosta.com.br\/wp-content\/uploads\/2023\/05\/20191220_085330-1024x768.jpg 1024w, https:\/\/blogdojoaocosta.com.br\/wp-content\/uploads\/2023\/05\/20191220_085330-768x576.jpg 768w, https:\/\/blogdojoaocosta.com.br\/wp-content\/uploads\/2023\/05\/20191220_085330-1536x1152.jpg 1536w, https:\/\/blogdojoaocosta.com.br\/wp-content\/uploads\/2023\/05\/20191220_085330-2048x1536.jpg 2048w\" sizes=\"(max-width: 300px) 100vw, 300px\" \/><\/p>\n<p><em><strong>Editor do blog em expedi\u00e7\u00e3o \u00e0 Pedra do Reino<\/strong><\/em><\/p>\n<h2><strong>Pedra do Reino e Sebastianismo<\/strong><\/h2>\n<p>Pedra do Reino na Serra do Catol\u00e9 em S\u00e3o Jos\u00e9 do Belmonte(PE<strong>)<\/strong>. Na virada do s\u00e9culo XIX para o sec. XX, abrigou um Quilombo onde ocorreram os tr\u00e1gicos e sangrentos acontecimentos da \u201cPedra Bonita\u201d. Fan\u00e1ticos professavam a volta de Dom Sebasti\u00e3o, acreditavam num reino encantado. A pedra foi lavada com sangue de crian\u00e7as e adultos sacrificados. Uma for\u00e7a policial de Serra Talhada acabou com o movimento.<\/p>\n<p>A Pedra do Reino, v\u00ea-la ao longe, cruzar todo p\u00e1tio onde est\u00e3o as lumiaras, e mesmo passar por entre as duas torres; sendo conhecedor das suas implica\u00e7\u00f5es culturais e religiosas provocam emo\u00e7\u00f5es por conta da energia do lugar.<\/p>\n<p>O lajedo faz uma interface com as lumiaras religiosas criadas e colocadas no local por Ariano Suassuna, quando secret\u00e1rio de Cultural de Pernambuco. 16 totens, esculturas \u2013 personagens sebastianistas \u2013 colocadas em c\u00edrculo, algo como representando o sagrado e o profano.<\/p>\n<p>S\u00e3o muitos os relatos de mortes volunt\u00e1rias. Os rituais envolviam o consumo de bebidas que estimulavam os fi\u00e9is ao suic\u00eddio e ao sacrif\u00edcio dos pr\u00f3prios filhos. Elas se jogavam do alto da Pedra, ou eram imoladas a golpes de fac\u00e3o; seus corpos largados no lajedo ao redor, dando o sentido de \u201clavar o altar com sangue\u201d.<\/p>\n<p>Crian\u00e7as foram tamb\u00e9m sacrificadas. Cinquenta e tr\u00eas pessoas foram sacrificadas nos tr\u00eas dias da matan\u00e7a, incluindo a mulher do \u201crei\u201d, a rainha Izabel.<\/p>\n<p>O del\u00edrio m\u00edstico do autointitulado rei Jo\u00e3o Ant\u00f4nio Ferreira teve seu \u00e1pice quando ele proclamou que a Pedra s\u00f3 se desencantaria quando lavada por sangue. Os sacrificados ressuscitariam poderosos e imortais.<\/p>\n<div style=\"width: 640px;\" class=\"wp-video\"><video class=\"wp-video-shortcode\" id=\"video-1134-1\" width=\"640\" height=\"352\" preload=\"metadata\" controls=\"controls\"><source type=\"video\/mp4\" src=\"https:\/\/blogdojoaocosta.com.br\/wp-content\/uploads\/2023\/05\/WhatsApp-Video-2023-05-25-at-10.20.49.mp4?_=1\" \/><a href=\"https:\/\/blogdojoaocosta.com.br\/wp-content\/uploads\/2023\/05\/WhatsApp-Video-2023-05-25-at-10.20.49.mp4\">https:\/\/blogdojoaocosta.com.br\/wp-content\/uploads\/2023\/05\/WhatsApp-Video-2023-05-25-at-10.20.49.mp4<\/a><\/video><\/div>\n<h2><strong>Lampi\u00e3o nos arredores<\/strong><\/h2>\n<p>A Serra do Catol\u00e9 tamb\u00e9m foi palco de lutas entre cangaceiros e volantes. Baleado no p\u00e9, Lampi\u00e3o ficou nas cercanias da Pedra do Reino onde foi tratado pelo cangaceiro C\u00edcero Costa, esp\u00e9cie de enfermeiro do bando, que foi morto pela volante do Clementino Quel\u00e9 nas imedia\u00e7\u00f5es durante a persegui\u00e7\u00e3o ao bando. A Pedra Bonita ou do Reino virou tema de romances de Z\u00e9 Lins do Rego e Ariano Suassuna, mas o principal deles \u00e9 Reino Encantado \u2013 Cr\u00f4nicas Sebastianistas, de Trist\u00e3o de Alencar Araripe J\u00fanior.<\/p>\n<p>A Serra do Catol\u00e9 tamb\u00e9m foi palco de lutas entre cangaceiros e volantes. Baleado no p\u00e9, Lampi\u00e3o ficou nas cercanias da Pedra do Reino onde foi tratado pelo cangaceiro C\u00edcero Costa, esp\u00e9cie de enfermeiro do bando, que foi morto pela volante do Clementino Quel\u00e9 nas imedia\u00e7\u00f5es durante a persegui\u00e7\u00e3o ao bando. A Pedra Bonita ou do Reino virou tema de romances de Z\u00e9 Lins do Rego e Ariano Suassuna, mas o principal deles \u00e9 Reino Encantado \u2013 Cr\u00f4nicas Sebastianistas, de Trist\u00e3o de Alencar Araripe J\u00fanior.<\/p>\n<p>Imagens Jo\u00e3o Costa<\/p>\n<p>Imagens do Grupo folcl\u00f3rico; Edvandro Serafim<\/p>\n","protected":false},"excerpt":{"rendered":"<p>A Pedra do Reino, em S\u00e3o Jos\u00e9 do Belmonte, Pernambuco, tem uma interface m\u00edstica com a Para\u00edba; segundo o escritor paraibano Ariano Suassuna(1927-2014) s\u00e3o duas torres g\u00eameas com uma voltada para a Para\u00edba e a outra para Pernambuco; geograficamente a dist\u00e2ncia entre o munic\u00edpio de Santa In\u00eas, Para\u00edba, \u00e0 S\u00e3o Jos\u00e9 do Belmonte, onde fica [&hellip;]<\/p>\n","protected":false},"author":1,"featured_media":1135,"comment_status":"open","ping_status":"open","sticky":false,"template":"","format":"standard","meta":{"footnotes":""},"categories":[6],"tags":[],"class_list":["post-1134","post","type-post","status-publish","format-standard","has-post-thumbnail","hentry","category-cultura"],"yoast_head":"<!-- This site is optimized with the Yoast SEO plugin v27.5 - https:\/\/yoast.com\/product\/yoast-seo-wordpress\/ -->\n<title>Cavalgada e bacamarteiros rumo \u00e0 Pedra do Reino - Blog do Jo\u00e3o Costa<\/title>\n<meta name=\"robots\" content=\"index, follow, max-snippet:-1, max-image-preview:large, max-video-preview:-1\" \/>\n<link rel=\"canonical\" href=\"https:\/\/blogdojoaocosta.com.br\/?p=1134\" \/>\n<meta property=\"og:locale\" content=\"pt_BR\" \/>\n<meta property=\"og:type\" content=\"article\" \/>\n<meta property=\"og:title\" content=\"Cavalgada e bacamarteiros rumo \u00e0 Pedra do Reino - Blog do Jo\u00e3o Costa\" \/>\n<meta property=\"og:description\" content=\"A Pedra do Reino, em S\u00e3o Jos\u00e9 do Belmonte, Pernambuco, tem uma interface m\u00edstica com a Para\u00edba; segundo o escritor paraibano Ariano Suassuna(1927-2014) s\u00e3o duas torres g\u00eameas com uma voltada para a Para\u00edba e a outra para Pernambuco; geograficamente a dist\u00e2ncia entre o munic\u00edpio de Santa In\u00eas, Para\u00edba, \u00e0 S\u00e3o Jos\u00e9 do Belmonte, onde fica [&hellip;]\" \/>\n<meta property=\"og:url\" content=\"https:\/\/blogdojoaocosta.com.br\/?p=1134\" \/>\n<meta property=\"og:site_name\" content=\"Blog do Jo\u00e3o Costa\" \/>\n<meta property=\"article:published_time\" content=\"2023-05-25T13:26:35+00:00\" \/>\n<meta property=\"article:modified_time\" content=\"2023-05-25T21:48:04+00:00\" \/>\n<meta property=\"og:image\" content=\"https:\/\/blogdojoaocosta.com.br\/wp-content\/uploads\/2023\/05\/Arco-SJ-B.jpeg\" \/>\n\t<meta property=\"og:image:width\" content=\"1600\" \/>\n\t<meta property=\"og:image:height\" content=\"900\" \/>\n\t<meta property=\"og:image:type\" content=\"image\/jpeg\" \/>\n<meta name=\"author\" content=\"joaocosta\" \/>\n<meta name=\"twitter:card\" content=\"summary_large_image\" \/>\n<meta name=\"twitter:label1\" content=\"Escrito por\" \/>\n\t<meta name=\"twitter:data1\" content=\"joaocosta\" \/>\n\t<meta name=\"twitter:label2\" content=\"Est. tempo de leitura\" \/>\n\t<meta name=\"twitter:data2\" content=\"8 minutos\" \/>\n<script type=\"application\/ld+json\" class=\"yoast-schema-graph\">{\"@context\":\"https:\\\/\\\/schema.org\",\"@graph\":[{\"@type\":\"Article\",\"@id\":\"https:\\\/\\\/blogdojoaocosta.com.br\\\/?p=1134#article\",\"isPartOf\":{\"@id\":\"https:\\\/\\\/blogdojoaocosta.com.br\\\/?p=1134\"},\"author\":{\"name\":\"joaocosta\",\"@id\":\"https:\\\/\\\/blogdojoaocosta.com.br\\\/#\\\/schema\\\/person\\\/af1c9fa31a41a9d29c32f74b41d55f6e\"},\"headline\":\"Cavalgada e bacamarteiros rumo \u00e0 Pedra do Reino\",\"datePublished\":\"2023-05-25T13:26:35+00:00\",\"dateModified\":\"2023-05-25T21:48:04+00:00\",\"mainEntityOfPage\":{\"@id\":\"https:\\\/\\\/blogdojoaocosta.com.br\\\/?p=1134\"},\"wordCount\":1354,\"commentCount\":0,\"image\":{\"@id\":\"https:\\\/\\\/blogdojoaocosta.com.br\\\/?p=1134#primaryimage\"},\"thumbnailUrl\":\"https:\\\/\\\/blogdojoaocosta.com.br\\\/wp-content\\\/uploads\\\/2023\\\/05\\\/Arco-SJ-B.jpeg\",\"articleSection\":[\"Cultura\"],\"inLanguage\":\"pt-BR\",\"potentialAction\":[{\"@type\":\"CommentAction\",\"name\":\"Comment\",\"target\":[\"https:\\\/\\\/blogdojoaocosta.com.br\\\/?p=1134#respond\"]}]},{\"@type\":\"WebPage\",\"@id\":\"https:\\\/\\\/blogdojoaocosta.com.br\\\/?p=1134\",\"url\":\"https:\\\/\\\/blogdojoaocosta.com.br\\\/?p=1134\",\"name\":\"Cavalgada e bacamarteiros rumo \u00e0 Pedra do Reino - Blog do Jo\u00e3o Costa\",\"isPartOf\":{\"@id\":\"https:\\\/\\\/blogdojoaocosta.com.br\\\/#website\"},\"primaryImageOfPage\":{\"@id\":\"https:\\\/\\\/blogdojoaocosta.com.br\\\/?p=1134#primaryimage\"},\"image\":{\"@id\":\"https:\\\/\\\/blogdojoaocosta.com.br\\\/?p=1134#primaryimage\"},\"thumbnailUrl\":\"https:\\\/\\\/blogdojoaocosta.com.br\\\/wp-content\\\/uploads\\\/2023\\\/05\\\/Arco-SJ-B.jpeg\",\"datePublished\":\"2023-05-25T13:26:35+00:00\",\"dateModified\":\"2023-05-25T21:48:04+00:00\",\"author\":{\"@id\":\"https:\\\/\\\/blogdojoaocosta.com.br\\\/#\\\/schema\\\/person\\\/af1c9fa31a41a9d29c32f74b41d55f6e\"},\"breadcrumb\":{\"@id\":\"https:\\\/\\\/blogdojoaocosta.com.br\\\/?p=1134#breadcrumb\"},\"inLanguage\":\"pt-BR\",\"potentialAction\":[{\"@type\":\"ReadAction\",\"target\":[\"https:\\\/\\\/blogdojoaocosta.com.br\\\/?p=1134\"]}]},{\"@type\":\"ImageObject\",\"inLanguage\":\"pt-BR\",\"@id\":\"https:\\\/\\\/blogdojoaocosta.com.br\\\/?p=1134#primaryimage\",\"url\":\"https:\\\/\\\/blogdojoaocosta.com.br\\\/wp-content\\\/uploads\\\/2023\\\/05\\\/Arco-SJ-B.jpeg\",\"contentUrl\":\"https:\\\/\\\/blogdojoaocosta.com.br\\\/wp-content\\\/uploads\\\/2023\\\/05\\\/Arco-SJ-B.jpeg\",\"width\":1600,\"height\":900},{\"@type\":\"BreadcrumbList\",\"@id\":\"https:\\\/\\\/blogdojoaocosta.com.br\\\/?p=1134#breadcrumb\",\"itemListElement\":[{\"@type\":\"ListItem\",\"position\":1,\"name\":\"In\u00edcio\",\"item\":\"https:\\\/\\\/blogdojoaocosta.com.br\\\/\"},{\"@type\":\"ListItem\",\"position\":2,\"name\":\"Cavalgada e bacamarteiros rumo \u00e0 Pedra do Reino\"}]},{\"@type\":\"WebSite\",\"@id\":\"https:\\\/\\\/blogdojoaocosta.com.br\\\/#website\",\"url\":\"https:\\\/\\\/blogdojoaocosta.com.br\\\/\",\"name\":\"Blog do Jo\u00e3o Costa\",\"description\":\"Assim Caminha a Humanidade\",\"potentialAction\":[{\"@type\":\"SearchAction\",\"target\":{\"@type\":\"EntryPoint\",\"urlTemplate\":\"https:\\\/\\\/blogdojoaocosta.com.br\\\/?s={search_term_string}\"},\"query-input\":{\"@type\":\"PropertyValueSpecification\",\"valueRequired\":true,\"valueName\":\"search_term_string\"}}],\"inLanguage\":\"pt-BR\"},{\"@type\":\"Person\",\"@id\":\"https:\\\/\\\/blogdojoaocosta.com.br\\\/#\\\/schema\\\/person\\\/af1c9fa31a41a9d29c32f74b41d55f6e\",\"name\":\"joaocosta\",\"image\":{\"@type\":\"ImageObject\",\"inLanguage\":\"pt-BR\",\"@id\":\"https:\\\/\\\/secure.gravatar.com\\\/avatar\\\/677b6f1fc54e8c7982d7dce3cfe65fce28f898f70d9b8b631786a0b1b18b11e5?s=96&d=mm&r=g\",\"url\":\"https:\\\/\\\/secure.gravatar.com\\\/avatar\\\/677b6f1fc54e8c7982d7dce3cfe65fce28f898f70d9b8b631786a0b1b18b11e5?s=96&d=mm&r=g\",\"contentUrl\":\"https:\\\/\\\/secure.gravatar.com\\\/avatar\\\/677b6f1fc54e8c7982d7dce3cfe65fce28f898f70d9b8b631786a0b1b18b11e5?s=96&d=mm&r=g\",\"caption\":\"joaocosta\"},\"sameAs\":[\"http:\\\/\\\/blogdojoaocosta.com.br\"],\"url\":\"https:\\\/\\\/blogdojoaocosta.com.br\\\/?author=1\"}]}<\/script>\n<!-- \/ Yoast SEO plugin. -->","yoast_head_json":{"title":"Cavalgada e bacamarteiros rumo \u00e0 Pedra do Reino - Blog do Jo\u00e3o Costa","robots":{"index":"index","follow":"follow","max-snippet":"max-snippet:-1","max-image-preview":"max-image-preview:large","max-video-preview":"max-video-preview:-1"},"canonical":"https:\/\/blogdojoaocosta.com.br\/?p=1134","og_locale":"pt_BR","og_type":"article","og_title":"Cavalgada e bacamarteiros rumo \u00e0 Pedra do Reino - Blog do Jo\u00e3o Costa","og_description":"A Pedra do Reino, em S\u00e3o Jos\u00e9 do Belmonte, Pernambuco, tem uma interface m\u00edstica com a Para\u00edba; segundo o escritor paraibano Ariano Suassuna(1927-2014) s\u00e3o duas torres g\u00eameas com uma voltada para a Para\u00edba e a outra para Pernambuco; geograficamente a dist\u00e2ncia entre o munic\u00edpio de Santa In\u00eas, Para\u00edba, \u00e0 S\u00e3o Jos\u00e9 do Belmonte, onde fica [&hellip;]","og_url":"https:\/\/blogdojoaocosta.com.br\/?p=1134","og_site_name":"Blog do Jo\u00e3o Costa","article_published_time":"2023-05-25T13:26:35+00:00","article_modified_time":"2023-05-25T21:48:04+00:00","og_image":[{"width":1600,"height":900,"url":"https:\/\/blogdojoaocosta.com.br\/wp-content\/uploads\/2023\/05\/Arco-SJ-B.jpeg","type":"image\/jpeg"}],"author":"joaocosta","twitter_card":"summary_large_image","twitter_misc":{"Escrito por":"joaocosta","Est. tempo de leitura":"8 minutos"},"schema":{"@context":"https:\/\/schema.org","@graph":[{"@type":"Article","@id":"https:\/\/blogdojoaocosta.com.br\/?p=1134#article","isPartOf":{"@id":"https:\/\/blogdojoaocosta.com.br\/?p=1134"},"author":{"name":"joaocosta","@id":"https:\/\/blogdojoaocosta.com.br\/#\/schema\/person\/af1c9fa31a41a9d29c32f74b41d55f6e"},"headline":"Cavalgada e bacamarteiros rumo \u00e0 Pedra do Reino","datePublished":"2023-05-25T13:26:35+00:00","dateModified":"2023-05-25T21:48:04+00:00","mainEntityOfPage":{"@id":"https:\/\/blogdojoaocosta.com.br\/?p=1134"},"wordCount":1354,"commentCount":0,"image":{"@id":"https:\/\/blogdojoaocosta.com.br\/?p=1134#primaryimage"},"thumbnailUrl":"https:\/\/blogdojoaocosta.com.br\/wp-content\/uploads\/2023\/05\/Arco-SJ-B.jpeg","articleSection":["Cultura"],"inLanguage":"pt-BR","potentialAction":[{"@type":"CommentAction","name":"Comment","target":["https:\/\/blogdojoaocosta.com.br\/?p=1134#respond"]}]},{"@type":"WebPage","@id":"https:\/\/blogdojoaocosta.com.br\/?p=1134","url":"https:\/\/blogdojoaocosta.com.br\/?p=1134","name":"Cavalgada e bacamarteiros rumo \u00e0 Pedra do Reino - Blog do Jo\u00e3o Costa","isPartOf":{"@id":"https:\/\/blogdojoaocosta.com.br\/#website"},"primaryImageOfPage":{"@id":"https:\/\/blogdojoaocosta.com.br\/?p=1134#primaryimage"},"image":{"@id":"https:\/\/blogdojoaocosta.com.br\/?p=1134#primaryimage"},"thumbnailUrl":"https:\/\/blogdojoaocosta.com.br\/wp-content\/uploads\/2023\/05\/Arco-SJ-B.jpeg","datePublished":"2023-05-25T13:26:35+00:00","dateModified":"2023-05-25T21:48:04+00:00","author":{"@id":"https:\/\/blogdojoaocosta.com.br\/#\/schema\/person\/af1c9fa31a41a9d29c32f74b41d55f6e"},"breadcrumb":{"@id":"https:\/\/blogdojoaocosta.com.br\/?p=1134#breadcrumb"},"inLanguage":"pt-BR","potentialAction":[{"@type":"ReadAction","target":["https:\/\/blogdojoaocosta.com.br\/?p=1134"]}]},{"@type":"ImageObject","inLanguage":"pt-BR","@id":"https:\/\/blogdojoaocosta.com.br\/?p=1134#primaryimage","url":"https:\/\/blogdojoaocosta.com.br\/wp-content\/uploads\/2023\/05\/Arco-SJ-B.jpeg","contentUrl":"https:\/\/blogdojoaocosta.com.br\/wp-content\/uploads\/2023\/05\/Arco-SJ-B.jpeg","width":1600,"height":900},{"@type":"BreadcrumbList","@id":"https:\/\/blogdojoaocosta.com.br\/?p=1134#breadcrumb","itemListElement":[{"@type":"ListItem","position":1,"name":"In\u00edcio","item":"https:\/\/blogdojoaocosta.com.br\/"},{"@type":"ListItem","position":2,"name":"Cavalgada e bacamarteiros rumo \u00e0 Pedra do Reino"}]},{"@type":"WebSite","@id":"https:\/\/blogdojoaocosta.com.br\/#website","url":"https:\/\/blogdojoaocosta.com.br\/","name":"Blog do Jo\u00e3o Costa","description":"Assim Caminha a Humanidade","potentialAction":[{"@type":"SearchAction","target":{"@type":"EntryPoint","urlTemplate":"https:\/\/blogdojoaocosta.com.br\/?s={search_term_string}"},"query-input":{"@type":"PropertyValueSpecification","valueRequired":true,"valueName":"search_term_string"}}],"inLanguage":"pt-BR"},{"@type":"Person","@id":"https:\/\/blogdojoaocosta.com.br\/#\/schema\/person\/af1c9fa31a41a9d29c32f74b41d55f6e","name":"joaocosta","image":{"@type":"ImageObject","inLanguage":"pt-BR","@id":"https:\/\/secure.gravatar.com\/avatar\/677b6f1fc54e8c7982d7dce3cfe65fce28f898f70d9b8b631786a0b1b18b11e5?s=96&d=mm&r=g","url":"https:\/\/secure.gravatar.com\/avatar\/677b6f1fc54e8c7982d7dce3cfe65fce28f898f70d9b8b631786a0b1b18b11e5?s=96&d=mm&r=g","contentUrl":"https:\/\/secure.gravatar.com\/avatar\/677b6f1fc54e8c7982d7dce3cfe65fce28f898f70d9b8b631786a0b1b18b11e5?s=96&d=mm&r=g","caption":"joaocosta"},"sameAs":["http:\/\/blogdojoaocosta.com.br"],"url":"https:\/\/blogdojoaocosta.com.br\/?author=1"}]}},"_links":{"self":[{"href":"https:\/\/blogdojoaocosta.com.br\/index.php?rest_route=\/wp\/v2\/posts\/1134","targetHints":{"allow":["GET"]}}],"collection":[{"href":"https:\/\/blogdojoaocosta.com.br\/index.php?rest_route=\/wp\/v2\/posts"}],"about":[{"href":"https:\/\/blogdojoaocosta.com.br\/index.php?rest_route=\/wp\/v2\/types\/post"}],"author":[{"embeddable":true,"href":"https:\/\/blogdojoaocosta.com.br\/index.php?rest_route=\/wp\/v2\/users\/1"}],"replies":[{"embeddable":true,"href":"https:\/\/blogdojoaocosta.com.br\/index.php?rest_route=%2Fwp%2Fv2%2Fcomments&post=1134"}],"version-history":[{"count":3,"href":"https:\/\/blogdojoaocosta.com.br\/index.php?rest_route=\/wp\/v2\/posts\/1134\/revisions"}],"predecessor-version":[{"id":1145,"href":"https:\/\/blogdojoaocosta.com.br\/index.php?rest_route=\/wp\/v2\/posts\/1134\/revisions\/1145"}],"wp:featuredmedia":[{"embeddable":true,"href":"https:\/\/blogdojoaocosta.com.br\/index.php?rest_route=\/wp\/v2\/media\/1135"}],"wp:attachment":[{"href":"https:\/\/blogdojoaocosta.com.br\/index.php?rest_route=%2Fwp%2Fv2%2Fmedia&parent=1134"}],"wp:term":[{"taxonomy":"category","embeddable":true,"href":"https:\/\/blogdojoaocosta.com.br\/index.php?rest_route=%2Fwp%2Fv2%2Fcategories&post=1134"},{"taxonomy":"post_tag","embeddable":true,"href":"https:\/\/blogdojoaocosta.com.br\/index.php?rest_route=%2Fwp%2Fv2%2Ftags&post=1134"}],"curies":[{"name":"wp","href":"https:\/\/api.w.org\/{rel}","templated":true}]}}