{"id":1200,"date":"2023-06-26T09:04:45","date_gmt":"2023-06-26T12:04:45","guid":{"rendered":"https:\/\/blogdojoaocosta.com.br\/?p=1200"},"modified":"2023-06-26T10:45:13","modified_gmt":"2023-06-26T13:45:13","slug":"galante-recebe-criativo-trem-do-forro","status":"publish","type":"post","link":"https:\/\/blogdojoaocosta.com.br\/?p=1200","title":{"rendered":"Galante recebe criativo \u201cTrem do Forr\u00f3\u201d"},"content":{"rendered":"<p>O \u201cTrem do Forr\u00f3\u201d institucional e empresarial n\u00e3o foi \u00e0 Galante, mas o distrito de Campina Grande n\u00e3o se privou de recepcionar a inventiva locomotiva criada pelo gestor ambiental, publicit\u00e1rio m\u00fasico e inventor S\u00e9rgio Dias, que compareceu \u00e0 festa junina abbordo do pr\u00f3prio trem. (Veja o v\u00eddeo).<\/p>\n<p>\u00c9 bom lembrar que o sistema ferrovi\u00e1rio no Brasil come\u00e7ou a ser destru\u00eddo por press\u00e3o internacional das montadoras que no Pa\u00eds come\u00e7aram a se instalar nos anos 1950; governo de Juscelino Kubitschek, desmonte que se concretizou durante a Ditadura Militar (64\/83). Linhas, esta\u00e7\u00f5es, empregos tudo foi varrido e abandonado para beneficiar as multinacionais.<\/p>\n<p>O abandono \u00e9 vis\u00edvel por todo o Pa\u00eds. Para dar utilidade ao patrim\u00f4nio abandonado, muitas foram \u00e0s iniciativas culturais e econ\u00f4micas para ocupar esta\u00e7\u00f5es abandonadas. Em Bananeiras a esta\u00e7\u00e3o virou pousada, em Pombal um museu abandonado, em Campina Grande tamb\u00e9m \u00e9 retrato do abandono.<\/p>\n<p>At\u00e9 que iniciativas festeiras tornaram a esta\u00e7\u00e3o de Galante (distrito de Campina) numa atra\u00e7\u00e3o junina: a chegada do Trem do Forr\u00f3. Uma iniciativa empresarial e da prefeitura de CG que funcionou para alguns anos, mas que tamb\u00e9m fracassou.<\/p>\n<p>Entretanto Galante manteve seus festejos juninos na esta\u00e7\u00e3o, sem pompa e sem estrutura empresarial.<\/p>\n<p><img decoding=\"async\" class=\"alignnone size-medium wp-image-1202\" src=\"https:\/\/blogdojoaocosta.com.br\/wp-content\/uploads\/2023\/06\/irmaos-dias-300x225.jpeg\" alt=\"\" width=\"300\" height=\"225\" srcset=\"https:\/\/blogdojoaocosta.com.br\/wp-content\/uploads\/2023\/06\/irmaos-dias-300x225.jpeg 300w, https:\/\/blogdojoaocosta.com.br\/wp-content\/uploads\/2023\/06\/irmaos-dias-1024x766.jpeg 1024w, https:\/\/blogdojoaocosta.com.br\/wp-content\/uploads\/2023\/06\/irmaos-dias-768x575.jpeg 768w, https:\/\/blogdojoaocosta.com.br\/wp-content\/uploads\/2023\/06\/irmaos-dias.jpeg 1280w\" sizes=\"(max-width: 300px) 100vw, 300px\" \/><\/p>\n<p><em><strong>Irm\u00e3os Dias: aventureiros e YouTubers<\/strong><\/em><\/p>\n<h2>E nem tudo estava perdido<\/h2>\n<p>Eis que o m\u00fasico, gestor ambiental, publicit\u00e1rio e inventor, S\u00e9rgio Dias, resolveu ir \u00e0 festa na sua pr\u00f3pria locomotiva. Ele e o seu irm\u00e3o professor Marcos Dias costumam visitar esta\u00e7\u00f5es ferrovi\u00e1rias abandonadas com sua m\u00e1quina, que n\u00e3o \u00e9 a vapor nem at\u00f4mica ou el\u00e9trica. S\u00e9rgio tem canal no YouTube com suas aventuras por s\u00edtios hist\u00f3ricos e locais tur\u00edsticos da Para\u00edba.<\/p>\n<p>E no Dia de S\u00e3o Jo\u00e3o, S\u00e9rgio desembarcou em Galante a bordo do seu troller, para o encantamento da festa, alegria dos forrozeiros e muitas selfs dos festeiros.<\/p>\n<p>Segundo S\u00e9rgio Dias, que tamb\u00e9m \u00e9 artista pl\u00e1stico, seu trem \u00e9 uma produ\u00e7\u00e3o caseira, artesanal. Veja na descri\u00e7\u00e3o:<\/p>\n<p>Motor Zmax &#8211; 5.5 Hp muito usado em forrageiras, moedor de caldo de cana e triciclo Drift.<\/p>\n<p>Esse trenzinho foi inspirados em troller que geralmente s\u00e3o usados para dar manuten\u00e7\u00e3o das vias, pelas empresas\u00a0 ferrovi\u00e1rias. E n\u00f3s Estados Unidos, M\u00e9xico, R\u00fassia, s\u00e3o usados nas vias abandonadas para turismo e esporte de aventuras.<\/p>\n<p>Eu usei para constru\u00e7\u00e3o Metalon 40 por 40, na chapa 18 e Metalon 20por 30 e soldado e projetado por mim.<\/p>\n<p>Ele mede 1,30 ( um metro e trinta) de comprimento e 90 ( noventa cent\u00edmetros) de largura e usei para as rodas campona de roda de carro, que pega a gante da roda do carro. Para levar o trenzinho, alugo reboque e levo montado e s\u00e3o 4 pessoas para tirar do reboque.<\/p>\n<p>A chegada do \u201cTrem do Forr\u00f3\u201d, em Galante, este ano, foi singela, inventiva e, acima de tudo, uma den\u00fancia e resist\u00eancia contra do desmanche que o sistema ferrovi\u00e1rio sofreu devido \u00e0 inc\u00faria e a um crime de lesa p\u00e1tria, que foi sua destrui\u00e7\u00e3o.<\/p>\n<p>Veja o v\u00eddeo.<\/p>\n<div style=\"width: 640px;\" class=\"wp-video\"><video class=\"wp-video-shortcode\" id=\"video-1200-1\" width=\"640\" height=\"427\" preload=\"metadata\" controls=\"controls\"><source type=\"video\/mp4\" src=\"https:\/\/blogdojoaocosta.com.br\/wp-content\/uploads\/2023\/06\/WhatsApp-Video-2023-06-26-at-07.21.45.mp4?_=1\" \/><a href=\"https:\/\/blogdojoaocosta.com.br\/wp-content\/uploads\/2023\/06\/WhatsApp-Video-2023-06-26-at-07.21.45.mp4\">https:\/\/blogdojoaocosta.com.br\/wp-content\/uploads\/2023\/06\/WhatsApp-Video-2023-06-26-at-07.21.45.mp4<\/a><\/video><\/div>\n","protected":false},"excerpt":{"rendered":"<p>O \u201cTrem do Forr\u00f3\u201d institucional e empresarial n\u00e3o foi \u00e0 Galante, mas o distrito de Campina Grande n\u00e3o se privou de recepcionar a inventiva locomotiva criada pelo gestor ambiental, publicit\u00e1rio m\u00fasico e inventor S\u00e9rgio Dias, que compareceu \u00e0 festa junina abbordo do pr\u00f3prio trem. (Veja o v\u00eddeo). \u00c9 bom lembrar que o sistema ferrovi\u00e1rio no [&hellip;]<\/p>\n","protected":false},"author":1,"featured_media":1201,"comment_status":"open","ping_status":"open","sticky":false,"template":"","format":"standard","meta":{"footnotes":""},"categories":[3],"tags":[],"class_list":["post-1200","post","type-post","status-publish","format-standard","has-post-thumbnail","hentry","category-andancas"],"yoast_head":"<!-- This site is optimized with the Yoast SEO plugin v27.4 - https:\/\/yoast.com\/product\/yoast-seo-wordpress\/ -->\n<title>Galante recebe criativo \u201cTrem do Forr\u00f3\u201d - Blog do Jo\u00e3o Costa<\/title>\n<meta name=\"robots\" content=\"index, follow, max-snippet:-1, max-image-preview:large, max-video-preview:-1\" \/>\n<link rel=\"canonical\" href=\"https:\/\/blogdojoaocosta.com.br\/?p=1200\" \/>\n<meta property=\"og:locale\" content=\"pt_BR\" \/>\n<meta property=\"og:type\" content=\"article\" \/>\n<meta property=\"og:title\" content=\"Galante recebe criativo \u201cTrem do Forr\u00f3\u201d - Blog do Jo\u00e3o Costa\" \/>\n<meta property=\"og:description\" content=\"O \u201cTrem do Forr\u00f3\u201d institucional e empresarial n\u00e3o foi \u00e0 Galante, mas o distrito de Campina Grande n\u00e3o se privou de recepcionar a inventiva locomotiva criada pelo gestor ambiental, publicit\u00e1rio m\u00fasico e inventor S\u00e9rgio Dias, que compareceu \u00e0 festa junina abbordo do pr\u00f3prio trem. (Veja o v\u00eddeo). \u00c9 bom lembrar que o sistema ferrovi\u00e1rio no [&hellip;]\" \/>\n<meta property=\"og:url\" content=\"https:\/\/blogdojoaocosta.com.br\/?p=1200\" \/>\n<meta property=\"og:site_name\" content=\"Blog do Jo\u00e3o Costa\" \/>\n<meta property=\"article:published_time\" content=\"2023-06-26T12:04:45+00:00\" \/>\n<meta property=\"article:modified_time\" content=\"2023-06-26T13:45:13+00:00\" \/>\n<meta property=\"og:image\" content=\"https:\/\/blogdojoaocosta.com.br\/wp-content\/uploads\/2023\/06\/Sergio-Dias.jpeg\" \/>\n\t<meta property=\"og:image:width\" content=\"787\" \/>\n\t<meta property=\"og:image:height\" content=\"808\" \/>\n\t<meta property=\"og:image:type\" content=\"image\/jpeg\" \/>\n<meta name=\"author\" content=\"joaocosta\" \/>\n<meta name=\"twitter:card\" content=\"summary_large_image\" \/>\n<meta name=\"twitter:label1\" content=\"Escrito por\" \/>\n\t<meta name=\"twitter:data1\" content=\"joaocosta\" \/>\n\t<meta name=\"twitter:label2\" content=\"Est. tempo de leitura\" \/>\n\t<meta name=\"twitter:data2\" content=\"3 minutos\" \/>\n<script type=\"application\/ld+json\" class=\"yoast-schema-graph\">{\"@context\":\"https:\\\/\\\/schema.org\",\"@graph\":[{\"@type\":\"Article\",\"@id\":\"https:\\\/\\\/blogdojoaocosta.com.br\\\/?p=1200#article\",\"isPartOf\":{\"@id\":\"https:\\\/\\\/blogdojoaocosta.com.br\\\/?p=1200\"},\"author\":{\"name\":\"joaocosta\",\"@id\":\"https:\\\/\\\/blogdojoaocosta.com.br\\\/#\\\/schema\\\/person\\\/af1c9fa31a41a9d29c32f74b41d55f6e\"},\"headline\":\"Galante recebe criativo \u201cTrem do Forr\u00f3\u201d\",\"datePublished\":\"2023-06-26T12:04:45+00:00\",\"dateModified\":\"2023-06-26T13:45:13+00:00\",\"mainEntityOfPage\":{\"@id\":\"https:\\\/\\\/blogdojoaocosta.com.br\\\/?p=1200\"},\"wordCount\":550,\"commentCount\":2,\"image\":{\"@id\":\"https:\\\/\\\/blogdojoaocosta.com.br\\\/?p=1200#primaryimage\"},\"thumbnailUrl\":\"https:\\\/\\\/blogdojoaocosta.com.br\\\/wp-content\\\/uploads\\\/2023\\\/06\\\/Sergio-Dias.jpeg\",\"articleSection\":[\"Andan\u00e7as\"],\"inLanguage\":\"pt-BR\",\"potentialAction\":[{\"@type\":\"CommentAction\",\"name\":\"Comment\",\"target\":[\"https:\\\/\\\/blogdojoaocosta.com.br\\\/?p=1200#respond\"]}]},{\"@type\":\"WebPage\",\"@id\":\"https:\\\/\\\/blogdojoaocosta.com.br\\\/?p=1200\",\"url\":\"https:\\\/\\\/blogdojoaocosta.com.br\\\/?p=1200\",\"name\":\"Galante recebe criativo \u201cTrem do Forr\u00f3\u201d - Blog do Jo\u00e3o Costa\",\"isPartOf\":{\"@id\":\"https:\\\/\\\/blogdojoaocosta.com.br\\\/#website\"},\"primaryImageOfPage\":{\"@id\":\"https:\\\/\\\/blogdojoaocosta.com.br\\\/?p=1200#primaryimage\"},\"image\":{\"@id\":\"https:\\\/\\\/blogdojoaocosta.com.br\\\/?p=1200#primaryimage\"},\"thumbnailUrl\":\"https:\\\/\\\/blogdojoaocosta.com.br\\\/wp-content\\\/uploads\\\/2023\\\/06\\\/Sergio-Dias.jpeg\",\"datePublished\":\"2023-06-26T12:04:45+00:00\",\"dateModified\":\"2023-06-26T13:45:13+00:00\",\"author\":{\"@id\":\"https:\\\/\\\/blogdojoaocosta.com.br\\\/#\\\/schema\\\/person\\\/af1c9fa31a41a9d29c32f74b41d55f6e\"},\"breadcrumb\":{\"@id\":\"https:\\\/\\\/blogdojoaocosta.com.br\\\/?p=1200#breadcrumb\"},\"inLanguage\":\"pt-BR\",\"potentialAction\":[{\"@type\":\"ReadAction\",\"target\":[\"https:\\\/\\\/blogdojoaocosta.com.br\\\/?p=1200\"]}]},{\"@type\":\"ImageObject\",\"inLanguage\":\"pt-BR\",\"@id\":\"https:\\\/\\\/blogdojoaocosta.com.br\\\/?p=1200#primaryimage\",\"url\":\"https:\\\/\\\/blogdojoaocosta.com.br\\\/wp-content\\\/uploads\\\/2023\\\/06\\\/Sergio-Dias.jpeg\",\"contentUrl\":\"https:\\\/\\\/blogdojoaocosta.com.br\\\/wp-content\\\/uploads\\\/2023\\\/06\\\/Sergio-Dias.jpeg\",\"width\":787,\"height\":808},{\"@type\":\"BreadcrumbList\",\"@id\":\"https:\\\/\\\/blogdojoaocosta.com.br\\\/?p=1200#breadcrumb\",\"itemListElement\":[{\"@type\":\"ListItem\",\"position\":1,\"name\":\"In\u00edcio\",\"item\":\"https:\\\/\\\/blogdojoaocosta.com.br\\\/\"},{\"@type\":\"ListItem\",\"position\":2,\"name\":\"Galante recebe criativo \u201cTrem do Forr\u00f3\u201d\"}]},{\"@type\":\"WebSite\",\"@id\":\"https:\\\/\\\/blogdojoaocosta.com.br\\\/#website\",\"url\":\"https:\\\/\\\/blogdojoaocosta.com.br\\\/\",\"name\":\"Blog do Jo\u00e3o Costa\",\"description\":\"Assim Caminha a Humanidade\",\"potentialAction\":[{\"@type\":\"SearchAction\",\"target\":{\"@type\":\"EntryPoint\",\"urlTemplate\":\"https:\\\/\\\/blogdojoaocosta.com.br\\\/?s={search_term_string}\"},\"query-input\":{\"@type\":\"PropertyValueSpecification\",\"valueRequired\":true,\"valueName\":\"search_term_string\"}}],\"inLanguage\":\"pt-BR\"},{\"@type\":\"Person\",\"@id\":\"https:\\\/\\\/blogdojoaocosta.com.br\\\/#\\\/schema\\\/person\\\/af1c9fa31a41a9d29c32f74b41d55f6e\",\"name\":\"joaocosta\",\"image\":{\"@type\":\"ImageObject\",\"inLanguage\":\"pt-BR\",\"@id\":\"https:\\\/\\\/secure.gravatar.com\\\/avatar\\\/677b6f1fc54e8c7982d7dce3cfe65fce28f898f70d9b8b631786a0b1b18b11e5?s=96&d=mm&r=g\",\"url\":\"https:\\\/\\\/secure.gravatar.com\\\/avatar\\\/677b6f1fc54e8c7982d7dce3cfe65fce28f898f70d9b8b631786a0b1b18b11e5?s=96&d=mm&r=g\",\"contentUrl\":\"https:\\\/\\\/secure.gravatar.com\\\/avatar\\\/677b6f1fc54e8c7982d7dce3cfe65fce28f898f70d9b8b631786a0b1b18b11e5?s=96&d=mm&r=g\",\"caption\":\"joaocosta\"},\"sameAs\":[\"http:\\\/\\\/blogdojoaocosta.com.br\"],\"url\":\"https:\\\/\\\/blogdojoaocosta.com.br\\\/?author=1\"}]}<\/script>\n<!-- \/ Yoast SEO plugin. -->","yoast_head_json":{"title":"Galante recebe criativo \u201cTrem do Forr\u00f3\u201d - Blog do Jo\u00e3o Costa","robots":{"index":"index","follow":"follow","max-snippet":"max-snippet:-1","max-image-preview":"max-image-preview:large","max-video-preview":"max-video-preview:-1"},"canonical":"https:\/\/blogdojoaocosta.com.br\/?p=1200","og_locale":"pt_BR","og_type":"article","og_title":"Galante recebe criativo \u201cTrem do Forr\u00f3\u201d - Blog do Jo\u00e3o Costa","og_description":"O \u201cTrem do Forr\u00f3\u201d institucional e empresarial n\u00e3o foi \u00e0 Galante, mas o distrito de Campina Grande n\u00e3o se privou de recepcionar a inventiva locomotiva criada pelo gestor ambiental, publicit\u00e1rio m\u00fasico e inventor S\u00e9rgio Dias, que compareceu \u00e0 festa junina abbordo do pr\u00f3prio trem. (Veja o v\u00eddeo). \u00c9 bom lembrar que o sistema ferrovi\u00e1rio no [&hellip;]","og_url":"https:\/\/blogdojoaocosta.com.br\/?p=1200","og_site_name":"Blog do Jo\u00e3o Costa","article_published_time":"2023-06-26T12:04:45+00:00","article_modified_time":"2023-06-26T13:45:13+00:00","og_image":[{"width":787,"height":808,"url":"https:\/\/blogdojoaocosta.com.br\/wp-content\/uploads\/2023\/06\/Sergio-Dias.jpeg","type":"image\/jpeg"}],"author":"joaocosta","twitter_card":"summary_large_image","twitter_misc":{"Escrito por":"joaocosta","Est. tempo de leitura":"3 minutos"},"schema":{"@context":"https:\/\/schema.org","@graph":[{"@type":"Article","@id":"https:\/\/blogdojoaocosta.com.br\/?p=1200#article","isPartOf":{"@id":"https:\/\/blogdojoaocosta.com.br\/?p=1200"},"author":{"name":"joaocosta","@id":"https:\/\/blogdojoaocosta.com.br\/#\/schema\/person\/af1c9fa31a41a9d29c32f74b41d55f6e"},"headline":"Galante recebe criativo \u201cTrem do Forr\u00f3\u201d","datePublished":"2023-06-26T12:04:45+00:00","dateModified":"2023-06-26T13:45:13+00:00","mainEntityOfPage":{"@id":"https:\/\/blogdojoaocosta.com.br\/?p=1200"},"wordCount":550,"commentCount":2,"image":{"@id":"https:\/\/blogdojoaocosta.com.br\/?p=1200#primaryimage"},"thumbnailUrl":"https:\/\/blogdojoaocosta.com.br\/wp-content\/uploads\/2023\/06\/Sergio-Dias.jpeg","articleSection":["Andan\u00e7as"],"inLanguage":"pt-BR","potentialAction":[{"@type":"CommentAction","name":"Comment","target":["https:\/\/blogdojoaocosta.com.br\/?p=1200#respond"]}]},{"@type":"WebPage","@id":"https:\/\/blogdojoaocosta.com.br\/?p=1200","url":"https:\/\/blogdojoaocosta.com.br\/?p=1200","name":"Galante recebe criativo \u201cTrem do Forr\u00f3\u201d - Blog do Jo\u00e3o Costa","isPartOf":{"@id":"https:\/\/blogdojoaocosta.com.br\/#website"},"primaryImageOfPage":{"@id":"https:\/\/blogdojoaocosta.com.br\/?p=1200#primaryimage"},"image":{"@id":"https:\/\/blogdojoaocosta.com.br\/?p=1200#primaryimage"},"thumbnailUrl":"https:\/\/blogdojoaocosta.com.br\/wp-content\/uploads\/2023\/06\/Sergio-Dias.jpeg","datePublished":"2023-06-26T12:04:45+00:00","dateModified":"2023-06-26T13:45:13+00:00","author":{"@id":"https:\/\/blogdojoaocosta.com.br\/#\/schema\/person\/af1c9fa31a41a9d29c32f74b41d55f6e"},"breadcrumb":{"@id":"https:\/\/blogdojoaocosta.com.br\/?p=1200#breadcrumb"},"inLanguage":"pt-BR","potentialAction":[{"@type":"ReadAction","target":["https:\/\/blogdojoaocosta.com.br\/?p=1200"]}]},{"@type":"ImageObject","inLanguage":"pt-BR","@id":"https:\/\/blogdojoaocosta.com.br\/?p=1200#primaryimage","url":"https:\/\/blogdojoaocosta.com.br\/wp-content\/uploads\/2023\/06\/Sergio-Dias.jpeg","contentUrl":"https:\/\/blogdojoaocosta.com.br\/wp-content\/uploads\/2023\/06\/Sergio-Dias.jpeg","width":787,"height":808},{"@type":"BreadcrumbList","@id":"https:\/\/blogdojoaocosta.com.br\/?p=1200#breadcrumb","itemListElement":[{"@type":"ListItem","position":1,"name":"In\u00edcio","item":"https:\/\/blogdojoaocosta.com.br\/"},{"@type":"ListItem","position":2,"name":"Galante recebe criativo \u201cTrem do Forr\u00f3\u201d"}]},{"@type":"WebSite","@id":"https:\/\/blogdojoaocosta.com.br\/#website","url":"https:\/\/blogdojoaocosta.com.br\/","name":"Blog do Jo\u00e3o Costa","description":"Assim Caminha a Humanidade","potentialAction":[{"@type":"SearchAction","target":{"@type":"EntryPoint","urlTemplate":"https:\/\/blogdojoaocosta.com.br\/?s={search_term_string}"},"query-input":{"@type":"PropertyValueSpecification","valueRequired":true,"valueName":"search_term_string"}}],"inLanguage":"pt-BR"},{"@type":"Person","@id":"https:\/\/blogdojoaocosta.com.br\/#\/schema\/person\/af1c9fa31a41a9d29c32f74b41d55f6e","name":"joaocosta","image":{"@type":"ImageObject","inLanguage":"pt-BR","@id":"https:\/\/secure.gravatar.com\/avatar\/677b6f1fc54e8c7982d7dce3cfe65fce28f898f70d9b8b631786a0b1b18b11e5?s=96&d=mm&r=g","url":"https:\/\/secure.gravatar.com\/avatar\/677b6f1fc54e8c7982d7dce3cfe65fce28f898f70d9b8b631786a0b1b18b11e5?s=96&d=mm&r=g","contentUrl":"https:\/\/secure.gravatar.com\/avatar\/677b6f1fc54e8c7982d7dce3cfe65fce28f898f70d9b8b631786a0b1b18b11e5?s=96&d=mm&r=g","caption":"joaocosta"},"sameAs":["http:\/\/blogdojoaocosta.com.br"],"url":"https:\/\/blogdojoaocosta.com.br\/?author=1"}]}},"_links":{"self":[{"href":"https:\/\/blogdojoaocosta.com.br\/index.php?rest_route=\/wp\/v2\/posts\/1200","targetHints":{"allow":["GET"]}}],"collection":[{"href":"https:\/\/blogdojoaocosta.com.br\/index.php?rest_route=\/wp\/v2\/posts"}],"about":[{"href":"https:\/\/blogdojoaocosta.com.br\/index.php?rest_route=\/wp\/v2\/types\/post"}],"author":[{"embeddable":true,"href":"https:\/\/blogdojoaocosta.com.br\/index.php?rest_route=\/wp\/v2\/users\/1"}],"replies":[{"embeddable":true,"href":"https:\/\/blogdojoaocosta.com.br\/index.php?rest_route=%2Fwp%2Fv2%2Fcomments&post=1200"}],"version-history":[{"count":3,"href":"https:\/\/blogdojoaocosta.com.br\/index.php?rest_route=\/wp\/v2\/posts\/1200\/revisions"}],"predecessor-version":[{"id":1211,"href":"https:\/\/blogdojoaocosta.com.br\/index.php?rest_route=\/wp\/v2\/posts\/1200\/revisions\/1211"}],"wp:featuredmedia":[{"embeddable":true,"href":"https:\/\/blogdojoaocosta.com.br\/index.php?rest_route=\/wp\/v2\/media\/1201"}],"wp:attachment":[{"href":"https:\/\/blogdojoaocosta.com.br\/index.php?rest_route=%2Fwp%2Fv2%2Fmedia&parent=1200"}],"wp:term":[{"taxonomy":"category","embeddable":true,"href":"https:\/\/blogdojoaocosta.com.br\/index.php?rest_route=%2Fwp%2Fv2%2Fcategories&post=1200"},{"taxonomy":"post_tag","embeddable":true,"href":"https:\/\/blogdojoaocosta.com.br\/index.php?rest_route=%2Fwp%2Fv2%2Ftags&post=1200"}],"curies":[{"name":"wp","href":"https:\/\/api.w.org\/{rel}","templated":true}]}}