{"id":1382,"date":"2023-08-02T09:58:20","date_gmt":"2023-08-02T12:58:20","guid":{"rendered":"https:\/\/blogdojoaocosta.com.br\/?p=1382"},"modified":"2023-08-02T09:58:20","modified_gmt":"2023-08-02T12:58:20","slug":"nazistas-do-meier-o-rio-como-territorio-de-milicias","status":"publish","type":"post","link":"https:\/\/blogdojoaocosta.com.br\/?p=1382","title":{"rendered":"Nazistas do M\u00e9ier: o Rio como territ\u00f3rio de mil\u00edcias"},"content":{"rendered":"<p>O Brasil \u00e9 um pa\u00eds mesti\u00e7o, e disso at\u00e9 o mundo mineral sabe, menos os n\u00e9scios caboclos com suas motos de penas cilindradas se consideram arianos, pior: nazistas do M\u00e9ier, Zona Norte do Rio de Janeiro, a capital brasileira n\u00e3o mais da cultura e da civiliza\u00e7\u00e3o, mas do tr\u00e1fico e das mil\u00edcias de todos os matizes ou da Barra da Tijuca.<\/p>\n<p>O Portal UOL veicula nesta quarta-feira, 02, mat\u00e9ria da Folha de S\u00e3o Paulo sobre a deten\u00e7\u00e3o de motoqueiros\u00a0 das SS tupiniquins, supostamente empoderada pelos bairros da Zona Norte da capital brasileira das mil\u00edcias.<\/p>\n<p>De acordo com o delegado Felipe Santoro, da 26 DP, respons\u00e1vel pela investiga\u00e7\u00e3o, \u201cos integrantes do Motoclube Satan\u2019s usavam coletes com s\u00edmbolos das SS \u2013 a Shutzstaffel, mil\u00edcia que fazia a seguran\u00e7a do regime do cabo Adolfo, Alemanha 1933\/45.<\/p>\n<p>Foram detidos Alexandre Le\u00f4ncio Barbosa e Rodrigo Espinosa Perello que v\u00e3o responder por adultera\u00e7\u00e3o de sinais de ve\u00edculos, porte de arma de fogo de uso restrito, organiza\u00e7\u00e3o criminosa e apologia ao nazismo. Crimes que nos dias atuais.<\/p>\n<p>O diretor do Motoclube, Philipe Ferreira Ferro de Lima vai responder\u00a0 por tr\u00e1fico de drogas, organiza\u00e7\u00e3o criminosa e apologia ao nazismo. Os detidos j\u00e1 eram investigados por disparos de tiros, um suposto atentado num bar do M\u00e9ier.<\/p>\n<p>A prop\u00f3sito, lembram do deputado federal Paulo Bilynsyj (PL-SP), aquele que foi para tribuna homenagear o av\u00f4, que tinha sido da tal Shutzstaffel?<\/p>\n<p>Pois bem, o Instituto Brasil-Israek (IBI) chegou a emitir nota de rep\u00fadio. Mas no Brasil, imunidade parlamentar parece que d\u00e1 direito ao cometimento de crime por parlamentares. Apologia\u00a0 ao nazismo \u00e9 crime na Europa, no Brasil tamb\u00e9m, mas nem tanto. Por aqui, se escondem na falsa argumenta\u00e7\u00e3o de Liberdade de Lxpress\u00e3o, como se a liberdade de se expressar permitisse cometer crimes.<\/p>\n<h2>Brasil e os nazistas da atualidade<\/h2>\n<p>Em julho de 2021, o ex-presidente e ex-tenente Jair Bolsonaro se encontrou com Beatrix von Storch, deputada do partido Alternativa para a Alemanha (AfD), investigada pelo servi\u00e7o de Intelig\u00eancia alem\u00e3o por propagar ideias neonazistas, xenof\u00f3bicas e extremistas. A parlamentar publicou uma foto do encontro nas redes sociais, ao lado tamb\u00e9m do marido, Sven von Storch.<\/p>\n<figure id=\"attachment_1384\" aria-describedby=\"caption-attachment-1384\" style=\"width: 300px\" class=\"wp-caption alignnone\"><img decoding=\"async\" class=\"size-medium wp-image-1384\" src=\"https:\/\/blogdojoaocosta.com.br\/wp-content\/uploads\/2023\/08\/Beatrix-300x249.jpg\" alt=\"\" width=\"300\" height=\"249\" srcset=\"https:\/\/blogdojoaocosta.com.br\/wp-content\/uploads\/2023\/08\/Beatrix-300x249.jpg 300w, https:\/\/blogdojoaocosta.com.br\/wp-content\/uploads\/2023\/08\/Beatrix-1024x850.jpg 1024w, https:\/\/blogdojoaocosta.com.br\/wp-content\/uploads\/2023\/08\/Beatrix-768x638.jpg 768w, https:\/\/blogdojoaocosta.com.br\/wp-content\/uploads\/2023\/08\/Beatrix-1536x1275.jpg 1536w, https:\/\/blogdojoaocosta.com.br\/wp-content\/uploads\/2023\/08\/Beatrix-2048x1700.jpg 2048w\" sizes=\"(max-width: 300px) 100vw, 300px\" \/><figcaption id=\"caption-attachment-1384\" class=\"wp-caption-text\"><em><strong>Beatriz: recebida no Pal\u00e1cio do Planalto<\/strong><\/em><\/figcaption><\/figure>\n<p><strong>Capa de conservadores<\/strong> &#8211; Na sua p\u00e1gina, escreveu que &#8220;em um momento em que a esquerda est\u00e1 promovendo sua ideologia por meio de suas redes e organiza\u00e7\u00f5es internacionais em n\u00edvel global, n\u00f3s, conservadores, devemos nos unir&#8221;. A foto foi tirada na semana passada, durante sua passagem pelo pa\u00eds. O chefe do Executivo n\u00e3o publicou a imagem em suas redes sociais.<\/p>\n<p>Com UOL, Correio Brasilense<\/p>\n<p>Imagens: Wikipedia<\/p>\n<p>&nbsp;<\/p>\n","protected":false},"excerpt":{"rendered":"<p>O Brasil \u00e9 um pa\u00eds mesti\u00e7o, e disso at\u00e9 o mundo mineral sabe, menos os n\u00e9scios caboclos com suas motos de penas cilindradas se consideram arianos, pior: nazistas do M\u00e9ier, Zona Norte do Rio de Janeiro, a capital brasileira n\u00e3o mais da cultura e da civiliza\u00e7\u00e3o, mas do tr\u00e1fico e das mil\u00edcias de todos os [&hellip;]<\/p>\n","protected":false},"author":1,"featured_media":1383,"comment_status":"open","ping_status":"open","sticky":false,"template":"","format":"standard","meta":{"footnotes":""},"categories":[11],"tags":[],"class_list":["post-1382","post","type-post","status-publish","format-standard","has-post-thumbnail","hentry","category-politica"],"yoast_head":"<!-- This site is optimized with the Yoast SEO plugin v27.5 - https:\/\/yoast.com\/product\/yoast-seo-wordpress\/ -->\n<title>Nazistas do M\u00e9ier: o Rio como territ\u00f3rio de mil\u00edcias - Blog do Jo\u00e3o Costa<\/title>\n<meta name=\"robots\" content=\"index, follow, max-snippet:-1, max-image-preview:large, max-video-preview:-1\" \/>\n<link rel=\"canonical\" href=\"https:\/\/blogdojoaocosta.com.br\/?p=1382\" \/>\n<meta property=\"og:locale\" content=\"pt_BR\" \/>\n<meta property=\"og:type\" content=\"article\" \/>\n<meta property=\"og:title\" content=\"Nazistas do M\u00e9ier: o Rio como territ\u00f3rio de mil\u00edcias - Blog do Jo\u00e3o Costa\" \/>\n<meta property=\"og:description\" content=\"O Brasil \u00e9 um pa\u00eds mesti\u00e7o, e disso at\u00e9 o mundo mineral sabe, menos os n\u00e9scios caboclos com suas motos de penas cilindradas se consideram arianos, pior: nazistas do M\u00e9ier, Zona Norte do Rio de Janeiro, a capital brasileira n\u00e3o mais da cultura e da civiliza\u00e7\u00e3o, mas do tr\u00e1fico e das mil\u00edcias de todos os [&hellip;]\" \/>\n<meta property=\"og:url\" content=\"https:\/\/blogdojoaocosta.com.br\/?p=1382\" \/>\n<meta property=\"og:site_name\" content=\"Blog do Jo\u00e3o Costa\" \/>\n<meta property=\"article:published_time\" content=\"2023-08-02T12:58:20+00:00\" \/>\n<meta property=\"og:image\" content=\"https:\/\/blogdojoaocosta.com.br\/wp-content\/uploads\/2023\/08\/nazista-bracadeira.jpg\" \/>\n\t<meta property=\"og:image:width\" content=\"720\" \/>\n\t<meta property=\"og:image:height\" content=\"471\" \/>\n\t<meta property=\"og:image:type\" content=\"image\/jpeg\" \/>\n<meta name=\"author\" content=\"joaocosta\" \/>\n<meta name=\"twitter:card\" content=\"summary_large_image\" \/>\n<meta name=\"twitter:label1\" content=\"Escrito por\" \/>\n\t<meta name=\"twitter:data1\" content=\"joaocosta\" \/>\n\t<meta name=\"twitter:label2\" content=\"Est. tempo de leitura\" \/>\n\t<meta name=\"twitter:data2\" content=\"3 minutos\" \/>\n<script type=\"application\/ld+json\" class=\"yoast-schema-graph\">{\"@context\":\"https:\\\/\\\/schema.org\",\"@graph\":[{\"@type\":\"Article\",\"@id\":\"https:\\\/\\\/blogdojoaocosta.com.br\\\/?p=1382#article\",\"isPartOf\":{\"@id\":\"https:\\\/\\\/blogdojoaocosta.com.br\\\/?p=1382\"},\"author\":{\"name\":\"joaocosta\",\"@id\":\"https:\\\/\\\/blogdojoaocosta.com.br\\\/#\\\/schema\\\/person\\\/af1c9fa31a41a9d29c32f74b41d55f6e\"},\"headline\":\"Nazistas do M\u00e9ier: o Rio como territ\u00f3rio de mil\u00edcias\",\"datePublished\":\"2023-08-02T12:58:20+00:00\",\"mainEntityOfPage\":{\"@id\":\"https:\\\/\\\/blogdojoaocosta.com.br\\\/?p=1382\"},\"wordCount\":480,\"commentCount\":0,\"image\":{\"@id\":\"https:\\\/\\\/blogdojoaocosta.com.br\\\/?p=1382#primaryimage\"},\"thumbnailUrl\":\"https:\\\/\\\/blogdojoaocosta.com.br\\\/wp-content\\\/uploads\\\/2023\\\/08\\\/nazista-bracadeira.jpg\",\"articleSection\":[\"Pol\u00edtica\"],\"inLanguage\":\"pt-BR\",\"potentialAction\":[{\"@type\":\"CommentAction\",\"name\":\"Comment\",\"target\":[\"https:\\\/\\\/blogdojoaocosta.com.br\\\/?p=1382#respond\"]}]},{\"@type\":\"WebPage\",\"@id\":\"https:\\\/\\\/blogdojoaocosta.com.br\\\/?p=1382\",\"url\":\"https:\\\/\\\/blogdojoaocosta.com.br\\\/?p=1382\",\"name\":\"Nazistas do M\u00e9ier: o Rio como territ\u00f3rio de mil\u00edcias - Blog do Jo\u00e3o Costa\",\"isPartOf\":{\"@id\":\"https:\\\/\\\/blogdojoaocosta.com.br\\\/#website\"},\"primaryImageOfPage\":{\"@id\":\"https:\\\/\\\/blogdojoaocosta.com.br\\\/?p=1382#primaryimage\"},\"image\":{\"@id\":\"https:\\\/\\\/blogdojoaocosta.com.br\\\/?p=1382#primaryimage\"},\"thumbnailUrl\":\"https:\\\/\\\/blogdojoaocosta.com.br\\\/wp-content\\\/uploads\\\/2023\\\/08\\\/nazista-bracadeira.jpg\",\"datePublished\":\"2023-08-02T12:58:20+00:00\",\"author\":{\"@id\":\"https:\\\/\\\/blogdojoaocosta.com.br\\\/#\\\/schema\\\/person\\\/af1c9fa31a41a9d29c32f74b41d55f6e\"},\"breadcrumb\":{\"@id\":\"https:\\\/\\\/blogdojoaocosta.com.br\\\/?p=1382#breadcrumb\"},\"inLanguage\":\"pt-BR\",\"potentialAction\":[{\"@type\":\"ReadAction\",\"target\":[\"https:\\\/\\\/blogdojoaocosta.com.br\\\/?p=1382\"]}]},{\"@type\":\"ImageObject\",\"inLanguage\":\"pt-BR\",\"@id\":\"https:\\\/\\\/blogdojoaocosta.com.br\\\/?p=1382#primaryimage\",\"url\":\"https:\\\/\\\/blogdojoaocosta.com.br\\\/wp-content\\\/uploads\\\/2023\\\/08\\\/nazista-bracadeira.jpg\",\"contentUrl\":\"https:\\\/\\\/blogdojoaocosta.com.br\\\/wp-content\\\/uploads\\\/2023\\\/08\\\/nazista-bracadeira.jpg\",\"width\":720,\"height\":471,\"caption\":\"V\u00eddeo: homem passeia no shopping com su\u00e1stica no bra\u00e7o e acaba expulso em PE Caruaru Shopping preferiu n\u00e3o registrar Boletim de Ocorr\u00eancia e nazista n\u00e3o foi identificado\"},{\"@type\":\"BreadcrumbList\",\"@id\":\"https:\\\/\\\/blogdojoaocosta.com.br\\\/?p=1382#breadcrumb\",\"itemListElement\":[{\"@type\":\"ListItem\",\"position\":1,\"name\":\"In\u00edcio\",\"item\":\"https:\\\/\\\/blogdojoaocosta.com.br\\\/\"},{\"@type\":\"ListItem\",\"position\":2,\"name\":\"Nazistas do M\u00e9ier: o Rio como territ\u00f3rio de mil\u00edcias\"}]},{\"@type\":\"WebSite\",\"@id\":\"https:\\\/\\\/blogdojoaocosta.com.br\\\/#website\",\"url\":\"https:\\\/\\\/blogdojoaocosta.com.br\\\/\",\"name\":\"Blog do Jo\u00e3o Costa\",\"description\":\"Assim Caminha a Humanidade\",\"potentialAction\":[{\"@type\":\"SearchAction\",\"target\":{\"@type\":\"EntryPoint\",\"urlTemplate\":\"https:\\\/\\\/blogdojoaocosta.com.br\\\/?s={search_term_string}\"},\"query-input\":{\"@type\":\"PropertyValueSpecification\",\"valueRequired\":true,\"valueName\":\"search_term_string\"}}],\"inLanguage\":\"pt-BR\"},{\"@type\":\"Person\",\"@id\":\"https:\\\/\\\/blogdojoaocosta.com.br\\\/#\\\/schema\\\/person\\\/af1c9fa31a41a9d29c32f74b41d55f6e\",\"name\":\"joaocosta\",\"image\":{\"@type\":\"ImageObject\",\"inLanguage\":\"pt-BR\",\"@id\":\"https:\\\/\\\/secure.gravatar.com\\\/avatar\\\/677b6f1fc54e8c7982d7dce3cfe65fce28f898f70d9b8b631786a0b1b18b11e5?s=96&d=mm&r=g\",\"url\":\"https:\\\/\\\/secure.gravatar.com\\\/avatar\\\/677b6f1fc54e8c7982d7dce3cfe65fce28f898f70d9b8b631786a0b1b18b11e5?s=96&d=mm&r=g\",\"contentUrl\":\"https:\\\/\\\/secure.gravatar.com\\\/avatar\\\/677b6f1fc54e8c7982d7dce3cfe65fce28f898f70d9b8b631786a0b1b18b11e5?s=96&d=mm&r=g\",\"caption\":\"joaocosta\"},\"sameAs\":[\"http:\\\/\\\/blogdojoaocosta.com.br\"],\"url\":\"https:\\\/\\\/blogdojoaocosta.com.br\\\/?author=1\"}]}<\/script>\n<!-- \/ Yoast SEO plugin. -->","yoast_head_json":{"title":"Nazistas do M\u00e9ier: o Rio como territ\u00f3rio de mil\u00edcias - Blog do Jo\u00e3o Costa","robots":{"index":"index","follow":"follow","max-snippet":"max-snippet:-1","max-image-preview":"max-image-preview:large","max-video-preview":"max-video-preview:-1"},"canonical":"https:\/\/blogdojoaocosta.com.br\/?p=1382","og_locale":"pt_BR","og_type":"article","og_title":"Nazistas do M\u00e9ier: o Rio como territ\u00f3rio de mil\u00edcias - Blog do Jo\u00e3o Costa","og_description":"O Brasil \u00e9 um pa\u00eds mesti\u00e7o, e disso at\u00e9 o mundo mineral sabe, menos os n\u00e9scios caboclos com suas motos de penas cilindradas se consideram arianos, pior: nazistas do M\u00e9ier, Zona Norte do Rio de Janeiro, a capital brasileira n\u00e3o mais da cultura e da civiliza\u00e7\u00e3o, mas do tr\u00e1fico e das mil\u00edcias de todos os [&hellip;]","og_url":"https:\/\/blogdojoaocosta.com.br\/?p=1382","og_site_name":"Blog do Jo\u00e3o Costa","article_published_time":"2023-08-02T12:58:20+00:00","og_image":[{"width":720,"height":471,"url":"https:\/\/blogdojoaocosta.com.br\/wp-content\/uploads\/2023\/08\/nazista-bracadeira.jpg","type":"image\/jpeg"}],"author":"joaocosta","twitter_card":"summary_large_image","twitter_misc":{"Escrito por":"joaocosta","Est. tempo de leitura":"3 minutos"},"schema":{"@context":"https:\/\/schema.org","@graph":[{"@type":"Article","@id":"https:\/\/blogdojoaocosta.com.br\/?p=1382#article","isPartOf":{"@id":"https:\/\/blogdojoaocosta.com.br\/?p=1382"},"author":{"name":"joaocosta","@id":"https:\/\/blogdojoaocosta.com.br\/#\/schema\/person\/af1c9fa31a41a9d29c32f74b41d55f6e"},"headline":"Nazistas do M\u00e9ier: o Rio como territ\u00f3rio de mil\u00edcias","datePublished":"2023-08-02T12:58:20+00:00","mainEntityOfPage":{"@id":"https:\/\/blogdojoaocosta.com.br\/?p=1382"},"wordCount":480,"commentCount":0,"image":{"@id":"https:\/\/blogdojoaocosta.com.br\/?p=1382#primaryimage"},"thumbnailUrl":"https:\/\/blogdojoaocosta.com.br\/wp-content\/uploads\/2023\/08\/nazista-bracadeira.jpg","articleSection":["Pol\u00edtica"],"inLanguage":"pt-BR","potentialAction":[{"@type":"CommentAction","name":"Comment","target":["https:\/\/blogdojoaocosta.com.br\/?p=1382#respond"]}]},{"@type":"WebPage","@id":"https:\/\/blogdojoaocosta.com.br\/?p=1382","url":"https:\/\/blogdojoaocosta.com.br\/?p=1382","name":"Nazistas do M\u00e9ier: o Rio como territ\u00f3rio de mil\u00edcias - Blog do Jo\u00e3o Costa","isPartOf":{"@id":"https:\/\/blogdojoaocosta.com.br\/#website"},"primaryImageOfPage":{"@id":"https:\/\/blogdojoaocosta.com.br\/?p=1382#primaryimage"},"image":{"@id":"https:\/\/blogdojoaocosta.com.br\/?p=1382#primaryimage"},"thumbnailUrl":"https:\/\/blogdojoaocosta.com.br\/wp-content\/uploads\/2023\/08\/nazista-bracadeira.jpg","datePublished":"2023-08-02T12:58:20+00:00","author":{"@id":"https:\/\/blogdojoaocosta.com.br\/#\/schema\/person\/af1c9fa31a41a9d29c32f74b41d55f6e"},"breadcrumb":{"@id":"https:\/\/blogdojoaocosta.com.br\/?p=1382#breadcrumb"},"inLanguage":"pt-BR","potentialAction":[{"@type":"ReadAction","target":["https:\/\/blogdojoaocosta.com.br\/?p=1382"]}]},{"@type":"ImageObject","inLanguage":"pt-BR","@id":"https:\/\/blogdojoaocosta.com.br\/?p=1382#primaryimage","url":"https:\/\/blogdojoaocosta.com.br\/wp-content\/uploads\/2023\/08\/nazista-bracadeira.jpg","contentUrl":"https:\/\/blogdojoaocosta.com.br\/wp-content\/uploads\/2023\/08\/nazista-bracadeira.jpg","width":720,"height":471,"caption":"V\u00eddeo: homem passeia no shopping com su\u00e1stica no bra\u00e7o e acaba expulso em PE Caruaru Shopping preferiu n\u00e3o registrar Boletim de Ocorr\u00eancia e nazista n\u00e3o foi identificado"},{"@type":"BreadcrumbList","@id":"https:\/\/blogdojoaocosta.com.br\/?p=1382#breadcrumb","itemListElement":[{"@type":"ListItem","position":1,"name":"In\u00edcio","item":"https:\/\/blogdojoaocosta.com.br\/"},{"@type":"ListItem","position":2,"name":"Nazistas do M\u00e9ier: o Rio como territ\u00f3rio de mil\u00edcias"}]},{"@type":"WebSite","@id":"https:\/\/blogdojoaocosta.com.br\/#website","url":"https:\/\/blogdojoaocosta.com.br\/","name":"Blog do Jo\u00e3o Costa","description":"Assim Caminha a Humanidade","potentialAction":[{"@type":"SearchAction","target":{"@type":"EntryPoint","urlTemplate":"https:\/\/blogdojoaocosta.com.br\/?s={search_term_string}"},"query-input":{"@type":"PropertyValueSpecification","valueRequired":true,"valueName":"search_term_string"}}],"inLanguage":"pt-BR"},{"@type":"Person","@id":"https:\/\/blogdojoaocosta.com.br\/#\/schema\/person\/af1c9fa31a41a9d29c32f74b41d55f6e","name":"joaocosta","image":{"@type":"ImageObject","inLanguage":"pt-BR","@id":"https:\/\/secure.gravatar.com\/avatar\/677b6f1fc54e8c7982d7dce3cfe65fce28f898f70d9b8b631786a0b1b18b11e5?s=96&d=mm&r=g","url":"https:\/\/secure.gravatar.com\/avatar\/677b6f1fc54e8c7982d7dce3cfe65fce28f898f70d9b8b631786a0b1b18b11e5?s=96&d=mm&r=g","contentUrl":"https:\/\/secure.gravatar.com\/avatar\/677b6f1fc54e8c7982d7dce3cfe65fce28f898f70d9b8b631786a0b1b18b11e5?s=96&d=mm&r=g","caption":"joaocosta"},"sameAs":["http:\/\/blogdojoaocosta.com.br"],"url":"https:\/\/blogdojoaocosta.com.br\/?author=1"}]}},"_links":{"self":[{"href":"https:\/\/blogdojoaocosta.com.br\/index.php?rest_route=\/wp\/v2\/posts\/1382","targetHints":{"allow":["GET"]}}],"collection":[{"href":"https:\/\/blogdojoaocosta.com.br\/index.php?rest_route=\/wp\/v2\/posts"}],"about":[{"href":"https:\/\/blogdojoaocosta.com.br\/index.php?rest_route=\/wp\/v2\/types\/post"}],"author":[{"embeddable":true,"href":"https:\/\/blogdojoaocosta.com.br\/index.php?rest_route=\/wp\/v2\/users\/1"}],"replies":[{"embeddable":true,"href":"https:\/\/blogdojoaocosta.com.br\/index.php?rest_route=%2Fwp%2Fv2%2Fcomments&post=1382"}],"version-history":[{"count":1,"href":"https:\/\/blogdojoaocosta.com.br\/index.php?rest_route=\/wp\/v2\/posts\/1382\/revisions"}],"predecessor-version":[{"id":1385,"href":"https:\/\/blogdojoaocosta.com.br\/index.php?rest_route=\/wp\/v2\/posts\/1382\/revisions\/1385"}],"wp:featuredmedia":[{"embeddable":true,"href":"https:\/\/blogdojoaocosta.com.br\/index.php?rest_route=\/wp\/v2\/media\/1383"}],"wp:attachment":[{"href":"https:\/\/blogdojoaocosta.com.br\/index.php?rest_route=%2Fwp%2Fv2%2Fmedia&parent=1382"}],"wp:term":[{"taxonomy":"category","embeddable":true,"href":"https:\/\/blogdojoaocosta.com.br\/index.php?rest_route=%2Fwp%2Fv2%2Fcategories&post=1382"},{"taxonomy":"post_tag","embeddable":true,"href":"https:\/\/blogdojoaocosta.com.br\/index.php?rest_route=%2Fwp%2Fv2%2Ftags&post=1382"}],"curies":[{"name":"wp","href":"https:\/\/api.w.org\/{rel}","templated":true}]}}