{"id":1548,"date":"2023-09-08T12:40:54","date_gmt":"2023-09-08T15:40:54","guid":{"rendered":"https:\/\/blogdojoaocosta.com.br\/?p=1548"},"modified":"2023-09-08T12:40:54","modified_gmt":"2023-09-08T15:40:54","slug":"encontro-define-formato-do-folia-de-rua-2024","status":"publish","type":"post","link":"https:\/\/blogdojoaocosta.com.br\/?p=1548","title":{"rendered":"Encontro define formato do Folia de Rua 2024"},"content":{"rendered":"<p>O planejamento para a edi\u00e7\u00e3o de 2024 das pr\u00e9vias carnavalescas de Jo\u00e3o Pessoa &#8211; um dos eventos mais importantes do calend\u00e1rio cultural da Capital &#8211; realizado na \u00faltima ter\u00e7a-feira, com uma reuni\u00e3o entre o prefeito C\u00edcero Lucena, integrantes da Associa\u00e7\u00e3o Folia de Rua e vereadores, no Centro Administrativo Municipal, em \u00c1gua Fria.<\/p>\n<p>O prefeito garantiu estudar o projeto e avaliar junto com os envolvidos para definir o melhor para a cidade de Jo\u00e3o Pessoa. \u201cEu tenho tempo para sancionar o projeto para o ano que vem. Por isso, quero di\u00e1logo nesse prazo de 30 dias. Vou contribuir nesse processo de di\u00e1logo e eu espero que a gente encontre uma solu\u00e7\u00e3o que contemple a todos, principalmente a popula\u00e7\u00e3o de Jo\u00e3o Pessoa. Com respeito \u00e0 nossa tradi\u00e7\u00e3o cultural e ao direito das pessoas trabalharem. Folia de rua \u00e9 a preserva\u00e7\u00e3o da cultura, e que eu pretendo ampliar as oportunidades\u201d, disse C\u00edcero Lucena.<\/p>\n<p>Durante o encontro, foram discutidas alternativas para fazer a festa ganhar ainda mais proje\u00e7\u00e3o e gerar impacto para a Capital. Tamb\u00e9m presente na solenidade, o diretor executivo da Funjope, Marcus Alves, disse que entre as propostas apresentadas est\u00e3o a organiza\u00e7\u00e3o do trajeto da via folia, um projeto de Lei Rouanet para captar recursos da iniciativa privada e a cria\u00e7\u00e3o de editais que contemplem todo o Carnaval da Capital.<\/p>\n<p>&#8220;Um di\u00e1logo permanente que o prefeito C\u00edcero Lucena est\u00e1 acostumado a fazer, que n\u00f3s, da Funjope, tamb\u00e9m estamos acostumados a fazer, com todos os segmentos da cultura &#8211; o Carnaval n\u00e3o \u00e9 diferente. Fizemos uma discuss\u00e3o em torno daquilo que havia sido positivo no que j\u00e1 foi apresentado anteriormente, sugest\u00f5es de poss\u00edveis altera\u00e7\u00f5es por parte da Associa\u00e7\u00e3o Folia de Rua, e o prefeito assumiu o compromisso de conversar com todos para, a partir de um consenso, ter um projeto final&#8221;, afirmou.<\/p>\n<p>&nbsp;<\/p>\n<p>Uma das medidas observadas no encontro \u00e9 a divulga\u00e7\u00e3o do pr\u00e9-carnaval dentro e fora da Para\u00edba, conquistando espa\u00e7o em eventos do segmento tur\u00edstico. Tamb\u00e9m foi alinhavada a constru\u00e7\u00e3o de um modelo ainda mais profissional, atrav\u00e9s de parceria p\u00fablico-privada, mirando a oferta de servi\u00e7os de melhor qualidade para os foli\u00f5es.<\/p>\n<p>&#8220;O Folia de Rua faz parte da hist\u00f3ria da cidade e isso gera o compromisso de ampliar o evento, ter um olhar macro, colocar mais contribui\u00e7\u00f5es para fortalecer o projeto&#8221;, adiantou S\u00e9rgio N\u00f3brega, presidente da Associa\u00e7\u00e3o Folia de Rua, que acrescentou: &#8220;O prefeito C\u00edcero Lucena, com sua sensibilidade, nos recebeu e acertou para construirmos juntos uma proposta que seja boa para todos. Ganha o movimento cultural da cidade&#8221;.<\/p>\n<p>J\u00e1 o vereador Marcos Henrique destacou que o modelo do evento para o ano que vem deve passar por uma discuss\u00e3o que envolva, al\u00e9m da Associa\u00e7\u00e3o Folia de Rua e as comiss\u00f5es na C\u00e2mara Municipal, a pr\u00f3pria sociedade, ouvindo pessoas que tamb\u00e9m fazem parte das pr\u00e9vias carnavalescas, como comerciantes e pessoas da cultura, por exemplo. De acordo com o vereador, o modelo ideal deve ser constru\u00eddo de maneira coletiva. &#8220;Como deve ser o evento nos mais diversos segmentos &#8211; comercial, art\u00edstico &#8211; o projeto Folia de Rua tem um vi\u00e9s cultural, que deve ser preservado em detrimento ao mercantilismo. O prefeito C\u00edcero Lucena vai dialogar com todos, e isso \u00e9 muito positivo&#8221;, projetou.<\/p>\n<p>Tamb\u00e9m participaram do encontro o vice-prefeito Leo Bezerra, o secret\u00e1rio de Gest\u00e3o Governamental, Diego Tavares, al\u00e9m de Jairo Pessoa, diretor operacional do Folia de Rua.<\/p>\n<p>Fonte: Secom<\/p>\n","protected":false},"excerpt":{"rendered":"<p>O planejamento para a edi\u00e7\u00e3o de 2024 das pr\u00e9vias carnavalescas de Jo\u00e3o Pessoa &#8211; um dos eventos mais importantes do calend\u00e1rio cultural da Capital &#8211; realizado na \u00faltima ter\u00e7a-feira, com uma reuni\u00e3o entre o prefeito C\u00edcero Lucena, integrantes da Associa\u00e7\u00e3o Folia de Rua e vereadores, no Centro Administrativo Municipal, em \u00c1gua Fria. O prefeito garantiu [&hellip;]<\/p>\n","protected":false},"author":1,"featured_media":1549,"comment_status":"open","ping_status":"open","sticky":false,"template":"","format":"standard","meta":{"footnotes":""},"categories":[1],"tags":[],"class_list":["post-1548","post","type-post","status-publish","format-standard","has-post-thumbnail","hentry","category-entretenimento"],"yoast_head":"<!-- This site is optimized with the Yoast SEO plugin v27.5 - https:\/\/yoast.com\/product\/yoast-seo-wordpress\/ -->\n<title>Encontro define formato do Folia de Rua 2024 - Blog do Jo\u00e3o Costa<\/title>\n<meta name=\"robots\" content=\"index, follow, max-snippet:-1, max-image-preview:large, max-video-preview:-1\" \/>\n<link rel=\"canonical\" href=\"https:\/\/blogdojoaocosta.com.br\/?p=1548\" \/>\n<meta property=\"og:locale\" content=\"pt_BR\" \/>\n<meta property=\"og:type\" content=\"article\" \/>\n<meta property=\"og:title\" content=\"Encontro define formato do Folia de Rua 2024 - Blog do Jo\u00e3o Costa\" \/>\n<meta property=\"og:description\" content=\"O planejamento para a edi\u00e7\u00e3o de 2024 das pr\u00e9vias carnavalescas de Jo\u00e3o Pessoa &#8211; um dos eventos mais importantes do calend\u00e1rio cultural da Capital &#8211; realizado na \u00faltima ter\u00e7a-feira, com uma reuni\u00e3o entre o prefeito C\u00edcero Lucena, integrantes da Associa\u00e7\u00e3o Folia de Rua e vereadores, no Centro Administrativo Municipal, em \u00c1gua Fria. O prefeito garantiu [&hellip;]\" \/>\n<meta property=\"og:url\" content=\"https:\/\/blogdojoaocosta.com.br\/?p=1548\" \/>\n<meta property=\"og:site_name\" content=\"Blog do Jo\u00e3o Costa\" \/>\n<meta property=\"article:published_time\" content=\"2023-09-08T15:40:54+00:00\" \/>\n<meta property=\"og:image\" content=\"https:\/\/blogdojoaocosta.com.br\/wp-content\/uploads\/2023\/09\/folia.jpeg\" \/>\n\t<meta property=\"og:image:width\" content=\"1600\" \/>\n\t<meta property=\"og:image:height\" content=\"1066\" \/>\n\t<meta property=\"og:image:type\" content=\"image\/jpeg\" \/>\n<meta name=\"author\" content=\"joaocosta\" \/>\n<meta name=\"twitter:card\" content=\"summary_large_image\" \/>\n<meta name=\"twitter:label1\" content=\"Escrito por\" \/>\n\t<meta name=\"twitter:data1\" content=\"joaocosta\" \/>\n\t<meta name=\"twitter:label2\" content=\"Est. tempo de leitura\" \/>\n\t<meta name=\"twitter:data2\" content=\"4 minutos\" \/>\n<script type=\"application\/ld+json\" class=\"yoast-schema-graph\">{\"@context\":\"https:\\\/\\\/schema.org\",\"@graph\":[{\"@type\":\"Article\",\"@id\":\"https:\\\/\\\/blogdojoaocosta.com.br\\\/?p=1548#article\",\"isPartOf\":{\"@id\":\"https:\\\/\\\/blogdojoaocosta.com.br\\\/?p=1548\"},\"author\":{\"name\":\"joaocosta\",\"@id\":\"https:\\\/\\\/blogdojoaocosta.com.br\\\/#\\\/schema\\\/person\\\/af1c9fa31a41a9d29c32f74b41d55f6e\"},\"headline\":\"Encontro define formato do Folia de Rua 2024\",\"datePublished\":\"2023-09-08T15:40:54+00:00\",\"mainEntityOfPage\":{\"@id\":\"https:\\\/\\\/blogdojoaocosta.com.br\\\/?p=1548\"},\"wordCount\":622,\"commentCount\":0,\"image\":{\"@id\":\"https:\\\/\\\/blogdojoaocosta.com.br\\\/?p=1548#primaryimage\"},\"thumbnailUrl\":\"https:\\\/\\\/blogdojoaocosta.com.br\\\/wp-content\\\/uploads\\\/2023\\\/09\\\/folia.jpeg\",\"articleSection\":[\"Entretenimento\"],\"inLanguage\":\"pt-BR\",\"potentialAction\":[{\"@type\":\"CommentAction\",\"name\":\"Comment\",\"target\":[\"https:\\\/\\\/blogdojoaocosta.com.br\\\/?p=1548#respond\"]}]},{\"@type\":\"WebPage\",\"@id\":\"https:\\\/\\\/blogdojoaocosta.com.br\\\/?p=1548\",\"url\":\"https:\\\/\\\/blogdojoaocosta.com.br\\\/?p=1548\",\"name\":\"Encontro define formato do Folia de Rua 2024 - Blog do Jo\u00e3o Costa\",\"isPartOf\":{\"@id\":\"https:\\\/\\\/blogdojoaocosta.com.br\\\/#website\"},\"primaryImageOfPage\":{\"@id\":\"https:\\\/\\\/blogdojoaocosta.com.br\\\/?p=1548#primaryimage\"},\"image\":{\"@id\":\"https:\\\/\\\/blogdojoaocosta.com.br\\\/?p=1548#primaryimage\"},\"thumbnailUrl\":\"https:\\\/\\\/blogdojoaocosta.com.br\\\/wp-content\\\/uploads\\\/2023\\\/09\\\/folia.jpeg\",\"datePublished\":\"2023-09-08T15:40:54+00:00\",\"author\":{\"@id\":\"https:\\\/\\\/blogdojoaocosta.com.br\\\/#\\\/schema\\\/person\\\/af1c9fa31a41a9d29c32f74b41d55f6e\"},\"breadcrumb\":{\"@id\":\"https:\\\/\\\/blogdojoaocosta.com.br\\\/?p=1548#breadcrumb\"},\"inLanguage\":\"pt-BR\",\"potentialAction\":[{\"@type\":\"ReadAction\",\"target\":[\"https:\\\/\\\/blogdojoaocosta.com.br\\\/?p=1548\"]}]},{\"@type\":\"ImageObject\",\"inLanguage\":\"pt-BR\",\"@id\":\"https:\\\/\\\/blogdojoaocosta.com.br\\\/?p=1548#primaryimage\",\"url\":\"https:\\\/\\\/blogdojoaocosta.com.br\\\/wp-content\\\/uploads\\\/2023\\\/09\\\/folia.jpeg\",\"contentUrl\":\"https:\\\/\\\/blogdojoaocosta.com.br\\\/wp-content\\\/uploads\\\/2023\\\/09\\\/folia.jpeg\",\"width\":1600,\"height\":1066},{\"@type\":\"BreadcrumbList\",\"@id\":\"https:\\\/\\\/blogdojoaocosta.com.br\\\/?p=1548#breadcrumb\",\"itemListElement\":[{\"@type\":\"ListItem\",\"position\":1,\"name\":\"In\u00edcio\",\"item\":\"https:\\\/\\\/blogdojoaocosta.com.br\\\/\"},{\"@type\":\"ListItem\",\"position\":2,\"name\":\"Encontro define formato do Folia de Rua 2024\"}]},{\"@type\":\"WebSite\",\"@id\":\"https:\\\/\\\/blogdojoaocosta.com.br\\\/#website\",\"url\":\"https:\\\/\\\/blogdojoaocosta.com.br\\\/\",\"name\":\"Blog do Jo\u00e3o Costa\",\"description\":\"Assim Caminha a Humanidade\",\"potentialAction\":[{\"@type\":\"SearchAction\",\"target\":{\"@type\":\"EntryPoint\",\"urlTemplate\":\"https:\\\/\\\/blogdojoaocosta.com.br\\\/?s={search_term_string}\"},\"query-input\":{\"@type\":\"PropertyValueSpecification\",\"valueRequired\":true,\"valueName\":\"search_term_string\"}}],\"inLanguage\":\"pt-BR\"},{\"@type\":\"Person\",\"@id\":\"https:\\\/\\\/blogdojoaocosta.com.br\\\/#\\\/schema\\\/person\\\/af1c9fa31a41a9d29c32f74b41d55f6e\",\"name\":\"joaocosta\",\"image\":{\"@type\":\"ImageObject\",\"inLanguage\":\"pt-BR\",\"@id\":\"https:\\\/\\\/secure.gravatar.com\\\/avatar\\\/677b6f1fc54e8c7982d7dce3cfe65fce28f898f70d9b8b631786a0b1b18b11e5?s=96&d=mm&r=g\",\"url\":\"https:\\\/\\\/secure.gravatar.com\\\/avatar\\\/677b6f1fc54e8c7982d7dce3cfe65fce28f898f70d9b8b631786a0b1b18b11e5?s=96&d=mm&r=g\",\"contentUrl\":\"https:\\\/\\\/secure.gravatar.com\\\/avatar\\\/677b6f1fc54e8c7982d7dce3cfe65fce28f898f70d9b8b631786a0b1b18b11e5?s=96&d=mm&r=g\",\"caption\":\"joaocosta\"},\"sameAs\":[\"http:\\\/\\\/blogdojoaocosta.com.br\"],\"url\":\"https:\\\/\\\/blogdojoaocosta.com.br\\\/?author=1\"}]}<\/script>\n<!-- \/ Yoast SEO plugin. -->","yoast_head_json":{"title":"Encontro define formato do Folia de Rua 2024 - Blog do Jo\u00e3o Costa","robots":{"index":"index","follow":"follow","max-snippet":"max-snippet:-1","max-image-preview":"max-image-preview:large","max-video-preview":"max-video-preview:-1"},"canonical":"https:\/\/blogdojoaocosta.com.br\/?p=1548","og_locale":"pt_BR","og_type":"article","og_title":"Encontro define formato do Folia de Rua 2024 - Blog do Jo\u00e3o Costa","og_description":"O planejamento para a edi\u00e7\u00e3o de 2024 das pr\u00e9vias carnavalescas de Jo\u00e3o Pessoa &#8211; um dos eventos mais importantes do calend\u00e1rio cultural da Capital &#8211; realizado na \u00faltima ter\u00e7a-feira, com uma reuni\u00e3o entre o prefeito C\u00edcero Lucena, integrantes da Associa\u00e7\u00e3o Folia de Rua e vereadores, no Centro Administrativo Municipal, em \u00c1gua Fria. O prefeito garantiu [&hellip;]","og_url":"https:\/\/blogdojoaocosta.com.br\/?p=1548","og_site_name":"Blog do Jo\u00e3o Costa","article_published_time":"2023-09-08T15:40:54+00:00","og_image":[{"width":1600,"height":1066,"url":"https:\/\/blogdojoaocosta.com.br\/wp-content\/uploads\/2023\/09\/folia.jpeg","type":"image\/jpeg"}],"author":"joaocosta","twitter_card":"summary_large_image","twitter_misc":{"Escrito por":"joaocosta","Est. tempo de leitura":"4 minutos"},"schema":{"@context":"https:\/\/schema.org","@graph":[{"@type":"Article","@id":"https:\/\/blogdojoaocosta.com.br\/?p=1548#article","isPartOf":{"@id":"https:\/\/blogdojoaocosta.com.br\/?p=1548"},"author":{"name":"joaocosta","@id":"https:\/\/blogdojoaocosta.com.br\/#\/schema\/person\/af1c9fa31a41a9d29c32f74b41d55f6e"},"headline":"Encontro define formato do Folia de Rua 2024","datePublished":"2023-09-08T15:40:54+00:00","mainEntityOfPage":{"@id":"https:\/\/blogdojoaocosta.com.br\/?p=1548"},"wordCount":622,"commentCount":0,"image":{"@id":"https:\/\/blogdojoaocosta.com.br\/?p=1548#primaryimage"},"thumbnailUrl":"https:\/\/blogdojoaocosta.com.br\/wp-content\/uploads\/2023\/09\/folia.jpeg","articleSection":["Entretenimento"],"inLanguage":"pt-BR","potentialAction":[{"@type":"CommentAction","name":"Comment","target":["https:\/\/blogdojoaocosta.com.br\/?p=1548#respond"]}]},{"@type":"WebPage","@id":"https:\/\/blogdojoaocosta.com.br\/?p=1548","url":"https:\/\/blogdojoaocosta.com.br\/?p=1548","name":"Encontro define formato do Folia de Rua 2024 - Blog do Jo\u00e3o Costa","isPartOf":{"@id":"https:\/\/blogdojoaocosta.com.br\/#website"},"primaryImageOfPage":{"@id":"https:\/\/blogdojoaocosta.com.br\/?p=1548#primaryimage"},"image":{"@id":"https:\/\/blogdojoaocosta.com.br\/?p=1548#primaryimage"},"thumbnailUrl":"https:\/\/blogdojoaocosta.com.br\/wp-content\/uploads\/2023\/09\/folia.jpeg","datePublished":"2023-09-08T15:40:54+00:00","author":{"@id":"https:\/\/blogdojoaocosta.com.br\/#\/schema\/person\/af1c9fa31a41a9d29c32f74b41d55f6e"},"breadcrumb":{"@id":"https:\/\/blogdojoaocosta.com.br\/?p=1548#breadcrumb"},"inLanguage":"pt-BR","potentialAction":[{"@type":"ReadAction","target":["https:\/\/blogdojoaocosta.com.br\/?p=1548"]}]},{"@type":"ImageObject","inLanguage":"pt-BR","@id":"https:\/\/blogdojoaocosta.com.br\/?p=1548#primaryimage","url":"https:\/\/blogdojoaocosta.com.br\/wp-content\/uploads\/2023\/09\/folia.jpeg","contentUrl":"https:\/\/blogdojoaocosta.com.br\/wp-content\/uploads\/2023\/09\/folia.jpeg","width":1600,"height":1066},{"@type":"BreadcrumbList","@id":"https:\/\/blogdojoaocosta.com.br\/?p=1548#breadcrumb","itemListElement":[{"@type":"ListItem","position":1,"name":"In\u00edcio","item":"https:\/\/blogdojoaocosta.com.br\/"},{"@type":"ListItem","position":2,"name":"Encontro define formato do Folia de Rua 2024"}]},{"@type":"WebSite","@id":"https:\/\/blogdojoaocosta.com.br\/#website","url":"https:\/\/blogdojoaocosta.com.br\/","name":"Blog do Jo\u00e3o Costa","description":"Assim Caminha a Humanidade","potentialAction":[{"@type":"SearchAction","target":{"@type":"EntryPoint","urlTemplate":"https:\/\/blogdojoaocosta.com.br\/?s={search_term_string}"},"query-input":{"@type":"PropertyValueSpecification","valueRequired":true,"valueName":"search_term_string"}}],"inLanguage":"pt-BR"},{"@type":"Person","@id":"https:\/\/blogdojoaocosta.com.br\/#\/schema\/person\/af1c9fa31a41a9d29c32f74b41d55f6e","name":"joaocosta","image":{"@type":"ImageObject","inLanguage":"pt-BR","@id":"https:\/\/secure.gravatar.com\/avatar\/677b6f1fc54e8c7982d7dce3cfe65fce28f898f70d9b8b631786a0b1b18b11e5?s=96&d=mm&r=g","url":"https:\/\/secure.gravatar.com\/avatar\/677b6f1fc54e8c7982d7dce3cfe65fce28f898f70d9b8b631786a0b1b18b11e5?s=96&d=mm&r=g","contentUrl":"https:\/\/secure.gravatar.com\/avatar\/677b6f1fc54e8c7982d7dce3cfe65fce28f898f70d9b8b631786a0b1b18b11e5?s=96&d=mm&r=g","caption":"joaocosta"},"sameAs":["http:\/\/blogdojoaocosta.com.br"],"url":"https:\/\/blogdojoaocosta.com.br\/?author=1"}]}},"_links":{"self":[{"href":"https:\/\/blogdojoaocosta.com.br\/index.php?rest_route=\/wp\/v2\/posts\/1548","targetHints":{"allow":["GET"]}}],"collection":[{"href":"https:\/\/blogdojoaocosta.com.br\/index.php?rest_route=\/wp\/v2\/posts"}],"about":[{"href":"https:\/\/blogdojoaocosta.com.br\/index.php?rest_route=\/wp\/v2\/types\/post"}],"author":[{"embeddable":true,"href":"https:\/\/blogdojoaocosta.com.br\/index.php?rest_route=\/wp\/v2\/users\/1"}],"replies":[{"embeddable":true,"href":"https:\/\/blogdojoaocosta.com.br\/index.php?rest_route=%2Fwp%2Fv2%2Fcomments&post=1548"}],"version-history":[{"count":1,"href":"https:\/\/blogdojoaocosta.com.br\/index.php?rest_route=\/wp\/v2\/posts\/1548\/revisions"}],"predecessor-version":[{"id":1550,"href":"https:\/\/blogdojoaocosta.com.br\/index.php?rest_route=\/wp\/v2\/posts\/1548\/revisions\/1550"}],"wp:featuredmedia":[{"embeddable":true,"href":"https:\/\/blogdojoaocosta.com.br\/index.php?rest_route=\/wp\/v2\/media\/1549"}],"wp:attachment":[{"href":"https:\/\/blogdojoaocosta.com.br\/index.php?rest_route=%2Fwp%2Fv2%2Fmedia&parent=1548"}],"wp:term":[{"taxonomy":"category","embeddable":true,"href":"https:\/\/blogdojoaocosta.com.br\/index.php?rest_route=%2Fwp%2Fv2%2Fcategories&post=1548"},{"taxonomy":"post_tag","embeddable":true,"href":"https:\/\/blogdojoaocosta.com.br\/index.php?rest_route=%2Fwp%2Fv2%2Ftags&post=1548"}],"curies":[{"name":"wp","href":"https:\/\/api.w.org\/{rel}","templated":true}]}}