{"id":1628,"date":"2023-10-05T07:50:55","date_gmt":"2023-10-05T10:50:55","guid":{"rendered":"https:\/\/blogdojoaocosta.com.br\/?p=1628"},"modified":"2023-10-05T07:50:55","modified_gmt":"2023-10-05T10:50:55","slug":"festa-do-rosario-noite-de-lancamentos-de-livros-e-filme","status":"publish","type":"post","link":"https:\/\/blogdojoaocosta.com.br\/?p=1628","title":{"rendered":"Festa do Ros\u00e1rio: noite de lan\u00e7amentos de livros e filme"},"content":{"rendered":"<p>O filme curta metragem Ros\u00e1rio, dirigido pelo cineasta Omar Brito e o livro \u201cUlisses Liberato \u2013 Um cangaceiro a servi\u00e7o do major Jos\u00e9 In\u00e1cio do Barro, de autoria dos irm\u00e3os Jos\u00e9 Tavares e Jerdivan N\u00f3brega ser\u00e3o lan\u00e7ados nesta sexta-feira no Teatro Murarte como parte da programa\u00e7\u00e3o da Festa do Ros\u00e1rio.<\/p>\n<p>A programa\u00e7\u00e3o do evento come\u00e7a \u00e0s 17 horas com o lan\u00e7amento do livro \u201cUlisses Liberato\u201d, que resgata a trajet\u00f3ria do referido cangaceiro nascido em Pombal, mas com inser\u00e7\u00f5es nos estados do Cear\u00e1 e Pernambuco.<\/p>\n<h2>Tavares e sua abordagem<\/h2>\n<div style=\"width: 480px;\" class=\"wp-video\"><video class=\"wp-video-shortcode\" id=\"video-1628-1\" width=\"480\" height=\"864\" preload=\"metadata\" controls=\"controls\"><source type=\"video\/mp4\" src=\"https:\/\/blogdojoaocosta.com.br\/wp-content\/uploads\/2023\/10\/Tavares-livro.mp4?_=1\" \/><a href=\"https:\/\/blogdojoaocosta.com.br\/wp-content\/uploads\/2023\/10\/Tavares-livro.mp4\">https:\/\/blogdojoaocosta.com.br\/wp-content\/uploads\/2023\/10\/Tavares-livro.mp4<\/a><\/video><\/div>\n<p>A publica\u00e7\u00e3o surpreendeu o c\u00edrculo de pesquisadores sobre coronelismo e canga\u00e7o por revelar aspectos in\u00e9ditos da quest\u00e3o envolvendo as fam\u00edlias Pereira e Carvalho, no Paje\u00fa Pernambucano, assim como a influ\u00eancia do major Jos\u00e9 In\u00e1cio em acontecimentos violentos nos sert\u00f5es da Para\u00edba, Cear\u00e1 e Pernambuco.<\/p>\n<h2>Destaque na literatura sobre o Canga\u00e7o<\/h2>\n<p><img decoding=\"async\" class=\"alignnone size-medium wp-image-1631\" src=\"https:\/\/blogdojoaocosta.com.br\/wp-content\/uploads\/2023\/10\/capa-ulisses-180x300.jpeg\" alt=\"\" width=\"180\" height=\"300\" srcset=\"https:\/\/blogdojoaocosta.com.br\/wp-content\/uploads\/2023\/10\/capa-ulisses-180x300.jpeg 180w, https:\/\/blogdojoaocosta.com.br\/wp-content\/uploads\/2023\/10\/capa-ulisses-614x1024.jpeg 614w, https:\/\/blogdojoaocosta.com.br\/wp-content\/uploads\/2023\/10\/capa-ulisses.jpeg 720w\" sizes=\"(max-width: 180px) 100vw, 180px\" \/><\/p>\n<p>&nbsp;<\/p>\n<p>Ros\u00e1rio<\/p>\n<p>\u201cN\u00e3o me lembro porque fiz, nem sei como sobrevivi porque fiz esse filme h\u00e1 11 anos e agora o editei\u201d brinca Omar Brito, sobre esse document\u00e1rio sobre aspectos da Festa dos Negros do Ros\u00e1rio de Pombal.<\/p>\n<p>O diretor de cinema Omar Brito documentou a atua\u00e7\u00e3o do grupo folcl\u00f3rico Pont\u00f5es e o clima religioso-festivo que envolve a cidade de Pombal em 2012, e o filme, que traz depoimentos do folclorista Luizinho Barbosa e do historiador Werneck Abrantes, permaneceu in\u00e9dito no acervo do diretor, que inclui dezenas de document\u00e1rios art\u00edsticos.<\/p>\n<p>&nbsp;<\/p>\n<p>&nbsp;<\/p>\n","protected":false},"excerpt":{"rendered":"<p>O filme curta metragem Ros\u00e1rio, dirigido pelo cineasta Omar Brito e o livro \u201cUlisses Liberato \u2013 Um cangaceiro a servi\u00e7o do major Jos\u00e9 In\u00e1cio do Barro, de autoria dos irm\u00e3os Jos\u00e9 Tavares e Jerdivan N\u00f3brega ser\u00e3o lan\u00e7ados nesta sexta-feira no Teatro Murarte como parte da programa\u00e7\u00e3o da Festa do Ros\u00e1rio. A programa\u00e7\u00e3o do evento come\u00e7a [&hellip;]<\/p>\n","protected":false},"author":1,"featured_media":1629,"comment_status":"open","ping_status":"open","sticky":false,"template":"","format":"standard","meta":{"footnotes":""},"categories":[20],"tags":[],"class_list":["post-1628","post","type-post","status-publish","format-standard","has-post-thumbnail","hentry","category-cidades"],"yoast_head":"<!-- This site is optimized with the Yoast SEO plugin v27.4 - https:\/\/yoast.com\/product\/yoast-seo-wordpress\/ -->\n<title>Festa do Ros\u00e1rio: noite de lan\u00e7amentos de livros e filme - Blog do Jo\u00e3o Costa<\/title>\n<meta name=\"robots\" content=\"index, follow, max-snippet:-1, max-image-preview:large, max-video-preview:-1\" \/>\n<link rel=\"canonical\" href=\"https:\/\/blogdojoaocosta.com.br\/?p=1628\" \/>\n<meta property=\"og:locale\" content=\"pt_BR\" \/>\n<meta property=\"og:type\" content=\"article\" \/>\n<meta property=\"og:title\" content=\"Festa do Ros\u00e1rio: noite de lan\u00e7amentos de livros e filme - Blog do Jo\u00e3o Costa\" \/>\n<meta property=\"og:description\" content=\"O filme curta metragem Ros\u00e1rio, dirigido pelo cineasta Omar Brito e o livro \u201cUlisses Liberato \u2013 Um cangaceiro a servi\u00e7o do major Jos\u00e9 In\u00e1cio do Barro, de autoria dos irm\u00e3os Jos\u00e9 Tavares e Jerdivan N\u00f3brega ser\u00e3o lan\u00e7ados nesta sexta-feira no Teatro Murarte como parte da programa\u00e7\u00e3o da Festa do Ros\u00e1rio. A programa\u00e7\u00e3o do evento come\u00e7a [&hellip;]\" \/>\n<meta property=\"og:url\" content=\"https:\/\/blogdojoaocosta.com.br\/?p=1628\" \/>\n<meta property=\"og:site_name\" content=\"Blog do Jo\u00e3o Costa\" \/>\n<meta property=\"article:published_time\" content=\"2023-10-05T10:50:55+00:00\" \/>\n<meta property=\"og:image\" content=\"https:\/\/blogdojoaocosta.com.br\/wp-content\/uploads\/2023\/10\/Rosario-foto-1-e1696501236151.jpeg\" \/>\n\t<meta property=\"og:image:width\" content=\"550\" \/>\n\t<meta property=\"og:image:height\" content=\"778\" \/>\n\t<meta property=\"og:image:type\" content=\"image\/jpeg\" \/>\n<meta name=\"author\" content=\"joaocosta\" \/>\n<meta name=\"twitter:card\" content=\"summary_large_image\" \/>\n<meta name=\"twitter:label1\" content=\"Escrito por\" \/>\n\t<meta name=\"twitter:data1\" content=\"joaocosta\" \/>\n\t<meta name=\"twitter:label2\" content=\"Est. tempo de leitura\" \/>\n\t<meta name=\"twitter:data2\" content=\"2 minutos\" \/>\n<script type=\"application\/ld+json\" class=\"yoast-schema-graph\">{\"@context\":\"https:\\\/\\\/schema.org\",\"@graph\":[{\"@type\":\"Article\",\"@id\":\"https:\\\/\\\/blogdojoaocosta.com.br\\\/?p=1628#article\",\"isPartOf\":{\"@id\":\"https:\\\/\\\/blogdojoaocosta.com.br\\\/?p=1628\"},\"author\":{\"name\":\"joaocosta\",\"@id\":\"https:\\\/\\\/blogdojoaocosta.com.br\\\/#\\\/schema\\\/person\\\/af1c9fa31a41a9d29c32f74b41d55f6e\"},\"headline\":\"Festa do Ros\u00e1rio: noite de lan\u00e7amentos de livros e filme\",\"datePublished\":\"2023-10-05T10:50:55+00:00\",\"mainEntityOfPage\":{\"@id\":\"https:\\\/\\\/blogdojoaocosta.com.br\\\/?p=1628\"},\"wordCount\":286,\"commentCount\":0,\"image\":{\"@id\":\"https:\\\/\\\/blogdojoaocosta.com.br\\\/?p=1628#primaryimage\"},\"thumbnailUrl\":\"https:\\\/\\\/blogdojoaocosta.com.br\\\/wp-content\\\/uploads\\\/2023\\\/10\\\/Rosario-foto-1-e1696501236151.jpeg\",\"articleSection\":[\"Cidades\"],\"inLanguage\":\"pt-BR\",\"potentialAction\":[{\"@type\":\"CommentAction\",\"name\":\"Comment\",\"target\":[\"https:\\\/\\\/blogdojoaocosta.com.br\\\/?p=1628#respond\"]}]},{\"@type\":\"WebPage\",\"@id\":\"https:\\\/\\\/blogdojoaocosta.com.br\\\/?p=1628\",\"url\":\"https:\\\/\\\/blogdojoaocosta.com.br\\\/?p=1628\",\"name\":\"Festa do Ros\u00e1rio: noite de lan\u00e7amentos de livros e filme - Blog do Jo\u00e3o Costa\",\"isPartOf\":{\"@id\":\"https:\\\/\\\/blogdojoaocosta.com.br\\\/#website\"},\"primaryImageOfPage\":{\"@id\":\"https:\\\/\\\/blogdojoaocosta.com.br\\\/?p=1628#primaryimage\"},\"image\":{\"@id\":\"https:\\\/\\\/blogdojoaocosta.com.br\\\/?p=1628#primaryimage\"},\"thumbnailUrl\":\"https:\\\/\\\/blogdojoaocosta.com.br\\\/wp-content\\\/uploads\\\/2023\\\/10\\\/Rosario-foto-1-e1696501236151.jpeg\",\"datePublished\":\"2023-10-05T10:50:55+00:00\",\"author\":{\"@id\":\"https:\\\/\\\/blogdojoaocosta.com.br\\\/#\\\/schema\\\/person\\\/af1c9fa31a41a9d29c32f74b41d55f6e\"},\"breadcrumb\":{\"@id\":\"https:\\\/\\\/blogdojoaocosta.com.br\\\/?p=1628#breadcrumb\"},\"inLanguage\":\"pt-BR\",\"potentialAction\":[{\"@type\":\"ReadAction\",\"target\":[\"https:\\\/\\\/blogdojoaocosta.com.br\\\/?p=1628\"]}]},{\"@type\":\"ImageObject\",\"inLanguage\":\"pt-BR\",\"@id\":\"https:\\\/\\\/blogdojoaocosta.com.br\\\/?p=1628#primaryimage\",\"url\":\"https:\\\/\\\/blogdojoaocosta.com.br\\\/wp-content\\\/uploads\\\/2023\\\/10\\\/Rosario-foto-1-e1696501236151.jpeg\",\"contentUrl\":\"https:\\\/\\\/blogdojoaocosta.com.br\\\/wp-content\\\/uploads\\\/2023\\\/10\\\/Rosario-foto-1-e1696501236151.jpeg\",\"width\":550,\"height\":778},{\"@type\":\"BreadcrumbList\",\"@id\":\"https:\\\/\\\/blogdojoaocosta.com.br\\\/?p=1628#breadcrumb\",\"itemListElement\":[{\"@type\":\"ListItem\",\"position\":1,\"name\":\"In\u00edcio\",\"item\":\"https:\\\/\\\/blogdojoaocosta.com.br\\\/\"},{\"@type\":\"ListItem\",\"position\":2,\"name\":\"Festa do Ros\u00e1rio: noite de lan\u00e7amentos de livros e filme\"}]},{\"@type\":\"WebSite\",\"@id\":\"https:\\\/\\\/blogdojoaocosta.com.br\\\/#website\",\"url\":\"https:\\\/\\\/blogdojoaocosta.com.br\\\/\",\"name\":\"Blog do Jo\u00e3o Costa\",\"description\":\"Assim Caminha a Humanidade\",\"potentialAction\":[{\"@type\":\"SearchAction\",\"target\":{\"@type\":\"EntryPoint\",\"urlTemplate\":\"https:\\\/\\\/blogdojoaocosta.com.br\\\/?s={search_term_string}\"},\"query-input\":{\"@type\":\"PropertyValueSpecification\",\"valueRequired\":true,\"valueName\":\"search_term_string\"}}],\"inLanguage\":\"pt-BR\"},{\"@type\":\"Person\",\"@id\":\"https:\\\/\\\/blogdojoaocosta.com.br\\\/#\\\/schema\\\/person\\\/af1c9fa31a41a9d29c32f74b41d55f6e\",\"name\":\"joaocosta\",\"image\":{\"@type\":\"ImageObject\",\"inLanguage\":\"pt-BR\",\"@id\":\"https:\\\/\\\/secure.gravatar.com\\\/avatar\\\/677b6f1fc54e8c7982d7dce3cfe65fce28f898f70d9b8b631786a0b1b18b11e5?s=96&d=mm&r=g\",\"url\":\"https:\\\/\\\/secure.gravatar.com\\\/avatar\\\/677b6f1fc54e8c7982d7dce3cfe65fce28f898f70d9b8b631786a0b1b18b11e5?s=96&d=mm&r=g\",\"contentUrl\":\"https:\\\/\\\/secure.gravatar.com\\\/avatar\\\/677b6f1fc54e8c7982d7dce3cfe65fce28f898f70d9b8b631786a0b1b18b11e5?s=96&d=mm&r=g\",\"caption\":\"joaocosta\"},\"sameAs\":[\"http:\\\/\\\/blogdojoaocosta.com.br\"],\"url\":\"https:\\\/\\\/blogdojoaocosta.com.br\\\/?author=1\"}]}<\/script>\n<!-- \/ Yoast SEO plugin. -->","yoast_head_json":{"title":"Festa do Ros\u00e1rio: noite de lan\u00e7amentos de livros e filme - Blog do Jo\u00e3o Costa","robots":{"index":"index","follow":"follow","max-snippet":"max-snippet:-1","max-image-preview":"max-image-preview:large","max-video-preview":"max-video-preview:-1"},"canonical":"https:\/\/blogdojoaocosta.com.br\/?p=1628","og_locale":"pt_BR","og_type":"article","og_title":"Festa do Ros\u00e1rio: noite de lan\u00e7amentos de livros e filme - Blog do Jo\u00e3o Costa","og_description":"O filme curta metragem Ros\u00e1rio, dirigido pelo cineasta Omar Brito e o livro \u201cUlisses Liberato \u2013 Um cangaceiro a servi\u00e7o do major Jos\u00e9 In\u00e1cio do Barro, de autoria dos irm\u00e3os Jos\u00e9 Tavares e Jerdivan N\u00f3brega ser\u00e3o lan\u00e7ados nesta sexta-feira no Teatro Murarte como parte da programa\u00e7\u00e3o da Festa do Ros\u00e1rio. A programa\u00e7\u00e3o do evento come\u00e7a [&hellip;]","og_url":"https:\/\/blogdojoaocosta.com.br\/?p=1628","og_site_name":"Blog do Jo\u00e3o Costa","article_published_time":"2023-10-05T10:50:55+00:00","og_image":[{"width":550,"height":778,"url":"https:\/\/blogdojoaocosta.com.br\/wp-content\/uploads\/2023\/10\/Rosario-foto-1-e1696501236151.jpeg","type":"image\/jpeg"}],"author":"joaocosta","twitter_card":"summary_large_image","twitter_misc":{"Escrito por":"joaocosta","Est. tempo de leitura":"2 minutos"},"schema":{"@context":"https:\/\/schema.org","@graph":[{"@type":"Article","@id":"https:\/\/blogdojoaocosta.com.br\/?p=1628#article","isPartOf":{"@id":"https:\/\/blogdojoaocosta.com.br\/?p=1628"},"author":{"name":"joaocosta","@id":"https:\/\/blogdojoaocosta.com.br\/#\/schema\/person\/af1c9fa31a41a9d29c32f74b41d55f6e"},"headline":"Festa do Ros\u00e1rio: noite de lan\u00e7amentos de livros e filme","datePublished":"2023-10-05T10:50:55+00:00","mainEntityOfPage":{"@id":"https:\/\/blogdojoaocosta.com.br\/?p=1628"},"wordCount":286,"commentCount":0,"image":{"@id":"https:\/\/blogdojoaocosta.com.br\/?p=1628#primaryimage"},"thumbnailUrl":"https:\/\/blogdojoaocosta.com.br\/wp-content\/uploads\/2023\/10\/Rosario-foto-1-e1696501236151.jpeg","articleSection":["Cidades"],"inLanguage":"pt-BR","potentialAction":[{"@type":"CommentAction","name":"Comment","target":["https:\/\/blogdojoaocosta.com.br\/?p=1628#respond"]}]},{"@type":"WebPage","@id":"https:\/\/blogdojoaocosta.com.br\/?p=1628","url":"https:\/\/blogdojoaocosta.com.br\/?p=1628","name":"Festa do Ros\u00e1rio: noite de lan\u00e7amentos de livros e filme - Blog do Jo\u00e3o Costa","isPartOf":{"@id":"https:\/\/blogdojoaocosta.com.br\/#website"},"primaryImageOfPage":{"@id":"https:\/\/blogdojoaocosta.com.br\/?p=1628#primaryimage"},"image":{"@id":"https:\/\/blogdojoaocosta.com.br\/?p=1628#primaryimage"},"thumbnailUrl":"https:\/\/blogdojoaocosta.com.br\/wp-content\/uploads\/2023\/10\/Rosario-foto-1-e1696501236151.jpeg","datePublished":"2023-10-05T10:50:55+00:00","author":{"@id":"https:\/\/blogdojoaocosta.com.br\/#\/schema\/person\/af1c9fa31a41a9d29c32f74b41d55f6e"},"breadcrumb":{"@id":"https:\/\/blogdojoaocosta.com.br\/?p=1628#breadcrumb"},"inLanguage":"pt-BR","potentialAction":[{"@type":"ReadAction","target":["https:\/\/blogdojoaocosta.com.br\/?p=1628"]}]},{"@type":"ImageObject","inLanguage":"pt-BR","@id":"https:\/\/blogdojoaocosta.com.br\/?p=1628#primaryimage","url":"https:\/\/blogdojoaocosta.com.br\/wp-content\/uploads\/2023\/10\/Rosario-foto-1-e1696501236151.jpeg","contentUrl":"https:\/\/blogdojoaocosta.com.br\/wp-content\/uploads\/2023\/10\/Rosario-foto-1-e1696501236151.jpeg","width":550,"height":778},{"@type":"BreadcrumbList","@id":"https:\/\/blogdojoaocosta.com.br\/?p=1628#breadcrumb","itemListElement":[{"@type":"ListItem","position":1,"name":"In\u00edcio","item":"https:\/\/blogdojoaocosta.com.br\/"},{"@type":"ListItem","position":2,"name":"Festa do Ros\u00e1rio: noite de lan\u00e7amentos de livros e filme"}]},{"@type":"WebSite","@id":"https:\/\/blogdojoaocosta.com.br\/#website","url":"https:\/\/blogdojoaocosta.com.br\/","name":"Blog do Jo\u00e3o Costa","description":"Assim Caminha a Humanidade","potentialAction":[{"@type":"SearchAction","target":{"@type":"EntryPoint","urlTemplate":"https:\/\/blogdojoaocosta.com.br\/?s={search_term_string}"},"query-input":{"@type":"PropertyValueSpecification","valueRequired":true,"valueName":"search_term_string"}}],"inLanguage":"pt-BR"},{"@type":"Person","@id":"https:\/\/blogdojoaocosta.com.br\/#\/schema\/person\/af1c9fa31a41a9d29c32f74b41d55f6e","name":"joaocosta","image":{"@type":"ImageObject","inLanguage":"pt-BR","@id":"https:\/\/secure.gravatar.com\/avatar\/677b6f1fc54e8c7982d7dce3cfe65fce28f898f70d9b8b631786a0b1b18b11e5?s=96&d=mm&r=g","url":"https:\/\/secure.gravatar.com\/avatar\/677b6f1fc54e8c7982d7dce3cfe65fce28f898f70d9b8b631786a0b1b18b11e5?s=96&d=mm&r=g","contentUrl":"https:\/\/secure.gravatar.com\/avatar\/677b6f1fc54e8c7982d7dce3cfe65fce28f898f70d9b8b631786a0b1b18b11e5?s=96&d=mm&r=g","caption":"joaocosta"},"sameAs":["http:\/\/blogdojoaocosta.com.br"],"url":"https:\/\/blogdojoaocosta.com.br\/?author=1"}]}},"_links":{"self":[{"href":"https:\/\/blogdojoaocosta.com.br\/index.php?rest_route=\/wp\/v2\/posts\/1628","targetHints":{"allow":["GET"]}}],"collection":[{"href":"https:\/\/blogdojoaocosta.com.br\/index.php?rest_route=\/wp\/v2\/posts"}],"about":[{"href":"https:\/\/blogdojoaocosta.com.br\/index.php?rest_route=\/wp\/v2\/types\/post"}],"author":[{"embeddable":true,"href":"https:\/\/blogdojoaocosta.com.br\/index.php?rest_route=\/wp\/v2\/users\/1"}],"replies":[{"embeddable":true,"href":"https:\/\/blogdojoaocosta.com.br\/index.php?rest_route=%2Fwp%2Fv2%2Fcomments&post=1628"}],"version-history":[{"count":1,"href":"https:\/\/blogdojoaocosta.com.br\/index.php?rest_route=\/wp\/v2\/posts\/1628\/revisions"}],"predecessor-version":[{"id":1632,"href":"https:\/\/blogdojoaocosta.com.br\/index.php?rest_route=\/wp\/v2\/posts\/1628\/revisions\/1632"}],"wp:featuredmedia":[{"embeddable":true,"href":"https:\/\/blogdojoaocosta.com.br\/index.php?rest_route=\/wp\/v2\/media\/1629"}],"wp:attachment":[{"href":"https:\/\/blogdojoaocosta.com.br\/index.php?rest_route=%2Fwp%2Fv2%2Fmedia&parent=1628"}],"wp:term":[{"taxonomy":"category","embeddable":true,"href":"https:\/\/blogdojoaocosta.com.br\/index.php?rest_route=%2Fwp%2Fv2%2Fcategories&post=1628"},{"taxonomy":"post_tag","embeddable":true,"href":"https:\/\/blogdojoaocosta.com.br\/index.php?rest_route=%2Fwp%2Fv2%2Ftags&post=1628"}],"curies":[{"name":"wp","href":"https:\/\/api.w.org\/{rel}","templated":true}]}}