{"id":1682,"date":"2023-10-23T20:15:10","date_gmt":"2023-10-23T23:15:10","guid":{"rendered":"https:\/\/blogdojoaocosta.com.br\/?p=1682"},"modified":"2023-10-23T20:15:10","modified_gmt":"2023-10-23T23:15:10","slug":"marco-de-1926-milicias-lampiao-e-a-fugaz-legalidade","status":"publish","type":"post","link":"https:\/\/blogdojoaocosta.com.br\/?p=1682","title":{"rendered":"\u00a0Mar\u00e7o de 1926: mil\u00edcias, Lampi\u00e3o e a fugaz legalidade"},"content":{"rendered":"<p>N\u00e3o deveria causar surpresa nos dias atuais alguns aspectos da conjuntura pol\u00edtica nacional, quando nem a m\u00eddia nativa ou historiadores podem esconder o conluio entre a Pol\u00edtica e o Crime, embaralhamento entre as institui\u00e7\u00f5es de Defesa e a forma\u00e7\u00e3o de mil\u00edcias privadas que seguem desempenhando papel politico e militar em todos os estados, nas capitais e cidades menores.<\/p>\n<p>Ningu\u00e9m pode esconder que desde 2018 as mil\u00edcias cariocas s\u00e3o uma esp\u00e9cie de governo paralelo no Rio e estiveram no comando do Pal\u00e1cio do Planalto de 2019 a 2022. N\u00e3o foi muito diferente, em 1926, quando o presidente Artur Bernardes ocupava o Pal\u00e1cio do Catete.<\/p>\n<p><img decoding=\"async\" class=\"alignnone size-medium wp-image-1685\" src=\"https:\/\/blogdojoaocosta.com.br\/wp-content\/uploads\/2023\/10\/coluna-prestes-300x228.jpeg\" alt=\"\" width=\"300\" height=\"228\" srcset=\"https:\/\/blogdojoaocosta.com.br\/wp-content\/uploads\/2023\/10\/coluna-prestes-300x228.jpeg 300w, https:\/\/blogdojoaocosta.com.br\/wp-content\/uploads\/2023\/10\/coluna-prestes.jpeg 400w\" sizes=\"(max-width: 300px) 100vw, 300px\" \/><\/p>\n<p><em><strong>Integrantes da Coluna Prestes ou Coluna Miguel Costa<\/strong><\/em><\/p>\n<p>Em decorr\u00eancia de uma quartelada ocorrida em 1922, surgiu o Movimento Tenentista com os chamados \u201cDezoito do Forte de Copacabana\u201d; entre 1925-27, uma rebeli\u00e3o no Ex\u00e9rcito Brasileiro demandou na forma\u00e7\u00e3o da famosa Coluna Miguel Costa que tornou-se famosa e mais conhecida pelo nome de Coluna Prestes.<\/p>\n<p>A Coluna Miguel Costa-Carlos Prestes, era formada pela jovem oficialidade do Ex\u00e9rcito e o governo do presidente Arthur Bernardes vivia um dilema: como enfrentar os revoltosos se o Ex\u00e9rcito fazia \u201ccorpo mole\u201d para combater os revoltosos\u00a0 (colegas de farda); da\u00ed surgiram os \u201cBatalh\u00f5es Patri\u00f3ticos\u201d, milicias armadas com recursos p\u00fablicos, mas formadas por civis e sob o comando de pol\u00edticos regionais leais ao governo.<\/p>\n<h2>Fugaz per\u00edodo de Lampi\u00e3o na legalidade<\/h2>\n<p>Quando a marcha da Coluna Prestes transitou pela regi\u00e3o Nordeste, o governo federal n\u00e3o teve d\u00favidas: convocou os chefes pol\u00edticos locais para formarem ex\u00e9rcitos pr\u00f3prios e assim combater os rebeldes. Em livro de mem\u00f3rias, O general G\u00f3es Monteiro, chefe de estado-maior das opera\u00e7\u00f5es contra a Coluna Prestes, assume que partiu dele a ideia de convocar jagun\u00e7os e cangaceiros para fazer frente ao avan\u00e7o de Prestes.<\/p>\n<p><img decoding=\"async\" class=\"alignnone size-medium wp-image-1686\" src=\"https:\/\/blogdojoaocosta.com.br\/wp-content\/uploads\/2023\/10\/Luiz-carlos-prestes-200x300.webp\" alt=\"\" width=\"200\" height=\"300\" srcset=\"https:\/\/blogdojoaocosta.com.br\/wp-content\/uploads\/2023\/10\/Luiz-carlos-prestes-200x300.webp 200w, https:\/\/blogdojoaocosta.com.br\/wp-content\/uploads\/2023\/10\/Luiz-carlos-prestes.webp 400w\" sizes=\"(max-width: 200px) 100vw, 200px\" \/><\/p>\n<p><em><strong>Prestes: o Cavaleiro da Esperan\u00e7a<\/strong><\/em><\/p>\n<p>Coube ao deputado federal pelo Cear\u00e1, Floro Bartolomeu, formar o Batalh\u00e3o Patri\u00f3tico do Juazeiro do Norte com mais de mil homens, a\u00ed inclusa uma \u201cTropa de Elite\u201d: o bando de Virgulino Ferreira da Silva Lampi\u00e3o.<\/p>\n<p>Em mar\u00e7o de 1926, Lampi\u00e3o e sua \u201cTropa de Elite\u201d composta por cerca de 50 cangaceiros, atendeu \u00e0 uma convoca\u00e7\u00e3o assinada pelo padre C\u00edcero Rom\u00e3o Batista, o l\u00edder religioso e e chefe pol\u00edtico de Juazeiro para somar for\u00e7as em defesa da cidade.<\/p>\n<p><img decoding=\"async\" class=\"alignnone size-medium wp-image-1687\" src=\"https:\/\/blogdojoaocosta.com.br\/wp-content\/uploads\/2023\/10\/Lampiao-PB-212x300.jpg\" alt=\"\" width=\"212\" height=\"300\" srcset=\"https:\/\/blogdojoaocosta.com.br\/wp-content\/uploads\/2023\/10\/Lampiao-PB-212x300.jpg 212w, https:\/\/blogdojoaocosta.com.br\/wp-content\/uploads\/2023\/10\/Lampiao-PB.jpg 409w\" sizes=\"(max-width: 212px) 100vw, 212px\" \/><\/p>\n<p><em><strong>Lampi\u00e3o em pose de cinema<\/strong><\/em><\/p>\n<p>Desde o in\u00edcio daquele ano de 26, a fam\u00edlia de Virgulino Ferreira j\u00e1 morava confortavelmente em Juazeiro do Norte, sob a prote\u00e7\u00e3o do padre C\u00edcero \u2013 e uma convoca\u00e7\u00e3o do maior l\u00edder religioso do Brasil \u2013 era \u201cirrecus\u00e1vel\u201d.<\/p>\n<p>Durante uma semana Virgulino Ferreira e seus lugar-tenentes, Ant\u00f4nio Ferreira (seu irm\u00e3o) e o ic\u00f4nico cangaceiro Sabino das Ab\u00f3boras, foram recebidos por autoridades civis e militares, receberam fuzis modernos, farta muni\u00e7\u00e3o, vestimenta e dinheiro para integrarem a coaliza\u00e7\u00e3o armada criada para a defesa de Juazeiro.\u00a0 Numa passe de m\u00e1gica, todos os pecados e crimes de Lampi\u00e3o e seus cangaceiros foram apagados.<\/p>\n<p>O pr\u00f3prio padre chegou a acreditar na regenera\u00e7\u00e3o do famoso bandoleiro e na sua retirada para um &#8220;ex\u00edlio&#8221; honesto e pac\u00edfico em Goi\u00e1s.<\/p>\n<h2>Na pr\u00e1tica foi o fugaz per\u00edodo de Lampi\u00e3o na Legalidade.<\/h2>\n<p>Assim, a mil\u00edcia privada que recebeu o pomposo nome de \u201cBatalh\u00e3o Patri\u00f3tico\u201d foi formada por militares, civis, jagun\u00e7os e cangaceiros \u2013 em grande parte criminosos foras da lei.<\/p>\n<p>At\u00e9 os dias atuais, historiadores e pesquisadores se digladiam em torno da legitimidade da patente de capit\u00e3o do \u201cBatalh\u00e3o Patri\u00f3tico\u201d conferida a Lampi\u00e3o \u2013 o fato \u00e9 que Virgulino, a partir daquele momento, passou a assinar como Capit\u00e3o Virgulino Lampi\u00e3o. De quebra, Ant\u00f4nio Ferreira recebeu a patente de tenente e Sabino a de sargento.<\/p>\n<p>Desde 1926, miliciais paramilitares se tornaram bra\u00e7os armados n\u00e3o s\u00f3 do crime organizado, mas tamb\u00e9m de governos e partidos pol\u00edticos no Brasil. Em 1936 os &#8220;Integralistas&#8221; criaram suas mil\u00edcias; na d\u00e9cada de 70, surgiram os &#8220;Esquadr\u00f5es da Morte&#8221; formados por PMs, militares do Ex\u00e9rcito e\u00a0 policiais civis; na atualidade as mil\u00edcias atendem por diversas denomina\u00e7\u00f5es.<\/p>\n<p><em><strong>A vaidade<\/strong> <\/em>&#8211; Lampi\u00e3o sempre gostou de publicidade, suas imagens dominaram o notici\u00e1rio brasileiro entre 1922 a 1938; biografado ainda em vida, Virgulino segue como o brasileiro mais pesquisado, tema de romances, teses de Mestrado, document\u00e1rios, enredos de escolas de samba, filmes e seriados de TV.<\/p>\n<p>E no curto per\u00edodo de sua legalidade, em Juazeiro, posou para foto oficial ao lado de toda sua fam\u00edlia, concedeu entrevistas, foi convidado especial de rega-bofe da sociedade embora n\u00e3o haja registro de seus encontros reservados com o padre C\u00edcero.<\/p>\n<p>Ali\u00e1s, Juazeiro do Norte mant\u00e9m um santu\u00e1rio para peregrina\u00e7\u00f5es ao \u201csanto milagroso Padim Ci\u00e7o\u201d, mas ao mesmo tempo busca cancelar, apagar, qualquer registro hist\u00f3rico entre o vig\u00e1rio geral do Juazeiro e o c\u00e9lebre cangaceiro que, gra\u00e7as ao padre e a um pol\u00edtico populista, viveu uma semana na legalidade, festejado e incensado pela popula\u00e7\u00e3o contra a Coluna Prestes, que defendia reforma no Judici\u00e1rio e no ensino, voto universal e o fim do coronelismo. Que paradoxo!<\/p>\n<p>As mil\u00edcias de todos os matizes seguem dando as cartas no Pa\u00eds, algo como a vanguarda do atraso do Brasil.<\/p>\n<h3><em>Foto emblem\u00e1tica de Lampi\u00e3o na legalidade<\/em><\/h3>\n<p><img decoding=\"async\" class=\"alignnone size-medium wp-image-1684\" src=\"https:\/\/blogdojoaocosta.com.br\/wp-content\/uploads\/2023\/10\/fAMILIA-IDENTIFICA-300x198.jpeg\" alt=\"\" width=\"300\" height=\"198\" srcset=\"https:\/\/blogdojoaocosta.com.br\/wp-content\/uploads\/2023\/10\/fAMILIA-IDENTIFICA-300x198.jpeg 300w, https:\/\/blogdojoaocosta.com.br\/wp-content\/uploads\/2023\/10\/fAMILIA-IDENTIFICA-1024x677.jpeg 1024w, https:\/\/blogdojoaocosta.com.br\/wp-content\/uploads\/2023\/10\/fAMILIA-IDENTIFICA-768x507.jpeg 768w, https:\/\/blogdojoaocosta.com.br\/wp-content\/uploads\/2023\/10\/fAMILIA-IDENTIFICA.jpeg 1070w\" sizes=\"(max-width: 300px) 100vw, 300px\" \/><\/p>\n<p><em><strong>1.Z\u00e9 Paulo, primo; 2 -Ven\u00e2ncio Ferreira (tio); 3 &#8211; Sebasti\u00e3o Paulo, primo; 4 &#8211; Ezequiel, irm\u00e3o; 5 Jo\u00e3o Ferreira, irm\u00e3o; 6 -Pedro Queiroz, cunhado (casado com Maria Mocinha, que est\u00e1 \u00e0 sua frente, sentada); 7- Francisco Paulo, primo; 8- Virg\u00ednio Fortunato da Silva, cunhado (casado com Ang\u00e9lica) 9 &#8211; Z\u00c9 DAND\u00c3O, agregado da fam\u00edlia. SENTADOS, da esquerda para direita: 10 &#8211; Ant\u00f4nio, irm\u00e3o; 11-An\u00e1lia, irm\u00e3; 12 &#8211; Joaninha, cunhada (casada com Jo\u00e3o Ferreira); 13 -Maria Mocinha, ou Maria Queiroz, irm\u00e3; 14-Ang\u00e9lica, irm\u00e3 e 15 &#8211; Lampi\u00e3o.<\/strong><\/em><\/p>\n<p>&nbsp;<\/p>\n<p>Fonte de consulta: escritor Jos\u00e9 Tavares.<\/p>\n<p>\u201cCanga\u00e7o em Perspectiva \u2013 O Sert\u00e3o em Lutas\u201d colet\u00e2nea de artigos organizada pelo editor Adriano Carvalho.<\/p>\n","protected":false},"excerpt":{"rendered":"<p>N\u00e3o deveria causar surpresa nos dias atuais alguns aspectos da conjuntura pol\u00edtica nacional, quando nem a m\u00eddia nativa ou historiadores podem esconder o conluio entre a Pol\u00edtica e o Crime, embaralhamento entre as institui\u00e7\u00f5es de Defesa e a forma\u00e7\u00e3o de mil\u00edcias privadas que seguem desempenhando papel politico e militar em todos os estados, nas capitais [&hellip;]<\/p>\n","protected":false},"author":1,"featured_media":1683,"comment_status":"open","ping_status":"open","sticky":false,"template":"","format":"standard","meta":{"footnotes":""},"categories":[10],"tags":[],"class_list":["post-1682","post","type-post","status-publish","format-standard","has-post-thumbnail","hentry","category-cangaco"],"yoast_head":"<!-- This site is optimized with the Yoast SEO plugin v27.4 - https:\/\/yoast.com\/product\/yoast-seo-wordpress\/ -->\n<title>\u00a0Mar\u00e7o de 1926: mil\u00edcias, Lampi\u00e3o e a fugaz legalidade - Blog do Jo\u00e3o Costa<\/title>\n<meta name=\"robots\" content=\"index, follow, max-snippet:-1, max-image-preview:large, max-video-preview:-1\" \/>\n<link rel=\"canonical\" href=\"https:\/\/blogdojoaocosta.com.br\/?p=1682\" \/>\n<meta property=\"og:locale\" content=\"pt_BR\" \/>\n<meta property=\"og:type\" content=\"article\" \/>\n<meta property=\"og:title\" content=\"\u00a0Mar\u00e7o de 1926: mil\u00edcias, Lampi\u00e3o e a fugaz legalidade - Blog do Jo\u00e3o Costa\" \/>\n<meta property=\"og:description\" content=\"N\u00e3o deveria causar surpresa nos dias atuais alguns aspectos da conjuntura pol\u00edtica nacional, quando nem a m\u00eddia nativa ou historiadores podem esconder o conluio entre a Pol\u00edtica e o Crime, embaralhamento entre as institui\u00e7\u00f5es de Defesa e a forma\u00e7\u00e3o de mil\u00edcias privadas que seguem desempenhando papel politico e militar em todos os estados, nas capitais [&hellip;]\" \/>\n<meta property=\"og:url\" content=\"https:\/\/blogdojoaocosta.com.br\/?p=1682\" \/>\n<meta property=\"og:site_name\" content=\"Blog do Jo\u00e3o Costa\" \/>\n<meta property=\"article:published_time\" content=\"2023-10-23T23:15:10+00:00\" \/>\n<meta property=\"og:image\" content=\"https:\/\/blogdojoaocosta.com.br\/wp-content\/uploads\/2023\/10\/Lampiao-e-familia.jpeg\" \/>\n\t<meta property=\"og:image:width\" content=\"480\" \/>\n\t<meta property=\"og:image:height\" content=\"278\" \/>\n\t<meta property=\"og:image:type\" content=\"image\/jpeg\" \/>\n<meta name=\"author\" content=\"joaocosta\" \/>\n<meta name=\"twitter:card\" content=\"summary_large_image\" \/>\n<meta name=\"twitter:label1\" content=\"Escrito por\" \/>\n\t<meta name=\"twitter:data1\" content=\"joaocosta\" \/>\n\t<meta name=\"twitter:label2\" content=\"Est. tempo de leitura\" \/>\n\t<meta name=\"twitter:data2\" content=\"6 minutos\" \/>\n<script type=\"application\/ld+json\" class=\"yoast-schema-graph\">{\"@context\":\"https:\\\/\\\/schema.org\",\"@graph\":[{\"@type\":\"Article\",\"@id\":\"https:\\\/\\\/blogdojoaocosta.com.br\\\/?p=1682#article\",\"isPartOf\":{\"@id\":\"https:\\\/\\\/blogdojoaocosta.com.br\\\/?p=1682\"},\"author\":{\"name\":\"joaocosta\",\"@id\":\"https:\\\/\\\/blogdojoaocosta.com.br\\\/#\\\/schema\\\/person\\\/af1c9fa31a41a9d29c32f74b41d55f6e\"},\"headline\":\"\u00a0Mar\u00e7o de 1926: mil\u00edcias, Lampi\u00e3o e a fugaz legalidade\",\"datePublished\":\"2023-10-23T23:15:10+00:00\",\"mainEntityOfPage\":{\"@id\":\"https:\\\/\\\/blogdojoaocosta.com.br\\\/?p=1682\"},\"wordCount\":1057,\"commentCount\":0,\"image\":{\"@id\":\"https:\\\/\\\/blogdojoaocosta.com.br\\\/?p=1682#primaryimage\"},\"thumbnailUrl\":\"https:\\\/\\\/blogdojoaocosta.com.br\\\/wp-content\\\/uploads\\\/2023\\\/10\\\/Lampiao-e-familia.jpeg\",\"articleSection\":[\"Canga\u00e7o\"],\"inLanguage\":\"pt-BR\",\"potentialAction\":[{\"@type\":\"CommentAction\",\"name\":\"Comment\",\"target\":[\"https:\\\/\\\/blogdojoaocosta.com.br\\\/?p=1682#respond\"]}]},{\"@type\":\"WebPage\",\"@id\":\"https:\\\/\\\/blogdojoaocosta.com.br\\\/?p=1682\",\"url\":\"https:\\\/\\\/blogdojoaocosta.com.br\\\/?p=1682\",\"name\":\"\u00a0Mar\u00e7o de 1926: mil\u00edcias, Lampi\u00e3o e a fugaz legalidade - Blog do Jo\u00e3o Costa\",\"isPartOf\":{\"@id\":\"https:\\\/\\\/blogdojoaocosta.com.br\\\/#website\"},\"primaryImageOfPage\":{\"@id\":\"https:\\\/\\\/blogdojoaocosta.com.br\\\/?p=1682#primaryimage\"},\"image\":{\"@id\":\"https:\\\/\\\/blogdojoaocosta.com.br\\\/?p=1682#primaryimage\"},\"thumbnailUrl\":\"https:\\\/\\\/blogdojoaocosta.com.br\\\/wp-content\\\/uploads\\\/2023\\\/10\\\/Lampiao-e-familia.jpeg\",\"datePublished\":\"2023-10-23T23:15:10+00:00\",\"author\":{\"@id\":\"https:\\\/\\\/blogdojoaocosta.com.br\\\/#\\\/schema\\\/person\\\/af1c9fa31a41a9d29c32f74b41d55f6e\"},\"breadcrumb\":{\"@id\":\"https:\\\/\\\/blogdojoaocosta.com.br\\\/?p=1682#breadcrumb\"},\"inLanguage\":\"pt-BR\",\"potentialAction\":[{\"@type\":\"ReadAction\",\"target\":[\"https:\\\/\\\/blogdojoaocosta.com.br\\\/?p=1682\"]}]},{\"@type\":\"ImageObject\",\"inLanguage\":\"pt-BR\",\"@id\":\"https:\\\/\\\/blogdojoaocosta.com.br\\\/?p=1682#primaryimage\",\"url\":\"https:\\\/\\\/blogdojoaocosta.com.br\\\/wp-content\\\/uploads\\\/2023\\\/10\\\/Lampiao-e-familia.jpeg\",\"contentUrl\":\"https:\\\/\\\/blogdojoaocosta.com.br\\\/wp-content\\\/uploads\\\/2023\\\/10\\\/Lampiao-e-familia.jpeg\",\"width\":480,\"height\":278},{\"@type\":\"BreadcrumbList\",\"@id\":\"https:\\\/\\\/blogdojoaocosta.com.br\\\/?p=1682#breadcrumb\",\"itemListElement\":[{\"@type\":\"ListItem\",\"position\":1,\"name\":\"In\u00edcio\",\"item\":\"https:\\\/\\\/blogdojoaocosta.com.br\\\/\"},{\"@type\":\"ListItem\",\"position\":2,\"name\":\"\u00a0Mar\u00e7o de 1926: mil\u00edcias, Lampi\u00e3o e a fugaz legalidade\"}]},{\"@type\":\"WebSite\",\"@id\":\"https:\\\/\\\/blogdojoaocosta.com.br\\\/#website\",\"url\":\"https:\\\/\\\/blogdojoaocosta.com.br\\\/\",\"name\":\"Blog do Jo\u00e3o Costa\",\"description\":\"Assim Caminha a Humanidade\",\"potentialAction\":[{\"@type\":\"SearchAction\",\"target\":{\"@type\":\"EntryPoint\",\"urlTemplate\":\"https:\\\/\\\/blogdojoaocosta.com.br\\\/?s={search_term_string}\"},\"query-input\":{\"@type\":\"PropertyValueSpecification\",\"valueRequired\":true,\"valueName\":\"search_term_string\"}}],\"inLanguage\":\"pt-BR\"},{\"@type\":\"Person\",\"@id\":\"https:\\\/\\\/blogdojoaocosta.com.br\\\/#\\\/schema\\\/person\\\/af1c9fa31a41a9d29c32f74b41d55f6e\",\"name\":\"joaocosta\",\"image\":{\"@type\":\"ImageObject\",\"inLanguage\":\"pt-BR\",\"@id\":\"https:\\\/\\\/secure.gravatar.com\\\/avatar\\\/677b6f1fc54e8c7982d7dce3cfe65fce28f898f70d9b8b631786a0b1b18b11e5?s=96&d=mm&r=g\",\"url\":\"https:\\\/\\\/secure.gravatar.com\\\/avatar\\\/677b6f1fc54e8c7982d7dce3cfe65fce28f898f70d9b8b631786a0b1b18b11e5?s=96&d=mm&r=g\",\"contentUrl\":\"https:\\\/\\\/secure.gravatar.com\\\/avatar\\\/677b6f1fc54e8c7982d7dce3cfe65fce28f898f70d9b8b631786a0b1b18b11e5?s=96&d=mm&r=g\",\"caption\":\"joaocosta\"},\"sameAs\":[\"http:\\\/\\\/blogdojoaocosta.com.br\"],\"url\":\"https:\\\/\\\/blogdojoaocosta.com.br\\\/?author=1\"}]}<\/script>\n<!-- \/ Yoast SEO plugin. -->","yoast_head_json":{"title":"\u00a0Mar\u00e7o de 1926: mil\u00edcias, Lampi\u00e3o e a fugaz legalidade - Blog do Jo\u00e3o Costa","robots":{"index":"index","follow":"follow","max-snippet":"max-snippet:-1","max-image-preview":"max-image-preview:large","max-video-preview":"max-video-preview:-1"},"canonical":"https:\/\/blogdojoaocosta.com.br\/?p=1682","og_locale":"pt_BR","og_type":"article","og_title":"\u00a0Mar\u00e7o de 1926: mil\u00edcias, Lampi\u00e3o e a fugaz legalidade - Blog do Jo\u00e3o Costa","og_description":"N\u00e3o deveria causar surpresa nos dias atuais alguns aspectos da conjuntura pol\u00edtica nacional, quando nem a m\u00eddia nativa ou historiadores podem esconder o conluio entre a Pol\u00edtica e o Crime, embaralhamento entre as institui\u00e7\u00f5es de Defesa e a forma\u00e7\u00e3o de mil\u00edcias privadas que seguem desempenhando papel politico e militar em todos os estados, nas capitais [&hellip;]","og_url":"https:\/\/blogdojoaocosta.com.br\/?p=1682","og_site_name":"Blog do Jo\u00e3o Costa","article_published_time":"2023-10-23T23:15:10+00:00","og_image":[{"width":480,"height":278,"url":"https:\/\/blogdojoaocosta.com.br\/wp-content\/uploads\/2023\/10\/Lampiao-e-familia.jpeg","type":"image\/jpeg"}],"author":"joaocosta","twitter_card":"summary_large_image","twitter_misc":{"Escrito por":"joaocosta","Est. tempo de leitura":"6 minutos"},"schema":{"@context":"https:\/\/schema.org","@graph":[{"@type":"Article","@id":"https:\/\/blogdojoaocosta.com.br\/?p=1682#article","isPartOf":{"@id":"https:\/\/blogdojoaocosta.com.br\/?p=1682"},"author":{"name":"joaocosta","@id":"https:\/\/blogdojoaocosta.com.br\/#\/schema\/person\/af1c9fa31a41a9d29c32f74b41d55f6e"},"headline":"\u00a0Mar\u00e7o de 1926: mil\u00edcias, Lampi\u00e3o e a fugaz legalidade","datePublished":"2023-10-23T23:15:10+00:00","mainEntityOfPage":{"@id":"https:\/\/blogdojoaocosta.com.br\/?p=1682"},"wordCount":1057,"commentCount":0,"image":{"@id":"https:\/\/blogdojoaocosta.com.br\/?p=1682#primaryimage"},"thumbnailUrl":"https:\/\/blogdojoaocosta.com.br\/wp-content\/uploads\/2023\/10\/Lampiao-e-familia.jpeg","articleSection":["Canga\u00e7o"],"inLanguage":"pt-BR","potentialAction":[{"@type":"CommentAction","name":"Comment","target":["https:\/\/blogdojoaocosta.com.br\/?p=1682#respond"]}]},{"@type":"WebPage","@id":"https:\/\/blogdojoaocosta.com.br\/?p=1682","url":"https:\/\/blogdojoaocosta.com.br\/?p=1682","name":"\u00a0Mar\u00e7o de 1926: mil\u00edcias, Lampi\u00e3o e a fugaz legalidade - Blog do Jo\u00e3o Costa","isPartOf":{"@id":"https:\/\/blogdojoaocosta.com.br\/#website"},"primaryImageOfPage":{"@id":"https:\/\/blogdojoaocosta.com.br\/?p=1682#primaryimage"},"image":{"@id":"https:\/\/blogdojoaocosta.com.br\/?p=1682#primaryimage"},"thumbnailUrl":"https:\/\/blogdojoaocosta.com.br\/wp-content\/uploads\/2023\/10\/Lampiao-e-familia.jpeg","datePublished":"2023-10-23T23:15:10+00:00","author":{"@id":"https:\/\/blogdojoaocosta.com.br\/#\/schema\/person\/af1c9fa31a41a9d29c32f74b41d55f6e"},"breadcrumb":{"@id":"https:\/\/blogdojoaocosta.com.br\/?p=1682#breadcrumb"},"inLanguage":"pt-BR","potentialAction":[{"@type":"ReadAction","target":["https:\/\/blogdojoaocosta.com.br\/?p=1682"]}]},{"@type":"ImageObject","inLanguage":"pt-BR","@id":"https:\/\/blogdojoaocosta.com.br\/?p=1682#primaryimage","url":"https:\/\/blogdojoaocosta.com.br\/wp-content\/uploads\/2023\/10\/Lampiao-e-familia.jpeg","contentUrl":"https:\/\/blogdojoaocosta.com.br\/wp-content\/uploads\/2023\/10\/Lampiao-e-familia.jpeg","width":480,"height":278},{"@type":"BreadcrumbList","@id":"https:\/\/blogdojoaocosta.com.br\/?p=1682#breadcrumb","itemListElement":[{"@type":"ListItem","position":1,"name":"In\u00edcio","item":"https:\/\/blogdojoaocosta.com.br\/"},{"@type":"ListItem","position":2,"name":"\u00a0Mar\u00e7o de 1926: mil\u00edcias, Lampi\u00e3o e a fugaz legalidade"}]},{"@type":"WebSite","@id":"https:\/\/blogdojoaocosta.com.br\/#website","url":"https:\/\/blogdojoaocosta.com.br\/","name":"Blog do Jo\u00e3o Costa","description":"Assim Caminha a Humanidade","potentialAction":[{"@type":"SearchAction","target":{"@type":"EntryPoint","urlTemplate":"https:\/\/blogdojoaocosta.com.br\/?s={search_term_string}"},"query-input":{"@type":"PropertyValueSpecification","valueRequired":true,"valueName":"search_term_string"}}],"inLanguage":"pt-BR"},{"@type":"Person","@id":"https:\/\/blogdojoaocosta.com.br\/#\/schema\/person\/af1c9fa31a41a9d29c32f74b41d55f6e","name":"joaocosta","image":{"@type":"ImageObject","inLanguage":"pt-BR","@id":"https:\/\/secure.gravatar.com\/avatar\/677b6f1fc54e8c7982d7dce3cfe65fce28f898f70d9b8b631786a0b1b18b11e5?s=96&d=mm&r=g","url":"https:\/\/secure.gravatar.com\/avatar\/677b6f1fc54e8c7982d7dce3cfe65fce28f898f70d9b8b631786a0b1b18b11e5?s=96&d=mm&r=g","contentUrl":"https:\/\/secure.gravatar.com\/avatar\/677b6f1fc54e8c7982d7dce3cfe65fce28f898f70d9b8b631786a0b1b18b11e5?s=96&d=mm&r=g","caption":"joaocosta"},"sameAs":["http:\/\/blogdojoaocosta.com.br"],"url":"https:\/\/blogdojoaocosta.com.br\/?author=1"}]}},"_links":{"self":[{"href":"https:\/\/blogdojoaocosta.com.br\/index.php?rest_route=\/wp\/v2\/posts\/1682","targetHints":{"allow":["GET"]}}],"collection":[{"href":"https:\/\/blogdojoaocosta.com.br\/index.php?rest_route=\/wp\/v2\/posts"}],"about":[{"href":"https:\/\/blogdojoaocosta.com.br\/index.php?rest_route=\/wp\/v2\/types\/post"}],"author":[{"embeddable":true,"href":"https:\/\/blogdojoaocosta.com.br\/index.php?rest_route=\/wp\/v2\/users\/1"}],"replies":[{"embeddable":true,"href":"https:\/\/blogdojoaocosta.com.br\/index.php?rest_route=%2Fwp%2Fv2%2Fcomments&post=1682"}],"version-history":[{"count":1,"href":"https:\/\/blogdojoaocosta.com.br\/index.php?rest_route=\/wp\/v2\/posts\/1682\/revisions"}],"predecessor-version":[{"id":1688,"href":"https:\/\/blogdojoaocosta.com.br\/index.php?rest_route=\/wp\/v2\/posts\/1682\/revisions\/1688"}],"wp:featuredmedia":[{"embeddable":true,"href":"https:\/\/blogdojoaocosta.com.br\/index.php?rest_route=\/wp\/v2\/media\/1683"}],"wp:attachment":[{"href":"https:\/\/blogdojoaocosta.com.br\/index.php?rest_route=%2Fwp%2Fv2%2Fmedia&parent=1682"}],"wp:term":[{"taxonomy":"category","embeddable":true,"href":"https:\/\/blogdojoaocosta.com.br\/index.php?rest_route=%2Fwp%2Fv2%2Fcategories&post=1682"},{"taxonomy":"post_tag","embeddable":true,"href":"https:\/\/blogdojoaocosta.com.br\/index.php?rest_route=%2Fwp%2Fv2%2Ftags&post=1682"}],"curies":[{"name":"wp","href":"https:\/\/api.w.org\/{rel}","templated":true}]}}