{"id":1715,"date":"2023-10-31T19:52:52","date_gmt":"2023-10-31T22:52:52","guid":{"rendered":"https:\/\/blogdojoaocosta.com.br\/?p=1715"},"modified":"2023-10-31T19:52:52","modified_gmt":"2023-10-31T22:52:52","slug":"escritor-aldo-lopes-e-candidato-a-nova-vaga-na-apl","status":"publish","type":"post","link":"https:\/\/blogdojoaocosta.com.br\/?p=1715","title":{"rendered":"Escritor Aldo Lopes \u00e9 candidato \u00e0\u00a0 nova vaga na APL"},"content":{"rendered":"<p>Durante evento realizado na \u00faltima segunda-feira(18) na sede da Academia Paraibana de letras(APL), o escritor Aldo Lopes se credenciou como candidato \u00e0 uma vaga para ocupar cadeira deixada pelo escritor Guilherme Gomes da Silveira D\u2019\u00c1villa Lins.<\/p>\n<p>Aldo Lopes \u00e9 paraibano de Princesa Isabel, passou por reda\u00e7\u00f5es de v\u00e1rios jornais impressos paraibanos, editou o Correio das Artes, caderno cultural do jornal A Uni\u00e3o \u2013 um dos mais destacados suplementos liter\u00e1rios da imprensa nacional., onde publicou contos e artigos. Autor de contos e romances, tamb\u00e9m militou na juventude na ic\u00f4nica Oficina Liter\u00e1ria, grupo reunia jovens atores, escritores, poetas e cantores paraibanos no antigo Col\u00e9gio Tomaz Mindelo.<\/p>\n<p>Atualmente radicado em Natal, Rio Grande do Norte, Aldo \u00e9 servidor aposentado na fun\u00e7\u00e3o de Delegado de Pol\u00edcia civil daquele estado.<\/p>\n<h2>Auto-retrato e vis\u00e3o fant\u00e1stica do Sert\u00e3o<\/h2>\n<p>Em 2001 publicou o seu terceiro livro de contos, \u201cAs Est\u00e1tuas de Sal\u201d, em 2001, em que \u00a0fez um auto-retrato: \u201cQuarent\u00e3o, tr\u00eas filhas, tr\u00eas livros e um neto, dei muitos pinotes pela vida, afinal sapo n\u00e3o pula por boniteza, mas precis\u00e3o, como dizem na linguagem corrente da Serra (Serra dos Bernardinos). E por precis\u00e3o fui agricultor, funcion\u00e1rio p\u00fablico, escritor, advogado, jornalista e, hoje, delegado. Fiz o que pude, o bastante para que a minha notoriedade resista ao menos \u00e0 missa de s\u00e9timo dia. Pura ilus\u00e3o\u201d.<\/p>\n<p>Aldo Lopes tamb\u00e9m \u00e9 autor de \u201cA Dan\u00e7arina e o Coronel \u201c, livro em que brinda o leitor que \u201cum Sert\u00e3o fant\u00e1stico\u201d e tamb\u00e9m do premiado \u201cO Dia dos Cachorros\u201d, romance que rendeu o Pr\u00eamio C\u00e2mara Cascudo de prosa em 2005, concedido pela Funcarte\/Prefeitura de Natal.<\/p>\n<p>\u201cA Dan\u00e7arina e o Coronel\u201d ficou entre os 60 projetos selecionados, entre os mais de dois mil inscritos de todo o pa\u00eds, e terminou no topo da lista das onze propostas contempladas na regi\u00e3o Nordeste.<\/p>\n<p>Aldo Lopes atualmente divide seu tempo entre S\u00e3o Jos\u00e9 de Princesa, onde tem resid\u00eancia na zona rural, Jo\u00e3o Pessoa e Natal.<\/p>\n<p>Na manh\u00e3 desta ter\u00e7a-feira 31, esteve em visita \u00e0 Livraria de Luiz para um caf\u00e9 com jornalistas e escritores que frequentam as manh\u00e3s do cafezinho da Galeria Augusto do Anjos \u2013 e est\u00e1 em maratona cabalando votos para a escolha do pr\u00f3ximo acad\u00eamico da APL.<\/p>\n<p><img decoding=\"async\" class=\"alignnone size-medium wp-image-1717\" src=\"https:\/\/blogdojoaocosta.com.br\/wp-content\/uploads\/2023\/10\/aldo-lopes-e-jc-300x215.jpeg\" alt=\"\" width=\"300\" height=\"215\" srcset=\"https:\/\/blogdojoaocosta.com.br\/wp-content\/uploads\/2023\/10\/aldo-lopes-e-jc-300x215.jpeg 300w, https:\/\/blogdojoaocosta.com.br\/wp-content\/uploads\/2023\/10\/aldo-lopes-e-jc-1024x734.jpeg 1024w, https:\/\/blogdojoaocosta.com.br\/wp-content\/uploads\/2023\/10\/aldo-lopes-e-jc-768x551.jpeg 768w, https:\/\/blogdojoaocosta.com.br\/wp-content\/uploads\/2023\/10\/aldo-lopes-e-jc.jpeg 1255w\" sizes=\"(max-width: 300px) 100vw, 300px\" \/><\/p>\n<p><em><strong>Aldo Lopes(D) durante encontro na Livraria do Luiz<\/strong><\/em><\/p>\n<p>Durante um breve bate-papo com o editor do blog na Livraria do Luiz, Aldo n\u00e3o se furtou a narrar o seu apego pelas tradi\u00e7\u00f5es paraibanas e sua cultura. Neto do ic\u00f4nico Manoel Lopes &#8211; o Ronco Grosso, ex-cangaceiro e depois destacado volante combatente do banditismo rural e da Revolta de Princesa, Aldo Lopes falou da riqueza hist\u00f3rica do povoado de Patos de Irer\u00ea, de S\u00e3o Jos\u00e9 de Princesa e Princesa Isabel em debate com os historiadores Jerdivan N\u00f3brega e Irani Medeiros.<\/p>\n<p>Com Tribuna do Norte<\/p>\n","protected":false},"excerpt":{"rendered":"<p>Durante evento realizado na \u00faltima segunda-feira(18) na sede da Academia Paraibana de letras(APL), o escritor Aldo Lopes se credenciou como candidato \u00e0 uma vaga para ocupar cadeira deixada pelo escritor Guilherme Gomes da Silveira D\u2019\u00c1villa Lins. Aldo Lopes \u00e9 paraibano de Princesa Isabel, passou por reda\u00e7\u00f5es de v\u00e1rios jornais impressos paraibanos, editou o Correio das [&hellip;]<\/p>\n","protected":false},"author":1,"featured_media":1716,"comment_status":"open","ping_status":"open","sticky":false,"template":"","format":"standard","meta":{"footnotes":""},"categories":[6],"tags":[],"class_list":["post-1715","post","type-post","status-publish","format-standard","has-post-thumbnail","hentry","category-cultura"],"yoast_head":"<!-- This site is optimized with the Yoast SEO plugin v27.5 - https:\/\/yoast.com\/product\/yoast-seo-wordpress\/ -->\n<title>Escritor Aldo Lopes \u00e9 candidato \u00e0\u00a0 nova vaga na APL - Blog do Jo\u00e3o Costa<\/title>\n<meta name=\"robots\" content=\"index, follow, max-snippet:-1, max-image-preview:large, max-video-preview:-1\" \/>\n<link rel=\"canonical\" href=\"https:\/\/blogdojoaocosta.com.br\/?p=1715\" \/>\n<meta property=\"og:locale\" content=\"pt_BR\" \/>\n<meta property=\"og:type\" content=\"article\" \/>\n<meta property=\"og:title\" content=\"Escritor Aldo Lopes \u00e9 candidato \u00e0\u00a0 nova vaga na APL - Blog do Jo\u00e3o Costa\" \/>\n<meta property=\"og:description\" content=\"Durante evento realizado na \u00faltima segunda-feira(18) na sede da Academia Paraibana de letras(APL), o escritor Aldo Lopes se credenciou como candidato \u00e0 uma vaga para ocupar cadeira deixada pelo escritor Guilherme Gomes da Silveira D\u2019\u00c1villa Lins. Aldo Lopes \u00e9 paraibano de Princesa Isabel, passou por reda\u00e7\u00f5es de v\u00e1rios jornais impressos paraibanos, editou o Correio das [&hellip;]\" \/>\n<meta property=\"og:url\" content=\"https:\/\/blogdojoaocosta.com.br\/?p=1715\" \/>\n<meta property=\"og:site_name\" content=\"Blog do Jo\u00e3o Costa\" \/>\n<meta property=\"article:published_time\" content=\"2023-10-31T22:52:52+00:00\" \/>\n<meta property=\"og:image\" content=\"https:\/\/blogdojoaocosta.com.br\/wp-content\/uploads\/2023\/10\/aldo-lopes.jpeg\" \/>\n\t<meta property=\"og:image:width\" content=\"530\" \/>\n\t<meta property=\"og:image:height\" content=\"399\" \/>\n\t<meta property=\"og:image:type\" content=\"image\/jpeg\" \/>\n<meta name=\"author\" content=\"joaocosta\" \/>\n<meta name=\"twitter:card\" content=\"summary_large_image\" \/>\n<meta name=\"twitter:label1\" content=\"Escrito por\" \/>\n\t<meta name=\"twitter:data1\" content=\"joaocosta\" \/>\n\t<meta name=\"twitter:label2\" content=\"Est. tempo de leitura\" \/>\n\t<meta name=\"twitter:data2\" content=\"3 minutos\" \/>\n<script type=\"application\/ld+json\" class=\"yoast-schema-graph\">{\"@context\":\"https:\\\/\\\/schema.org\",\"@graph\":[{\"@type\":\"Article\",\"@id\":\"https:\\\/\\\/blogdojoaocosta.com.br\\\/?p=1715#article\",\"isPartOf\":{\"@id\":\"https:\\\/\\\/blogdojoaocosta.com.br\\\/?p=1715\"},\"author\":{\"name\":\"joaocosta\",\"@id\":\"https:\\\/\\\/blogdojoaocosta.com.br\\\/#\\\/schema\\\/person\\\/af1c9fa31a41a9d29c32f74b41d55f6e\"},\"headline\":\"Escritor Aldo Lopes \u00e9 candidato \u00e0\u00a0 nova vaga na APL\",\"datePublished\":\"2023-10-31T22:52:52+00:00\",\"mainEntityOfPage\":{\"@id\":\"https:\\\/\\\/blogdojoaocosta.com.br\\\/?p=1715\"},\"wordCount\":501,\"commentCount\":0,\"image\":{\"@id\":\"https:\\\/\\\/blogdojoaocosta.com.br\\\/?p=1715#primaryimage\"},\"thumbnailUrl\":\"https:\\\/\\\/blogdojoaocosta.com.br\\\/wp-content\\\/uploads\\\/2023\\\/10\\\/aldo-lopes.jpeg\",\"articleSection\":[\"Cultura\"],\"inLanguage\":\"pt-BR\",\"potentialAction\":[{\"@type\":\"CommentAction\",\"name\":\"Comment\",\"target\":[\"https:\\\/\\\/blogdojoaocosta.com.br\\\/?p=1715#respond\"]}]},{\"@type\":\"WebPage\",\"@id\":\"https:\\\/\\\/blogdojoaocosta.com.br\\\/?p=1715\",\"url\":\"https:\\\/\\\/blogdojoaocosta.com.br\\\/?p=1715\",\"name\":\"Escritor Aldo Lopes \u00e9 candidato \u00e0\u00a0 nova vaga na APL - Blog do Jo\u00e3o Costa\",\"isPartOf\":{\"@id\":\"https:\\\/\\\/blogdojoaocosta.com.br\\\/#website\"},\"primaryImageOfPage\":{\"@id\":\"https:\\\/\\\/blogdojoaocosta.com.br\\\/?p=1715#primaryimage\"},\"image\":{\"@id\":\"https:\\\/\\\/blogdojoaocosta.com.br\\\/?p=1715#primaryimage\"},\"thumbnailUrl\":\"https:\\\/\\\/blogdojoaocosta.com.br\\\/wp-content\\\/uploads\\\/2023\\\/10\\\/aldo-lopes.jpeg\",\"datePublished\":\"2023-10-31T22:52:52+00:00\",\"author\":{\"@id\":\"https:\\\/\\\/blogdojoaocosta.com.br\\\/#\\\/schema\\\/person\\\/af1c9fa31a41a9d29c32f74b41d55f6e\"},\"breadcrumb\":{\"@id\":\"https:\\\/\\\/blogdojoaocosta.com.br\\\/?p=1715#breadcrumb\"},\"inLanguage\":\"pt-BR\",\"potentialAction\":[{\"@type\":\"ReadAction\",\"target\":[\"https:\\\/\\\/blogdojoaocosta.com.br\\\/?p=1715\"]}]},{\"@type\":\"ImageObject\",\"inLanguage\":\"pt-BR\",\"@id\":\"https:\\\/\\\/blogdojoaocosta.com.br\\\/?p=1715#primaryimage\",\"url\":\"https:\\\/\\\/blogdojoaocosta.com.br\\\/wp-content\\\/uploads\\\/2023\\\/10\\\/aldo-lopes.jpeg\",\"contentUrl\":\"https:\\\/\\\/blogdojoaocosta.com.br\\\/wp-content\\\/uploads\\\/2023\\\/10\\\/aldo-lopes.jpeg\",\"width\":530,\"height\":399},{\"@type\":\"BreadcrumbList\",\"@id\":\"https:\\\/\\\/blogdojoaocosta.com.br\\\/?p=1715#breadcrumb\",\"itemListElement\":[{\"@type\":\"ListItem\",\"position\":1,\"name\":\"In\u00edcio\",\"item\":\"https:\\\/\\\/blogdojoaocosta.com.br\\\/\"},{\"@type\":\"ListItem\",\"position\":2,\"name\":\"Escritor Aldo Lopes \u00e9 candidato \u00e0\u00a0 nova vaga na APL\"}]},{\"@type\":\"WebSite\",\"@id\":\"https:\\\/\\\/blogdojoaocosta.com.br\\\/#website\",\"url\":\"https:\\\/\\\/blogdojoaocosta.com.br\\\/\",\"name\":\"Blog do Jo\u00e3o Costa\",\"description\":\"Assim Caminha a Humanidade\",\"potentialAction\":[{\"@type\":\"SearchAction\",\"target\":{\"@type\":\"EntryPoint\",\"urlTemplate\":\"https:\\\/\\\/blogdojoaocosta.com.br\\\/?s={search_term_string}\"},\"query-input\":{\"@type\":\"PropertyValueSpecification\",\"valueRequired\":true,\"valueName\":\"search_term_string\"}}],\"inLanguage\":\"pt-BR\"},{\"@type\":\"Person\",\"@id\":\"https:\\\/\\\/blogdojoaocosta.com.br\\\/#\\\/schema\\\/person\\\/af1c9fa31a41a9d29c32f74b41d55f6e\",\"name\":\"joaocosta\",\"image\":{\"@type\":\"ImageObject\",\"inLanguage\":\"pt-BR\",\"@id\":\"https:\\\/\\\/secure.gravatar.com\\\/avatar\\\/677b6f1fc54e8c7982d7dce3cfe65fce28f898f70d9b8b631786a0b1b18b11e5?s=96&d=mm&r=g\",\"url\":\"https:\\\/\\\/secure.gravatar.com\\\/avatar\\\/677b6f1fc54e8c7982d7dce3cfe65fce28f898f70d9b8b631786a0b1b18b11e5?s=96&d=mm&r=g\",\"contentUrl\":\"https:\\\/\\\/secure.gravatar.com\\\/avatar\\\/677b6f1fc54e8c7982d7dce3cfe65fce28f898f70d9b8b631786a0b1b18b11e5?s=96&d=mm&r=g\",\"caption\":\"joaocosta\"},\"sameAs\":[\"http:\\\/\\\/blogdojoaocosta.com.br\"],\"url\":\"https:\\\/\\\/blogdojoaocosta.com.br\\\/?author=1\"}]}<\/script>\n<!-- \/ Yoast SEO plugin. -->","yoast_head_json":{"title":"Escritor Aldo Lopes \u00e9 candidato \u00e0\u00a0 nova vaga na APL - Blog do Jo\u00e3o Costa","robots":{"index":"index","follow":"follow","max-snippet":"max-snippet:-1","max-image-preview":"max-image-preview:large","max-video-preview":"max-video-preview:-1"},"canonical":"https:\/\/blogdojoaocosta.com.br\/?p=1715","og_locale":"pt_BR","og_type":"article","og_title":"Escritor Aldo Lopes \u00e9 candidato \u00e0\u00a0 nova vaga na APL - Blog do Jo\u00e3o Costa","og_description":"Durante evento realizado na \u00faltima segunda-feira(18) na sede da Academia Paraibana de letras(APL), o escritor Aldo Lopes se credenciou como candidato \u00e0 uma vaga para ocupar cadeira deixada pelo escritor Guilherme Gomes da Silveira D\u2019\u00c1villa Lins. Aldo Lopes \u00e9 paraibano de Princesa Isabel, passou por reda\u00e7\u00f5es de v\u00e1rios jornais impressos paraibanos, editou o Correio das [&hellip;]","og_url":"https:\/\/blogdojoaocosta.com.br\/?p=1715","og_site_name":"Blog do Jo\u00e3o Costa","article_published_time":"2023-10-31T22:52:52+00:00","og_image":[{"width":530,"height":399,"url":"https:\/\/blogdojoaocosta.com.br\/wp-content\/uploads\/2023\/10\/aldo-lopes.jpeg","type":"image\/jpeg"}],"author":"joaocosta","twitter_card":"summary_large_image","twitter_misc":{"Escrito por":"joaocosta","Est. tempo de leitura":"3 minutos"},"schema":{"@context":"https:\/\/schema.org","@graph":[{"@type":"Article","@id":"https:\/\/blogdojoaocosta.com.br\/?p=1715#article","isPartOf":{"@id":"https:\/\/blogdojoaocosta.com.br\/?p=1715"},"author":{"name":"joaocosta","@id":"https:\/\/blogdojoaocosta.com.br\/#\/schema\/person\/af1c9fa31a41a9d29c32f74b41d55f6e"},"headline":"Escritor Aldo Lopes \u00e9 candidato \u00e0\u00a0 nova vaga na APL","datePublished":"2023-10-31T22:52:52+00:00","mainEntityOfPage":{"@id":"https:\/\/blogdojoaocosta.com.br\/?p=1715"},"wordCount":501,"commentCount":0,"image":{"@id":"https:\/\/blogdojoaocosta.com.br\/?p=1715#primaryimage"},"thumbnailUrl":"https:\/\/blogdojoaocosta.com.br\/wp-content\/uploads\/2023\/10\/aldo-lopes.jpeg","articleSection":["Cultura"],"inLanguage":"pt-BR","potentialAction":[{"@type":"CommentAction","name":"Comment","target":["https:\/\/blogdojoaocosta.com.br\/?p=1715#respond"]}]},{"@type":"WebPage","@id":"https:\/\/blogdojoaocosta.com.br\/?p=1715","url":"https:\/\/blogdojoaocosta.com.br\/?p=1715","name":"Escritor Aldo Lopes \u00e9 candidato \u00e0\u00a0 nova vaga na APL - Blog do Jo\u00e3o Costa","isPartOf":{"@id":"https:\/\/blogdojoaocosta.com.br\/#website"},"primaryImageOfPage":{"@id":"https:\/\/blogdojoaocosta.com.br\/?p=1715#primaryimage"},"image":{"@id":"https:\/\/blogdojoaocosta.com.br\/?p=1715#primaryimage"},"thumbnailUrl":"https:\/\/blogdojoaocosta.com.br\/wp-content\/uploads\/2023\/10\/aldo-lopes.jpeg","datePublished":"2023-10-31T22:52:52+00:00","author":{"@id":"https:\/\/blogdojoaocosta.com.br\/#\/schema\/person\/af1c9fa31a41a9d29c32f74b41d55f6e"},"breadcrumb":{"@id":"https:\/\/blogdojoaocosta.com.br\/?p=1715#breadcrumb"},"inLanguage":"pt-BR","potentialAction":[{"@type":"ReadAction","target":["https:\/\/blogdojoaocosta.com.br\/?p=1715"]}]},{"@type":"ImageObject","inLanguage":"pt-BR","@id":"https:\/\/blogdojoaocosta.com.br\/?p=1715#primaryimage","url":"https:\/\/blogdojoaocosta.com.br\/wp-content\/uploads\/2023\/10\/aldo-lopes.jpeg","contentUrl":"https:\/\/blogdojoaocosta.com.br\/wp-content\/uploads\/2023\/10\/aldo-lopes.jpeg","width":530,"height":399},{"@type":"BreadcrumbList","@id":"https:\/\/blogdojoaocosta.com.br\/?p=1715#breadcrumb","itemListElement":[{"@type":"ListItem","position":1,"name":"In\u00edcio","item":"https:\/\/blogdojoaocosta.com.br\/"},{"@type":"ListItem","position":2,"name":"Escritor Aldo Lopes \u00e9 candidato \u00e0\u00a0 nova vaga na APL"}]},{"@type":"WebSite","@id":"https:\/\/blogdojoaocosta.com.br\/#website","url":"https:\/\/blogdojoaocosta.com.br\/","name":"Blog do Jo\u00e3o Costa","description":"Assim Caminha a Humanidade","potentialAction":[{"@type":"SearchAction","target":{"@type":"EntryPoint","urlTemplate":"https:\/\/blogdojoaocosta.com.br\/?s={search_term_string}"},"query-input":{"@type":"PropertyValueSpecification","valueRequired":true,"valueName":"search_term_string"}}],"inLanguage":"pt-BR"},{"@type":"Person","@id":"https:\/\/blogdojoaocosta.com.br\/#\/schema\/person\/af1c9fa31a41a9d29c32f74b41d55f6e","name":"joaocosta","image":{"@type":"ImageObject","inLanguage":"pt-BR","@id":"https:\/\/secure.gravatar.com\/avatar\/677b6f1fc54e8c7982d7dce3cfe65fce28f898f70d9b8b631786a0b1b18b11e5?s=96&d=mm&r=g","url":"https:\/\/secure.gravatar.com\/avatar\/677b6f1fc54e8c7982d7dce3cfe65fce28f898f70d9b8b631786a0b1b18b11e5?s=96&d=mm&r=g","contentUrl":"https:\/\/secure.gravatar.com\/avatar\/677b6f1fc54e8c7982d7dce3cfe65fce28f898f70d9b8b631786a0b1b18b11e5?s=96&d=mm&r=g","caption":"joaocosta"},"sameAs":["http:\/\/blogdojoaocosta.com.br"],"url":"https:\/\/blogdojoaocosta.com.br\/?author=1"}]}},"_links":{"self":[{"href":"https:\/\/blogdojoaocosta.com.br\/index.php?rest_route=\/wp\/v2\/posts\/1715","targetHints":{"allow":["GET"]}}],"collection":[{"href":"https:\/\/blogdojoaocosta.com.br\/index.php?rest_route=\/wp\/v2\/posts"}],"about":[{"href":"https:\/\/blogdojoaocosta.com.br\/index.php?rest_route=\/wp\/v2\/types\/post"}],"author":[{"embeddable":true,"href":"https:\/\/blogdojoaocosta.com.br\/index.php?rest_route=\/wp\/v2\/users\/1"}],"replies":[{"embeddable":true,"href":"https:\/\/blogdojoaocosta.com.br\/index.php?rest_route=%2Fwp%2Fv2%2Fcomments&post=1715"}],"version-history":[{"count":1,"href":"https:\/\/blogdojoaocosta.com.br\/index.php?rest_route=\/wp\/v2\/posts\/1715\/revisions"}],"predecessor-version":[{"id":1718,"href":"https:\/\/blogdojoaocosta.com.br\/index.php?rest_route=\/wp\/v2\/posts\/1715\/revisions\/1718"}],"wp:featuredmedia":[{"embeddable":true,"href":"https:\/\/blogdojoaocosta.com.br\/index.php?rest_route=\/wp\/v2\/media\/1716"}],"wp:attachment":[{"href":"https:\/\/blogdojoaocosta.com.br\/index.php?rest_route=%2Fwp%2Fv2%2Fmedia&parent=1715"}],"wp:term":[{"taxonomy":"category","embeddable":true,"href":"https:\/\/blogdojoaocosta.com.br\/index.php?rest_route=%2Fwp%2Fv2%2Fcategories&post=1715"},{"taxonomy":"post_tag","embeddable":true,"href":"https:\/\/blogdojoaocosta.com.br\/index.php?rest_route=%2Fwp%2Fv2%2Ftags&post=1715"}],"curies":[{"name":"wp","href":"https:\/\/api.w.org\/{rel}","templated":true}]}}