{"id":1725,"date":"2023-11-10T12:05:47","date_gmt":"2023-11-10T15:05:47","guid":{"rendered":"https:\/\/blogdojoaocosta.com.br\/?p=1725"},"modified":"2023-11-10T12:05:47","modified_gmt":"2023-11-10T15:05:47","slug":"mesmo-com-lula-o-brasil-continua-um-pais-de-muro-baixo","status":"publish","type":"post","link":"https:\/\/blogdojoaocosta.com.br\/?p=1725","title":{"rendered":"Mesmo com Lula, o Brasil continua um pa\u00eds de muro baixo?"},"content":{"rendered":"<p>O embevecimento do povo, notadamente da classe m\u00e9dia e burguesia por governos e culturas estrangeiras, especificamente a norte-americana \u00e9 fato, e isso ao longo da hist\u00f3ria talvez tenha transformado o Brasil n\u00e3o muito afeito a um status de pa\u00eds soberano.<\/p>\n<p>Dito isso, tratemos aqui da guerra na Palestina do estado sionista de Israel contra o povo palestino, origin\u00e1rio daquele territ\u00f3rio no Oriente Pr\u00f3ximo, mas que ao longo dos \u00faltimos 90 anos vem sendo usurpado por judeus de origem europeia; um estado de Israel, que nada mais \u00e9 que o 51\u00ba unidade dos Estados Unidos \u2013 a m\u00e3o que balan\u00e7a o ber\u00e7o.<\/p>\n<p>Na semana que passou, o embaixador de Israel, sionista Daniel Zonshine, usou e abusou de declara\u00e7\u00f5es e reuni\u00f5es no Congresso em afronta, provoca\u00e7\u00f5es e achincalhe ao governo do presidente Luiz In\u00e1cio Lula da Silva.<\/p>\n<p>Controlada e simp\u00e1tica ao sionismo, a m\u00eddia nativa n\u00e3o esconde sua atra\u00e7\u00e3o e simpatia pelo genoc\u00eddio de civis \u2013 crian\u00e7as e mulheres palestinas principalmente, na Faixa de Gaza.<\/p>\n<p>Ningu\u00e9m pode esconder que h\u00e1 uma guerra militarmente desproporcional entre o povo palestino e o governo sionista de Israel, ainda que a pr\u00f3pria autoridade Palestina reconhe\u00e7a o Estado de Israel criado em 1947 simultaneamente ao estado palestino, que jamais se efetivou de fato por boicote da pr\u00f3pria ONU.<\/p>\n<p>Lembrando que o estado de Israel foi criado com voto do Brasil na ONU e destacado trabalho do chanceler brasileiro Oswaldo Aranha, que at\u00e9 virou nome de pra\u00e7a em Jerusal\u00e9m, e d\u00e1 nomes a v\u00e1rias ruas em cidades de Israel.<\/p>\n<p>Mas no atual est\u00e1gio da geopol\u00edtica, o governo sionista ao ver fracassadas suas press\u00f5es para que o governo brasileiro se alinhe e apoie as agress\u00f5es dos EUA e Israel em Gaza, resolveu hostilizar o governo democraticamente eleito do Brasil.<\/p>\n<p>A a\u00e7\u00e3o petulante e ofensiva desse embaixador de Israel segue sem uma resposta diplom\u00e1tica eficiente do governo Lula, que j\u00e1 deveria t\u00ea-lo descredenciado; at\u00e9 por conta de insinua\u00e7\u00f5es cavilosas, no caso dos palestinos de nacionalidade brasileira presos pela PF por suposto plano terrorista.<\/p>\n<p>O Brasil sempre carregou o estigma de ser um pa\u00eds de \u201cmuro baixo\u201d, sat\u00e9lite e submisso aos EUA; nos \u00faltimos anos o pa\u00eds assistiu e assiste entidades judaicas e a pr\u00f3pria embaixada em convivas com a extrema direita brasileira que n\u00e3o aceita a democracia como regime pol\u00edtico, associados \u00e0 prega\u00e7\u00e3o de golpe de estado.<\/p>\n<p>E agora a provoca\u00e7\u00e3o direta desse embaixador.<\/p>\n<p>E o governo brasileiro \u2013 n\u00e3o importa se do PT em coaliz\u00e3o com dezenas de outros partidos \u2013 reage com falas polidas, in\u00fateis diante das provoca\u00e7\u00f5es desse representante diplom\u00e1tico.<\/p>\n<p>Segundo o correspondente internacional, Pablo Escobar, se sabe que Israel prepara esse genoc\u00eddio em Gaza desde setembro, quando foi autorizada pela Casa Branca, antes mesmo dos ataques do Hamas, que serviram como deixa para a matan\u00e7a de civis, mas de olho no g\u00e1s na pequena costa de Gaza.<\/p>\n<p>O Brasil assistiu a efici\u00eancia do governo Lula em resgatar brasileiros mantidos em Gaza como ref\u00e9ns diplom\u00e1ticos de Israel, testemunhou tamb\u00e9m ao trabalho da FAB \u2013 que no governo anterior serviu a outros prop\u00f3sitos; agora precisa comprovar sua soberania, a despeito das sabotagens de Israel e dos EUA e de segmentos pol\u00edticos pentecostais e de extrema direita que controlam a m\u00eddia tabajara.<\/p>\n<p>Se o governo do Brasil n\u00e3o demarca sua soberania agora, ficar\u00e1 dif\u00edcil a partir de janeiro, quando Ir\u00e3, Ar\u00e1bia Saudita, Egito, Emirados \u00c1rabes (todos produtores de petr\u00f3leo bem armados e com capacidade defesa) ingressarem nos Brics, \u00f3rg\u00e3o internacional at\u00e9 mais importante que a ONU e da qual o Brasil faz parte desde a sua cria\u00e7\u00e3o.<\/p>\n<p>Al\u00e9m de \u201cMuro Baixo\u201d, militarmente o Brasil sempre foi um tigre banguelo, sem capacidade de defesa. E com um governo, que se imaginava soberano, agindo de forma pusil\u00e2nime diante de um diplomata provocador.<\/p>\n<p>Imagem de capa: Ag\u00eancia Brasil.<\/p>\n","protected":false},"excerpt":{"rendered":"<p>O embevecimento do povo, notadamente da classe m\u00e9dia e burguesia por governos e culturas estrangeiras, especificamente a norte-americana \u00e9 fato, e isso ao longo da hist\u00f3ria talvez tenha transformado o Brasil n\u00e3o muito afeito a um status de pa\u00eds soberano. Dito isso, tratemos aqui da guerra na Palestina do estado sionista de Israel contra o [&hellip;]<\/p>\n","protected":false},"author":1,"featured_media":1726,"comment_status":"open","ping_status":"open","sticky":false,"template":"","format":"standard","meta":{"footnotes":""},"categories":[12],"tags":[],"class_list":["post-1725","post","type-post","status-publish","format-standard","has-post-thumbnail","hentry","category-geopolitica"],"yoast_head":"<!-- This site is optimized with the Yoast SEO plugin v27.4 - https:\/\/yoast.com\/product\/yoast-seo-wordpress\/ -->\n<title>Mesmo com Lula, o Brasil continua um pa\u00eds de muro baixo? - Blog do Jo\u00e3o Costa<\/title>\n<meta name=\"robots\" content=\"index, follow, max-snippet:-1, max-image-preview:large, max-video-preview:-1\" \/>\n<link rel=\"canonical\" href=\"https:\/\/blogdojoaocosta.com.br\/?p=1725\" \/>\n<meta property=\"og:locale\" content=\"pt_BR\" \/>\n<meta property=\"og:type\" content=\"article\" \/>\n<meta property=\"og:title\" content=\"Mesmo com Lula, o Brasil continua um pa\u00eds de muro baixo? - Blog do Jo\u00e3o Costa\" \/>\n<meta property=\"og:description\" content=\"O embevecimento do povo, notadamente da classe m\u00e9dia e burguesia por governos e culturas estrangeiras, especificamente a norte-americana \u00e9 fato, e isso ao longo da hist\u00f3ria talvez tenha transformado o Brasil n\u00e3o muito afeito a um status de pa\u00eds soberano. Dito isso, tratemos aqui da guerra na Palestina do estado sionista de Israel contra o [&hellip;]\" \/>\n<meta property=\"og:url\" content=\"https:\/\/blogdojoaocosta.com.br\/?p=1725\" \/>\n<meta property=\"og:site_name\" content=\"Blog do Jo\u00e3o Costa\" \/>\n<meta property=\"article:published_time\" content=\"2023-11-10T15:05:47+00:00\" \/>\n<meta property=\"og:image\" content=\"https:\/\/blogdojoaocosta.com.br\/wp-content\/uploads\/2023\/11\/resgate-boa.webp\" \/>\n\t<meta property=\"og:image:width\" content=\"463\" \/>\n\t<meta property=\"og:image:height\" content=\"308\" \/>\n\t<meta property=\"og:image:type\" content=\"image\/webp\" \/>\n<meta name=\"author\" content=\"joaocosta\" \/>\n<meta name=\"twitter:card\" content=\"summary_large_image\" \/>\n<meta name=\"twitter:label1\" content=\"Escrito por\" \/>\n\t<meta name=\"twitter:data1\" content=\"joaocosta\" \/>\n\t<meta name=\"twitter:label2\" content=\"Est. tempo de leitura\" \/>\n\t<meta name=\"twitter:data2\" content=\"4 minutos\" \/>\n<script type=\"application\/ld+json\" class=\"yoast-schema-graph\">{\"@context\":\"https:\\\/\\\/schema.org\",\"@graph\":[{\"@type\":\"Article\",\"@id\":\"https:\\\/\\\/blogdojoaocosta.com.br\\\/?p=1725#article\",\"isPartOf\":{\"@id\":\"https:\\\/\\\/blogdojoaocosta.com.br\\\/?p=1725\"},\"author\":{\"name\":\"joaocosta\",\"@id\":\"https:\\\/\\\/blogdojoaocosta.com.br\\\/#\\\/schema\\\/person\\\/af1c9fa31a41a9d29c32f74b41d55f6e\"},\"headline\":\"Mesmo com Lula, o Brasil continua um pa\u00eds de muro baixo?\",\"datePublished\":\"2023-11-10T15:05:47+00:00\",\"mainEntityOfPage\":{\"@id\":\"https:\\\/\\\/blogdojoaocosta.com.br\\\/?p=1725\"},\"wordCount\":694,\"commentCount\":0,\"image\":{\"@id\":\"https:\\\/\\\/blogdojoaocosta.com.br\\\/?p=1725#primaryimage\"},\"thumbnailUrl\":\"https:\\\/\\\/blogdojoaocosta.com.br\\\/wp-content\\\/uploads\\\/2023\\\/11\\\/resgate-boa.webp\",\"articleSection\":[\"Geopol\u00edtica\"],\"inLanguage\":\"pt-BR\",\"potentialAction\":[{\"@type\":\"CommentAction\",\"name\":\"Comment\",\"target\":[\"https:\\\/\\\/blogdojoaocosta.com.br\\\/?p=1725#respond\"]}]},{\"@type\":\"WebPage\",\"@id\":\"https:\\\/\\\/blogdojoaocosta.com.br\\\/?p=1725\",\"url\":\"https:\\\/\\\/blogdojoaocosta.com.br\\\/?p=1725\",\"name\":\"Mesmo com Lula, o Brasil continua um pa\u00eds de muro baixo? - Blog do Jo\u00e3o Costa\",\"isPartOf\":{\"@id\":\"https:\\\/\\\/blogdojoaocosta.com.br\\\/#website\"},\"primaryImageOfPage\":{\"@id\":\"https:\\\/\\\/blogdojoaocosta.com.br\\\/?p=1725#primaryimage\"},\"image\":{\"@id\":\"https:\\\/\\\/blogdojoaocosta.com.br\\\/?p=1725#primaryimage\"},\"thumbnailUrl\":\"https:\\\/\\\/blogdojoaocosta.com.br\\\/wp-content\\\/uploads\\\/2023\\\/11\\\/resgate-boa.webp\",\"datePublished\":\"2023-11-10T15:05:47+00:00\",\"author\":{\"@id\":\"https:\\\/\\\/blogdojoaocosta.com.br\\\/#\\\/schema\\\/person\\\/af1c9fa31a41a9d29c32f74b41d55f6e\"},\"breadcrumb\":{\"@id\":\"https:\\\/\\\/blogdojoaocosta.com.br\\\/?p=1725#breadcrumb\"},\"inLanguage\":\"pt-BR\",\"potentialAction\":[{\"@type\":\"ReadAction\",\"target\":[\"https:\\\/\\\/blogdojoaocosta.com.br\\\/?p=1725\"]}]},{\"@type\":\"ImageObject\",\"inLanguage\":\"pt-BR\",\"@id\":\"https:\\\/\\\/blogdojoaocosta.com.br\\\/?p=1725#primaryimage\",\"url\":\"https:\\\/\\\/blogdojoaocosta.com.br\\\/wp-content\\\/uploads\\\/2023\\\/11\\\/resgate-boa.webp\",\"contentUrl\":\"https:\\\/\\\/blogdojoaocosta.com.br\\\/wp-content\\\/uploads\\\/2023\\\/11\\\/resgate-boa.webp\",\"width\":463,\"height\":308},{\"@type\":\"BreadcrumbList\",\"@id\":\"https:\\\/\\\/blogdojoaocosta.com.br\\\/?p=1725#breadcrumb\",\"itemListElement\":[{\"@type\":\"ListItem\",\"position\":1,\"name\":\"In\u00edcio\",\"item\":\"https:\\\/\\\/blogdojoaocosta.com.br\\\/\"},{\"@type\":\"ListItem\",\"position\":2,\"name\":\"Mesmo com Lula, o Brasil continua um pa\u00eds de muro baixo?\"}]},{\"@type\":\"WebSite\",\"@id\":\"https:\\\/\\\/blogdojoaocosta.com.br\\\/#website\",\"url\":\"https:\\\/\\\/blogdojoaocosta.com.br\\\/\",\"name\":\"Blog do Jo\u00e3o Costa\",\"description\":\"Assim Caminha a Humanidade\",\"potentialAction\":[{\"@type\":\"SearchAction\",\"target\":{\"@type\":\"EntryPoint\",\"urlTemplate\":\"https:\\\/\\\/blogdojoaocosta.com.br\\\/?s={search_term_string}\"},\"query-input\":{\"@type\":\"PropertyValueSpecification\",\"valueRequired\":true,\"valueName\":\"search_term_string\"}}],\"inLanguage\":\"pt-BR\"},{\"@type\":\"Person\",\"@id\":\"https:\\\/\\\/blogdojoaocosta.com.br\\\/#\\\/schema\\\/person\\\/af1c9fa31a41a9d29c32f74b41d55f6e\",\"name\":\"joaocosta\",\"image\":{\"@type\":\"ImageObject\",\"inLanguage\":\"pt-BR\",\"@id\":\"https:\\\/\\\/secure.gravatar.com\\\/avatar\\\/677b6f1fc54e8c7982d7dce3cfe65fce28f898f70d9b8b631786a0b1b18b11e5?s=96&d=mm&r=g\",\"url\":\"https:\\\/\\\/secure.gravatar.com\\\/avatar\\\/677b6f1fc54e8c7982d7dce3cfe65fce28f898f70d9b8b631786a0b1b18b11e5?s=96&d=mm&r=g\",\"contentUrl\":\"https:\\\/\\\/secure.gravatar.com\\\/avatar\\\/677b6f1fc54e8c7982d7dce3cfe65fce28f898f70d9b8b631786a0b1b18b11e5?s=96&d=mm&r=g\",\"caption\":\"joaocosta\"},\"sameAs\":[\"http:\\\/\\\/blogdojoaocosta.com.br\"],\"url\":\"https:\\\/\\\/blogdojoaocosta.com.br\\\/?author=1\"}]}<\/script>\n<!-- \/ Yoast SEO plugin. -->","yoast_head_json":{"title":"Mesmo com Lula, o Brasil continua um pa\u00eds de muro baixo? - Blog do Jo\u00e3o Costa","robots":{"index":"index","follow":"follow","max-snippet":"max-snippet:-1","max-image-preview":"max-image-preview:large","max-video-preview":"max-video-preview:-1"},"canonical":"https:\/\/blogdojoaocosta.com.br\/?p=1725","og_locale":"pt_BR","og_type":"article","og_title":"Mesmo com Lula, o Brasil continua um pa\u00eds de muro baixo? - Blog do Jo\u00e3o Costa","og_description":"O embevecimento do povo, notadamente da classe m\u00e9dia e burguesia por governos e culturas estrangeiras, especificamente a norte-americana \u00e9 fato, e isso ao longo da hist\u00f3ria talvez tenha transformado o Brasil n\u00e3o muito afeito a um status de pa\u00eds soberano. Dito isso, tratemos aqui da guerra na Palestina do estado sionista de Israel contra o [&hellip;]","og_url":"https:\/\/blogdojoaocosta.com.br\/?p=1725","og_site_name":"Blog do Jo\u00e3o Costa","article_published_time":"2023-11-10T15:05:47+00:00","og_image":[{"width":463,"height":308,"url":"https:\/\/blogdojoaocosta.com.br\/wp-content\/uploads\/2023\/11\/resgate-boa.webp","type":"image\/webp"}],"author":"joaocosta","twitter_card":"summary_large_image","twitter_misc":{"Escrito por":"joaocosta","Est. tempo de leitura":"4 minutos"},"schema":{"@context":"https:\/\/schema.org","@graph":[{"@type":"Article","@id":"https:\/\/blogdojoaocosta.com.br\/?p=1725#article","isPartOf":{"@id":"https:\/\/blogdojoaocosta.com.br\/?p=1725"},"author":{"name":"joaocosta","@id":"https:\/\/blogdojoaocosta.com.br\/#\/schema\/person\/af1c9fa31a41a9d29c32f74b41d55f6e"},"headline":"Mesmo com Lula, o Brasil continua um pa\u00eds de muro baixo?","datePublished":"2023-11-10T15:05:47+00:00","mainEntityOfPage":{"@id":"https:\/\/blogdojoaocosta.com.br\/?p=1725"},"wordCount":694,"commentCount":0,"image":{"@id":"https:\/\/blogdojoaocosta.com.br\/?p=1725#primaryimage"},"thumbnailUrl":"https:\/\/blogdojoaocosta.com.br\/wp-content\/uploads\/2023\/11\/resgate-boa.webp","articleSection":["Geopol\u00edtica"],"inLanguage":"pt-BR","potentialAction":[{"@type":"CommentAction","name":"Comment","target":["https:\/\/blogdojoaocosta.com.br\/?p=1725#respond"]}]},{"@type":"WebPage","@id":"https:\/\/blogdojoaocosta.com.br\/?p=1725","url":"https:\/\/blogdojoaocosta.com.br\/?p=1725","name":"Mesmo com Lula, o Brasil continua um pa\u00eds de muro baixo? - Blog do Jo\u00e3o Costa","isPartOf":{"@id":"https:\/\/blogdojoaocosta.com.br\/#website"},"primaryImageOfPage":{"@id":"https:\/\/blogdojoaocosta.com.br\/?p=1725#primaryimage"},"image":{"@id":"https:\/\/blogdojoaocosta.com.br\/?p=1725#primaryimage"},"thumbnailUrl":"https:\/\/blogdojoaocosta.com.br\/wp-content\/uploads\/2023\/11\/resgate-boa.webp","datePublished":"2023-11-10T15:05:47+00:00","author":{"@id":"https:\/\/blogdojoaocosta.com.br\/#\/schema\/person\/af1c9fa31a41a9d29c32f74b41d55f6e"},"breadcrumb":{"@id":"https:\/\/blogdojoaocosta.com.br\/?p=1725#breadcrumb"},"inLanguage":"pt-BR","potentialAction":[{"@type":"ReadAction","target":["https:\/\/blogdojoaocosta.com.br\/?p=1725"]}]},{"@type":"ImageObject","inLanguage":"pt-BR","@id":"https:\/\/blogdojoaocosta.com.br\/?p=1725#primaryimage","url":"https:\/\/blogdojoaocosta.com.br\/wp-content\/uploads\/2023\/11\/resgate-boa.webp","contentUrl":"https:\/\/blogdojoaocosta.com.br\/wp-content\/uploads\/2023\/11\/resgate-boa.webp","width":463,"height":308},{"@type":"BreadcrumbList","@id":"https:\/\/blogdojoaocosta.com.br\/?p=1725#breadcrumb","itemListElement":[{"@type":"ListItem","position":1,"name":"In\u00edcio","item":"https:\/\/blogdojoaocosta.com.br\/"},{"@type":"ListItem","position":2,"name":"Mesmo com Lula, o Brasil continua um pa\u00eds de muro baixo?"}]},{"@type":"WebSite","@id":"https:\/\/blogdojoaocosta.com.br\/#website","url":"https:\/\/blogdojoaocosta.com.br\/","name":"Blog do Jo\u00e3o Costa","description":"Assim Caminha a Humanidade","potentialAction":[{"@type":"SearchAction","target":{"@type":"EntryPoint","urlTemplate":"https:\/\/blogdojoaocosta.com.br\/?s={search_term_string}"},"query-input":{"@type":"PropertyValueSpecification","valueRequired":true,"valueName":"search_term_string"}}],"inLanguage":"pt-BR"},{"@type":"Person","@id":"https:\/\/blogdojoaocosta.com.br\/#\/schema\/person\/af1c9fa31a41a9d29c32f74b41d55f6e","name":"joaocosta","image":{"@type":"ImageObject","inLanguage":"pt-BR","@id":"https:\/\/secure.gravatar.com\/avatar\/677b6f1fc54e8c7982d7dce3cfe65fce28f898f70d9b8b631786a0b1b18b11e5?s=96&d=mm&r=g","url":"https:\/\/secure.gravatar.com\/avatar\/677b6f1fc54e8c7982d7dce3cfe65fce28f898f70d9b8b631786a0b1b18b11e5?s=96&d=mm&r=g","contentUrl":"https:\/\/secure.gravatar.com\/avatar\/677b6f1fc54e8c7982d7dce3cfe65fce28f898f70d9b8b631786a0b1b18b11e5?s=96&d=mm&r=g","caption":"joaocosta"},"sameAs":["http:\/\/blogdojoaocosta.com.br"],"url":"https:\/\/blogdojoaocosta.com.br\/?author=1"}]}},"_links":{"self":[{"href":"https:\/\/blogdojoaocosta.com.br\/index.php?rest_route=\/wp\/v2\/posts\/1725","targetHints":{"allow":["GET"]}}],"collection":[{"href":"https:\/\/blogdojoaocosta.com.br\/index.php?rest_route=\/wp\/v2\/posts"}],"about":[{"href":"https:\/\/blogdojoaocosta.com.br\/index.php?rest_route=\/wp\/v2\/types\/post"}],"author":[{"embeddable":true,"href":"https:\/\/blogdojoaocosta.com.br\/index.php?rest_route=\/wp\/v2\/users\/1"}],"replies":[{"embeddable":true,"href":"https:\/\/blogdojoaocosta.com.br\/index.php?rest_route=%2Fwp%2Fv2%2Fcomments&post=1725"}],"version-history":[{"count":1,"href":"https:\/\/blogdojoaocosta.com.br\/index.php?rest_route=\/wp\/v2\/posts\/1725\/revisions"}],"predecessor-version":[{"id":1727,"href":"https:\/\/blogdojoaocosta.com.br\/index.php?rest_route=\/wp\/v2\/posts\/1725\/revisions\/1727"}],"wp:featuredmedia":[{"embeddable":true,"href":"https:\/\/blogdojoaocosta.com.br\/index.php?rest_route=\/wp\/v2\/media\/1726"}],"wp:attachment":[{"href":"https:\/\/blogdojoaocosta.com.br\/index.php?rest_route=%2Fwp%2Fv2%2Fmedia&parent=1725"}],"wp:term":[{"taxonomy":"category","embeddable":true,"href":"https:\/\/blogdojoaocosta.com.br\/index.php?rest_route=%2Fwp%2Fv2%2Fcategories&post=1725"},{"taxonomy":"post_tag","embeddable":true,"href":"https:\/\/blogdojoaocosta.com.br\/index.php?rest_route=%2Fwp%2Fv2%2Ftags&post=1725"}],"curies":[{"name":"wp","href":"https:\/\/api.w.org\/{rel}","templated":true}]}}