{"id":175,"date":"2022-07-24T17:58:20","date_gmt":"2022-07-24T20:58:20","guid":{"rendered":"https:\/\/wcwebsystem.com.br\/?p=175"},"modified":"2022-12-15T17:58:39","modified_gmt":"2022-12-15T20:58:39","slug":"piranhas-vai-sediar-de-28-a-30-de-julho-o-cariri-cangaco-destacado-evento-sobre-cultura-nordestina","status":"publish","type":"post","link":"https:\/\/blogdojoaocosta.com.br\/?p=175","title":{"rendered":"Piranhas vai sediar de 28 a 30 de julho o Cariri Canga\u00e7o: destacado evento sobre cultura nordestina"},"content":{"rendered":"<div class=\"nLG8d5\" data-hook=\"post-description\">\n<article class=\"blog-post-page-font\">\n<div class=\"post-content__body\">\n<div class=\"NjQ71C\">\n<div class=\"NjQ71C\">\n<div class=\"ZylKKv md1nXG SwMATA\" data-rce-version=\"9.3.6\">\n<div class=\"kvdbP HWlYoF wrLZsV _1O7aH\" dir=\"ltr\" data-id=\"rich-content-viewer\">\n<div class=\"_1hN1O uyQefQ _3EPBy\">\n<p id=\"viewer-foo\" class=\"mm8Nw _1j-51 roLFQS _1FoOD _78FBa sk96G9 roLFQS public-DraftStyleDefault-block-depth0 fixed-tab-size public-DraftStyleDefault-text-ltr\"><span class=\"_2PHJq public-DraftStyleDefault-ltr\">Entre os dias 28 e 30 de julho, o munic\u00edpio de Piranhas(AL) vai sediar o Cariri Canga\u00e7o, \u201cevento de cunho tur\u00edstico-cultural e hist\u00f3rico-cient\u00edfico que re\u00fane alguns dos mais destacados pesquisadores e historiadores das tem\u00e1ticas; canga\u00e7o, coronelismo, misticismo, messianismo e correlatos ao sert\u00e3o e ao nordeste, do Brasil, configurando-se como o maior e mais respeitado evento do g\u00eanero no pa\u00eds. <\/span><\/p>\n<div data-hook=\"rcv-block1\"><\/div>\n<div id=\"viewer-c0kgs\" class=\"mm8Nw _1j-51 roLFQS _1FoOD _3M0Fe Z63qyL roLFQS public-DraftStyleDefault-block-depth0 fixed-tab-size public-DraftStyleDefault-text-ltr\"><span class=\"_2PHJq public-DraftStyleDefault-ltr\">\u00a0<\/span><\/div>\n<div data-hook=\"rcv-block2\"><\/div>\n<div id=\"viewer-5gm7n\" class=\"_2vd5k b6lcWf\">\n<div class=\"_3CWa- sxFoib sxFoib _3mymk\">\n<div class=\"_2kEVY\" tabindex=\"0\" role=\"button\" data-hook=\"imageViewer\">\n<div id=\"new-image175\" class=\"_3WJnn _2i-Gt _2Ybje\"><img decoding=\"async\" src=\"https:\/\/static.wixstatic.com\/media\/5ee4f1_7b68acb80d7047a78d5473a3aaff9eb4~mv2.jpg\/v1\/fill\/w_582,h_437,al_c,q_80,usm_0.66_1.00_0.01,enc_auto\/5ee4f1_7b68acb80d7047a78d5473a3aaff9eb4~mv2.jpg\" alt=\"\" data-pin-url=\"https:\/\/www.blogdojoaocosta.com.br\/single-post\/piranhas-vai-sediar-de-28-a-31-de-julho-o-cariri-canga\u00e7o-destacado-evento-sobre-cultura-nordestina\" data-pin-media=\"https:\/\/static.wixstatic.com\/media\/5ee4f1_7b68acb80d7047a78d5473a3aaff9eb4~mv2.jpg\/v1\/fit\/w_640%2Ch_480%2Cal_c%2Cq_80,enc_auto\/file.jpg\" data-load-done=\"\" \/><\/div>\n<div class=\"\"><\/div>\n<div class=\"\"><\/div>\n<\/div>\n<\/div>\n<\/div>\n<div data-hook=\"rcv-block3\"><\/div>\n<p id=\"viewer-7rmbl\" class=\"mm8Nw _1j-51 roLFQS _1FoOD _3M0Fe Z63qyL roLFQS public-DraftStyleDefault-block-depth0 fixed-tab-size public-DraftStyleDefault-text-ltr\"><span class=\"_2PHJq public-DraftStyleDefault-ltr\"><strong><em>Manoel Severo \u00e9 pesquisador e criador do Cariri Canga\u00e7o<\/em><\/strong><\/span><\/p>\n<div data-hook=\"rcv-block4\"><\/div>\n<div id=\"viewer-e3ppb\" class=\"mm8Nw _1j-51 roLFQS _1FoOD _3M0Fe Z63qyL roLFQS public-DraftStyleDefault-block-depth0 fixed-tab-size public-DraftStyleDefault-text-ltr\"><span class=\"_2PHJq public-DraftStyleDefault-ltr\">\u00a0<\/span><\/div>\n<div data-hook=\"rcv-block5\"><\/div>\n<p id=\"viewer-oqqg\" class=\"mm8Nw _1j-51 roLFQS _1FoOD _3M0Fe Z63qyL roLFQS public-DraftStyleDefault-block-depth0 fixed-tab-size public-DraftStyleDefault-text-ltr\"><span class=\"_2PHJq public-DraftStyleDefault-ltr\">O evento tem sido o espa\u00e7o onde historiadores, escritos e pesquisadores se encontram para a discuss\u00e3o, lan\u00e7amento de livros e visitas a locais emblem\u00e1ticos da historiografia do Nordeste.<\/span><\/p>\n<div data-hook=\"rcv-block6\"><\/div>\n<div id=\"viewer-bu7e2\" class=\"mm8Nw _1j-51 roLFQS _1FoOD _3M0Fe Z63qyL roLFQS public-DraftStyleDefault-block-depth0 fixed-tab-size public-DraftStyleDefault-text-ltr\"><span class=\"_2PHJq public-DraftStyleDefault-ltr\">\u00a0<\/span><\/div>\n<div data-hook=\"rcv-block7\"><\/div>\n<p id=\"viewer-7o6qh\" class=\"mm8Nw _1j-51 roLFQS _1FoOD _3M0Fe Z63qyL roLFQS public-DraftStyleDefault-block-depth0 fixed-tab-size public-DraftStyleDefault-text-ltr\"><span class=\"_2PHJq public-DraftStyleDefault-ltr\">Dados extra\u00eddos da sua p\u00e1gina oficial na internet, o Cariri Canga\u00e7o revela a abrang\u00eancia cultural do evento.<\/span><\/p>\n<div data-hook=\"rcv-block8\"><\/div>\n<div id=\"viewer-8244j\" class=\"mm8Nw _1j-51 roLFQS _1FoOD _3M0Fe Z63qyL roLFQS public-DraftStyleDefault-block-depth0 fixed-tab-size public-DraftStyleDefault-text-ltr\"><span class=\"_2PHJq public-DraftStyleDefault-ltr\">\u00a0<\/span><\/div>\n<div data-hook=\"rcv-block9\"><\/div>\n<p id=\"viewer-3vgf2\" class=\"mm8Nw _1j-51 roLFQS _1FoOD _3M0Fe Z63qyL roLFQS public-DraftStyleDefault-block-depth0 fixed-tab-size public-DraftStyleDefault-text-ltr\"><span class=\"_2PHJq public-DraftStyleDefault-ltr\"><strong>\u201c<\/strong><strong>Com um formato espec\u00edfico; de car\u00e1ter itinerante, re\u00fane a partir de uma programa\u00e7\u00e3o plural, din\u00e2mica e universal, personalidades locais, regionais e nacionais; do universo da pesquisa e estudo das tem\u00e1ticas ligadas ao Canga\u00e7o, Tradi\u00e7\u00f5es e Hist\u00f3rias do Nordeste, em confer\u00eancias e debates, visitas t\u00e9cnicas e acad\u00eamicas; mostras de cinema , v\u00eddeo e document\u00e1rios, exposi\u00e7\u00f5es de arte, latada do livro; com lan\u00e7amentos e feiras liter\u00e1rias. O Cariri Canga\u00e7o atualmente se configura como o maior e mais respeitado f\u00f3rum de debates e aprofundamento sobre temas ligados ao Canga\u00e7o. O evento contempla tamb\u00e9m tem\u00e1ticas capilares ligadas ao fen\u00f4meno, como: Messianismo, Coronelismo, Religiosidade, Tradi\u00e7\u00e3o, Cultura, Musica , Culin\u00e1ria e Est\u00e9tica, unidos a partir de um evento \u00fanico no Brasil e no mundo\u201d.<\/strong><\/span><\/p>\n<div data-hook=\"rcv-block10\"><\/div>\n<div id=\"viewer-dl2so\" class=\"mm8Nw _1j-51 roLFQS _1FoOD _78FBa sk96G9 roLFQS public-DraftStyleDefault-block-depth0 fixed-tab-size public-DraftStyleDefault-text-ltr\"><span class=\"_2PHJq public-DraftStyleDefault-ltr\">\u00a0<\/span><\/div>\n<div data-hook=\"rcv-block11\"><\/div>\n<p id=\"viewer-j4rk\" class=\"mm8Nw _1j-51 roLFQS _1FoOD _78FBa sk96G9 roLFQS public-DraftStyleDefault-block-depth0 fixed-tab-size public-DraftStyleDefault-text-ltr\"><span class=\"_2PHJq public-DraftStyleDefault-ltr\"><strong><em>Trajet\u00f3ria <\/em><\/strong><\/span><\/p>\n<div data-hook=\"rcv-block12\"><\/div>\n<div id=\"viewer-aqea4\" class=\"mm8Nw _1j-51 roLFQS _1FoOD _78FBa sk96G9 roLFQS public-DraftStyleDefault-block-depth0 fixed-tab-size public-DraftStyleDefault-text-ltr\"><span class=\"_2PHJq public-DraftStyleDefault-ltr\">\u00a0<\/span><\/div>\n<div data-hook=\"rcv-block13\"><\/div>\n<p id=\"viewer-8gcu0\" class=\"mm8Nw _1j-51 roLFQS _1FoOD _78FBa sk96G9 roLFQS public-DraftStyleDefault-block-depth0 fixed-tab-size public-DraftStyleDefault-text-ltr\"><span class=\"_2PHJq public-DraftStyleDefault-ltr\"><strong>A p\u00e1gina informa ainda que no ano de 2013, o \u201cCariri Canga\u00e7o rompeu as barreiras do Cear\u00e1 e come\u00e7ou sua expans\u00e3o e descentraliza\u00e7\u00e3o; se estabeleceu inicialmente em mais dois estados da federa\u00e7\u00e3o, inaugurando mais um empreendimento vitorioso com a marca Cariri Canga\u00e7o nas cidades de Souza, Nazarezinho e Lastro, na Para\u00edba e Piranhas em Alagoas. J\u00e1 em 2015 novamente mais dois munic\u00edpios da Para\u00edba; as tradicionais Princesa Isabel e S\u00e3o Jos\u00e9 de Princesa\/ Patos de Irer\u00ea ; e em seguida o estado de Sergipe viria a somar \u00e0 Fam\u00edlia Cariri Canga\u00e7o com o munic\u00edpio de Po\u00e7o Redondo. Em 2016 o Cariri Canga\u00e7o chegava ao quinto estado: Pernambuco com o munic\u00edpio de Floresta e Nazar\u00e9 do Pico, em Maio e em Julho foi a vez de \u00c1gua Branca tamb\u00e9m em Alagoas.<\/strong><\/span><\/p>\n<div data-hook=\"rcv-block14\"><\/div>\n<div id=\"viewer-ah00o\" class=\"mm8Nw _1j-51 roLFQS _1FoOD _78FBa sk96G9 roLFQS public-DraftStyleDefault-block-depth0 fixed-tab-size public-DraftStyleDefault-text-ltr\"><span class=\"_2PHJq public-DraftStyleDefault-ltr\">\u00a0<\/span><\/div>\n<div data-hook=\"rcv-block15\"><\/div>\n<p id=\"viewer-e0jkd\" class=\"mm8Nw _1j-51 roLFQS _1FoOD _78FBa sk96G9 roLFQS public-DraftStyleDefault-block-depth0 fixed-tab-size public-DraftStyleDefault-text-ltr\"><span class=\"_2PHJq public-DraftStyleDefault-ltr\"><strong> Acrescenta que &#8220;em 2017 foi a vez de Exu; terra do Rei do Bai\u00e3o e Serrita, da Missa do Vaqueiro; ambos em Pernambuco, entrar para o rol de sedes do evento. Em 2018 as ousadas e in\u00e9ditas iniciativas com a primeira capital: Fortaleza e a chegada ao sexto estado, Bahia com o munic\u00edpio de Pedro Alexandre, a Serra Negra, e mais uma iniciativa em Pernambuco, desta vez o munic\u00edpio de S\u00e3o Jos\u00e9 de Belmonte, a terra da Pedra do Reino. Em 2019 mais duas iniciativas in\u00e9ditas: Quixeramobim, ber\u00e7o de Ant\u00f4nio Conselheiro e Brejo Santo, no cariri cearense recebem pela primeira vez o Cariri Canga\u00e7o que no ano em que completa 12 anos, consolida-se como o maior e mais respeitado evento do g\u00eanero no Brasil\u201d.<\/strong> Admiradores da cultura nordestina e pesquisadores do fen\u00f4meno canga\u00e7o se revezaram ao longo das \u00faltimas semanas em convocat\u00f3rias pelas redes sociais para realiza\u00e7\u00e3o do Cariri Canga\u00e7o, em Piranhas. <\/span><\/p>\n<div data-hook=\"rcv-block16\"><\/div>\n<p id=\"viewer-j1v4\" class=\"mm8Nw _1j-51 roLFQS _1FoOD _3M0Fe Z63qyL roLFQS public-DraftStyleDefault-block-depth0 fixed-tab-size public-DraftStyleDefault-text-ltr\"><span class=\"_2PHJq public-DraftStyleDefault-ltr\">Manoel Severo, idealizador e curador do Cariri Canga\u00e7o, destaca a grandiosidade de Piranhas, palco de acontecimentos hist\u00f3ricos do canga\u00e7o e pr\u00f3xima sede do evento.<\/span><\/p>\n<div data-hook=\"rcv-block17\"><\/div>\n<div id=\"viewer-9i5i3\" class=\"mm8Nw _1j-51 roLFQS _1FoOD _3M0Fe Z63qyL roLFQS public-DraftStyleDefault-block-depth0 fixed-tab-size public-DraftStyleDefault-text-ltr\"><span class=\"_2PHJq public-DraftStyleDefault-ltr\">\u00a0<\/span><\/div>\n<div data-hook=\"rcv-block18\"><\/div>\n<div id=\"viewer-f1jru\" class=\"_2vd5k b6lcWf\">\n<div class=\"_3CWa- sxFoib sxFoib _3mymk\">\n<div class=\"oUYOK pJOh3t\">\n<div class=\"NjOn2\" data-loaded=\"true\"><video src=\"https:\/\/video.wixstatic.com\/video\/5ee4f1_c77087d8e59d482e969d73932a842b52\/480p\/mp4\/file.mp4\" preload=\"auto\" controls=\"controls\" width=\"300\" height=\"150\" data-mce-fragment=\"1\"><\/video><\/div>\n<\/div>\n<\/div>\n<\/div>\n<div data-hook=\"rcv-block19\"><\/div>\n<div id=\"viewer-3o29j\" class=\"mm8Nw _1j-51 roLFQS _1FoOD _3M0Fe Z63qyL roLFQS public-DraftStyleDefault-block-depth0 fixed-tab-size public-DraftStyleDefault-text-ltr\"><span class=\"_2PHJq public-DraftStyleDefault-ltr\">\u00a0<\/span><\/div>\n<div data-hook=\"rcv-block20\"><\/div>\n<p id=\"viewer-6n50n\" class=\"mm8Nw _1j-51 roLFQS _1FoOD _3M0Fe Z63qyL roLFQS public-DraftStyleDefault-block-depth0 fixed-tab-size public-DraftStyleDefault-text-ltr\"><span class=\"_2PHJq public-DraftStyleDefault-ltr\">Julierme Wanderley, professor e pesquisador campinense, tamb\u00e9m estar\u00e1 em Piranhas. Atualmente desenvolve pesquisa sobre o cangaceiro Ant\u00f4nio Silvino.<\/span><\/p>\n<div data-hook=\"rcv-block21\"><\/div>\n<div id=\"viewer-60uul\" class=\"mm8Nw _1j-51 roLFQS _1FoOD _3M0Fe Z63qyL roLFQS public-DraftStyleDefault-block-depth0 fixed-tab-size public-DraftStyleDefault-text-ltr\"><span class=\"_2PHJq public-DraftStyleDefault-ltr\">\u00a0<\/span><\/div>\n<div data-hook=\"rcv-block22\"><\/div>\n<div id=\"viewer-4r0a\" class=\"_2vd5k b6lcWf\">\n<div class=\"_3CWa- sxFoib sxFoib _3mymk\">\n<div class=\"oUYOK pJOh3t\">\n<div class=\"NjOn2\" data-loaded=\"true\"><video src=\"https:\/\/video.wixstatic.com\/video\/5ee4f1_e5cdf649866f4569b669692508667386\/360p\/mp4\/file.mp4\" preload=\"auto\" controls=\"controls\" width=\"300\" height=\"150\" data-mce-fragment=\"1\"><\/video><\/div>\n<\/div>\n<\/div>\n<\/div>\n<div data-hook=\"rcv-block23\"><\/div>\n<div id=\"viewer-3eaar\" class=\"mm8Nw _1j-51 roLFQS _1FoOD _3M0Fe Z63qyL roLFQS public-DraftStyleDefault-block-depth0 fixed-tab-size public-DraftStyleDefault-text-ltr\"><span class=\"_2PHJq public-DraftStyleDefault-ltr\">\u00a0<\/span><\/div>\n<div data-hook=\"rcv-block24\"><\/div>\n<p id=\"viewer-1sne3\" class=\"mm8Nw _1j-51 roLFQS _1FoOD _3M0Fe Z63qyL roLFQS public-DraftStyleDefault-block-depth0 fixed-tab-size public-DraftStyleDefault-text-ltr\"><span class=\"_2PHJq public-DraftStyleDefault-ltr\">Quem tamb\u00e9m fez chamada para o Cariri canga\u00e7o foi Emanoel Arruda, escritor e pesquisador de Princesa Isabel, Para\u00edba.<\/span><\/p>\n<div data-hook=\"rcv-block25\"><\/div>\n<div id=\"viewer-7hhba\" class=\"_2vd5k b6lcWf\">\n<div class=\"_3CWa- sxFoib sxFoib _3mymk\">\n<div class=\"oUYOK pJOh3t\">\n<div class=\"NjOn2\" data-loaded=\"true\"><video src=\"https:\/\/video.wixstatic.com\/video\/5ee4f1_c8e169981df749d9958bb6ac5c3b5c95\/360p\/mp4\/file.mp4\" preload=\"auto\" controls=\"controls\" width=\"300\" height=\"150\" data-mce-fragment=\"1\"><\/video><\/div>\n<\/div>\n<\/div>\n<\/div>\n<div data-hook=\"rcv-block26\"><\/div>\n<div id=\"viewer-d9hp8\" class=\"mm8Nw _1j-51 roLFQS _1FoOD _3M0Fe Z63qyL roLFQS public-DraftStyleDefault-block-depth0 fixed-tab-size public-DraftStyleDefault-text-ltr\"><span class=\"_2PHJq public-DraftStyleDefault-ltr\">\u00a0<\/span><\/div>\n<div data-hook=\"rcv-block27\"><\/div>\n<p id=\"viewer-aequu\" class=\"mm8Nw _1j-51 roLFQS _1FoOD _3M0Fe Z63qyL roLFQS public-DraftStyleDefault-block-depth0 fixed-tab-size public-DraftStyleDefault-text-ltr\"><span class=\"_2PHJq public-DraftStyleDefault-ltr\">De Nova Iorque, Rita Pinheiro, &#8220;garimpeira da cultura nordestina&#8221;, tamb\u00e9m informou que estar\u00e1 presente no Cariri Canga\u00e7o.<\/span><\/p>\n<div data-hook=\"rcv-block28\"><\/div>\n<div id=\"viewer-efmoa\" class=\"mm8Nw _1j-51 roLFQS _1FoOD _3M0Fe Z63qyL roLFQS public-DraftStyleDefault-block-depth0 fixed-tab-size public-DraftStyleDefault-text-ltr\"><span class=\"_2PHJq public-DraftStyleDefault-ltr\">\u00a0<\/span><\/div>\n<div data-hook=\"rcv-block29\"><\/div>\n<div id=\"viewer-e952h\" class=\"_2vd5k b6lcWf\">\n<div class=\"_3CWa- sxFoib sxFoib _3mymk\">\n<div class=\"oUYOK pJOh3t\">\n<div class=\"NjOn2\" data-loaded=\"true\"><video src=\"https:\/\/video.wixstatic.com\/video\/5ee4f1_ffe4a6181dad493a9df6f16ee751f69a\/480p\/mp4\/file.mp4\" preload=\"auto\" controls=\"controls\" width=\"300\" height=\"150\" data-mce-fragment=\"1\"><\/video><\/div>\n<\/div>\n<\/div>\n<\/div>\n<div data-hook=\"rcv-block30\"><\/div>\n<div id=\"viewer-ee2dg\" class=\"mm8Nw _1j-51 roLFQS _1FoOD _3M0Fe Z63qyL roLFQS public-DraftStyleDefault-block-depth0 fixed-tab-size public-DraftStyleDefault-text-ltr\"><span class=\"_2PHJq public-DraftStyleDefault-ltr\">\u00a0<\/span><\/div>\n<div data-hook=\"rcv-block31\"><\/div>\n<div data-hook=\"rcv-block-last\"><\/div>\n<\/div>\n<\/div>\n<\/div>\n<\/div>\n<\/div>\n<\/div>\n<\/article>\n<\/div>\n<div id=\"post-footer\" class=\"OFA52E jG7PL8\">\n<div class=\"ux83lW\" data-hook=\"post-main-actions-desktop\"><\/div>\n<\/div>\n","protected":false},"excerpt":{"rendered":"<p>Entre os dias 28 e 30 de julho, o munic\u00edpio de Piranhas(AL) vai sediar o Cariri Canga\u00e7o, \u201cevento de cunho tur\u00edstico-cultural e hist\u00f3rico-cient\u00edfico que re\u00fane alguns dos mais destacados pesquisadores e historiadores das tem\u00e1ticas; canga\u00e7o, coronelismo, misticismo, messianismo e correlatos ao sert\u00e3o e ao nordeste, do Brasil, configurando-se como o maior e mais respeitado evento [&hellip;]<\/p>\n","protected":false},"author":1,"featured_media":176,"comment_status":"open","ping_status":"open","sticky":false,"template":"","format":"standard","meta":{"footnotes":""},"categories":[3,6],"tags":[],"class_list":["post-175","post","type-post","status-publish","format-standard","has-post-thumbnail","hentry","category-andancas","category-cultura"],"yoast_head":"<!-- This site is optimized with the Yoast SEO plugin v27.5 - https:\/\/yoast.com\/product\/yoast-seo-wordpress\/ -->\n<title>Piranhas vai sediar de 28 a 30 de julho o Cariri Canga\u00e7o: destacado evento sobre cultura nordestina - Blog do Jo\u00e3o Costa<\/title>\n<meta name=\"robots\" content=\"index, follow, max-snippet:-1, max-image-preview:large, max-video-preview:-1\" \/>\n<link rel=\"canonical\" href=\"https:\/\/blogdojoaocosta.com.br\/?p=175\" \/>\n<meta property=\"og:locale\" content=\"pt_BR\" \/>\n<meta property=\"og:type\" content=\"article\" \/>\n<meta property=\"og:title\" content=\"Piranhas vai sediar de 28 a 30 de julho o Cariri Canga\u00e7o: destacado evento sobre cultura nordestina - Blog do Jo\u00e3o Costa\" \/>\n<meta property=\"og:description\" content=\"Entre os dias 28 e 30 de julho, o munic\u00edpio de Piranhas(AL) vai sediar o Cariri Canga\u00e7o, \u201cevento de cunho tur\u00edstico-cultural e hist\u00f3rico-cient\u00edfico que re\u00fane alguns dos mais destacados pesquisadores e historiadores das tem\u00e1ticas; canga\u00e7o, coronelismo, misticismo, messianismo e correlatos ao sert\u00e3o e ao nordeste, do Brasil, configurando-se como o maior e mais respeitado evento [&hellip;]\" \/>\n<meta property=\"og:url\" content=\"https:\/\/blogdojoaocosta.com.br\/?p=175\" \/>\n<meta property=\"og:site_name\" content=\"Blog do Jo\u00e3o Costa\" \/>\n<meta property=\"article:published_time\" content=\"2022-07-24T20:58:20+00:00\" \/>\n<meta property=\"article:modified_time\" content=\"2022-12-15T20:58:39+00:00\" \/>\n<meta property=\"og:image\" content=\"https:\/\/blogdojoaocosta.com.br\/wp-content\/uploads\/2022\/12\/piranhas.webp\" \/>\n\t<meta property=\"og:image:width\" content=\"582\" \/>\n\t<meta property=\"og:image:height\" content=\"437\" \/>\n\t<meta property=\"og:image:type\" content=\"image\/webp\" \/>\n<meta name=\"author\" content=\"joaocosta\" \/>\n<meta name=\"twitter:card\" content=\"summary_large_image\" \/>\n<meta name=\"twitter:label1\" content=\"Escrito por\" \/>\n\t<meta name=\"twitter:data1\" content=\"joaocosta\" \/>\n\t<meta name=\"twitter:label2\" content=\"Est. tempo de leitura\" \/>\n\t<meta name=\"twitter:data2\" content=\"4 minutos\" \/>\n<script type=\"application\/ld+json\" class=\"yoast-schema-graph\">{\"@context\":\"https:\\\/\\\/schema.org\",\"@graph\":[{\"@type\":\"Article\",\"@id\":\"https:\\\/\\\/blogdojoaocosta.com.br\\\/?p=175#article\",\"isPartOf\":{\"@id\":\"https:\\\/\\\/blogdojoaocosta.com.br\\\/?p=175\"},\"author\":{\"name\":\"joaocosta\",\"@id\":\"https:\\\/\\\/blogdojoaocosta.com.br\\\/#\\\/schema\\\/person\\\/af1c9fa31a41a9d29c32f74b41d55f6e\"},\"headline\":\"Piranhas vai sediar de 28 a 30 de julho o Cariri Canga\u00e7o: destacado evento sobre cultura nordestina\",\"datePublished\":\"2022-07-24T20:58:20+00:00\",\"dateModified\":\"2022-12-15T20:58:39+00:00\",\"mainEntityOfPage\":{\"@id\":\"https:\\\/\\\/blogdojoaocosta.com.br\\\/?p=175\"},\"wordCount\":685,\"commentCount\":0,\"image\":{\"@id\":\"https:\\\/\\\/blogdojoaocosta.com.br\\\/?p=175#primaryimage\"},\"thumbnailUrl\":\"https:\\\/\\\/blogdojoaocosta.com.br\\\/wp-content\\\/uploads\\\/2022\\\/12\\\/piranhas.webp\",\"articleSection\":[\"Andan\u00e7as\",\"Cultura\"],\"inLanguage\":\"pt-BR\",\"potentialAction\":[{\"@type\":\"CommentAction\",\"name\":\"Comment\",\"target\":[\"https:\\\/\\\/blogdojoaocosta.com.br\\\/?p=175#respond\"]}]},{\"@type\":\"WebPage\",\"@id\":\"https:\\\/\\\/blogdojoaocosta.com.br\\\/?p=175\",\"url\":\"https:\\\/\\\/blogdojoaocosta.com.br\\\/?p=175\",\"name\":\"Piranhas vai sediar de 28 a 30 de julho o Cariri Canga\u00e7o: destacado evento sobre cultura nordestina - Blog do Jo\u00e3o Costa\",\"isPartOf\":{\"@id\":\"https:\\\/\\\/blogdojoaocosta.com.br\\\/#website\"},\"primaryImageOfPage\":{\"@id\":\"https:\\\/\\\/blogdojoaocosta.com.br\\\/?p=175#primaryimage\"},\"image\":{\"@id\":\"https:\\\/\\\/blogdojoaocosta.com.br\\\/?p=175#primaryimage\"},\"thumbnailUrl\":\"https:\\\/\\\/blogdojoaocosta.com.br\\\/wp-content\\\/uploads\\\/2022\\\/12\\\/piranhas.webp\",\"datePublished\":\"2022-07-24T20:58:20+00:00\",\"dateModified\":\"2022-12-15T20:58:39+00:00\",\"author\":{\"@id\":\"https:\\\/\\\/blogdojoaocosta.com.br\\\/#\\\/schema\\\/person\\\/af1c9fa31a41a9d29c32f74b41d55f6e\"},\"breadcrumb\":{\"@id\":\"https:\\\/\\\/blogdojoaocosta.com.br\\\/?p=175#breadcrumb\"},\"inLanguage\":\"pt-BR\",\"potentialAction\":[{\"@type\":\"ReadAction\",\"target\":[\"https:\\\/\\\/blogdojoaocosta.com.br\\\/?p=175\"]}]},{\"@type\":\"ImageObject\",\"inLanguage\":\"pt-BR\",\"@id\":\"https:\\\/\\\/blogdojoaocosta.com.br\\\/?p=175#primaryimage\",\"url\":\"https:\\\/\\\/blogdojoaocosta.com.br\\\/wp-content\\\/uploads\\\/2022\\\/12\\\/piranhas.webp\",\"contentUrl\":\"https:\\\/\\\/blogdojoaocosta.com.br\\\/wp-content\\\/uploads\\\/2022\\\/12\\\/piranhas.webp\",\"width\":582,\"height\":437},{\"@type\":\"BreadcrumbList\",\"@id\":\"https:\\\/\\\/blogdojoaocosta.com.br\\\/?p=175#breadcrumb\",\"itemListElement\":[{\"@type\":\"ListItem\",\"position\":1,\"name\":\"In\u00edcio\",\"item\":\"https:\\\/\\\/blogdojoaocosta.com.br\\\/\"},{\"@type\":\"ListItem\",\"position\":2,\"name\":\"Piranhas vai sediar de 28 a 30 de julho o Cariri Canga\u00e7o: destacado evento sobre cultura nordestina\"}]},{\"@type\":\"WebSite\",\"@id\":\"https:\\\/\\\/blogdojoaocosta.com.br\\\/#website\",\"url\":\"https:\\\/\\\/blogdojoaocosta.com.br\\\/\",\"name\":\"Blog do Jo\u00e3o Costa\",\"description\":\"Assim Caminha a Humanidade\",\"potentialAction\":[{\"@type\":\"SearchAction\",\"target\":{\"@type\":\"EntryPoint\",\"urlTemplate\":\"https:\\\/\\\/blogdojoaocosta.com.br\\\/?s={search_term_string}\"},\"query-input\":{\"@type\":\"PropertyValueSpecification\",\"valueRequired\":true,\"valueName\":\"search_term_string\"}}],\"inLanguage\":\"pt-BR\"},{\"@type\":\"Person\",\"@id\":\"https:\\\/\\\/blogdojoaocosta.com.br\\\/#\\\/schema\\\/person\\\/af1c9fa31a41a9d29c32f74b41d55f6e\",\"name\":\"joaocosta\",\"image\":{\"@type\":\"ImageObject\",\"inLanguage\":\"pt-BR\",\"@id\":\"https:\\\/\\\/secure.gravatar.com\\\/avatar\\\/677b6f1fc54e8c7982d7dce3cfe65fce28f898f70d9b8b631786a0b1b18b11e5?s=96&d=mm&r=g\",\"url\":\"https:\\\/\\\/secure.gravatar.com\\\/avatar\\\/677b6f1fc54e8c7982d7dce3cfe65fce28f898f70d9b8b631786a0b1b18b11e5?s=96&d=mm&r=g\",\"contentUrl\":\"https:\\\/\\\/secure.gravatar.com\\\/avatar\\\/677b6f1fc54e8c7982d7dce3cfe65fce28f898f70d9b8b631786a0b1b18b11e5?s=96&d=mm&r=g\",\"caption\":\"joaocosta\"},\"sameAs\":[\"http:\\\/\\\/blogdojoaocosta.com.br\"],\"url\":\"https:\\\/\\\/blogdojoaocosta.com.br\\\/?author=1\"}]}<\/script>\n<!-- \/ Yoast SEO plugin. -->","yoast_head_json":{"title":"Piranhas vai sediar de 28 a 30 de julho o Cariri Canga\u00e7o: destacado evento sobre cultura nordestina - Blog do Jo\u00e3o Costa","robots":{"index":"index","follow":"follow","max-snippet":"max-snippet:-1","max-image-preview":"max-image-preview:large","max-video-preview":"max-video-preview:-1"},"canonical":"https:\/\/blogdojoaocosta.com.br\/?p=175","og_locale":"pt_BR","og_type":"article","og_title":"Piranhas vai sediar de 28 a 30 de julho o Cariri Canga\u00e7o: destacado evento sobre cultura nordestina - Blog do Jo\u00e3o Costa","og_description":"Entre os dias 28 e 30 de julho, o munic\u00edpio de Piranhas(AL) vai sediar o Cariri Canga\u00e7o, \u201cevento de cunho tur\u00edstico-cultural e hist\u00f3rico-cient\u00edfico que re\u00fane alguns dos mais destacados pesquisadores e historiadores das tem\u00e1ticas; canga\u00e7o, coronelismo, misticismo, messianismo e correlatos ao sert\u00e3o e ao nordeste, do Brasil, configurando-se como o maior e mais respeitado evento [&hellip;]","og_url":"https:\/\/blogdojoaocosta.com.br\/?p=175","og_site_name":"Blog do Jo\u00e3o Costa","article_published_time":"2022-07-24T20:58:20+00:00","article_modified_time":"2022-12-15T20:58:39+00:00","og_image":[{"width":582,"height":437,"url":"https:\/\/blogdojoaocosta.com.br\/wp-content\/uploads\/2022\/12\/piranhas.webp","type":"image\/webp"}],"author":"joaocosta","twitter_card":"summary_large_image","twitter_misc":{"Escrito por":"joaocosta","Est. tempo de leitura":"4 minutos"},"schema":{"@context":"https:\/\/schema.org","@graph":[{"@type":"Article","@id":"https:\/\/blogdojoaocosta.com.br\/?p=175#article","isPartOf":{"@id":"https:\/\/blogdojoaocosta.com.br\/?p=175"},"author":{"name":"joaocosta","@id":"https:\/\/blogdojoaocosta.com.br\/#\/schema\/person\/af1c9fa31a41a9d29c32f74b41d55f6e"},"headline":"Piranhas vai sediar de 28 a 30 de julho o Cariri Canga\u00e7o: destacado evento sobre cultura nordestina","datePublished":"2022-07-24T20:58:20+00:00","dateModified":"2022-12-15T20:58:39+00:00","mainEntityOfPage":{"@id":"https:\/\/blogdojoaocosta.com.br\/?p=175"},"wordCount":685,"commentCount":0,"image":{"@id":"https:\/\/blogdojoaocosta.com.br\/?p=175#primaryimage"},"thumbnailUrl":"https:\/\/blogdojoaocosta.com.br\/wp-content\/uploads\/2022\/12\/piranhas.webp","articleSection":["Andan\u00e7as","Cultura"],"inLanguage":"pt-BR","potentialAction":[{"@type":"CommentAction","name":"Comment","target":["https:\/\/blogdojoaocosta.com.br\/?p=175#respond"]}]},{"@type":"WebPage","@id":"https:\/\/blogdojoaocosta.com.br\/?p=175","url":"https:\/\/blogdojoaocosta.com.br\/?p=175","name":"Piranhas vai sediar de 28 a 30 de julho o Cariri Canga\u00e7o: destacado evento sobre cultura nordestina - Blog do Jo\u00e3o Costa","isPartOf":{"@id":"https:\/\/blogdojoaocosta.com.br\/#website"},"primaryImageOfPage":{"@id":"https:\/\/blogdojoaocosta.com.br\/?p=175#primaryimage"},"image":{"@id":"https:\/\/blogdojoaocosta.com.br\/?p=175#primaryimage"},"thumbnailUrl":"https:\/\/blogdojoaocosta.com.br\/wp-content\/uploads\/2022\/12\/piranhas.webp","datePublished":"2022-07-24T20:58:20+00:00","dateModified":"2022-12-15T20:58:39+00:00","author":{"@id":"https:\/\/blogdojoaocosta.com.br\/#\/schema\/person\/af1c9fa31a41a9d29c32f74b41d55f6e"},"breadcrumb":{"@id":"https:\/\/blogdojoaocosta.com.br\/?p=175#breadcrumb"},"inLanguage":"pt-BR","potentialAction":[{"@type":"ReadAction","target":["https:\/\/blogdojoaocosta.com.br\/?p=175"]}]},{"@type":"ImageObject","inLanguage":"pt-BR","@id":"https:\/\/blogdojoaocosta.com.br\/?p=175#primaryimage","url":"https:\/\/blogdojoaocosta.com.br\/wp-content\/uploads\/2022\/12\/piranhas.webp","contentUrl":"https:\/\/blogdojoaocosta.com.br\/wp-content\/uploads\/2022\/12\/piranhas.webp","width":582,"height":437},{"@type":"BreadcrumbList","@id":"https:\/\/blogdojoaocosta.com.br\/?p=175#breadcrumb","itemListElement":[{"@type":"ListItem","position":1,"name":"In\u00edcio","item":"https:\/\/blogdojoaocosta.com.br\/"},{"@type":"ListItem","position":2,"name":"Piranhas vai sediar de 28 a 30 de julho o Cariri Canga\u00e7o: destacado evento sobre cultura nordestina"}]},{"@type":"WebSite","@id":"https:\/\/blogdojoaocosta.com.br\/#website","url":"https:\/\/blogdojoaocosta.com.br\/","name":"Blog do Jo\u00e3o Costa","description":"Assim Caminha a Humanidade","potentialAction":[{"@type":"SearchAction","target":{"@type":"EntryPoint","urlTemplate":"https:\/\/blogdojoaocosta.com.br\/?s={search_term_string}"},"query-input":{"@type":"PropertyValueSpecification","valueRequired":true,"valueName":"search_term_string"}}],"inLanguage":"pt-BR"},{"@type":"Person","@id":"https:\/\/blogdojoaocosta.com.br\/#\/schema\/person\/af1c9fa31a41a9d29c32f74b41d55f6e","name":"joaocosta","image":{"@type":"ImageObject","inLanguage":"pt-BR","@id":"https:\/\/secure.gravatar.com\/avatar\/677b6f1fc54e8c7982d7dce3cfe65fce28f898f70d9b8b631786a0b1b18b11e5?s=96&d=mm&r=g","url":"https:\/\/secure.gravatar.com\/avatar\/677b6f1fc54e8c7982d7dce3cfe65fce28f898f70d9b8b631786a0b1b18b11e5?s=96&d=mm&r=g","contentUrl":"https:\/\/secure.gravatar.com\/avatar\/677b6f1fc54e8c7982d7dce3cfe65fce28f898f70d9b8b631786a0b1b18b11e5?s=96&d=mm&r=g","caption":"joaocosta"},"sameAs":["http:\/\/blogdojoaocosta.com.br"],"url":"https:\/\/blogdojoaocosta.com.br\/?author=1"}]}},"_links":{"self":[{"href":"https:\/\/blogdojoaocosta.com.br\/index.php?rest_route=\/wp\/v2\/posts\/175","targetHints":{"allow":["GET"]}}],"collection":[{"href":"https:\/\/blogdojoaocosta.com.br\/index.php?rest_route=\/wp\/v2\/posts"}],"about":[{"href":"https:\/\/blogdojoaocosta.com.br\/index.php?rest_route=\/wp\/v2\/types\/post"}],"author":[{"embeddable":true,"href":"https:\/\/blogdojoaocosta.com.br\/index.php?rest_route=\/wp\/v2\/users\/1"}],"replies":[{"embeddable":true,"href":"https:\/\/blogdojoaocosta.com.br\/index.php?rest_route=%2Fwp%2Fv2%2Fcomments&post=175"}],"version-history":[{"count":1,"href":"https:\/\/blogdojoaocosta.com.br\/index.php?rest_route=\/wp\/v2\/posts\/175\/revisions"}],"predecessor-version":[{"id":177,"href":"https:\/\/blogdojoaocosta.com.br\/index.php?rest_route=\/wp\/v2\/posts\/175\/revisions\/177"}],"wp:featuredmedia":[{"embeddable":true,"href":"https:\/\/blogdojoaocosta.com.br\/index.php?rest_route=\/wp\/v2\/media\/176"}],"wp:attachment":[{"href":"https:\/\/blogdojoaocosta.com.br\/index.php?rest_route=%2Fwp%2Fv2%2Fmedia&parent=175"}],"wp:term":[{"taxonomy":"category","embeddable":true,"href":"https:\/\/blogdojoaocosta.com.br\/index.php?rest_route=%2Fwp%2Fv2%2Fcategories&post=175"},{"taxonomy":"post_tag","embeddable":true,"href":"https:\/\/blogdojoaocosta.com.br\/index.php?rest_route=%2Fwp%2Fv2%2Ftags&post=175"}],"curies":[{"name":"wp","href":"https:\/\/api.w.org\/{rel}","templated":true}]}}