{"id":1817,"date":"2024-01-07T12:00:58","date_gmt":"2024-01-07T15:00:58","guid":{"rendered":"https:\/\/blogdojoaocosta.com.br\/?p=1817"},"modified":"2024-01-07T12:00:58","modified_gmt":"2024-01-07T15:00:58","slug":"luizinho-barbosa-embaixador-da-cultura-popular-de-pombal","status":"publish","type":"post","link":"https:\/\/blogdojoaocosta.com.br\/?p=1817","title":{"rendered":"Luizinho Barbosa &#8211; embaixador da cultura popular de Pombal"},"content":{"rendered":"<p>Durante o lan\u00e7amento do livro \u201cFolclore Pombalence -Reisado, de autoria do produtor cultural e folclorista Luizinho Barbosa durante evento no Centro Cultural Banco do Nordeste, em Juazeiro do Norte (CE), realizado na quinta-feira(4), comprovou seu compromisso com a cultura popular e o folclore em simult\u00e2neo a uma apresenta\u00e7\u00e3o do Grupo de \u00a0Reisado da cidade paraibana<\/p>\n<p>Esse evento, realizado no Juazeiro, tem repercuss\u00e3o e impacta as manifesta\u00e7\u00f5es da cultura popular e do folclore no Pa\u00eds com a chancela do Centro Cultural Banco do Nordeste (CCBNB).<\/p>\n<p><img decoding=\"async\" class=\"alignnone size-medium wp-image-1819\" src=\"https:\/\/blogdojoaocosta.com.br\/wp-content\/uploads\/2024\/01\/Luizinho-emb-225x300.jpeg\" alt=\"\" width=\"225\" height=\"300\" srcset=\"https:\/\/blogdojoaocosta.com.br\/wp-content\/uploads\/2024\/01\/Luizinho-emb-225x300.jpeg 225w, https:\/\/blogdojoaocosta.com.br\/wp-content\/uploads\/2024\/01\/Luizinho-emb-768x1024.jpeg 768w, https:\/\/blogdojoaocosta.com.br\/wp-content\/uploads\/2024\/01\/Luizinho-emb.jpeg 960w\" sizes=\"(max-width: 225px) 100vw, 225px\" \/><\/p>\n<p><em><strong>Luizinho Barbosa(D) folclorista<\/strong><\/em><\/p>\n<p>Em suas redes sociais Luizinho informou que durante o evento no CCBNB, foram lan\u00e7ados mais tr\u00eas trabalhos liter\u00e1rios, fazendo a entrega ao CCBNB &#8211; Cariri &#8211;\u00a0 Juazeiro, dos livros \u201cUlisses Liberato &#8211; Um Cangaceiro a Servi\u00e7o do Major Jos\u00e9 In\u00e1cio do Barro\u201d (editora Ideia), de autoria dos irm\u00e3os pombalenses Jos\u00e9 Tavares e Jerdivan N\u00f3brega e \u201cAutobiografia, De Solha\u201d (Editora Arriba\u00e7\u00e3), de autoria de W. J. Solha, escritor paulista que se radicou em Pombal nos anos 1960 e uma outra publica\u00e7\u00e3o de autoria de Jos\u00e9 Ronaldo Leite.<\/p>\n<h2>Pujan\u00e7a liter\u00e1ria em Pombal<\/h2>\n<p>Pombal registra um momento pujante de publica\u00e7\u00f5es liter\u00e1rias. O livro \u201cUlysses Liberato\u201d de Jos\u00e9 Tavares e Jerdivan N\u00f3brega tem impactado historiadores e pesquisadores do canga\u00e7o e pol\u00edtica nas regi\u00f5es do Cariri Cearense e Sert\u00e3o da Para\u00edba por trazer \u00e0 luz aspectos e fatos dos conflitos sociais, banditismo rural e universo pol\u00edtico dos coron\u00e9is.<\/p>\n<p><img decoding=\"async\" class=\"alignnone size-medium wp-image-1820\" src=\"https:\/\/blogdojoaocosta.com.br\/wp-content\/uploads\/2024\/01\/Rei-apresenta-300x161.jpeg\" alt=\"\" width=\"300\" height=\"161\" srcset=\"https:\/\/blogdojoaocosta.com.br\/wp-content\/uploads\/2024\/01\/Rei-apresenta-300x161.jpeg 300w, https:\/\/blogdojoaocosta.com.br\/wp-content\/uploads\/2024\/01\/Rei-apresenta.jpeg 577w\" sizes=\"(max-width: 300px) 100vw, 300px\" \/><\/p>\n<p><em><strong>Reisado, de Pombal, em evento no Juazeiro<\/strong><\/em><\/p>\n<p><img decoding=\"async\" class=\"alignnone size-medium wp-image-1821\" src=\"https:\/\/blogdojoaocosta.com.br\/wp-content\/uploads\/2024\/01\/boii-reisadi-225x300.jpeg\" alt=\"\" width=\"225\" height=\"300\" srcset=\"https:\/\/blogdojoaocosta.com.br\/wp-content\/uploads\/2024\/01\/boii-reisadi-225x300.jpeg 225w, https:\/\/blogdojoaocosta.com.br\/wp-content\/uploads\/2024\/01\/boii-reisadi-768x1024.jpeg 768w, https:\/\/blogdojoaocosta.com.br\/wp-content\/uploads\/2024\/01\/boii-reisadi.jpeg 960w\" sizes=\"(max-width: 225px) 100vw, 225px\" \/><\/p>\n<p><em><strong>Reisado: a for\u00e7a da cultura popular<\/strong><\/em><\/p>\n<p><img decoding=\"async\" class=\"alignnone size-medium wp-image-1822\" src=\"https:\/\/blogdojoaocosta.com.br\/wp-content\/uploads\/2024\/01\/ULYSSE-l-191x300.jpeg\" alt=\"\" width=\"191\" height=\"300\" srcset=\"https:\/\/blogdojoaocosta.com.br\/wp-content\/uploads\/2024\/01\/ULYSSE-l-191x300.jpeg 191w, https:\/\/blogdojoaocosta.com.br\/wp-content\/uploads\/2024\/01\/ULYSSE-l-653x1024.jpeg 653w, https:\/\/blogdojoaocosta.com.br\/wp-content\/uploads\/2024\/01\/ULYSSE-l-768x1204.jpeg 768w, https:\/\/blogdojoaocosta.com.br\/wp-content\/uploads\/2024\/01\/ULYSSE-l.jpeg 899w\" sizes=\"(max-width: 191px) 100vw, 191px\" \/><\/p>\n<p><em><strong>Livro tamb\u00e9m tem lan\u00e7amento marcado em Catol\u00e9 do Rocha, durante evento do Cariri Canga\u00e7o<\/strong><\/em><\/p>\n<p>\u201cAutobiografia\u201d, do banc\u00e1rio aposentado, ator, cineasta, artista pl\u00e1stico e escritor Waldemar Jos\u00e9 Solha assinala a sua trajet\u00f3ria nos anos 1960\u00a0 a partir de S\u00e3o Paulo at\u00e9 sua perman\u00eancia social e de trabalho em Pombal, onde produziu e protagonizou o filme \u201cSal\u00e1rio da Morte\u201d, de autoria de Jos\u00e9 Bezerra Filho, 1\u00ba filme de longa metragem produzido na Para\u00edba, em 1970.<\/p>\n<p>&nbsp;<\/p>\n<p>&nbsp;<\/p>\n","protected":false},"excerpt":{"rendered":"<p>Durante o lan\u00e7amento do livro \u201cFolclore Pombalence -Reisado, de autoria do produtor cultural e folclorista Luizinho Barbosa durante evento no Centro Cultural Banco do Nordeste, em Juazeiro do Norte (CE), realizado na quinta-feira(4), comprovou seu compromisso com a cultura popular e o folclore em simult\u00e2neo a uma apresenta\u00e7\u00e3o do Grupo de \u00a0Reisado da cidade paraibana [&hellip;]<\/p>\n","protected":false},"author":1,"featured_media":1818,"comment_status":"open","ping_status":"open","sticky":false,"template":"","format":"standard","meta":{"footnotes":""},"categories":[6],"tags":[],"class_list":["post-1817","post","type-post","status-publish","format-standard","has-post-thumbnail","hentry","category-cultura"],"yoast_head":"<!-- This site is optimized with the Yoast SEO plugin v27.5 - https:\/\/yoast.com\/product\/yoast-seo-wordpress\/ -->\n<title>Luizinho Barbosa - embaixador da cultura popular de Pombal - Blog do Jo\u00e3o Costa<\/title>\n<meta name=\"robots\" content=\"index, follow, max-snippet:-1, max-image-preview:large, max-video-preview:-1\" \/>\n<link rel=\"canonical\" href=\"https:\/\/blogdojoaocosta.com.br\/?p=1817\" \/>\n<meta property=\"og:locale\" content=\"pt_BR\" \/>\n<meta property=\"og:type\" content=\"article\" \/>\n<meta property=\"og:title\" content=\"Luizinho Barbosa - embaixador da cultura popular de Pombal - Blog do Jo\u00e3o Costa\" \/>\n<meta property=\"og:description\" content=\"Durante o lan\u00e7amento do livro \u201cFolclore Pombalence -Reisado, de autoria do produtor cultural e folclorista Luizinho Barbosa durante evento no Centro Cultural Banco do Nordeste, em Juazeiro do Norte (CE), realizado na quinta-feira(4), comprovou seu compromisso com a cultura popular e o folclore em simult\u00e2neo a uma apresenta\u00e7\u00e3o do Grupo de \u00a0Reisado da cidade paraibana [&hellip;]\" \/>\n<meta property=\"og:url\" content=\"https:\/\/blogdojoaocosta.com.br\/?p=1817\" \/>\n<meta property=\"og:site_name\" content=\"Blog do Jo\u00e3o Costa\" \/>\n<meta property=\"article:published_time\" content=\"2024-01-07T15:00:58+00:00\" \/>\n<meta property=\"og:image\" content=\"https:\/\/blogdojoaocosta.com.br\/wp-content\/uploads\/2024\/01\/Rei-capa-boa-e1704638859147.jpeg\" \/>\n\t<meta property=\"og:image:width\" content=\"550\" \/>\n\t<meta property=\"og:image:height\" content=\"296\" \/>\n\t<meta property=\"og:image:type\" content=\"image\/jpeg\" \/>\n<meta name=\"author\" content=\"joaocosta\" \/>\n<meta name=\"twitter:card\" content=\"summary_large_image\" \/>\n<meta name=\"twitter:label1\" content=\"Escrito por\" \/>\n\t<meta name=\"twitter:data1\" content=\"joaocosta\" \/>\n\t<meta name=\"twitter:label2\" content=\"Est. tempo de leitura\" \/>\n\t<meta name=\"twitter:data2\" content=\"3 minutos\" \/>\n<script type=\"application\/ld+json\" class=\"yoast-schema-graph\">{\"@context\":\"https:\\\/\\\/schema.org\",\"@graph\":[{\"@type\":\"Article\",\"@id\":\"https:\\\/\\\/blogdojoaocosta.com.br\\\/?p=1817#article\",\"isPartOf\":{\"@id\":\"https:\\\/\\\/blogdojoaocosta.com.br\\\/?p=1817\"},\"author\":{\"name\":\"joaocosta\",\"@id\":\"https:\\\/\\\/blogdojoaocosta.com.br\\\/#\\\/schema\\\/person\\\/af1c9fa31a41a9d29c32f74b41d55f6e\"},\"headline\":\"Luizinho Barbosa &#8211; embaixador da cultura popular de Pombal\",\"datePublished\":\"2024-01-07T15:00:58+00:00\",\"mainEntityOfPage\":{\"@id\":\"https:\\\/\\\/blogdojoaocosta.com.br\\\/?p=1817\"},\"wordCount\":360,\"commentCount\":0,\"image\":{\"@id\":\"https:\\\/\\\/blogdojoaocosta.com.br\\\/?p=1817#primaryimage\"},\"thumbnailUrl\":\"https:\\\/\\\/blogdojoaocosta.com.br\\\/wp-content\\\/uploads\\\/2024\\\/01\\\/Rei-capa-boa-e1704638859147.jpeg\",\"articleSection\":[\"Cultura\"],\"inLanguage\":\"pt-BR\",\"potentialAction\":[{\"@type\":\"CommentAction\",\"name\":\"Comment\",\"target\":[\"https:\\\/\\\/blogdojoaocosta.com.br\\\/?p=1817#respond\"]}]},{\"@type\":\"WebPage\",\"@id\":\"https:\\\/\\\/blogdojoaocosta.com.br\\\/?p=1817\",\"url\":\"https:\\\/\\\/blogdojoaocosta.com.br\\\/?p=1817\",\"name\":\"Luizinho Barbosa - embaixador da cultura popular de Pombal - Blog do Jo\u00e3o Costa\",\"isPartOf\":{\"@id\":\"https:\\\/\\\/blogdojoaocosta.com.br\\\/#website\"},\"primaryImageOfPage\":{\"@id\":\"https:\\\/\\\/blogdojoaocosta.com.br\\\/?p=1817#primaryimage\"},\"image\":{\"@id\":\"https:\\\/\\\/blogdojoaocosta.com.br\\\/?p=1817#primaryimage\"},\"thumbnailUrl\":\"https:\\\/\\\/blogdojoaocosta.com.br\\\/wp-content\\\/uploads\\\/2024\\\/01\\\/Rei-capa-boa-e1704638859147.jpeg\",\"datePublished\":\"2024-01-07T15:00:58+00:00\",\"author\":{\"@id\":\"https:\\\/\\\/blogdojoaocosta.com.br\\\/#\\\/schema\\\/person\\\/af1c9fa31a41a9d29c32f74b41d55f6e\"},\"breadcrumb\":{\"@id\":\"https:\\\/\\\/blogdojoaocosta.com.br\\\/?p=1817#breadcrumb\"},\"inLanguage\":\"pt-BR\",\"potentialAction\":[{\"@type\":\"ReadAction\",\"target\":[\"https:\\\/\\\/blogdojoaocosta.com.br\\\/?p=1817\"]}]},{\"@type\":\"ImageObject\",\"inLanguage\":\"pt-BR\",\"@id\":\"https:\\\/\\\/blogdojoaocosta.com.br\\\/?p=1817#primaryimage\",\"url\":\"https:\\\/\\\/blogdojoaocosta.com.br\\\/wp-content\\\/uploads\\\/2024\\\/01\\\/Rei-capa-boa-e1704638859147.jpeg\",\"contentUrl\":\"https:\\\/\\\/blogdojoaocosta.com.br\\\/wp-content\\\/uploads\\\/2024\\\/01\\\/Rei-capa-boa-e1704638859147.jpeg\",\"width\":550,\"height\":296},{\"@type\":\"BreadcrumbList\",\"@id\":\"https:\\\/\\\/blogdojoaocosta.com.br\\\/?p=1817#breadcrumb\",\"itemListElement\":[{\"@type\":\"ListItem\",\"position\":1,\"name\":\"In\u00edcio\",\"item\":\"https:\\\/\\\/blogdojoaocosta.com.br\\\/\"},{\"@type\":\"ListItem\",\"position\":2,\"name\":\"Luizinho Barbosa &#8211; embaixador da cultura popular de Pombal\"}]},{\"@type\":\"WebSite\",\"@id\":\"https:\\\/\\\/blogdojoaocosta.com.br\\\/#website\",\"url\":\"https:\\\/\\\/blogdojoaocosta.com.br\\\/\",\"name\":\"Blog do Jo\u00e3o Costa\",\"description\":\"Assim Caminha a Humanidade\",\"potentialAction\":[{\"@type\":\"SearchAction\",\"target\":{\"@type\":\"EntryPoint\",\"urlTemplate\":\"https:\\\/\\\/blogdojoaocosta.com.br\\\/?s={search_term_string}\"},\"query-input\":{\"@type\":\"PropertyValueSpecification\",\"valueRequired\":true,\"valueName\":\"search_term_string\"}}],\"inLanguage\":\"pt-BR\"},{\"@type\":\"Person\",\"@id\":\"https:\\\/\\\/blogdojoaocosta.com.br\\\/#\\\/schema\\\/person\\\/af1c9fa31a41a9d29c32f74b41d55f6e\",\"name\":\"joaocosta\",\"image\":{\"@type\":\"ImageObject\",\"inLanguage\":\"pt-BR\",\"@id\":\"https:\\\/\\\/secure.gravatar.com\\\/avatar\\\/677b6f1fc54e8c7982d7dce3cfe65fce28f898f70d9b8b631786a0b1b18b11e5?s=96&d=mm&r=g\",\"url\":\"https:\\\/\\\/secure.gravatar.com\\\/avatar\\\/677b6f1fc54e8c7982d7dce3cfe65fce28f898f70d9b8b631786a0b1b18b11e5?s=96&d=mm&r=g\",\"contentUrl\":\"https:\\\/\\\/secure.gravatar.com\\\/avatar\\\/677b6f1fc54e8c7982d7dce3cfe65fce28f898f70d9b8b631786a0b1b18b11e5?s=96&d=mm&r=g\",\"caption\":\"joaocosta\"},\"sameAs\":[\"http:\\\/\\\/blogdojoaocosta.com.br\"],\"url\":\"https:\\\/\\\/blogdojoaocosta.com.br\\\/?author=1\"}]}<\/script>\n<!-- \/ Yoast SEO plugin. -->","yoast_head_json":{"title":"Luizinho Barbosa - embaixador da cultura popular de Pombal - Blog do Jo\u00e3o Costa","robots":{"index":"index","follow":"follow","max-snippet":"max-snippet:-1","max-image-preview":"max-image-preview:large","max-video-preview":"max-video-preview:-1"},"canonical":"https:\/\/blogdojoaocosta.com.br\/?p=1817","og_locale":"pt_BR","og_type":"article","og_title":"Luizinho Barbosa - embaixador da cultura popular de Pombal - Blog do Jo\u00e3o Costa","og_description":"Durante o lan\u00e7amento do livro \u201cFolclore Pombalence -Reisado, de autoria do produtor cultural e folclorista Luizinho Barbosa durante evento no Centro Cultural Banco do Nordeste, em Juazeiro do Norte (CE), realizado na quinta-feira(4), comprovou seu compromisso com a cultura popular e o folclore em simult\u00e2neo a uma apresenta\u00e7\u00e3o do Grupo de \u00a0Reisado da cidade paraibana [&hellip;]","og_url":"https:\/\/blogdojoaocosta.com.br\/?p=1817","og_site_name":"Blog do Jo\u00e3o Costa","article_published_time":"2024-01-07T15:00:58+00:00","og_image":[{"width":550,"height":296,"url":"https:\/\/blogdojoaocosta.com.br\/wp-content\/uploads\/2024\/01\/Rei-capa-boa-e1704638859147.jpeg","type":"image\/jpeg"}],"author":"joaocosta","twitter_card":"summary_large_image","twitter_misc":{"Escrito por":"joaocosta","Est. tempo de leitura":"3 minutos"},"schema":{"@context":"https:\/\/schema.org","@graph":[{"@type":"Article","@id":"https:\/\/blogdojoaocosta.com.br\/?p=1817#article","isPartOf":{"@id":"https:\/\/blogdojoaocosta.com.br\/?p=1817"},"author":{"name":"joaocosta","@id":"https:\/\/blogdojoaocosta.com.br\/#\/schema\/person\/af1c9fa31a41a9d29c32f74b41d55f6e"},"headline":"Luizinho Barbosa &#8211; embaixador da cultura popular de Pombal","datePublished":"2024-01-07T15:00:58+00:00","mainEntityOfPage":{"@id":"https:\/\/blogdojoaocosta.com.br\/?p=1817"},"wordCount":360,"commentCount":0,"image":{"@id":"https:\/\/blogdojoaocosta.com.br\/?p=1817#primaryimage"},"thumbnailUrl":"https:\/\/blogdojoaocosta.com.br\/wp-content\/uploads\/2024\/01\/Rei-capa-boa-e1704638859147.jpeg","articleSection":["Cultura"],"inLanguage":"pt-BR","potentialAction":[{"@type":"CommentAction","name":"Comment","target":["https:\/\/blogdojoaocosta.com.br\/?p=1817#respond"]}]},{"@type":"WebPage","@id":"https:\/\/blogdojoaocosta.com.br\/?p=1817","url":"https:\/\/blogdojoaocosta.com.br\/?p=1817","name":"Luizinho Barbosa - embaixador da cultura popular de Pombal - Blog do Jo\u00e3o Costa","isPartOf":{"@id":"https:\/\/blogdojoaocosta.com.br\/#website"},"primaryImageOfPage":{"@id":"https:\/\/blogdojoaocosta.com.br\/?p=1817#primaryimage"},"image":{"@id":"https:\/\/blogdojoaocosta.com.br\/?p=1817#primaryimage"},"thumbnailUrl":"https:\/\/blogdojoaocosta.com.br\/wp-content\/uploads\/2024\/01\/Rei-capa-boa-e1704638859147.jpeg","datePublished":"2024-01-07T15:00:58+00:00","author":{"@id":"https:\/\/blogdojoaocosta.com.br\/#\/schema\/person\/af1c9fa31a41a9d29c32f74b41d55f6e"},"breadcrumb":{"@id":"https:\/\/blogdojoaocosta.com.br\/?p=1817#breadcrumb"},"inLanguage":"pt-BR","potentialAction":[{"@type":"ReadAction","target":["https:\/\/blogdojoaocosta.com.br\/?p=1817"]}]},{"@type":"ImageObject","inLanguage":"pt-BR","@id":"https:\/\/blogdojoaocosta.com.br\/?p=1817#primaryimage","url":"https:\/\/blogdojoaocosta.com.br\/wp-content\/uploads\/2024\/01\/Rei-capa-boa-e1704638859147.jpeg","contentUrl":"https:\/\/blogdojoaocosta.com.br\/wp-content\/uploads\/2024\/01\/Rei-capa-boa-e1704638859147.jpeg","width":550,"height":296},{"@type":"BreadcrumbList","@id":"https:\/\/blogdojoaocosta.com.br\/?p=1817#breadcrumb","itemListElement":[{"@type":"ListItem","position":1,"name":"In\u00edcio","item":"https:\/\/blogdojoaocosta.com.br\/"},{"@type":"ListItem","position":2,"name":"Luizinho Barbosa &#8211; embaixador da cultura popular de Pombal"}]},{"@type":"WebSite","@id":"https:\/\/blogdojoaocosta.com.br\/#website","url":"https:\/\/blogdojoaocosta.com.br\/","name":"Blog do Jo\u00e3o Costa","description":"Assim Caminha a Humanidade","potentialAction":[{"@type":"SearchAction","target":{"@type":"EntryPoint","urlTemplate":"https:\/\/blogdojoaocosta.com.br\/?s={search_term_string}"},"query-input":{"@type":"PropertyValueSpecification","valueRequired":true,"valueName":"search_term_string"}}],"inLanguage":"pt-BR"},{"@type":"Person","@id":"https:\/\/blogdojoaocosta.com.br\/#\/schema\/person\/af1c9fa31a41a9d29c32f74b41d55f6e","name":"joaocosta","image":{"@type":"ImageObject","inLanguage":"pt-BR","@id":"https:\/\/secure.gravatar.com\/avatar\/677b6f1fc54e8c7982d7dce3cfe65fce28f898f70d9b8b631786a0b1b18b11e5?s=96&d=mm&r=g","url":"https:\/\/secure.gravatar.com\/avatar\/677b6f1fc54e8c7982d7dce3cfe65fce28f898f70d9b8b631786a0b1b18b11e5?s=96&d=mm&r=g","contentUrl":"https:\/\/secure.gravatar.com\/avatar\/677b6f1fc54e8c7982d7dce3cfe65fce28f898f70d9b8b631786a0b1b18b11e5?s=96&d=mm&r=g","caption":"joaocosta"},"sameAs":["http:\/\/blogdojoaocosta.com.br"],"url":"https:\/\/blogdojoaocosta.com.br\/?author=1"}]}},"_links":{"self":[{"href":"https:\/\/blogdojoaocosta.com.br\/index.php?rest_route=\/wp\/v2\/posts\/1817","targetHints":{"allow":["GET"]}}],"collection":[{"href":"https:\/\/blogdojoaocosta.com.br\/index.php?rest_route=\/wp\/v2\/posts"}],"about":[{"href":"https:\/\/blogdojoaocosta.com.br\/index.php?rest_route=\/wp\/v2\/types\/post"}],"author":[{"embeddable":true,"href":"https:\/\/blogdojoaocosta.com.br\/index.php?rest_route=\/wp\/v2\/users\/1"}],"replies":[{"embeddable":true,"href":"https:\/\/blogdojoaocosta.com.br\/index.php?rest_route=%2Fwp%2Fv2%2Fcomments&post=1817"}],"version-history":[{"count":1,"href":"https:\/\/blogdojoaocosta.com.br\/index.php?rest_route=\/wp\/v2\/posts\/1817\/revisions"}],"predecessor-version":[{"id":1823,"href":"https:\/\/blogdojoaocosta.com.br\/index.php?rest_route=\/wp\/v2\/posts\/1817\/revisions\/1823"}],"wp:featuredmedia":[{"embeddable":true,"href":"https:\/\/blogdojoaocosta.com.br\/index.php?rest_route=\/wp\/v2\/media\/1818"}],"wp:attachment":[{"href":"https:\/\/blogdojoaocosta.com.br\/index.php?rest_route=%2Fwp%2Fv2%2Fmedia&parent=1817"}],"wp:term":[{"taxonomy":"category","embeddable":true,"href":"https:\/\/blogdojoaocosta.com.br\/index.php?rest_route=%2Fwp%2Fv2%2Fcategories&post=1817"},{"taxonomy":"post_tag","embeddable":true,"href":"https:\/\/blogdojoaocosta.com.br\/index.php?rest_route=%2Fwp%2Fv2%2Ftags&post=1817"}],"curies":[{"name":"wp","href":"https:\/\/api.w.org\/{rel}","templated":true}]}}