{"id":1892,"date":"2024-02-14T09:21:54","date_gmt":"2024-02-14T12:21:54","guid":{"rendered":"https:\/\/blogdojoaocosta.com.br\/?p=1892"},"modified":"2024-02-14T09:21:54","modified_gmt":"2024-02-14T12:21:54","slug":"almirante-negro-exaltado-como-heroi-nacional-na-sapucai","status":"publish","type":"post","link":"https:\/\/blogdojoaocosta.com.br\/?p=1892","title":{"rendered":"&#8220;Almirante Negro&#8221;, exaltado como her\u00f3i nacional na Sapuca\u00ed"},"content":{"rendered":"<p>Segundo mat\u00e9ria do site G1 e outros portais do Sudeste A Escola de Samba Para\u00edso do Tuiuti empolgou o carnaval de 2024 ao contar a hist\u00f3ria do marinheiro Jo\u00e3o Candido, o Almirante Negro, l\u00edder da Revolta da Chibata, em 1910.<\/p>\n<p>O objetivo do enredo, segundo o carnavalesco Jack Vasconcelos, foi\u00a0<strong>refor\u00e7ar o nome do homenageado como um grande her\u00f3i do povo brasileiro.<\/strong><\/p>\n<p>Hist\u00f3ria &#8211; Jo\u00e3o C\u00e2ndido lutou contra as\u00a0agress\u00f5es a chibatadas aplicadas contra os marinheiros, que eram, na sua maioria, negros. Para o pesquisador Ant\u00f4nio Bica, autor do livro &#8220;Jo\u00e3o C\u00e2ndido \u2013 O her\u00f3i negro de Encruzilhada do Sul&#8221;, o militar foi um exemplo de bravura.<\/p>\n<p>&#8220;Ele foi um her\u00f3i em todos os sentidos, a bravura dele. Foi um absurdo para a branquitude um negro pobre parar o pa\u00eds&#8221;, afirma.<\/p>\n<p>&#8220;Esse homem viu o sofrimento dos irm\u00e3os.\u00a0Eles botavam a corda e enchiam de agulhas.\u00a0Pegavam eles, atavam num tronco e davam uma &#8216;tunda&#8217;. J\u00e1 fazia tempo que tinha passado a escravatura e eles permaneciam escravizados&#8221;, conta Bica.<\/p>\n<p>Na Revolta da Chibata, os marinheiros tomaram navios e apontaram os canh\u00f5es para o Rio de Janeiro. O governo se comprometeu a acabar com os castigos e a anistiar os revoltosos. No entanto, C\u00e2ndido foi expulso da Marinha e preso.<\/p>\n<p><img decoding=\"async\" class=\"alignnone size-medium wp-image-1894\" src=\"https:\/\/blogdojoaocosta.com.br\/wp-content\/uploads\/2024\/02\/joao-candidobia-300x169.jpg\" alt=\"\" width=\"300\" height=\"169\" srcset=\"https:\/\/blogdojoaocosta.com.br\/wp-content\/uploads\/2024\/02\/joao-candidobia-300x169.jpg 300w, https:\/\/blogdojoaocosta.com.br\/wp-content\/uploads\/2024\/02\/joao-candidobia-768x432.jpg 768w, https:\/\/blogdojoaocosta.com.br\/wp-content\/uploads\/2024\/02\/joao-candidobia.jpg 900w\" sizes=\"(max-width: 300px) 100vw, 300px\" \/><\/p>\n<p><em><strong>Jo\u00e3o Candido, o &#8220;Almirante Negro&#8221;<\/strong><\/em><\/p>\n<h2>Marinha \u00e9 contra tornar C\u00e2ndido her\u00f3i da P\u00e1tria<\/h2>\n<p>&#8211; Em outubro de 2023, o Senado j\u00e1 havia tentando aprovar a homenagem, mas o senador Izalci Lucas (PSDB-DF) solicitou vista, a pedido da Marinha, para &#8220;melhor conhecimento da mat\u00e9ria&#8221;. Lucas votou favoravelmente \u00e0 homenagem, mas leu uma nota na qual a Marinha diz considerar que o movimento n\u00e3o pode ser avaliado como &#8220;um ato de bravura&#8221; nem de &#8220;car\u00e1ter humanit\u00e1rio&#8221;.<br \/>\n&#8220;A revolta dos marinheiros de 1910 foi, de fato, um acontecimento triste na hist\u00f3ria do Pa\u00eds. Todos os envolvidos, dentre eles a Marinha, setores do governo, os revoltosos e outras institui\u00e7\u00f5es tiveram culpas e omiss\u00f5es. Mas reconhecer erros n\u00e3o justifica avalizar outros e, por conseguinte, exaltar as a\u00e7\u00f5es dos revoltosos&#8221;, argumenta a institui\u00e7\u00e3o.<\/p>\n<p>Agora \u00e9 com o Senado, que tem maioria formada por pol\u00edticos que se consideram \u201cconservadores\u201d.<\/p>\n<p>Fotos capturadas da TV e de arquivo hist\u00f3rico<\/p>\n<p>&nbsp;<\/p>\n<p>&nbsp;<\/p>\n","protected":false},"excerpt":{"rendered":"<p>Segundo mat\u00e9ria do site G1 e outros portais do Sudeste A Escola de Samba Para\u00edso do Tuiuti empolgou o carnaval de 2024 ao contar a hist\u00f3ria do marinheiro Jo\u00e3o Candido, o Almirante Negro, l\u00edder da Revolta da Chibata, em 1910. O objetivo do enredo, segundo o carnavalesco Jack Vasconcelos, foi\u00a0refor\u00e7ar o nome do homenageado como [&hellip;]<\/p>\n","protected":false},"author":1,"featured_media":1893,"comment_status":"open","ping_status":"open","sticky":false,"template":"","format":"standard","meta":{"footnotes":""},"categories":[1],"tags":[],"class_list":["post-1892","post","type-post","status-publish","format-standard","has-post-thumbnail","hentry","category-entretenimento"],"yoast_head":"<!-- This site is optimized with the Yoast SEO plugin v27.5 - https:\/\/yoast.com\/product\/yoast-seo-wordpress\/ -->\n<title>&quot;Almirante Negro&quot;, exaltado como her\u00f3i nacional na Sapuca\u00ed - Blog do Jo\u00e3o Costa<\/title>\n<meta name=\"robots\" content=\"index, follow, max-snippet:-1, max-image-preview:large, max-video-preview:-1\" \/>\n<link rel=\"canonical\" href=\"https:\/\/blogdojoaocosta.com.br\/?p=1892\" \/>\n<meta property=\"og:locale\" content=\"pt_BR\" \/>\n<meta property=\"og:type\" content=\"article\" \/>\n<meta property=\"og:title\" content=\"&quot;Almirante Negro&quot;, exaltado como her\u00f3i nacional na Sapuca\u00ed - Blog do Jo\u00e3o Costa\" \/>\n<meta property=\"og:description\" content=\"Segundo mat\u00e9ria do site G1 e outros portais do Sudeste A Escola de Samba Para\u00edso do Tuiuti empolgou o carnaval de 2024 ao contar a hist\u00f3ria do marinheiro Jo\u00e3o Candido, o Almirante Negro, l\u00edder da Revolta da Chibata, em 1910. O objetivo do enredo, segundo o carnavalesco Jack Vasconcelos, foi\u00a0refor\u00e7ar o nome do homenageado como [&hellip;]\" \/>\n<meta property=\"og:url\" content=\"https:\/\/blogdojoaocosta.com.br\/?p=1892\" \/>\n<meta property=\"og:site_name\" content=\"Blog do Jo\u00e3o Costa\" \/>\n<meta property=\"article:published_time\" content=\"2024-02-14T12:21:54+00:00\" \/>\n<meta property=\"og:image\" content=\"https:\/\/blogdojoaocosta.com.br\/wp-content\/uploads\/2024\/02\/almirNTE-2.png\" \/>\n\t<meta property=\"og:image:width\" content=\"380\" \/>\n\t<meta property=\"og:image:height\" content=\"219\" \/>\n\t<meta property=\"og:image:type\" content=\"image\/png\" \/>\n<meta name=\"author\" content=\"joaocosta\" \/>\n<meta name=\"twitter:card\" content=\"summary_large_image\" \/>\n<meta name=\"twitter:label1\" content=\"Escrito por\" \/>\n\t<meta name=\"twitter:data1\" content=\"joaocosta\" \/>\n\t<meta name=\"twitter:label2\" content=\"Est. tempo de leitura\" \/>\n\t<meta name=\"twitter:data2\" content=\"3 minutos\" \/>\n<script type=\"application\/ld+json\" class=\"yoast-schema-graph\">{\"@context\":\"https:\\\/\\\/schema.org\",\"@graph\":[{\"@type\":\"Article\",\"@id\":\"https:\\\/\\\/blogdojoaocosta.com.br\\\/?p=1892#article\",\"isPartOf\":{\"@id\":\"https:\\\/\\\/blogdojoaocosta.com.br\\\/?p=1892\"},\"author\":{\"name\":\"joaocosta\",\"@id\":\"https:\\\/\\\/blogdojoaocosta.com.br\\\/#\\\/schema\\\/person\\\/af1c9fa31a41a9d29c32f74b41d55f6e\"},\"headline\":\"&#8220;Almirante Negro&#8221;, exaltado como her\u00f3i nacional na Sapuca\u00ed\",\"datePublished\":\"2024-02-14T12:21:54+00:00\",\"mainEntityOfPage\":{\"@id\":\"https:\\\/\\\/blogdojoaocosta.com.br\\\/?p=1892\"},\"wordCount\":399,\"commentCount\":0,\"image\":{\"@id\":\"https:\\\/\\\/blogdojoaocosta.com.br\\\/?p=1892#primaryimage\"},\"thumbnailUrl\":\"https:\\\/\\\/blogdojoaocosta.com.br\\\/wp-content\\\/uploads\\\/2024\\\/02\\\/almirNTE-2.png\",\"articleSection\":[\"Entretenimento\"],\"inLanguage\":\"pt-BR\",\"potentialAction\":[{\"@type\":\"CommentAction\",\"name\":\"Comment\",\"target\":[\"https:\\\/\\\/blogdojoaocosta.com.br\\\/?p=1892#respond\"]}]},{\"@type\":\"WebPage\",\"@id\":\"https:\\\/\\\/blogdojoaocosta.com.br\\\/?p=1892\",\"url\":\"https:\\\/\\\/blogdojoaocosta.com.br\\\/?p=1892\",\"name\":\"\\\"Almirante Negro\\\", exaltado como her\u00f3i nacional na Sapuca\u00ed - Blog do Jo\u00e3o Costa\",\"isPartOf\":{\"@id\":\"https:\\\/\\\/blogdojoaocosta.com.br\\\/#website\"},\"primaryImageOfPage\":{\"@id\":\"https:\\\/\\\/blogdojoaocosta.com.br\\\/?p=1892#primaryimage\"},\"image\":{\"@id\":\"https:\\\/\\\/blogdojoaocosta.com.br\\\/?p=1892#primaryimage\"},\"thumbnailUrl\":\"https:\\\/\\\/blogdojoaocosta.com.br\\\/wp-content\\\/uploads\\\/2024\\\/02\\\/almirNTE-2.png\",\"datePublished\":\"2024-02-14T12:21:54+00:00\",\"author\":{\"@id\":\"https:\\\/\\\/blogdojoaocosta.com.br\\\/#\\\/schema\\\/person\\\/af1c9fa31a41a9d29c32f74b41d55f6e\"},\"breadcrumb\":{\"@id\":\"https:\\\/\\\/blogdojoaocosta.com.br\\\/?p=1892#breadcrumb\"},\"inLanguage\":\"pt-BR\",\"potentialAction\":[{\"@type\":\"ReadAction\",\"target\":[\"https:\\\/\\\/blogdojoaocosta.com.br\\\/?p=1892\"]}]},{\"@type\":\"ImageObject\",\"inLanguage\":\"pt-BR\",\"@id\":\"https:\\\/\\\/blogdojoaocosta.com.br\\\/?p=1892#primaryimage\",\"url\":\"https:\\\/\\\/blogdojoaocosta.com.br\\\/wp-content\\\/uploads\\\/2024\\\/02\\\/almirNTE-2.png\",\"contentUrl\":\"https:\\\/\\\/blogdojoaocosta.com.br\\\/wp-content\\\/uploads\\\/2024\\\/02\\\/almirNTE-2.png\",\"width\":380,\"height\":219},{\"@type\":\"BreadcrumbList\",\"@id\":\"https:\\\/\\\/blogdojoaocosta.com.br\\\/?p=1892#breadcrumb\",\"itemListElement\":[{\"@type\":\"ListItem\",\"position\":1,\"name\":\"In\u00edcio\",\"item\":\"https:\\\/\\\/blogdojoaocosta.com.br\\\/\"},{\"@type\":\"ListItem\",\"position\":2,\"name\":\"&#8220;Almirante Negro&#8221;, exaltado como her\u00f3i nacional na Sapuca\u00ed\"}]},{\"@type\":\"WebSite\",\"@id\":\"https:\\\/\\\/blogdojoaocosta.com.br\\\/#website\",\"url\":\"https:\\\/\\\/blogdojoaocosta.com.br\\\/\",\"name\":\"Blog do Jo\u00e3o Costa\",\"description\":\"Assim Caminha a Humanidade\",\"potentialAction\":[{\"@type\":\"SearchAction\",\"target\":{\"@type\":\"EntryPoint\",\"urlTemplate\":\"https:\\\/\\\/blogdojoaocosta.com.br\\\/?s={search_term_string}\"},\"query-input\":{\"@type\":\"PropertyValueSpecification\",\"valueRequired\":true,\"valueName\":\"search_term_string\"}}],\"inLanguage\":\"pt-BR\"},{\"@type\":\"Person\",\"@id\":\"https:\\\/\\\/blogdojoaocosta.com.br\\\/#\\\/schema\\\/person\\\/af1c9fa31a41a9d29c32f74b41d55f6e\",\"name\":\"joaocosta\",\"image\":{\"@type\":\"ImageObject\",\"inLanguage\":\"pt-BR\",\"@id\":\"https:\\\/\\\/secure.gravatar.com\\\/avatar\\\/677b6f1fc54e8c7982d7dce3cfe65fce28f898f70d9b8b631786a0b1b18b11e5?s=96&d=mm&r=g\",\"url\":\"https:\\\/\\\/secure.gravatar.com\\\/avatar\\\/677b6f1fc54e8c7982d7dce3cfe65fce28f898f70d9b8b631786a0b1b18b11e5?s=96&d=mm&r=g\",\"contentUrl\":\"https:\\\/\\\/secure.gravatar.com\\\/avatar\\\/677b6f1fc54e8c7982d7dce3cfe65fce28f898f70d9b8b631786a0b1b18b11e5?s=96&d=mm&r=g\",\"caption\":\"joaocosta\"},\"sameAs\":[\"http:\\\/\\\/blogdojoaocosta.com.br\"],\"url\":\"https:\\\/\\\/blogdojoaocosta.com.br\\\/?author=1\"}]}<\/script>\n<!-- \/ Yoast SEO plugin. -->","yoast_head_json":{"title":"\"Almirante Negro\", exaltado como her\u00f3i nacional na Sapuca\u00ed - Blog do Jo\u00e3o Costa","robots":{"index":"index","follow":"follow","max-snippet":"max-snippet:-1","max-image-preview":"max-image-preview:large","max-video-preview":"max-video-preview:-1"},"canonical":"https:\/\/blogdojoaocosta.com.br\/?p=1892","og_locale":"pt_BR","og_type":"article","og_title":"\"Almirante Negro\", exaltado como her\u00f3i nacional na Sapuca\u00ed - Blog do Jo\u00e3o Costa","og_description":"Segundo mat\u00e9ria do site G1 e outros portais do Sudeste A Escola de Samba Para\u00edso do Tuiuti empolgou o carnaval de 2024 ao contar a hist\u00f3ria do marinheiro Jo\u00e3o Candido, o Almirante Negro, l\u00edder da Revolta da Chibata, em 1910. O objetivo do enredo, segundo o carnavalesco Jack Vasconcelos, foi\u00a0refor\u00e7ar o nome do homenageado como [&hellip;]","og_url":"https:\/\/blogdojoaocosta.com.br\/?p=1892","og_site_name":"Blog do Jo\u00e3o Costa","article_published_time":"2024-02-14T12:21:54+00:00","og_image":[{"width":380,"height":219,"url":"https:\/\/blogdojoaocosta.com.br\/wp-content\/uploads\/2024\/02\/almirNTE-2.png","type":"image\/png"}],"author":"joaocosta","twitter_card":"summary_large_image","twitter_misc":{"Escrito por":"joaocosta","Est. tempo de leitura":"3 minutos"},"schema":{"@context":"https:\/\/schema.org","@graph":[{"@type":"Article","@id":"https:\/\/blogdojoaocosta.com.br\/?p=1892#article","isPartOf":{"@id":"https:\/\/blogdojoaocosta.com.br\/?p=1892"},"author":{"name":"joaocosta","@id":"https:\/\/blogdojoaocosta.com.br\/#\/schema\/person\/af1c9fa31a41a9d29c32f74b41d55f6e"},"headline":"&#8220;Almirante Negro&#8221;, exaltado como her\u00f3i nacional na Sapuca\u00ed","datePublished":"2024-02-14T12:21:54+00:00","mainEntityOfPage":{"@id":"https:\/\/blogdojoaocosta.com.br\/?p=1892"},"wordCount":399,"commentCount":0,"image":{"@id":"https:\/\/blogdojoaocosta.com.br\/?p=1892#primaryimage"},"thumbnailUrl":"https:\/\/blogdojoaocosta.com.br\/wp-content\/uploads\/2024\/02\/almirNTE-2.png","articleSection":["Entretenimento"],"inLanguage":"pt-BR","potentialAction":[{"@type":"CommentAction","name":"Comment","target":["https:\/\/blogdojoaocosta.com.br\/?p=1892#respond"]}]},{"@type":"WebPage","@id":"https:\/\/blogdojoaocosta.com.br\/?p=1892","url":"https:\/\/blogdojoaocosta.com.br\/?p=1892","name":"\"Almirante Negro\", exaltado como her\u00f3i nacional na Sapuca\u00ed - Blog do Jo\u00e3o Costa","isPartOf":{"@id":"https:\/\/blogdojoaocosta.com.br\/#website"},"primaryImageOfPage":{"@id":"https:\/\/blogdojoaocosta.com.br\/?p=1892#primaryimage"},"image":{"@id":"https:\/\/blogdojoaocosta.com.br\/?p=1892#primaryimage"},"thumbnailUrl":"https:\/\/blogdojoaocosta.com.br\/wp-content\/uploads\/2024\/02\/almirNTE-2.png","datePublished":"2024-02-14T12:21:54+00:00","author":{"@id":"https:\/\/blogdojoaocosta.com.br\/#\/schema\/person\/af1c9fa31a41a9d29c32f74b41d55f6e"},"breadcrumb":{"@id":"https:\/\/blogdojoaocosta.com.br\/?p=1892#breadcrumb"},"inLanguage":"pt-BR","potentialAction":[{"@type":"ReadAction","target":["https:\/\/blogdojoaocosta.com.br\/?p=1892"]}]},{"@type":"ImageObject","inLanguage":"pt-BR","@id":"https:\/\/blogdojoaocosta.com.br\/?p=1892#primaryimage","url":"https:\/\/blogdojoaocosta.com.br\/wp-content\/uploads\/2024\/02\/almirNTE-2.png","contentUrl":"https:\/\/blogdojoaocosta.com.br\/wp-content\/uploads\/2024\/02\/almirNTE-2.png","width":380,"height":219},{"@type":"BreadcrumbList","@id":"https:\/\/blogdojoaocosta.com.br\/?p=1892#breadcrumb","itemListElement":[{"@type":"ListItem","position":1,"name":"In\u00edcio","item":"https:\/\/blogdojoaocosta.com.br\/"},{"@type":"ListItem","position":2,"name":"&#8220;Almirante Negro&#8221;, exaltado como her\u00f3i nacional na Sapuca\u00ed"}]},{"@type":"WebSite","@id":"https:\/\/blogdojoaocosta.com.br\/#website","url":"https:\/\/blogdojoaocosta.com.br\/","name":"Blog do Jo\u00e3o Costa","description":"Assim Caminha a Humanidade","potentialAction":[{"@type":"SearchAction","target":{"@type":"EntryPoint","urlTemplate":"https:\/\/blogdojoaocosta.com.br\/?s={search_term_string}"},"query-input":{"@type":"PropertyValueSpecification","valueRequired":true,"valueName":"search_term_string"}}],"inLanguage":"pt-BR"},{"@type":"Person","@id":"https:\/\/blogdojoaocosta.com.br\/#\/schema\/person\/af1c9fa31a41a9d29c32f74b41d55f6e","name":"joaocosta","image":{"@type":"ImageObject","inLanguage":"pt-BR","@id":"https:\/\/secure.gravatar.com\/avatar\/677b6f1fc54e8c7982d7dce3cfe65fce28f898f70d9b8b631786a0b1b18b11e5?s=96&d=mm&r=g","url":"https:\/\/secure.gravatar.com\/avatar\/677b6f1fc54e8c7982d7dce3cfe65fce28f898f70d9b8b631786a0b1b18b11e5?s=96&d=mm&r=g","contentUrl":"https:\/\/secure.gravatar.com\/avatar\/677b6f1fc54e8c7982d7dce3cfe65fce28f898f70d9b8b631786a0b1b18b11e5?s=96&d=mm&r=g","caption":"joaocosta"},"sameAs":["http:\/\/blogdojoaocosta.com.br"],"url":"https:\/\/blogdojoaocosta.com.br\/?author=1"}]}},"_links":{"self":[{"href":"https:\/\/blogdojoaocosta.com.br\/index.php?rest_route=\/wp\/v2\/posts\/1892","targetHints":{"allow":["GET"]}}],"collection":[{"href":"https:\/\/blogdojoaocosta.com.br\/index.php?rest_route=\/wp\/v2\/posts"}],"about":[{"href":"https:\/\/blogdojoaocosta.com.br\/index.php?rest_route=\/wp\/v2\/types\/post"}],"author":[{"embeddable":true,"href":"https:\/\/blogdojoaocosta.com.br\/index.php?rest_route=\/wp\/v2\/users\/1"}],"replies":[{"embeddable":true,"href":"https:\/\/blogdojoaocosta.com.br\/index.php?rest_route=%2Fwp%2Fv2%2Fcomments&post=1892"}],"version-history":[{"count":1,"href":"https:\/\/blogdojoaocosta.com.br\/index.php?rest_route=\/wp\/v2\/posts\/1892\/revisions"}],"predecessor-version":[{"id":1895,"href":"https:\/\/blogdojoaocosta.com.br\/index.php?rest_route=\/wp\/v2\/posts\/1892\/revisions\/1895"}],"wp:featuredmedia":[{"embeddable":true,"href":"https:\/\/blogdojoaocosta.com.br\/index.php?rest_route=\/wp\/v2\/media\/1893"}],"wp:attachment":[{"href":"https:\/\/blogdojoaocosta.com.br\/index.php?rest_route=%2Fwp%2Fv2%2Fmedia&parent=1892"}],"wp:term":[{"taxonomy":"category","embeddable":true,"href":"https:\/\/blogdojoaocosta.com.br\/index.php?rest_route=%2Fwp%2Fv2%2Fcategories&post=1892"},{"taxonomy":"post_tag","embeddable":true,"href":"https:\/\/blogdojoaocosta.com.br\/index.php?rest_route=%2Fwp%2Fv2%2Ftags&post=1892"}],"curies":[{"name":"wp","href":"https:\/\/api.w.org\/{rel}","templated":true}]}}