{"id":1965,"date":"2024-04-01T09:25:02","date_gmt":"2024-04-01T12:25:02","guid":{"rendered":"https:\/\/blogdojoaocosta.com.br\/?p=1965"},"modified":"2024-04-01T09:33:44","modified_gmt":"2024-04-01T12:33:44","slug":"apos-60-anos-do-golpe-militar-de-64-ameacas-a-democracia-persistem","status":"publish","type":"post","link":"https:\/\/blogdojoaocosta.com.br\/?p=1965","title":{"rendered":"Ap\u00f3s 60 anos do Golpe Militar de 64, amea\u00e7as \u00e0 democracia persistem"},"content":{"rendered":"<p>Em 31 de mar\u00e7o de 1964, a derrubada do presidente Jo\u00e3o Goulart deu in\u00edcio a sucessivos governos militares no Brasil, que duraria\u00a0at\u00e9 1985. Em 13 de dezembro de 1968, o regime decretou o AI-5 (Ato Institucional n\u00famero 5), que recrudesceu a viol\u00eancia da ditadura contra advers\u00e1rios; torturas, assassinatos, desaparecimentos de civis foram as consequ\u00eancias.<\/p>\n<p>A democracia se reestabeleceu com a Constituinte de 1988, mas em 2013 come\u00e7ou seu esgar\u00e7amento; pois o que vivemos \u00e9 uma democracia de elei\u00e7\u00f5es, de poucas inclus\u00f5es, apesar dos avan\u00e7os.<\/p>\n<p>Desde 2014 as amea\u00e7as \u00e0 democracia recrudesceram, o pa\u00eds flertou e ainda flerta com o fascismo e com a implanta\u00e7\u00e3o de um regime totalit\u00e1rio; o avan\u00e7o da extrema direita no Brasil resultou no governo do tenente Messias, um mau militar, que de forma confusa foi exclu\u00eddo do pr\u00f3prio Ex\u00e9rcito nos anos 1980, mas se elegeu presidente em 2018 e, promoveu diversas tentativas de golpe de estado.<\/p>\n<p>Ao final do seu governo tentou colocar em xeque a lisura das elei\u00e7\u00f5es, em seguida as for\u00e7as pol\u00edticas que o apoiam tentaram impedir a posse do presidente eleito, Luiz In\u00e1cio Lula da Silva, culminando com a depreda\u00e7\u00e3o da Pra\u00e7a dos Tr\u00eas Poderes, em 08 de janeiro deste ano numa manobra de setores da extrema direita no Ex\u00e9rcito e na Pol\u00edcia Militar do Distrito Federal.<\/p>\n<p>N\u00e3o s\u00f3 o Ex\u00e9rcito, mas parcela da sociedade debitam \u00e0s for\u00e7as armadas o papel de moderador da sociedade; conceito que est\u00e1 sendo revisto pelo Supremo Tribunal Federal.<\/p>\n<p>O Plen\u00e1rio do Supremo Tribunal Federal come\u00e7ou a julgar na sexta-feira (29\/3), em sess\u00e3o virtual, uma a\u00e7\u00e3o direta de inconstitucionalidade na qual o Partido Democr\u00e1tico Trabalhista (PDT) contesta interpreta\u00e7\u00f5es que permitem a atua\u00e7\u00e3o das For\u00e7as Armadas como um poder moderador entre o Executivo, o Legislativo e o Judici\u00e1rio ou a interven\u00e7\u00e3o dos militares nesses poderes.<\/p>\n<p><img decoding=\"async\" class=\"alignnone size-medium wp-image-1967\" src=\"https:\/\/blogdojoaocosta.com.br\/wp-content\/uploads\/2024\/04\/atos-8-de-janeiro-300x179.webp\" alt=\"\" width=\"300\" height=\"179\" srcset=\"https:\/\/blogdojoaocosta.com.br\/wp-content\/uploads\/2024\/04\/atos-8-de-janeiro-300x179.webp 300w, https:\/\/blogdojoaocosta.com.br\/wp-content\/uploads\/2024\/04\/atos-8-de-janeiro-1024x613.webp 1024w, https:\/\/blogdojoaocosta.com.br\/wp-content\/uploads\/2024\/04\/atos-8-de-janeiro-768x459.webp 768w, https:\/\/blogdojoaocosta.com.br\/wp-content\/uploads\/2024\/04\/atos-8-de-janeiro.webp 1170w\" sizes=\"(max-width: 300px) 100vw, 300px\" \/><\/p>\n<p><em><strong>8\/01: fac\u00e7\u00f5es da extrema direita atacaram e depredaram pr\u00e9dios das institui\u00e7\u00f5es\u00a0<\/strong><\/em><\/p>\n<p>A sess\u00e3o se encerrar\u00e1 no pr\u00f3ximo dia 8. At\u00e9 o momento, os \u00fanicos votos apresentados foram dos ministros Luiz Fux (relator da mat\u00e9ria) e Lu\u00eds Roberto Barroso, que atenderam de forma parcial aos pedidos do partido.<\/p>\n<p>O Pa\u00eds pouco ou quase nada aprendeu com a Ditadura Militar. Turbul\u00eancias e novas tentativas de golpe s\u00e3o poss\u00edveis. Sabe-se que o Ex\u00e9rcito e a FAB n\u00e3o aderiram \u00e0 tentativa recente de Golpe, a Marinha aderiu. Sabe-se tamb\u00e9m, que as for\u00e7as armadas n\u00e3o tiveram o aval do Departamento de Estados dos EUA para a realiza\u00e7\u00e3o do golpe.<\/p>\n<p>Os partidos de extrema direita se consolidaram nos cultos das igrejas evang\u00e9licas. Sua atua\u00e7\u00e3o \u00e9 vis\u00edvel nas Assembleias legislativas e C\u00e2maras municipais, nas pol\u00edcias militares dos estados e em inst\u00e2ncias do Judici\u00e1rio.<\/p>\n<p>A amea\u00e7a \u00e0 democracia no Brasil ainda n\u00e3o passou.<\/p>\n<p>Imagens Ag\u00eancia Brasil<\/p>\n<p>&nbsp;<\/p>\n<p>&nbsp;<\/p>\n","protected":false},"excerpt":{"rendered":"<p>Em 31 de mar\u00e7o de 1964, a derrubada do presidente Jo\u00e3o Goulart deu in\u00edcio a sucessivos governos militares no Brasil, que duraria\u00a0at\u00e9 1985. Em 13 de dezembro de 1968, o regime decretou o AI-5 (Ato Institucional n\u00famero 5), que recrudesceu a viol\u00eancia da ditadura contra advers\u00e1rios; torturas, assassinatos, desaparecimentos de civis foram as consequ\u00eancias. A [&hellip;]<\/p>\n","protected":false},"author":1,"featured_media":1966,"comment_status":"open","ping_status":"open","sticky":false,"template":"","format":"standard","meta":{"footnotes":""},"categories":[16],"tags":[],"class_list":["post-1965","post","type-post","status-publish","format-standard","has-post-thumbnail","hentry","category-opiniao"],"yoast_head":"<!-- This site is optimized with the Yoast SEO plugin v27.5 - https:\/\/yoast.com\/product\/yoast-seo-wordpress\/ -->\n<title>Ap\u00f3s 60 anos do Golpe Militar de 64, amea\u00e7as \u00e0 democracia persistem - Blog do Jo\u00e3o Costa<\/title>\n<meta name=\"robots\" content=\"index, follow, max-snippet:-1, max-image-preview:large, max-video-preview:-1\" \/>\n<link rel=\"canonical\" href=\"https:\/\/blogdojoaocosta.com.br\/?p=1965\" \/>\n<meta property=\"og:locale\" content=\"pt_BR\" \/>\n<meta property=\"og:type\" content=\"article\" \/>\n<meta property=\"og:title\" content=\"Ap\u00f3s 60 anos do Golpe Militar de 64, amea\u00e7as \u00e0 democracia persistem - Blog do Jo\u00e3o Costa\" \/>\n<meta property=\"og:description\" content=\"Em 31 de mar\u00e7o de 1964, a derrubada do presidente Jo\u00e3o Goulart deu in\u00edcio a sucessivos governos militares no Brasil, que duraria\u00a0at\u00e9 1985. Em 13 de dezembro de 1968, o regime decretou o AI-5 (Ato Institucional n\u00famero 5), que recrudesceu a viol\u00eancia da ditadura contra advers\u00e1rios; torturas, assassinatos, desaparecimentos de civis foram as consequ\u00eancias. A [&hellip;]\" \/>\n<meta property=\"og:url\" content=\"https:\/\/blogdojoaocosta.com.br\/?p=1965\" \/>\n<meta property=\"og:site_name\" content=\"Blog do Jo\u00e3o Costa\" \/>\n<meta property=\"article:published_time\" content=\"2024-04-01T12:25:02+00:00\" \/>\n<meta property=\"article:modified_time\" content=\"2024-04-01T12:33:44+00:00\" \/>\n<meta property=\"og:image\" content=\"https:\/\/blogdojoaocosta.com.br\/wp-content\/uploads\/2024\/04\/ditadura-assassina-e1711974118865.webp\" \/>\n\t<meta property=\"og:image:width\" content=\"550\" \/>\n\t<meta property=\"og:image:height\" content=\"421\" \/>\n\t<meta property=\"og:image:type\" content=\"image\/webp\" \/>\n<meta name=\"author\" content=\"joaocosta\" \/>\n<meta name=\"twitter:card\" content=\"summary_large_image\" \/>\n<meta name=\"twitter:label1\" content=\"Escrito por\" \/>\n\t<meta name=\"twitter:data1\" content=\"joaocosta\" \/>\n\t<meta name=\"twitter:label2\" content=\"Est. tempo de leitura\" \/>\n\t<meta name=\"twitter:data2\" content=\"3 minutos\" \/>\n<script type=\"application\/ld+json\" class=\"yoast-schema-graph\">{\"@context\":\"https:\\\/\\\/schema.org\",\"@graph\":[{\"@type\":\"Article\",\"@id\":\"https:\\\/\\\/blogdojoaocosta.com.br\\\/?p=1965#article\",\"isPartOf\":{\"@id\":\"https:\\\/\\\/blogdojoaocosta.com.br\\\/?p=1965\"},\"author\":{\"name\":\"joaocosta\",\"@id\":\"https:\\\/\\\/blogdojoaocosta.com.br\\\/#\\\/schema\\\/person\\\/af1c9fa31a41a9d29c32f74b41d55f6e\"},\"headline\":\"Ap\u00f3s 60 anos do Golpe Militar de 64, amea\u00e7as \u00e0 democracia persistem\",\"datePublished\":\"2024-04-01T12:25:02+00:00\",\"dateModified\":\"2024-04-01T12:33:44+00:00\",\"mainEntityOfPage\":{\"@id\":\"https:\\\/\\\/blogdojoaocosta.com.br\\\/?p=1965\"},\"wordCount\":507,\"commentCount\":1,\"image\":{\"@id\":\"https:\\\/\\\/blogdojoaocosta.com.br\\\/?p=1965#primaryimage\"},\"thumbnailUrl\":\"https:\\\/\\\/blogdojoaocosta.com.br\\\/wp-content\\\/uploads\\\/2024\\\/04\\\/ditadura-assassina-e1711974118865.webp\",\"articleSection\":[\"Opini\u00e3o\"],\"inLanguage\":\"pt-BR\",\"potentialAction\":[{\"@type\":\"CommentAction\",\"name\":\"Comment\",\"target\":[\"https:\\\/\\\/blogdojoaocosta.com.br\\\/?p=1965#respond\"]}]},{\"@type\":\"WebPage\",\"@id\":\"https:\\\/\\\/blogdojoaocosta.com.br\\\/?p=1965\",\"url\":\"https:\\\/\\\/blogdojoaocosta.com.br\\\/?p=1965\",\"name\":\"Ap\u00f3s 60 anos do Golpe Militar de 64, amea\u00e7as \u00e0 democracia persistem - Blog do Jo\u00e3o Costa\",\"isPartOf\":{\"@id\":\"https:\\\/\\\/blogdojoaocosta.com.br\\\/#website\"},\"primaryImageOfPage\":{\"@id\":\"https:\\\/\\\/blogdojoaocosta.com.br\\\/?p=1965#primaryimage\"},\"image\":{\"@id\":\"https:\\\/\\\/blogdojoaocosta.com.br\\\/?p=1965#primaryimage\"},\"thumbnailUrl\":\"https:\\\/\\\/blogdojoaocosta.com.br\\\/wp-content\\\/uploads\\\/2024\\\/04\\\/ditadura-assassina-e1711974118865.webp\",\"datePublished\":\"2024-04-01T12:25:02+00:00\",\"dateModified\":\"2024-04-01T12:33:44+00:00\",\"author\":{\"@id\":\"https:\\\/\\\/blogdojoaocosta.com.br\\\/#\\\/schema\\\/person\\\/af1c9fa31a41a9d29c32f74b41d55f6e\"},\"breadcrumb\":{\"@id\":\"https:\\\/\\\/blogdojoaocosta.com.br\\\/?p=1965#breadcrumb\"},\"inLanguage\":\"pt-BR\",\"potentialAction\":[{\"@type\":\"ReadAction\",\"target\":[\"https:\\\/\\\/blogdojoaocosta.com.br\\\/?p=1965\"]}]},{\"@type\":\"ImageObject\",\"inLanguage\":\"pt-BR\",\"@id\":\"https:\\\/\\\/blogdojoaocosta.com.br\\\/?p=1965#primaryimage\",\"url\":\"https:\\\/\\\/blogdojoaocosta.com.br\\\/wp-content\\\/uploads\\\/2024\\\/04\\\/ditadura-assassina-e1711974118865.webp\",\"contentUrl\":\"https:\\\/\\\/blogdojoaocosta.com.br\\\/wp-content\\\/uploads\\\/2024\\\/04\\\/ditadura-assassina-e1711974118865.webp\",\"width\":550,\"height\":421},{\"@type\":\"BreadcrumbList\",\"@id\":\"https:\\\/\\\/blogdojoaocosta.com.br\\\/?p=1965#breadcrumb\",\"itemListElement\":[{\"@type\":\"ListItem\",\"position\":1,\"name\":\"In\u00edcio\",\"item\":\"https:\\\/\\\/blogdojoaocosta.com.br\\\/\"},{\"@type\":\"ListItem\",\"position\":2,\"name\":\"Ap\u00f3s 60 anos do Golpe Militar de 64, amea\u00e7as \u00e0 democracia persistem\"}]},{\"@type\":\"WebSite\",\"@id\":\"https:\\\/\\\/blogdojoaocosta.com.br\\\/#website\",\"url\":\"https:\\\/\\\/blogdojoaocosta.com.br\\\/\",\"name\":\"Blog do Jo\u00e3o Costa\",\"description\":\"Assim Caminha a Humanidade\",\"potentialAction\":[{\"@type\":\"SearchAction\",\"target\":{\"@type\":\"EntryPoint\",\"urlTemplate\":\"https:\\\/\\\/blogdojoaocosta.com.br\\\/?s={search_term_string}\"},\"query-input\":{\"@type\":\"PropertyValueSpecification\",\"valueRequired\":true,\"valueName\":\"search_term_string\"}}],\"inLanguage\":\"pt-BR\"},{\"@type\":\"Person\",\"@id\":\"https:\\\/\\\/blogdojoaocosta.com.br\\\/#\\\/schema\\\/person\\\/af1c9fa31a41a9d29c32f74b41d55f6e\",\"name\":\"joaocosta\",\"image\":{\"@type\":\"ImageObject\",\"inLanguage\":\"pt-BR\",\"@id\":\"https:\\\/\\\/secure.gravatar.com\\\/avatar\\\/677b6f1fc54e8c7982d7dce3cfe65fce28f898f70d9b8b631786a0b1b18b11e5?s=96&d=mm&r=g\",\"url\":\"https:\\\/\\\/secure.gravatar.com\\\/avatar\\\/677b6f1fc54e8c7982d7dce3cfe65fce28f898f70d9b8b631786a0b1b18b11e5?s=96&d=mm&r=g\",\"contentUrl\":\"https:\\\/\\\/secure.gravatar.com\\\/avatar\\\/677b6f1fc54e8c7982d7dce3cfe65fce28f898f70d9b8b631786a0b1b18b11e5?s=96&d=mm&r=g\",\"caption\":\"joaocosta\"},\"sameAs\":[\"http:\\\/\\\/blogdojoaocosta.com.br\"],\"url\":\"https:\\\/\\\/blogdojoaocosta.com.br\\\/?author=1\"}]}<\/script>\n<!-- \/ Yoast SEO plugin. -->","yoast_head_json":{"title":"Ap\u00f3s 60 anos do Golpe Militar de 64, amea\u00e7as \u00e0 democracia persistem - Blog do Jo\u00e3o Costa","robots":{"index":"index","follow":"follow","max-snippet":"max-snippet:-1","max-image-preview":"max-image-preview:large","max-video-preview":"max-video-preview:-1"},"canonical":"https:\/\/blogdojoaocosta.com.br\/?p=1965","og_locale":"pt_BR","og_type":"article","og_title":"Ap\u00f3s 60 anos do Golpe Militar de 64, amea\u00e7as \u00e0 democracia persistem - Blog do Jo\u00e3o Costa","og_description":"Em 31 de mar\u00e7o de 1964, a derrubada do presidente Jo\u00e3o Goulart deu in\u00edcio a sucessivos governos militares no Brasil, que duraria\u00a0at\u00e9 1985. Em 13 de dezembro de 1968, o regime decretou o AI-5 (Ato Institucional n\u00famero 5), que recrudesceu a viol\u00eancia da ditadura contra advers\u00e1rios; torturas, assassinatos, desaparecimentos de civis foram as consequ\u00eancias. A [&hellip;]","og_url":"https:\/\/blogdojoaocosta.com.br\/?p=1965","og_site_name":"Blog do Jo\u00e3o Costa","article_published_time":"2024-04-01T12:25:02+00:00","article_modified_time":"2024-04-01T12:33:44+00:00","og_image":[{"width":550,"height":421,"url":"https:\/\/blogdojoaocosta.com.br\/wp-content\/uploads\/2024\/04\/ditadura-assassina-e1711974118865.webp","type":"image\/webp"}],"author":"joaocosta","twitter_card":"summary_large_image","twitter_misc":{"Escrito por":"joaocosta","Est. tempo de leitura":"3 minutos"},"schema":{"@context":"https:\/\/schema.org","@graph":[{"@type":"Article","@id":"https:\/\/blogdojoaocosta.com.br\/?p=1965#article","isPartOf":{"@id":"https:\/\/blogdojoaocosta.com.br\/?p=1965"},"author":{"name":"joaocosta","@id":"https:\/\/blogdojoaocosta.com.br\/#\/schema\/person\/af1c9fa31a41a9d29c32f74b41d55f6e"},"headline":"Ap\u00f3s 60 anos do Golpe Militar de 64, amea\u00e7as \u00e0 democracia persistem","datePublished":"2024-04-01T12:25:02+00:00","dateModified":"2024-04-01T12:33:44+00:00","mainEntityOfPage":{"@id":"https:\/\/blogdojoaocosta.com.br\/?p=1965"},"wordCount":507,"commentCount":1,"image":{"@id":"https:\/\/blogdojoaocosta.com.br\/?p=1965#primaryimage"},"thumbnailUrl":"https:\/\/blogdojoaocosta.com.br\/wp-content\/uploads\/2024\/04\/ditadura-assassina-e1711974118865.webp","articleSection":["Opini\u00e3o"],"inLanguage":"pt-BR","potentialAction":[{"@type":"CommentAction","name":"Comment","target":["https:\/\/blogdojoaocosta.com.br\/?p=1965#respond"]}]},{"@type":"WebPage","@id":"https:\/\/blogdojoaocosta.com.br\/?p=1965","url":"https:\/\/blogdojoaocosta.com.br\/?p=1965","name":"Ap\u00f3s 60 anos do Golpe Militar de 64, amea\u00e7as \u00e0 democracia persistem - Blog do Jo\u00e3o Costa","isPartOf":{"@id":"https:\/\/blogdojoaocosta.com.br\/#website"},"primaryImageOfPage":{"@id":"https:\/\/blogdojoaocosta.com.br\/?p=1965#primaryimage"},"image":{"@id":"https:\/\/blogdojoaocosta.com.br\/?p=1965#primaryimage"},"thumbnailUrl":"https:\/\/blogdojoaocosta.com.br\/wp-content\/uploads\/2024\/04\/ditadura-assassina-e1711974118865.webp","datePublished":"2024-04-01T12:25:02+00:00","dateModified":"2024-04-01T12:33:44+00:00","author":{"@id":"https:\/\/blogdojoaocosta.com.br\/#\/schema\/person\/af1c9fa31a41a9d29c32f74b41d55f6e"},"breadcrumb":{"@id":"https:\/\/blogdojoaocosta.com.br\/?p=1965#breadcrumb"},"inLanguage":"pt-BR","potentialAction":[{"@type":"ReadAction","target":["https:\/\/blogdojoaocosta.com.br\/?p=1965"]}]},{"@type":"ImageObject","inLanguage":"pt-BR","@id":"https:\/\/blogdojoaocosta.com.br\/?p=1965#primaryimage","url":"https:\/\/blogdojoaocosta.com.br\/wp-content\/uploads\/2024\/04\/ditadura-assassina-e1711974118865.webp","contentUrl":"https:\/\/blogdojoaocosta.com.br\/wp-content\/uploads\/2024\/04\/ditadura-assassina-e1711974118865.webp","width":550,"height":421},{"@type":"BreadcrumbList","@id":"https:\/\/blogdojoaocosta.com.br\/?p=1965#breadcrumb","itemListElement":[{"@type":"ListItem","position":1,"name":"In\u00edcio","item":"https:\/\/blogdojoaocosta.com.br\/"},{"@type":"ListItem","position":2,"name":"Ap\u00f3s 60 anos do Golpe Militar de 64, amea\u00e7as \u00e0 democracia persistem"}]},{"@type":"WebSite","@id":"https:\/\/blogdojoaocosta.com.br\/#website","url":"https:\/\/blogdojoaocosta.com.br\/","name":"Blog do Jo\u00e3o Costa","description":"Assim Caminha a Humanidade","potentialAction":[{"@type":"SearchAction","target":{"@type":"EntryPoint","urlTemplate":"https:\/\/blogdojoaocosta.com.br\/?s={search_term_string}"},"query-input":{"@type":"PropertyValueSpecification","valueRequired":true,"valueName":"search_term_string"}}],"inLanguage":"pt-BR"},{"@type":"Person","@id":"https:\/\/blogdojoaocosta.com.br\/#\/schema\/person\/af1c9fa31a41a9d29c32f74b41d55f6e","name":"joaocosta","image":{"@type":"ImageObject","inLanguage":"pt-BR","@id":"https:\/\/secure.gravatar.com\/avatar\/677b6f1fc54e8c7982d7dce3cfe65fce28f898f70d9b8b631786a0b1b18b11e5?s=96&d=mm&r=g","url":"https:\/\/secure.gravatar.com\/avatar\/677b6f1fc54e8c7982d7dce3cfe65fce28f898f70d9b8b631786a0b1b18b11e5?s=96&d=mm&r=g","contentUrl":"https:\/\/secure.gravatar.com\/avatar\/677b6f1fc54e8c7982d7dce3cfe65fce28f898f70d9b8b631786a0b1b18b11e5?s=96&d=mm&r=g","caption":"joaocosta"},"sameAs":["http:\/\/blogdojoaocosta.com.br"],"url":"https:\/\/blogdojoaocosta.com.br\/?author=1"}]}},"_links":{"self":[{"href":"https:\/\/blogdojoaocosta.com.br\/index.php?rest_route=\/wp\/v2\/posts\/1965","targetHints":{"allow":["GET"]}}],"collection":[{"href":"https:\/\/blogdojoaocosta.com.br\/index.php?rest_route=\/wp\/v2\/posts"}],"about":[{"href":"https:\/\/blogdojoaocosta.com.br\/index.php?rest_route=\/wp\/v2\/types\/post"}],"author":[{"embeddable":true,"href":"https:\/\/blogdojoaocosta.com.br\/index.php?rest_route=\/wp\/v2\/users\/1"}],"replies":[{"embeddable":true,"href":"https:\/\/blogdojoaocosta.com.br\/index.php?rest_route=%2Fwp%2Fv2%2Fcomments&post=1965"}],"version-history":[{"count":2,"href":"https:\/\/blogdojoaocosta.com.br\/index.php?rest_route=\/wp\/v2\/posts\/1965\/revisions"}],"predecessor-version":[{"id":1969,"href":"https:\/\/blogdojoaocosta.com.br\/index.php?rest_route=\/wp\/v2\/posts\/1965\/revisions\/1969"}],"wp:featuredmedia":[{"embeddable":true,"href":"https:\/\/blogdojoaocosta.com.br\/index.php?rest_route=\/wp\/v2\/media\/1966"}],"wp:attachment":[{"href":"https:\/\/blogdojoaocosta.com.br\/index.php?rest_route=%2Fwp%2Fv2%2Fmedia&parent=1965"}],"wp:term":[{"taxonomy":"category","embeddable":true,"href":"https:\/\/blogdojoaocosta.com.br\/index.php?rest_route=%2Fwp%2Fv2%2Fcategories&post=1965"},{"taxonomy":"post_tag","embeddable":true,"href":"https:\/\/blogdojoaocosta.com.br\/index.php?rest_route=%2Fwp%2Fv2%2Ftags&post=1965"}],"curies":[{"name":"wp","href":"https:\/\/api.w.org\/{rel}","templated":true}]}}