{"id":2191,"date":"2024-06-17T13:52:46","date_gmt":"2024-06-17T16:52:46","guid":{"rendered":"https:\/\/blogdojoaocosta.com.br\/?p=2191"},"modified":"2024-06-17T13:52:46","modified_gmt":"2024-06-17T16:52:46","slug":"pulso-exposicao-de-chico-pereira-e-flavio-tavares-e-atracao-na-fcja","status":"publish","type":"post","link":"https:\/\/blogdojoaocosta.com.br\/?p=2191","title":{"rendered":"Pulso: exposi\u00e7\u00e3o de Chico Pereira e Fl\u00e1vio Tavares \u00e9 atra\u00e7\u00e3o na FCJA"},"content":{"rendered":"<p>\u201cFeira de Campina Grande\u201d \u00e9 o tema da exposi\u00e7\u00e3o dos artistas pl\u00e1sticos Chico Pereira e Fl\u00e1vio Tavares na Funda\u00e7\u00e3o Casa de Jos\u00e9 Am\u00e9rico, praia de Cabo Brancos, Jo\u00e3o Pessoa.<\/p>\n<p>A exposi\u00e7\u00e3o dos pain\u00e9is de Chico Pereira e Fl\u00e1vio Tavares promovida pela FCJA \u00e9 patrocinada pela TV Cabo Branco e R\u00e1dio CBN, que integram a Rede Para\u00edba de Comunica\u00e7\u00e3o.<\/p>\n<p>As pinturas dos dois artistas s\u00e3o alusivas ao tema do livro \u2018Feira de Campina Grande\u2019 \u2013 obra que foi patrocinada pela Secretaria de Turismo e Desenvolvimento Econ\u00f4mico (Setde) do governo da Para\u00edba, com apoio da Federa\u00e7\u00e3o do Com\u00e9rcio de Bens e de Servi\u00e7os do Estado da Para\u00edba (Fecom\u00e9rcio-PB) e do Servi\u00e7o Brasileiro de Apoio \u00e0s Micro e Pequenas Empresas na Para\u00edba (Sebrae-PB).<\/p>\n<p>O livro \u2018Feira de Campina Grande \u2013 um museu vivo da cultura popular\u2019, lan\u00e7ado em junho do ano passado como edi\u00e7\u00e3o comemorativa do 36\u00ba Sal\u00e3o do Artesanato Paraibano, em Campina Grande, mostra o cotidiano da Feira de Campina Grande por meio dos tra\u00e7os (ilustra\u00e7\u00f5es) do artista pl\u00e1stico pessoense Fl\u00e1vio Tavares e de Chico Pereira.<\/p>\n<p>Vale a pena conferir<\/p>\n<div style=\"width: 640px;\" class=\"wp-video\"><video class=\"wp-video-shortcode\" id=\"video-2191-1\" width=\"640\" height=\"359\" preload=\"metadata\" controls=\"controls\"><source type=\"video\/mp4\" src=\"https:\/\/blogdojoaocosta.com.br\/wp-content\/uploads\/2024\/06\/video-expo.mp4?_=1\" \/><a href=\"https:\/\/blogdojoaocosta.com.br\/wp-content\/uploads\/2024\/06\/video-expo.mp4\">https:\/\/blogdojoaocosta.com.br\/wp-content\/uploads\/2024\/06\/video-expo.mp4<\/a><\/video><\/div>\n<p>&nbsp;<\/p>\n","protected":false},"excerpt":{"rendered":"<p>\u201cFeira de Campina Grande\u201d \u00e9 o tema da exposi\u00e7\u00e3o dos artistas pl\u00e1sticos Chico Pereira e Fl\u00e1vio Tavares na Funda\u00e7\u00e3o Casa de Jos\u00e9 Am\u00e9rico, praia de Cabo Brancos, Jo\u00e3o Pessoa. A exposi\u00e7\u00e3o dos pain\u00e9is de Chico Pereira e Fl\u00e1vio Tavares promovida pela FCJA \u00e9 patrocinada pela TV Cabo Branco e R\u00e1dio CBN, que integram a Rede [&hellip;]<\/p>\n","protected":false},"author":1,"featured_media":2192,"comment_status":"open","ping_status":"open","sticky":false,"template":"","format":"standard","meta":{"footnotes":""},"categories":[1],"tags":[],"class_list":["post-2191","post","type-post","status-publish","format-standard","has-post-thumbnail","hentry","category-entretenimento"],"yoast_head":"<!-- This site is optimized with the Yoast SEO plugin v27.5 - https:\/\/yoast.com\/product\/yoast-seo-wordpress\/ -->\n<title>Pulso: exposi\u00e7\u00e3o de Chico Pereira e Fl\u00e1vio Tavares \u00e9 atra\u00e7\u00e3o na FCJA - Blog do Jo\u00e3o Costa<\/title>\n<meta name=\"robots\" content=\"index, follow, max-snippet:-1, max-image-preview:large, max-video-preview:-1\" \/>\n<link rel=\"canonical\" href=\"https:\/\/blogdojoaocosta.com.br\/?p=2191\" \/>\n<meta property=\"og:locale\" content=\"pt_BR\" \/>\n<meta property=\"og:type\" content=\"article\" \/>\n<meta property=\"og:title\" content=\"Pulso: exposi\u00e7\u00e3o de Chico Pereira e Fl\u00e1vio Tavares \u00e9 atra\u00e7\u00e3o na FCJA - Blog do Jo\u00e3o Costa\" \/>\n<meta property=\"og:description\" content=\"\u201cFeira de Campina Grande\u201d \u00e9 o tema da exposi\u00e7\u00e3o dos artistas pl\u00e1sticos Chico Pereira e Fl\u00e1vio Tavares na Funda\u00e7\u00e3o Casa de Jos\u00e9 Am\u00e9rico, praia de Cabo Brancos, Jo\u00e3o Pessoa. A exposi\u00e7\u00e3o dos pain\u00e9is de Chico Pereira e Fl\u00e1vio Tavares promovida pela FCJA \u00e9 patrocinada pela TV Cabo Branco e R\u00e1dio CBN, que integram a Rede [&hellip;]\" \/>\n<meta property=\"og:url\" content=\"https:\/\/blogdojoaocosta.com.br\/?p=2191\" \/>\n<meta property=\"og:site_name\" content=\"Blog do Jo\u00e3o Costa\" \/>\n<meta property=\"article:published_time\" content=\"2024-06-17T16:52:46+00:00\" \/>\n<meta property=\"og:image\" content=\"https:\/\/blogdojoaocosta.com.br\/wp-content\/uploads\/2024\/06\/chico-foto.jpeg\" \/>\n\t<meta property=\"og:image:width\" content=\"1600\" \/>\n\t<meta property=\"og:image:height\" content=\"1200\" \/>\n\t<meta property=\"og:image:type\" content=\"image\/jpeg\" \/>\n<meta name=\"author\" content=\"joaocosta\" \/>\n<meta name=\"twitter:card\" content=\"summary_large_image\" \/>\n<meta name=\"twitter:label1\" content=\"Escrito por\" \/>\n\t<meta name=\"twitter:data1\" content=\"joaocosta\" \/>\n\t<meta name=\"twitter:label2\" content=\"Est. tempo de leitura\" \/>\n\t<meta name=\"twitter:data2\" content=\"1 minuto\" \/>\n<script type=\"application\/ld+json\" class=\"yoast-schema-graph\">{\"@context\":\"https:\\\/\\\/schema.org\",\"@graph\":[{\"@type\":\"Article\",\"@id\":\"https:\\\/\\\/blogdojoaocosta.com.br\\\/?p=2191#article\",\"isPartOf\":{\"@id\":\"https:\\\/\\\/blogdojoaocosta.com.br\\\/?p=2191\"},\"author\":{\"name\":\"joaocosta\",\"@id\":\"https:\\\/\\\/blogdojoaocosta.com.br\\\/#\\\/schema\\\/person\\\/af1c9fa31a41a9d29c32f74b41d55f6e\"},\"headline\":\"Pulso: exposi\u00e7\u00e3o de Chico Pereira e Fl\u00e1vio Tavares \u00e9 atra\u00e7\u00e3o na FCJA\",\"datePublished\":\"2024-06-17T16:52:46+00:00\",\"mainEntityOfPage\":{\"@id\":\"https:\\\/\\\/blogdojoaocosta.com.br\\\/?p=2191\"},\"wordCount\":230,\"commentCount\":0,\"image\":{\"@id\":\"https:\\\/\\\/blogdojoaocosta.com.br\\\/?p=2191#primaryimage\"},\"thumbnailUrl\":\"https:\\\/\\\/blogdojoaocosta.com.br\\\/wp-content\\\/uploads\\\/2024\\\/06\\\/chico-foto.jpeg\",\"articleSection\":[\"Entretenimento\"],\"inLanguage\":\"pt-BR\",\"potentialAction\":[{\"@type\":\"CommentAction\",\"name\":\"Comment\",\"target\":[\"https:\\\/\\\/blogdojoaocosta.com.br\\\/?p=2191#respond\"]}]},{\"@type\":\"WebPage\",\"@id\":\"https:\\\/\\\/blogdojoaocosta.com.br\\\/?p=2191\",\"url\":\"https:\\\/\\\/blogdojoaocosta.com.br\\\/?p=2191\",\"name\":\"Pulso: exposi\u00e7\u00e3o de Chico Pereira e Fl\u00e1vio Tavares \u00e9 atra\u00e7\u00e3o na FCJA - Blog do Jo\u00e3o Costa\",\"isPartOf\":{\"@id\":\"https:\\\/\\\/blogdojoaocosta.com.br\\\/#website\"},\"primaryImageOfPage\":{\"@id\":\"https:\\\/\\\/blogdojoaocosta.com.br\\\/?p=2191#primaryimage\"},\"image\":{\"@id\":\"https:\\\/\\\/blogdojoaocosta.com.br\\\/?p=2191#primaryimage\"},\"thumbnailUrl\":\"https:\\\/\\\/blogdojoaocosta.com.br\\\/wp-content\\\/uploads\\\/2024\\\/06\\\/chico-foto.jpeg\",\"datePublished\":\"2024-06-17T16:52:46+00:00\",\"author\":{\"@id\":\"https:\\\/\\\/blogdojoaocosta.com.br\\\/#\\\/schema\\\/person\\\/af1c9fa31a41a9d29c32f74b41d55f6e\"},\"breadcrumb\":{\"@id\":\"https:\\\/\\\/blogdojoaocosta.com.br\\\/?p=2191#breadcrumb\"},\"inLanguage\":\"pt-BR\",\"potentialAction\":[{\"@type\":\"ReadAction\",\"target\":[\"https:\\\/\\\/blogdojoaocosta.com.br\\\/?p=2191\"]}]},{\"@type\":\"ImageObject\",\"inLanguage\":\"pt-BR\",\"@id\":\"https:\\\/\\\/blogdojoaocosta.com.br\\\/?p=2191#primaryimage\",\"url\":\"https:\\\/\\\/blogdojoaocosta.com.br\\\/wp-content\\\/uploads\\\/2024\\\/06\\\/chico-foto.jpeg\",\"contentUrl\":\"https:\\\/\\\/blogdojoaocosta.com.br\\\/wp-content\\\/uploads\\\/2024\\\/06\\\/chico-foto.jpeg\",\"width\":1600,\"height\":1200},{\"@type\":\"BreadcrumbList\",\"@id\":\"https:\\\/\\\/blogdojoaocosta.com.br\\\/?p=2191#breadcrumb\",\"itemListElement\":[{\"@type\":\"ListItem\",\"position\":1,\"name\":\"In\u00edcio\",\"item\":\"https:\\\/\\\/blogdojoaocosta.com.br\\\/\"},{\"@type\":\"ListItem\",\"position\":2,\"name\":\"Pulso: exposi\u00e7\u00e3o de Chico Pereira e Fl\u00e1vio Tavares \u00e9 atra\u00e7\u00e3o na FCJA\"}]},{\"@type\":\"WebSite\",\"@id\":\"https:\\\/\\\/blogdojoaocosta.com.br\\\/#website\",\"url\":\"https:\\\/\\\/blogdojoaocosta.com.br\\\/\",\"name\":\"Blog do Jo\u00e3o Costa\",\"description\":\"Assim Caminha a Humanidade\",\"potentialAction\":[{\"@type\":\"SearchAction\",\"target\":{\"@type\":\"EntryPoint\",\"urlTemplate\":\"https:\\\/\\\/blogdojoaocosta.com.br\\\/?s={search_term_string}\"},\"query-input\":{\"@type\":\"PropertyValueSpecification\",\"valueRequired\":true,\"valueName\":\"search_term_string\"}}],\"inLanguage\":\"pt-BR\"},{\"@type\":\"Person\",\"@id\":\"https:\\\/\\\/blogdojoaocosta.com.br\\\/#\\\/schema\\\/person\\\/af1c9fa31a41a9d29c32f74b41d55f6e\",\"name\":\"joaocosta\",\"image\":{\"@type\":\"ImageObject\",\"inLanguage\":\"pt-BR\",\"@id\":\"https:\\\/\\\/secure.gravatar.com\\\/avatar\\\/677b6f1fc54e8c7982d7dce3cfe65fce28f898f70d9b8b631786a0b1b18b11e5?s=96&d=mm&r=g\",\"url\":\"https:\\\/\\\/secure.gravatar.com\\\/avatar\\\/677b6f1fc54e8c7982d7dce3cfe65fce28f898f70d9b8b631786a0b1b18b11e5?s=96&d=mm&r=g\",\"contentUrl\":\"https:\\\/\\\/secure.gravatar.com\\\/avatar\\\/677b6f1fc54e8c7982d7dce3cfe65fce28f898f70d9b8b631786a0b1b18b11e5?s=96&d=mm&r=g\",\"caption\":\"joaocosta\"},\"sameAs\":[\"http:\\\/\\\/blogdojoaocosta.com.br\"],\"url\":\"https:\\\/\\\/blogdojoaocosta.com.br\\\/?author=1\"}]}<\/script>\n<!-- \/ Yoast SEO plugin. -->","yoast_head_json":{"title":"Pulso: exposi\u00e7\u00e3o de Chico Pereira e Fl\u00e1vio Tavares \u00e9 atra\u00e7\u00e3o na FCJA - Blog do Jo\u00e3o Costa","robots":{"index":"index","follow":"follow","max-snippet":"max-snippet:-1","max-image-preview":"max-image-preview:large","max-video-preview":"max-video-preview:-1"},"canonical":"https:\/\/blogdojoaocosta.com.br\/?p=2191","og_locale":"pt_BR","og_type":"article","og_title":"Pulso: exposi\u00e7\u00e3o de Chico Pereira e Fl\u00e1vio Tavares \u00e9 atra\u00e7\u00e3o na FCJA - Blog do Jo\u00e3o Costa","og_description":"\u201cFeira de Campina Grande\u201d \u00e9 o tema da exposi\u00e7\u00e3o dos artistas pl\u00e1sticos Chico Pereira e Fl\u00e1vio Tavares na Funda\u00e7\u00e3o Casa de Jos\u00e9 Am\u00e9rico, praia de Cabo Brancos, Jo\u00e3o Pessoa. A exposi\u00e7\u00e3o dos pain\u00e9is de Chico Pereira e Fl\u00e1vio Tavares promovida pela FCJA \u00e9 patrocinada pela TV Cabo Branco e R\u00e1dio CBN, que integram a Rede [&hellip;]","og_url":"https:\/\/blogdojoaocosta.com.br\/?p=2191","og_site_name":"Blog do Jo\u00e3o Costa","article_published_time":"2024-06-17T16:52:46+00:00","og_image":[{"width":1600,"height":1200,"url":"https:\/\/blogdojoaocosta.com.br\/wp-content\/uploads\/2024\/06\/chico-foto.jpeg","type":"image\/jpeg"}],"author":"joaocosta","twitter_card":"summary_large_image","twitter_misc":{"Escrito por":"joaocosta","Est. tempo de leitura":"1 minuto"},"schema":{"@context":"https:\/\/schema.org","@graph":[{"@type":"Article","@id":"https:\/\/blogdojoaocosta.com.br\/?p=2191#article","isPartOf":{"@id":"https:\/\/blogdojoaocosta.com.br\/?p=2191"},"author":{"name":"joaocosta","@id":"https:\/\/blogdojoaocosta.com.br\/#\/schema\/person\/af1c9fa31a41a9d29c32f74b41d55f6e"},"headline":"Pulso: exposi\u00e7\u00e3o de Chico Pereira e Fl\u00e1vio Tavares \u00e9 atra\u00e7\u00e3o na FCJA","datePublished":"2024-06-17T16:52:46+00:00","mainEntityOfPage":{"@id":"https:\/\/blogdojoaocosta.com.br\/?p=2191"},"wordCount":230,"commentCount":0,"image":{"@id":"https:\/\/blogdojoaocosta.com.br\/?p=2191#primaryimage"},"thumbnailUrl":"https:\/\/blogdojoaocosta.com.br\/wp-content\/uploads\/2024\/06\/chico-foto.jpeg","articleSection":["Entretenimento"],"inLanguage":"pt-BR","potentialAction":[{"@type":"CommentAction","name":"Comment","target":["https:\/\/blogdojoaocosta.com.br\/?p=2191#respond"]}]},{"@type":"WebPage","@id":"https:\/\/blogdojoaocosta.com.br\/?p=2191","url":"https:\/\/blogdojoaocosta.com.br\/?p=2191","name":"Pulso: exposi\u00e7\u00e3o de Chico Pereira e Fl\u00e1vio Tavares \u00e9 atra\u00e7\u00e3o na FCJA - Blog do Jo\u00e3o Costa","isPartOf":{"@id":"https:\/\/blogdojoaocosta.com.br\/#website"},"primaryImageOfPage":{"@id":"https:\/\/blogdojoaocosta.com.br\/?p=2191#primaryimage"},"image":{"@id":"https:\/\/blogdojoaocosta.com.br\/?p=2191#primaryimage"},"thumbnailUrl":"https:\/\/blogdojoaocosta.com.br\/wp-content\/uploads\/2024\/06\/chico-foto.jpeg","datePublished":"2024-06-17T16:52:46+00:00","author":{"@id":"https:\/\/blogdojoaocosta.com.br\/#\/schema\/person\/af1c9fa31a41a9d29c32f74b41d55f6e"},"breadcrumb":{"@id":"https:\/\/blogdojoaocosta.com.br\/?p=2191#breadcrumb"},"inLanguage":"pt-BR","potentialAction":[{"@type":"ReadAction","target":["https:\/\/blogdojoaocosta.com.br\/?p=2191"]}]},{"@type":"ImageObject","inLanguage":"pt-BR","@id":"https:\/\/blogdojoaocosta.com.br\/?p=2191#primaryimage","url":"https:\/\/blogdojoaocosta.com.br\/wp-content\/uploads\/2024\/06\/chico-foto.jpeg","contentUrl":"https:\/\/blogdojoaocosta.com.br\/wp-content\/uploads\/2024\/06\/chico-foto.jpeg","width":1600,"height":1200},{"@type":"BreadcrumbList","@id":"https:\/\/blogdojoaocosta.com.br\/?p=2191#breadcrumb","itemListElement":[{"@type":"ListItem","position":1,"name":"In\u00edcio","item":"https:\/\/blogdojoaocosta.com.br\/"},{"@type":"ListItem","position":2,"name":"Pulso: exposi\u00e7\u00e3o de Chico Pereira e Fl\u00e1vio Tavares \u00e9 atra\u00e7\u00e3o na FCJA"}]},{"@type":"WebSite","@id":"https:\/\/blogdojoaocosta.com.br\/#website","url":"https:\/\/blogdojoaocosta.com.br\/","name":"Blog do Jo\u00e3o Costa","description":"Assim Caminha a Humanidade","potentialAction":[{"@type":"SearchAction","target":{"@type":"EntryPoint","urlTemplate":"https:\/\/blogdojoaocosta.com.br\/?s={search_term_string}"},"query-input":{"@type":"PropertyValueSpecification","valueRequired":true,"valueName":"search_term_string"}}],"inLanguage":"pt-BR"},{"@type":"Person","@id":"https:\/\/blogdojoaocosta.com.br\/#\/schema\/person\/af1c9fa31a41a9d29c32f74b41d55f6e","name":"joaocosta","image":{"@type":"ImageObject","inLanguage":"pt-BR","@id":"https:\/\/secure.gravatar.com\/avatar\/677b6f1fc54e8c7982d7dce3cfe65fce28f898f70d9b8b631786a0b1b18b11e5?s=96&d=mm&r=g","url":"https:\/\/secure.gravatar.com\/avatar\/677b6f1fc54e8c7982d7dce3cfe65fce28f898f70d9b8b631786a0b1b18b11e5?s=96&d=mm&r=g","contentUrl":"https:\/\/secure.gravatar.com\/avatar\/677b6f1fc54e8c7982d7dce3cfe65fce28f898f70d9b8b631786a0b1b18b11e5?s=96&d=mm&r=g","caption":"joaocosta"},"sameAs":["http:\/\/blogdojoaocosta.com.br"],"url":"https:\/\/blogdojoaocosta.com.br\/?author=1"}]}},"_links":{"self":[{"href":"https:\/\/blogdojoaocosta.com.br\/index.php?rest_route=\/wp\/v2\/posts\/2191","targetHints":{"allow":["GET"]}}],"collection":[{"href":"https:\/\/blogdojoaocosta.com.br\/index.php?rest_route=\/wp\/v2\/posts"}],"about":[{"href":"https:\/\/blogdojoaocosta.com.br\/index.php?rest_route=\/wp\/v2\/types\/post"}],"author":[{"embeddable":true,"href":"https:\/\/blogdojoaocosta.com.br\/index.php?rest_route=\/wp\/v2\/users\/1"}],"replies":[{"embeddable":true,"href":"https:\/\/blogdojoaocosta.com.br\/index.php?rest_route=%2Fwp%2Fv2%2Fcomments&post=2191"}],"version-history":[{"count":1,"href":"https:\/\/blogdojoaocosta.com.br\/index.php?rest_route=\/wp\/v2\/posts\/2191\/revisions"}],"predecessor-version":[{"id":2194,"href":"https:\/\/blogdojoaocosta.com.br\/index.php?rest_route=\/wp\/v2\/posts\/2191\/revisions\/2194"}],"wp:featuredmedia":[{"embeddable":true,"href":"https:\/\/blogdojoaocosta.com.br\/index.php?rest_route=\/wp\/v2\/media\/2192"}],"wp:attachment":[{"href":"https:\/\/blogdojoaocosta.com.br\/index.php?rest_route=%2Fwp%2Fv2%2Fmedia&parent=2191"}],"wp:term":[{"taxonomy":"category","embeddable":true,"href":"https:\/\/blogdojoaocosta.com.br\/index.php?rest_route=%2Fwp%2Fv2%2Fcategories&post=2191"},{"taxonomy":"post_tag","embeddable":true,"href":"https:\/\/blogdojoaocosta.com.br\/index.php?rest_route=%2Fwp%2Fv2%2Ftags&post=2191"}],"curies":[{"name":"wp","href":"https:\/\/api.w.org\/{rel}","templated":true}]}}