{"id":2232,"date":"2024-07-08T13:38:33","date_gmt":"2024-07-08T16:38:33","guid":{"rendered":"https:\/\/blogdojoaocosta.com.br\/?p=2232"},"modified":"2024-07-08T13:38:33","modified_gmt":"2024-07-08T16:38:33","slug":"novo-procurador-geral-do-estado-toma-posse-nesta-terca-feira","status":"publish","type":"post","link":"https:\/\/blogdojoaocosta.com.br\/?p=2232","title":{"rendered":"Novo procurador-geral do Estado toma posse nesta ter\u00e7a-feira"},"content":{"rendered":"<p>O advogado F\u00e1bio Brito Ferreira ser\u00e1 empossado como Procurador-Geral do Estado nesta ter\u00e7a-feira (9), \u00e0s 15h, em solenidade conduzida pelo Conselho Superior da Procuradoria-Geral do Estado (PGE-PB), no audit\u00f3rio do Shopping Sebrae, em Jo\u00e3o Pessoa.<\/p>\n<p>Ele foi nomeado no s\u00e1bado (6) pelo governador Jo\u00e3o Azevedo, para substituir o ex-procurador-geral F\u00e1bio Andrade Medeiros, que pediu exonera\u00e7\u00e3o do cargo que ocupava desde 2019 para participar do processo de escolha de desembargador do Tribunal de Justi\u00e7a da Para\u00edba pelo Quinto Constitucional da Ordem dos Advogados do Brasil \u2013 Seccional Para\u00edba.<\/p>\n<p>Piauiense, F\u00e1bio Brito est\u00e1 na Para\u00edba desde os anos 1990. \u00c9 formado em Direito pelo Centro Universit\u00e1rio de Jo\u00e3o Pessoa (Unip\u00ea) e atua na \u00e1rea desde 1998. Mestre pela Universidade Cat\u00f3lica de Santos (UNISANTOS), p\u00f3s-graduado pelo Instituto Brasileiro de Ensino, Desenvolvimento e Pesquisa (IDP) e professor universit\u00e1rio. \u00c9 membro fundador da Academia Brasileira de Direito Eleitoral e Pol\u00edtico (ABRADEP) e do Instituto de Direito Eleitoral da Para\u00edba (Idel-PB), onde foi presidente no per\u00edodo de 2019 a 2021.<\/p>\n<p>Servi\u00e7o:<\/p>\n<p>Assunto: Posse do novo Procurador-Geral do Estado, F\u00e1bio Brito Ferreira<\/p>\n<p>Dia:\u00a0 Ter\u00e7a-feira (9 de julho)<\/p>\n<p>Hora: 15h<\/p>\n<p>Local: Audit\u00f3rio do Shopping Sebrae \u2013 Avenida Maranh\u00e3o, N\u00ba 983, Bairro dos Estados, em Jo\u00e3o Pessoa.<\/p>\n","protected":false},"excerpt":{"rendered":"<p>O advogado F\u00e1bio Brito Ferreira ser\u00e1 empossado como Procurador-Geral do Estado nesta ter\u00e7a-feira (9), \u00e0s 15h, em solenidade conduzida pelo Conselho Superior da Procuradoria-Geral do Estado (PGE-PB), no audit\u00f3rio do Shopping Sebrae, em Jo\u00e3o Pessoa. Ele foi nomeado no s\u00e1bado (6) pelo governador Jo\u00e3o Azevedo, para substituir o ex-procurador-geral F\u00e1bio Andrade Medeiros, que pediu exonera\u00e7\u00e3o [&hellip;]<\/p>\n","protected":false},"author":1,"featured_media":2233,"comment_status":"open","ping_status":"open","sticky":false,"template":"","format":"standard","meta":{"footnotes":""},"categories":[1],"tags":[],"class_list":["post-2232","post","type-post","status-publish","format-standard","has-post-thumbnail","hentry","category-entretenimento"],"yoast_head":"<!-- This site is optimized with the Yoast SEO plugin v27.5 - https:\/\/yoast.com\/product\/yoast-seo-wordpress\/ -->\n<title>Novo procurador-geral do Estado toma posse nesta ter\u00e7a-feira - Blog do Jo\u00e3o Costa<\/title>\n<meta name=\"robots\" content=\"index, follow, max-snippet:-1, max-image-preview:large, max-video-preview:-1\" \/>\n<link rel=\"canonical\" href=\"https:\/\/blogdojoaocosta.com.br\/?p=2232\" \/>\n<meta property=\"og:locale\" content=\"pt_BR\" \/>\n<meta property=\"og:type\" content=\"article\" \/>\n<meta property=\"og:title\" content=\"Novo procurador-geral do Estado toma posse nesta ter\u00e7a-feira - Blog do Jo\u00e3o Costa\" \/>\n<meta property=\"og:description\" content=\"O advogado F\u00e1bio Brito Ferreira ser\u00e1 empossado como Procurador-Geral do Estado nesta ter\u00e7a-feira (9), \u00e0s 15h, em solenidade conduzida pelo Conselho Superior da Procuradoria-Geral do Estado (PGE-PB), no audit\u00f3rio do Shopping Sebrae, em Jo\u00e3o Pessoa. Ele foi nomeado no s\u00e1bado (6) pelo governador Jo\u00e3o Azevedo, para substituir o ex-procurador-geral F\u00e1bio Andrade Medeiros, que pediu exonera\u00e7\u00e3o [&hellip;]\" \/>\n<meta property=\"og:url\" content=\"https:\/\/blogdojoaocosta.com.br\/?p=2232\" \/>\n<meta property=\"og:site_name\" content=\"Blog do Jo\u00e3o Costa\" \/>\n<meta property=\"article:published_time\" content=\"2024-07-08T16:38:33+00:00\" \/>\n<meta property=\"og:image\" content=\"https:\/\/blogdojoaocosta.com.br\/wp-content\/uploads\/2024\/07\/Fabio-Brito-Pro.jpeg\" \/>\n\t<meta property=\"og:image:width\" content=\"534\" \/>\n\t<meta property=\"og:image:height\" content=\"379\" \/>\n\t<meta property=\"og:image:type\" content=\"image\/jpeg\" \/>\n<meta name=\"author\" content=\"joaocosta\" \/>\n<meta name=\"twitter:card\" content=\"summary_large_image\" \/>\n<meta name=\"twitter:label1\" content=\"Escrito por\" \/>\n\t<meta name=\"twitter:data1\" content=\"joaocosta\" \/>\n\t<meta name=\"twitter:label2\" content=\"Est. tempo de leitura\" \/>\n\t<meta name=\"twitter:data2\" content=\"2 minutos\" \/>\n<script type=\"application\/ld+json\" class=\"yoast-schema-graph\">{\"@context\":\"https:\\\/\\\/schema.org\",\"@graph\":[{\"@type\":\"Article\",\"@id\":\"https:\\\/\\\/blogdojoaocosta.com.br\\\/?p=2232#article\",\"isPartOf\":{\"@id\":\"https:\\\/\\\/blogdojoaocosta.com.br\\\/?p=2232\"},\"author\":{\"name\":\"joaocosta\",\"@id\":\"https:\\\/\\\/blogdojoaocosta.com.br\\\/#\\\/schema\\\/person\\\/af1c9fa31a41a9d29c32f74b41d55f6e\"},\"headline\":\"Novo procurador-geral do Estado toma posse nesta ter\u00e7a-feira\",\"datePublished\":\"2024-07-08T16:38:33+00:00\",\"mainEntityOfPage\":{\"@id\":\"https:\\\/\\\/blogdojoaocosta.com.br\\\/?p=2232\"},\"wordCount\":221,\"commentCount\":0,\"image\":{\"@id\":\"https:\\\/\\\/blogdojoaocosta.com.br\\\/?p=2232#primaryimage\"},\"thumbnailUrl\":\"https:\\\/\\\/blogdojoaocosta.com.br\\\/wp-content\\\/uploads\\\/2024\\\/07\\\/Fabio-Brito-Pro.jpeg\",\"articleSection\":[\"Entretenimento\"],\"inLanguage\":\"pt-BR\",\"potentialAction\":[{\"@type\":\"CommentAction\",\"name\":\"Comment\",\"target\":[\"https:\\\/\\\/blogdojoaocosta.com.br\\\/?p=2232#respond\"]}]},{\"@type\":\"WebPage\",\"@id\":\"https:\\\/\\\/blogdojoaocosta.com.br\\\/?p=2232\",\"url\":\"https:\\\/\\\/blogdojoaocosta.com.br\\\/?p=2232\",\"name\":\"Novo procurador-geral do Estado toma posse nesta ter\u00e7a-feira - Blog do Jo\u00e3o Costa\",\"isPartOf\":{\"@id\":\"https:\\\/\\\/blogdojoaocosta.com.br\\\/#website\"},\"primaryImageOfPage\":{\"@id\":\"https:\\\/\\\/blogdojoaocosta.com.br\\\/?p=2232#primaryimage\"},\"image\":{\"@id\":\"https:\\\/\\\/blogdojoaocosta.com.br\\\/?p=2232#primaryimage\"},\"thumbnailUrl\":\"https:\\\/\\\/blogdojoaocosta.com.br\\\/wp-content\\\/uploads\\\/2024\\\/07\\\/Fabio-Brito-Pro.jpeg\",\"datePublished\":\"2024-07-08T16:38:33+00:00\",\"author\":{\"@id\":\"https:\\\/\\\/blogdojoaocosta.com.br\\\/#\\\/schema\\\/person\\\/af1c9fa31a41a9d29c32f74b41d55f6e\"},\"breadcrumb\":{\"@id\":\"https:\\\/\\\/blogdojoaocosta.com.br\\\/?p=2232#breadcrumb\"},\"inLanguage\":\"pt-BR\",\"potentialAction\":[{\"@type\":\"ReadAction\",\"target\":[\"https:\\\/\\\/blogdojoaocosta.com.br\\\/?p=2232\"]}]},{\"@type\":\"ImageObject\",\"inLanguage\":\"pt-BR\",\"@id\":\"https:\\\/\\\/blogdojoaocosta.com.br\\\/?p=2232#primaryimage\",\"url\":\"https:\\\/\\\/blogdojoaocosta.com.br\\\/wp-content\\\/uploads\\\/2024\\\/07\\\/Fabio-Brito-Pro.jpeg\",\"contentUrl\":\"https:\\\/\\\/blogdojoaocosta.com.br\\\/wp-content\\\/uploads\\\/2024\\\/07\\\/Fabio-Brito-Pro.jpeg\",\"width\":534,\"height\":379},{\"@type\":\"BreadcrumbList\",\"@id\":\"https:\\\/\\\/blogdojoaocosta.com.br\\\/?p=2232#breadcrumb\",\"itemListElement\":[{\"@type\":\"ListItem\",\"position\":1,\"name\":\"In\u00edcio\",\"item\":\"https:\\\/\\\/blogdojoaocosta.com.br\\\/\"},{\"@type\":\"ListItem\",\"position\":2,\"name\":\"Novo procurador-geral do Estado toma posse nesta ter\u00e7a-feira\"}]},{\"@type\":\"WebSite\",\"@id\":\"https:\\\/\\\/blogdojoaocosta.com.br\\\/#website\",\"url\":\"https:\\\/\\\/blogdojoaocosta.com.br\\\/\",\"name\":\"Blog do Jo\u00e3o Costa\",\"description\":\"Assim Caminha a Humanidade\",\"potentialAction\":[{\"@type\":\"SearchAction\",\"target\":{\"@type\":\"EntryPoint\",\"urlTemplate\":\"https:\\\/\\\/blogdojoaocosta.com.br\\\/?s={search_term_string}\"},\"query-input\":{\"@type\":\"PropertyValueSpecification\",\"valueRequired\":true,\"valueName\":\"search_term_string\"}}],\"inLanguage\":\"pt-BR\"},{\"@type\":\"Person\",\"@id\":\"https:\\\/\\\/blogdojoaocosta.com.br\\\/#\\\/schema\\\/person\\\/af1c9fa31a41a9d29c32f74b41d55f6e\",\"name\":\"joaocosta\",\"image\":{\"@type\":\"ImageObject\",\"inLanguage\":\"pt-BR\",\"@id\":\"https:\\\/\\\/secure.gravatar.com\\\/avatar\\\/677b6f1fc54e8c7982d7dce3cfe65fce28f898f70d9b8b631786a0b1b18b11e5?s=96&d=mm&r=g\",\"url\":\"https:\\\/\\\/secure.gravatar.com\\\/avatar\\\/677b6f1fc54e8c7982d7dce3cfe65fce28f898f70d9b8b631786a0b1b18b11e5?s=96&d=mm&r=g\",\"contentUrl\":\"https:\\\/\\\/secure.gravatar.com\\\/avatar\\\/677b6f1fc54e8c7982d7dce3cfe65fce28f898f70d9b8b631786a0b1b18b11e5?s=96&d=mm&r=g\",\"caption\":\"joaocosta\"},\"sameAs\":[\"http:\\\/\\\/blogdojoaocosta.com.br\"],\"url\":\"https:\\\/\\\/blogdojoaocosta.com.br\\\/?author=1\"}]}<\/script>\n<!-- \/ Yoast SEO plugin. -->","yoast_head_json":{"title":"Novo procurador-geral do Estado toma posse nesta ter\u00e7a-feira - Blog do Jo\u00e3o Costa","robots":{"index":"index","follow":"follow","max-snippet":"max-snippet:-1","max-image-preview":"max-image-preview:large","max-video-preview":"max-video-preview:-1"},"canonical":"https:\/\/blogdojoaocosta.com.br\/?p=2232","og_locale":"pt_BR","og_type":"article","og_title":"Novo procurador-geral do Estado toma posse nesta ter\u00e7a-feira - Blog do Jo\u00e3o Costa","og_description":"O advogado F\u00e1bio Brito Ferreira ser\u00e1 empossado como Procurador-Geral do Estado nesta ter\u00e7a-feira (9), \u00e0s 15h, em solenidade conduzida pelo Conselho Superior da Procuradoria-Geral do Estado (PGE-PB), no audit\u00f3rio do Shopping Sebrae, em Jo\u00e3o Pessoa. Ele foi nomeado no s\u00e1bado (6) pelo governador Jo\u00e3o Azevedo, para substituir o ex-procurador-geral F\u00e1bio Andrade Medeiros, que pediu exonera\u00e7\u00e3o [&hellip;]","og_url":"https:\/\/blogdojoaocosta.com.br\/?p=2232","og_site_name":"Blog do Jo\u00e3o Costa","article_published_time":"2024-07-08T16:38:33+00:00","og_image":[{"width":534,"height":379,"url":"https:\/\/blogdojoaocosta.com.br\/wp-content\/uploads\/2024\/07\/Fabio-Brito-Pro.jpeg","type":"image\/jpeg"}],"author":"joaocosta","twitter_card":"summary_large_image","twitter_misc":{"Escrito por":"joaocosta","Est. tempo de leitura":"2 minutos"},"schema":{"@context":"https:\/\/schema.org","@graph":[{"@type":"Article","@id":"https:\/\/blogdojoaocosta.com.br\/?p=2232#article","isPartOf":{"@id":"https:\/\/blogdojoaocosta.com.br\/?p=2232"},"author":{"name":"joaocosta","@id":"https:\/\/blogdojoaocosta.com.br\/#\/schema\/person\/af1c9fa31a41a9d29c32f74b41d55f6e"},"headline":"Novo procurador-geral do Estado toma posse nesta ter\u00e7a-feira","datePublished":"2024-07-08T16:38:33+00:00","mainEntityOfPage":{"@id":"https:\/\/blogdojoaocosta.com.br\/?p=2232"},"wordCount":221,"commentCount":0,"image":{"@id":"https:\/\/blogdojoaocosta.com.br\/?p=2232#primaryimage"},"thumbnailUrl":"https:\/\/blogdojoaocosta.com.br\/wp-content\/uploads\/2024\/07\/Fabio-Brito-Pro.jpeg","articleSection":["Entretenimento"],"inLanguage":"pt-BR","potentialAction":[{"@type":"CommentAction","name":"Comment","target":["https:\/\/blogdojoaocosta.com.br\/?p=2232#respond"]}]},{"@type":"WebPage","@id":"https:\/\/blogdojoaocosta.com.br\/?p=2232","url":"https:\/\/blogdojoaocosta.com.br\/?p=2232","name":"Novo procurador-geral do Estado toma posse nesta ter\u00e7a-feira - Blog do Jo\u00e3o Costa","isPartOf":{"@id":"https:\/\/blogdojoaocosta.com.br\/#website"},"primaryImageOfPage":{"@id":"https:\/\/blogdojoaocosta.com.br\/?p=2232#primaryimage"},"image":{"@id":"https:\/\/blogdojoaocosta.com.br\/?p=2232#primaryimage"},"thumbnailUrl":"https:\/\/blogdojoaocosta.com.br\/wp-content\/uploads\/2024\/07\/Fabio-Brito-Pro.jpeg","datePublished":"2024-07-08T16:38:33+00:00","author":{"@id":"https:\/\/blogdojoaocosta.com.br\/#\/schema\/person\/af1c9fa31a41a9d29c32f74b41d55f6e"},"breadcrumb":{"@id":"https:\/\/blogdojoaocosta.com.br\/?p=2232#breadcrumb"},"inLanguage":"pt-BR","potentialAction":[{"@type":"ReadAction","target":["https:\/\/blogdojoaocosta.com.br\/?p=2232"]}]},{"@type":"ImageObject","inLanguage":"pt-BR","@id":"https:\/\/blogdojoaocosta.com.br\/?p=2232#primaryimage","url":"https:\/\/blogdojoaocosta.com.br\/wp-content\/uploads\/2024\/07\/Fabio-Brito-Pro.jpeg","contentUrl":"https:\/\/blogdojoaocosta.com.br\/wp-content\/uploads\/2024\/07\/Fabio-Brito-Pro.jpeg","width":534,"height":379},{"@type":"BreadcrumbList","@id":"https:\/\/blogdojoaocosta.com.br\/?p=2232#breadcrumb","itemListElement":[{"@type":"ListItem","position":1,"name":"In\u00edcio","item":"https:\/\/blogdojoaocosta.com.br\/"},{"@type":"ListItem","position":2,"name":"Novo procurador-geral do Estado toma posse nesta ter\u00e7a-feira"}]},{"@type":"WebSite","@id":"https:\/\/blogdojoaocosta.com.br\/#website","url":"https:\/\/blogdojoaocosta.com.br\/","name":"Blog do Jo\u00e3o Costa","description":"Assim Caminha a Humanidade","potentialAction":[{"@type":"SearchAction","target":{"@type":"EntryPoint","urlTemplate":"https:\/\/blogdojoaocosta.com.br\/?s={search_term_string}"},"query-input":{"@type":"PropertyValueSpecification","valueRequired":true,"valueName":"search_term_string"}}],"inLanguage":"pt-BR"},{"@type":"Person","@id":"https:\/\/blogdojoaocosta.com.br\/#\/schema\/person\/af1c9fa31a41a9d29c32f74b41d55f6e","name":"joaocosta","image":{"@type":"ImageObject","inLanguage":"pt-BR","@id":"https:\/\/secure.gravatar.com\/avatar\/677b6f1fc54e8c7982d7dce3cfe65fce28f898f70d9b8b631786a0b1b18b11e5?s=96&d=mm&r=g","url":"https:\/\/secure.gravatar.com\/avatar\/677b6f1fc54e8c7982d7dce3cfe65fce28f898f70d9b8b631786a0b1b18b11e5?s=96&d=mm&r=g","contentUrl":"https:\/\/secure.gravatar.com\/avatar\/677b6f1fc54e8c7982d7dce3cfe65fce28f898f70d9b8b631786a0b1b18b11e5?s=96&d=mm&r=g","caption":"joaocosta"},"sameAs":["http:\/\/blogdojoaocosta.com.br"],"url":"https:\/\/blogdojoaocosta.com.br\/?author=1"}]}},"_links":{"self":[{"href":"https:\/\/blogdojoaocosta.com.br\/index.php?rest_route=\/wp\/v2\/posts\/2232","targetHints":{"allow":["GET"]}}],"collection":[{"href":"https:\/\/blogdojoaocosta.com.br\/index.php?rest_route=\/wp\/v2\/posts"}],"about":[{"href":"https:\/\/blogdojoaocosta.com.br\/index.php?rest_route=\/wp\/v2\/types\/post"}],"author":[{"embeddable":true,"href":"https:\/\/blogdojoaocosta.com.br\/index.php?rest_route=\/wp\/v2\/users\/1"}],"replies":[{"embeddable":true,"href":"https:\/\/blogdojoaocosta.com.br\/index.php?rest_route=%2Fwp%2Fv2%2Fcomments&post=2232"}],"version-history":[{"count":1,"href":"https:\/\/blogdojoaocosta.com.br\/index.php?rest_route=\/wp\/v2\/posts\/2232\/revisions"}],"predecessor-version":[{"id":2234,"href":"https:\/\/blogdojoaocosta.com.br\/index.php?rest_route=\/wp\/v2\/posts\/2232\/revisions\/2234"}],"wp:featuredmedia":[{"embeddable":true,"href":"https:\/\/blogdojoaocosta.com.br\/index.php?rest_route=\/wp\/v2\/media\/2233"}],"wp:attachment":[{"href":"https:\/\/blogdojoaocosta.com.br\/index.php?rest_route=%2Fwp%2Fv2%2Fmedia&parent=2232"}],"wp:term":[{"taxonomy":"category","embeddable":true,"href":"https:\/\/blogdojoaocosta.com.br\/index.php?rest_route=%2Fwp%2Fv2%2Fcategories&post=2232"},{"taxonomy":"post_tag","embeddable":true,"href":"https:\/\/blogdojoaocosta.com.br\/index.php?rest_route=%2Fwp%2Fv2%2Ftags&post=2232"}],"curies":[{"name":"wp","href":"https:\/\/api.w.org\/{rel}","templated":true}]}}