{"id":2235,"date":"2024-07-14T14:38:06","date_gmt":"2024-07-14T17:38:06","guid":{"rendered":"https:\/\/blogdojoaocosta.com.br\/?p=2235"},"modified":"2024-07-14T14:38:06","modified_gmt":"2024-07-14T17:38:06","slug":"departamento-de-artes-da-ufpb-vai-oferecer-oficina-de-teatro","status":"publish","type":"post","link":"https:\/\/blogdojoaocosta.com.br\/?p=2235","title":{"rendered":"Departamento de Artes da UFPB vai oferecer Oficina de Teatro"},"content":{"rendered":"<p>Na ter\u00e7a-feira, 23 de julho pr\u00f3ximo, o Departamento de Artes da Universidade Federal da Para\u00edba vai oferecer uma Oficina de Inicia\u00e7\u00e3o Teatral que ser\u00e1 ministrada pelo professor Everaldo Vasconcelos.<\/p>\n<p>Poder\u00e3o participar da Oficina interessados acima de 16 anos.<\/p>\n<p>As inscri\u00e7\u00f5es poder\u00e3o ser feitas no Departamento de Artes, Campus I da UFPB (acesso Bairro Castelo Branco) no dia 23 e as aulas v\u00e3o ocorrer na Sala B todas as ter\u00e7as-feiras a partir das 18 horas.<\/p>\n<p><img decoding=\"async\" class=\"alignnone size-medium wp-image-2237\" src=\"https:\/\/blogdojoaocosta.com.br\/wp-content\/uploads\/2024\/07\/eVERALDO-300x200.jpeg\" alt=\"\" width=\"300\" height=\"200\" srcset=\"https:\/\/blogdojoaocosta.com.br\/wp-content\/uploads\/2024\/07\/eVERALDO-300x200.jpeg 300w, https:\/\/blogdojoaocosta.com.br\/wp-content\/uploads\/2024\/07\/eVERALDO-768x512.jpeg 768w, https:\/\/blogdojoaocosta.com.br\/wp-content\/uploads\/2024\/07\/eVERALDO.jpeg 1024w\" sizes=\"(max-width: 300px) 100vw, 300px\" \/><\/p>\n<p>Everaldo Vasconcelos \u00e9 professor e Mestre pela UFPB, ator e diretor de Teatro, al\u00e9m de escritor, dramaturgo, diretor de teatro e televis\u00e3o ator e poeta. Tem Licenciatura Plena em Educa\u00e7\u00e3o Art\u00edstica pela Universidade Federal da Para\u00edba (1983); Especializa\u00e7\u00e3o em Arte-Educa\u00e7\u00e3o Universidade Federal da Para\u00edba (1985); Extens\u00e3o universit\u00e1ria em Dramaturgia do ator pela Universidade Federal da Para\u00edba (1989); Mestrado em Artes C\u00eanicas pela Universidade Federal da Bahia (2001) e Oficina itinerante de cinema \u2013 Produ\u00e7\u00e3o Executiva e Oficina itinerante de cinema \u2013 Roteiro (2004).<\/p>\n<p>&nbsp;<\/p>\n","protected":false},"excerpt":{"rendered":"<p>Na ter\u00e7a-feira, 23 de julho pr\u00f3ximo, o Departamento de Artes da Universidade Federal da Para\u00edba vai oferecer uma Oficina de Inicia\u00e7\u00e3o Teatral que ser\u00e1 ministrada pelo professor Everaldo Vasconcelos. Poder\u00e3o participar da Oficina interessados acima de 16 anos. As inscri\u00e7\u00f5es poder\u00e3o ser feitas no Departamento de Artes, Campus I da UFPB (acesso Bairro Castelo Branco) [&hellip;]<\/p>\n","protected":false},"author":1,"featured_media":2236,"comment_status":"open","ping_status":"open","sticky":false,"template":"","format":"standard","meta":{"footnotes":""},"categories":[1],"tags":[],"class_list":["post-2235","post","type-post","status-publish","format-standard","has-post-thumbnail","hentry","category-entretenimento"],"yoast_head":"<!-- This site is optimized with the Yoast SEO plugin v27.5 - https:\/\/yoast.com\/product\/yoast-seo-wordpress\/ -->\n<title>Departamento de Artes da UFPB vai oferecer Oficina de Teatro - Blog do Jo\u00e3o Costa<\/title>\n<meta name=\"robots\" content=\"index, follow, max-snippet:-1, max-image-preview:large, max-video-preview:-1\" \/>\n<link rel=\"canonical\" href=\"https:\/\/blogdojoaocosta.com.br\/?p=2235\" \/>\n<meta property=\"og:locale\" content=\"pt_BR\" \/>\n<meta property=\"og:type\" content=\"article\" \/>\n<meta property=\"og:title\" content=\"Departamento de Artes da UFPB vai oferecer Oficina de Teatro - Blog do Jo\u00e3o Costa\" \/>\n<meta property=\"og:description\" content=\"Na ter\u00e7a-feira, 23 de julho pr\u00f3ximo, o Departamento de Artes da Universidade Federal da Para\u00edba vai oferecer uma Oficina de Inicia\u00e7\u00e3o Teatral que ser\u00e1 ministrada pelo professor Everaldo Vasconcelos. Poder\u00e3o participar da Oficina interessados acima de 16 anos. As inscri\u00e7\u00f5es poder\u00e3o ser feitas no Departamento de Artes, Campus I da UFPB (acesso Bairro Castelo Branco) [&hellip;]\" \/>\n<meta property=\"og:url\" content=\"https:\/\/blogdojoaocosta.com.br\/?p=2235\" \/>\n<meta property=\"og:site_name\" content=\"Blog do Jo\u00e3o Costa\" \/>\n<meta property=\"article:published_time\" content=\"2024-07-14T17:38:06+00:00\" \/>\n<meta property=\"og:image\" content=\"https:\/\/blogdojoaocosta.com.br\/wp-content\/uploads\/2024\/07\/OFICINA-EVE.jpeg\" \/>\n\t<meta property=\"og:image:width\" content=\"439\" \/>\n\t<meta property=\"og:image:height\" content=\"437\" \/>\n\t<meta property=\"og:image:type\" content=\"image\/jpeg\" \/>\n<meta name=\"author\" content=\"joaocosta\" \/>\n<meta name=\"twitter:card\" content=\"summary_large_image\" \/>\n<meta name=\"twitter:label1\" content=\"Escrito por\" \/>\n\t<meta name=\"twitter:data1\" content=\"joaocosta\" \/>\n\t<meta name=\"twitter:label2\" content=\"Est. tempo de leitura\" \/>\n\t<meta name=\"twitter:data2\" content=\"2 minutos\" \/>\n<script type=\"application\/ld+json\" class=\"yoast-schema-graph\">{\"@context\":\"https:\\\/\\\/schema.org\",\"@graph\":[{\"@type\":\"Article\",\"@id\":\"https:\\\/\\\/blogdojoaocosta.com.br\\\/?p=2235#article\",\"isPartOf\":{\"@id\":\"https:\\\/\\\/blogdojoaocosta.com.br\\\/?p=2235\"},\"author\":{\"name\":\"joaocosta\",\"@id\":\"https:\\\/\\\/blogdojoaocosta.com.br\\\/#\\\/schema\\\/person\\\/af1c9fa31a41a9d29c32f74b41d55f6e\"},\"headline\":\"Departamento de Artes da UFPB vai oferecer Oficina de Teatro\",\"datePublished\":\"2024-07-14T17:38:06+00:00\",\"mainEntityOfPage\":{\"@id\":\"https:\\\/\\\/blogdojoaocosta.com.br\\\/?p=2235\"},\"wordCount\":178,\"commentCount\":0,\"image\":{\"@id\":\"https:\\\/\\\/blogdojoaocosta.com.br\\\/?p=2235#primaryimage\"},\"thumbnailUrl\":\"https:\\\/\\\/blogdojoaocosta.com.br\\\/wp-content\\\/uploads\\\/2024\\\/07\\\/OFICINA-EVE.jpeg\",\"articleSection\":[\"Entretenimento\"],\"inLanguage\":\"pt-BR\",\"potentialAction\":[{\"@type\":\"CommentAction\",\"name\":\"Comment\",\"target\":[\"https:\\\/\\\/blogdojoaocosta.com.br\\\/?p=2235#respond\"]}]},{\"@type\":\"WebPage\",\"@id\":\"https:\\\/\\\/blogdojoaocosta.com.br\\\/?p=2235\",\"url\":\"https:\\\/\\\/blogdojoaocosta.com.br\\\/?p=2235\",\"name\":\"Departamento de Artes da UFPB vai oferecer Oficina de Teatro - Blog do Jo\u00e3o Costa\",\"isPartOf\":{\"@id\":\"https:\\\/\\\/blogdojoaocosta.com.br\\\/#website\"},\"primaryImageOfPage\":{\"@id\":\"https:\\\/\\\/blogdojoaocosta.com.br\\\/?p=2235#primaryimage\"},\"image\":{\"@id\":\"https:\\\/\\\/blogdojoaocosta.com.br\\\/?p=2235#primaryimage\"},\"thumbnailUrl\":\"https:\\\/\\\/blogdojoaocosta.com.br\\\/wp-content\\\/uploads\\\/2024\\\/07\\\/OFICINA-EVE.jpeg\",\"datePublished\":\"2024-07-14T17:38:06+00:00\",\"author\":{\"@id\":\"https:\\\/\\\/blogdojoaocosta.com.br\\\/#\\\/schema\\\/person\\\/af1c9fa31a41a9d29c32f74b41d55f6e\"},\"breadcrumb\":{\"@id\":\"https:\\\/\\\/blogdojoaocosta.com.br\\\/?p=2235#breadcrumb\"},\"inLanguage\":\"pt-BR\",\"potentialAction\":[{\"@type\":\"ReadAction\",\"target\":[\"https:\\\/\\\/blogdojoaocosta.com.br\\\/?p=2235\"]}]},{\"@type\":\"ImageObject\",\"inLanguage\":\"pt-BR\",\"@id\":\"https:\\\/\\\/blogdojoaocosta.com.br\\\/?p=2235#primaryimage\",\"url\":\"https:\\\/\\\/blogdojoaocosta.com.br\\\/wp-content\\\/uploads\\\/2024\\\/07\\\/OFICINA-EVE.jpeg\",\"contentUrl\":\"https:\\\/\\\/blogdojoaocosta.com.br\\\/wp-content\\\/uploads\\\/2024\\\/07\\\/OFICINA-EVE.jpeg\",\"width\":439,\"height\":437},{\"@type\":\"BreadcrumbList\",\"@id\":\"https:\\\/\\\/blogdojoaocosta.com.br\\\/?p=2235#breadcrumb\",\"itemListElement\":[{\"@type\":\"ListItem\",\"position\":1,\"name\":\"In\u00edcio\",\"item\":\"https:\\\/\\\/blogdojoaocosta.com.br\\\/\"},{\"@type\":\"ListItem\",\"position\":2,\"name\":\"Departamento de Artes da UFPB vai oferecer Oficina de Teatro\"}]},{\"@type\":\"WebSite\",\"@id\":\"https:\\\/\\\/blogdojoaocosta.com.br\\\/#website\",\"url\":\"https:\\\/\\\/blogdojoaocosta.com.br\\\/\",\"name\":\"Blog do Jo\u00e3o Costa\",\"description\":\"Assim Caminha a Humanidade\",\"potentialAction\":[{\"@type\":\"SearchAction\",\"target\":{\"@type\":\"EntryPoint\",\"urlTemplate\":\"https:\\\/\\\/blogdojoaocosta.com.br\\\/?s={search_term_string}\"},\"query-input\":{\"@type\":\"PropertyValueSpecification\",\"valueRequired\":true,\"valueName\":\"search_term_string\"}}],\"inLanguage\":\"pt-BR\"},{\"@type\":\"Person\",\"@id\":\"https:\\\/\\\/blogdojoaocosta.com.br\\\/#\\\/schema\\\/person\\\/af1c9fa31a41a9d29c32f74b41d55f6e\",\"name\":\"joaocosta\",\"image\":{\"@type\":\"ImageObject\",\"inLanguage\":\"pt-BR\",\"@id\":\"https:\\\/\\\/secure.gravatar.com\\\/avatar\\\/677b6f1fc54e8c7982d7dce3cfe65fce28f898f70d9b8b631786a0b1b18b11e5?s=96&d=mm&r=g\",\"url\":\"https:\\\/\\\/secure.gravatar.com\\\/avatar\\\/677b6f1fc54e8c7982d7dce3cfe65fce28f898f70d9b8b631786a0b1b18b11e5?s=96&d=mm&r=g\",\"contentUrl\":\"https:\\\/\\\/secure.gravatar.com\\\/avatar\\\/677b6f1fc54e8c7982d7dce3cfe65fce28f898f70d9b8b631786a0b1b18b11e5?s=96&d=mm&r=g\",\"caption\":\"joaocosta\"},\"sameAs\":[\"http:\\\/\\\/blogdojoaocosta.com.br\"],\"url\":\"https:\\\/\\\/blogdojoaocosta.com.br\\\/?author=1\"}]}<\/script>\n<!-- \/ Yoast SEO plugin. -->","yoast_head_json":{"title":"Departamento de Artes da UFPB vai oferecer Oficina de Teatro - Blog do Jo\u00e3o Costa","robots":{"index":"index","follow":"follow","max-snippet":"max-snippet:-1","max-image-preview":"max-image-preview:large","max-video-preview":"max-video-preview:-1"},"canonical":"https:\/\/blogdojoaocosta.com.br\/?p=2235","og_locale":"pt_BR","og_type":"article","og_title":"Departamento de Artes da UFPB vai oferecer Oficina de Teatro - Blog do Jo\u00e3o Costa","og_description":"Na ter\u00e7a-feira, 23 de julho pr\u00f3ximo, o Departamento de Artes da Universidade Federal da Para\u00edba vai oferecer uma Oficina de Inicia\u00e7\u00e3o Teatral que ser\u00e1 ministrada pelo professor Everaldo Vasconcelos. Poder\u00e3o participar da Oficina interessados acima de 16 anos. As inscri\u00e7\u00f5es poder\u00e3o ser feitas no Departamento de Artes, Campus I da UFPB (acesso Bairro Castelo Branco) [&hellip;]","og_url":"https:\/\/blogdojoaocosta.com.br\/?p=2235","og_site_name":"Blog do Jo\u00e3o Costa","article_published_time":"2024-07-14T17:38:06+00:00","og_image":[{"width":439,"height":437,"url":"https:\/\/blogdojoaocosta.com.br\/wp-content\/uploads\/2024\/07\/OFICINA-EVE.jpeg","type":"image\/jpeg"}],"author":"joaocosta","twitter_card":"summary_large_image","twitter_misc":{"Escrito por":"joaocosta","Est. tempo de leitura":"2 minutos"},"schema":{"@context":"https:\/\/schema.org","@graph":[{"@type":"Article","@id":"https:\/\/blogdojoaocosta.com.br\/?p=2235#article","isPartOf":{"@id":"https:\/\/blogdojoaocosta.com.br\/?p=2235"},"author":{"name":"joaocosta","@id":"https:\/\/blogdojoaocosta.com.br\/#\/schema\/person\/af1c9fa31a41a9d29c32f74b41d55f6e"},"headline":"Departamento de Artes da UFPB vai oferecer Oficina de Teatro","datePublished":"2024-07-14T17:38:06+00:00","mainEntityOfPage":{"@id":"https:\/\/blogdojoaocosta.com.br\/?p=2235"},"wordCount":178,"commentCount":0,"image":{"@id":"https:\/\/blogdojoaocosta.com.br\/?p=2235#primaryimage"},"thumbnailUrl":"https:\/\/blogdojoaocosta.com.br\/wp-content\/uploads\/2024\/07\/OFICINA-EVE.jpeg","articleSection":["Entretenimento"],"inLanguage":"pt-BR","potentialAction":[{"@type":"CommentAction","name":"Comment","target":["https:\/\/blogdojoaocosta.com.br\/?p=2235#respond"]}]},{"@type":"WebPage","@id":"https:\/\/blogdojoaocosta.com.br\/?p=2235","url":"https:\/\/blogdojoaocosta.com.br\/?p=2235","name":"Departamento de Artes da UFPB vai oferecer Oficina de Teatro - Blog do Jo\u00e3o Costa","isPartOf":{"@id":"https:\/\/blogdojoaocosta.com.br\/#website"},"primaryImageOfPage":{"@id":"https:\/\/blogdojoaocosta.com.br\/?p=2235#primaryimage"},"image":{"@id":"https:\/\/blogdojoaocosta.com.br\/?p=2235#primaryimage"},"thumbnailUrl":"https:\/\/blogdojoaocosta.com.br\/wp-content\/uploads\/2024\/07\/OFICINA-EVE.jpeg","datePublished":"2024-07-14T17:38:06+00:00","author":{"@id":"https:\/\/blogdojoaocosta.com.br\/#\/schema\/person\/af1c9fa31a41a9d29c32f74b41d55f6e"},"breadcrumb":{"@id":"https:\/\/blogdojoaocosta.com.br\/?p=2235#breadcrumb"},"inLanguage":"pt-BR","potentialAction":[{"@type":"ReadAction","target":["https:\/\/blogdojoaocosta.com.br\/?p=2235"]}]},{"@type":"ImageObject","inLanguage":"pt-BR","@id":"https:\/\/blogdojoaocosta.com.br\/?p=2235#primaryimage","url":"https:\/\/blogdojoaocosta.com.br\/wp-content\/uploads\/2024\/07\/OFICINA-EVE.jpeg","contentUrl":"https:\/\/blogdojoaocosta.com.br\/wp-content\/uploads\/2024\/07\/OFICINA-EVE.jpeg","width":439,"height":437},{"@type":"BreadcrumbList","@id":"https:\/\/blogdojoaocosta.com.br\/?p=2235#breadcrumb","itemListElement":[{"@type":"ListItem","position":1,"name":"In\u00edcio","item":"https:\/\/blogdojoaocosta.com.br\/"},{"@type":"ListItem","position":2,"name":"Departamento de Artes da UFPB vai oferecer Oficina de Teatro"}]},{"@type":"WebSite","@id":"https:\/\/blogdojoaocosta.com.br\/#website","url":"https:\/\/blogdojoaocosta.com.br\/","name":"Blog do Jo\u00e3o Costa","description":"Assim Caminha a Humanidade","potentialAction":[{"@type":"SearchAction","target":{"@type":"EntryPoint","urlTemplate":"https:\/\/blogdojoaocosta.com.br\/?s={search_term_string}"},"query-input":{"@type":"PropertyValueSpecification","valueRequired":true,"valueName":"search_term_string"}}],"inLanguage":"pt-BR"},{"@type":"Person","@id":"https:\/\/blogdojoaocosta.com.br\/#\/schema\/person\/af1c9fa31a41a9d29c32f74b41d55f6e","name":"joaocosta","image":{"@type":"ImageObject","inLanguage":"pt-BR","@id":"https:\/\/secure.gravatar.com\/avatar\/677b6f1fc54e8c7982d7dce3cfe65fce28f898f70d9b8b631786a0b1b18b11e5?s=96&d=mm&r=g","url":"https:\/\/secure.gravatar.com\/avatar\/677b6f1fc54e8c7982d7dce3cfe65fce28f898f70d9b8b631786a0b1b18b11e5?s=96&d=mm&r=g","contentUrl":"https:\/\/secure.gravatar.com\/avatar\/677b6f1fc54e8c7982d7dce3cfe65fce28f898f70d9b8b631786a0b1b18b11e5?s=96&d=mm&r=g","caption":"joaocosta"},"sameAs":["http:\/\/blogdojoaocosta.com.br"],"url":"https:\/\/blogdojoaocosta.com.br\/?author=1"}]}},"_links":{"self":[{"href":"https:\/\/blogdojoaocosta.com.br\/index.php?rest_route=\/wp\/v2\/posts\/2235","targetHints":{"allow":["GET"]}}],"collection":[{"href":"https:\/\/blogdojoaocosta.com.br\/index.php?rest_route=\/wp\/v2\/posts"}],"about":[{"href":"https:\/\/blogdojoaocosta.com.br\/index.php?rest_route=\/wp\/v2\/types\/post"}],"author":[{"embeddable":true,"href":"https:\/\/blogdojoaocosta.com.br\/index.php?rest_route=\/wp\/v2\/users\/1"}],"replies":[{"embeddable":true,"href":"https:\/\/blogdojoaocosta.com.br\/index.php?rest_route=%2Fwp%2Fv2%2Fcomments&post=2235"}],"version-history":[{"count":1,"href":"https:\/\/blogdojoaocosta.com.br\/index.php?rest_route=\/wp\/v2\/posts\/2235\/revisions"}],"predecessor-version":[{"id":2238,"href":"https:\/\/blogdojoaocosta.com.br\/index.php?rest_route=\/wp\/v2\/posts\/2235\/revisions\/2238"}],"wp:featuredmedia":[{"embeddable":true,"href":"https:\/\/blogdojoaocosta.com.br\/index.php?rest_route=\/wp\/v2\/media\/2236"}],"wp:attachment":[{"href":"https:\/\/blogdojoaocosta.com.br\/index.php?rest_route=%2Fwp%2Fv2%2Fmedia&parent=2235"}],"wp:term":[{"taxonomy":"category","embeddable":true,"href":"https:\/\/blogdojoaocosta.com.br\/index.php?rest_route=%2Fwp%2Fv2%2Fcategories&post=2235"},{"taxonomy":"post_tag","embeddable":true,"href":"https:\/\/blogdojoaocosta.com.br\/index.php?rest_route=%2Fwp%2Fv2%2Ftags&post=2235"}],"curies":[{"name":"wp","href":"https:\/\/api.w.org\/{rel}","templated":true}]}}