{"id":2464,"date":"2024-12-05T12:04:41","date_gmt":"2024-12-05T15:04:41","guid":{"rendered":"https:\/\/blogdojoaocosta.com.br\/?p=2464"},"modified":"2024-12-05T12:04:41","modified_gmt":"2024-12-05T15:04:41","slug":"prefeitura-autoriza-construcao-da-ponte-do-cuia-entre-valentina-e-mangabeira","status":"publish","type":"post","link":"https:\/\/blogdojoaocosta.com.br\/?p=2464","title":{"rendered":"Prefeitura autoriza constru\u00e7\u00e3o da Ponte do Cui\u00e1, entre Valentina e Mangabeira"},"content":{"rendered":"<p style=\"text-align: justify; line-height: 18.0pt; background: white; margin: 0cm 0cm 18.0pt 0cm;\"><span style=\"font-family: Merriweather; color: #0a0a0a; letter-spacing: -.1pt;\">O prefeito de Jo\u00e3o Pessoa, C\u00edcero Lucena (PP), assinou, na quarta-feira (04), a ordem de servi\u00e7o autorizando o in\u00edcio das obras da \u201cPonte do Cui\u00e1\u201d, que vai ligar os bairros de Mangabeira e Valentina Figueiredo.<\/span><\/p>\n<p style=\"text-align: justify; line-height: 18.0pt; background: white; box-sizing: border-box; outline: none !important; font-size: 1.8rem; font-variant-ligatures: normal; font-variant-caps: normal; orphans: 2; widows: 2; -webkit-text-stroke-width: 0px; text-decoration-thickness: initial; text-decoration-style: initial; text-decoration-color: initial; word-spacing: 0px; margin: 0cm 0cm 18.0pt 0cm;\"><span style=\"font-family: Merriweather; color: #0a0a0a; letter-spacing: -.1pt;\">Segundo a prefeitura, a obra ter\u00e1 um custo de quase R$ 18 milh\u00f5es, \u00e9 uma ponte mista, com tabuleiro em estrutura met\u00e1lica e concreto armado. A Rua Brasilino Alves da N\u00f3brega tamb\u00e9m ganhar\u00e1 mais duas faixas de tr\u00e2nsito, ciclovia e ilumina\u00e7\u00e3o em LED. Tamb\u00e9m ser\u00e1 feita uma requalifica\u00e7\u00e3o nas margens do Rio Cui\u00e1.<\/span><\/p>\n<p style=\"text-align: justify; line-height: 18.0pt; background: white; margin: 0cm 0cm 18.0pt 0cm;\"><span style=\"font-family: Merriweather; color: #0a0a0a; letter-spacing: -.1pt;\">O secret\u00e1rio de Infraestrutura, Rubens Falc\u00e3o, destacou que a obra vai resolver definitivamente o problema do tr\u00e2nsito e alagamentos na regi\u00e3o. \u201c\u00c9 uma obra altamente esperada pela popula\u00e7\u00e3o e que vai resolver n\u00e3o s\u00f3 a quest\u00e3o do tr\u00e2nsito, mas tamb\u00e9m o problema de alagamento. Aqui no inverno \u00e9 comum carros boiarem nesse ponto e isso vai ser definitivamente resolvido\u201d, explicou Rubens.<\/span><\/p>\n<p style=\"text-align: justify; line-height: 18.0pt; background: white; box-sizing: border-box; outline: none !important; font-size: 1.8rem; font-variant-ligatures: normal; font-variant-caps: normal; orphans: 2; widows: 2; -webkit-text-stroke-width: 0px; text-decoration-thickness: initial; text-decoration-style: initial; text-decoration-color: initial; word-spacing: 0px; margin: 0cm 0cm 18.0pt 0cm;\"><span style=\"font-family: Merriweather; color: #0a0a0a; letter-spacing: -.1pt;\">Durante a realiza\u00e7\u00e3o da obra, a Superintend\u00eancia Executiva de Mobilidade Urbana de Jo\u00e3o Pessoa (Semob-JP) vai atuar na organiza\u00e7\u00e3o do tr\u00e2nsito na regi\u00e3o. \u201cEssa ponte vai facilitar e melhorar bastante a vida da popula\u00e7\u00e3o. Dentro do planejamento, n\u00f3s vamos trabalhar com alguns desvios durante as etapas da obra, sempre dando apoio para manter a seguran\u00e7a vi\u00e1ria\u201d, ressaltou o superintendente Expedito Leite.<\/span><\/p>\n<p>Fonte: Com Assessoria<\/p>\n","protected":false},"excerpt":{"rendered":"<p>O prefeito de Jo\u00e3o Pessoa, C\u00edcero Lucena (PP), assinou, na quarta-feira (04), a ordem de servi\u00e7o autorizando o in\u00edcio das obras da \u201cPonte do Cui\u00e1\u201d, que vai ligar os bairros de Mangabeira e Valentina Figueiredo. Segundo a prefeitura, a obra ter\u00e1 um custo de quase R$ 18 milh\u00f5es, \u00e9 uma ponte mista, com tabuleiro em [&hellip;]<\/p>\n","protected":false},"author":1,"featured_media":2465,"comment_status":"open","ping_status":"open","sticky":false,"template":"","format":"standard","meta":{"footnotes":""},"categories":[1],"tags":[],"class_list":["post-2464","post","type-post","status-publish","format-standard","has-post-thumbnail","hentry","category-entretenimento"],"yoast_head":"<!-- This site is optimized with the Yoast SEO plugin v27.5 - https:\/\/yoast.com\/product\/yoast-seo-wordpress\/ -->\n<title>Prefeitura autoriza constru\u00e7\u00e3o da Ponte do Cui\u00e1, entre Valentina e Mangabeira - Blog do Jo\u00e3o Costa<\/title>\n<meta name=\"robots\" content=\"index, follow, max-snippet:-1, max-image-preview:large, max-video-preview:-1\" \/>\n<link rel=\"canonical\" href=\"https:\/\/blogdojoaocosta.com.br\/?p=2464\" \/>\n<meta property=\"og:locale\" content=\"pt_BR\" \/>\n<meta property=\"og:type\" content=\"article\" \/>\n<meta property=\"og:title\" content=\"Prefeitura autoriza constru\u00e7\u00e3o da Ponte do Cui\u00e1, entre Valentina e Mangabeira - Blog do Jo\u00e3o Costa\" \/>\n<meta property=\"og:description\" content=\"O prefeito de Jo\u00e3o Pessoa, C\u00edcero Lucena (PP), assinou, na quarta-feira (04), a ordem de servi\u00e7o autorizando o in\u00edcio das obras da \u201cPonte do Cui\u00e1\u201d, que vai ligar os bairros de Mangabeira e Valentina Figueiredo. Segundo a prefeitura, a obra ter\u00e1 um custo de quase R$ 18 milh\u00f5es, \u00e9 uma ponte mista, com tabuleiro em [&hellip;]\" \/>\n<meta property=\"og:url\" content=\"https:\/\/blogdojoaocosta.com.br\/?p=2464\" \/>\n<meta property=\"og:site_name\" content=\"Blog do Jo\u00e3o Costa\" \/>\n<meta property=\"article:published_time\" content=\"2024-12-05T15:04:41+00:00\" \/>\n<meta property=\"og:image\" content=\"https:\/\/blogdojoaocosta.com.br\/wp-content\/uploads\/2024\/12\/ponte.webp\" \/>\n\t<meta property=\"og:image:width\" content=\"800\" \/>\n\t<meta property=\"og:image:height\" content=\"568\" \/>\n\t<meta property=\"og:image:type\" content=\"image\/webp\" \/>\n<meta name=\"author\" content=\"joaocosta\" \/>\n<meta name=\"twitter:card\" content=\"summary_large_image\" \/>\n<meta name=\"twitter:label1\" content=\"Escrito por\" \/>\n\t<meta name=\"twitter:data1\" content=\"joaocosta\" \/>\n\t<meta name=\"twitter:label2\" content=\"Est. tempo de leitura\" \/>\n\t<meta name=\"twitter:data2\" content=\"2 minutos\" \/>\n<script type=\"application\/ld+json\" class=\"yoast-schema-graph\">{\"@context\":\"https:\\\/\\\/schema.org\",\"@graph\":[{\"@type\":\"Article\",\"@id\":\"https:\\\/\\\/blogdojoaocosta.com.br\\\/?p=2464#article\",\"isPartOf\":{\"@id\":\"https:\\\/\\\/blogdojoaocosta.com.br\\\/?p=2464\"},\"author\":{\"name\":\"joaocosta\",\"@id\":\"https:\\\/\\\/blogdojoaocosta.com.br\\\/#\\\/schema\\\/person\\\/af1c9fa31a41a9d29c32f74b41d55f6e\"},\"headline\":\"Prefeitura autoriza constru\u00e7\u00e3o da Ponte do Cui\u00e1, entre Valentina e Mangabeira\",\"datePublished\":\"2024-12-05T15:04:41+00:00\",\"mainEntityOfPage\":{\"@id\":\"https:\\\/\\\/blogdojoaocosta.com.br\\\/?p=2464\"},\"wordCount\":251,\"commentCount\":0,\"image\":{\"@id\":\"https:\\\/\\\/blogdojoaocosta.com.br\\\/?p=2464#primaryimage\"},\"thumbnailUrl\":\"https:\\\/\\\/blogdojoaocosta.com.br\\\/wp-content\\\/uploads\\\/2024\\\/12\\\/ponte.webp\",\"articleSection\":[\"Entretenimento\"],\"inLanguage\":\"pt-BR\",\"potentialAction\":[{\"@type\":\"CommentAction\",\"name\":\"Comment\",\"target\":[\"https:\\\/\\\/blogdojoaocosta.com.br\\\/?p=2464#respond\"]}]},{\"@type\":\"WebPage\",\"@id\":\"https:\\\/\\\/blogdojoaocosta.com.br\\\/?p=2464\",\"url\":\"https:\\\/\\\/blogdojoaocosta.com.br\\\/?p=2464\",\"name\":\"Prefeitura autoriza constru\u00e7\u00e3o da Ponte do Cui\u00e1, entre Valentina e Mangabeira - Blog do Jo\u00e3o Costa\",\"isPartOf\":{\"@id\":\"https:\\\/\\\/blogdojoaocosta.com.br\\\/#website\"},\"primaryImageOfPage\":{\"@id\":\"https:\\\/\\\/blogdojoaocosta.com.br\\\/?p=2464#primaryimage\"},\"image\":{\"@id\":\"https:\\\/\\\/blogdojoaocosta.com.br\\\/?p=2464#primaryimage\"},\"thumbnailUrl\":\"https:\\\/\\\/blogdojoaocosta.com.br\\\/wp-content\\\/uploads\\\/2024\\\/12\\\/ponte.webp\",\"datePublished\":\"2024-12-05T15:04:41+00:00\",\"author\":{\"@id\":\"https:\\\/\\\/blogdojoaocosta.com.br\\\/#\\\/schema\\\/person\\\/af1c9fa31a41a9d29c32f74b41d55f6e\"},\"breadcrumb\":{\"@id\":\"https:\\\/\\\/blogdojoaocosta.com.br\\\/?p=2464#breadcrumb\"},\"inLanguage\":\"pt-BR\",\"potentialAction\":[{\"@type\":\"ReadAction\",\"target\":[\"https:\\\/\\\/blogdojoaocosta.com.br\\\/?p=2464\"]}]},{\"@type\":\"ImageObject\",\"inLanguage\":\"pt-BR\",\"@id\":\"https:\\\/\\\/blogdojoaocosta.com.br\\\/?p=2464#primaryimage\",\"url\":\"https:\\\/\\\/blogdojoaocosta.com.br\\\/wp-content\\\/uploads\\\/2024\\\/12\\\/ponte.webp\",\"contentUrl\":\"https:\\\/\\\/blogdojoaocosta.com.br\\\/wp-content\\\/uploads\\\/2024\\\/12\\\/ponte.webp\",\"width\":800,\"height\":568},{\"@type\":\"BreadcrumbList\",\"@id\":\"https:\\\/\\\/blogdojoaocosta.com.br\\\/?p=2464#breadcrumb\",\"itemListElement\":[{\"@type\":\"ListItem\",\"position\":1,\"name\":\"In\u00edcio\",\"item\":\"https:\\\/\\\/blogdojoaocosta.com.br\\\/\"},{\"@type\":\"ListItem\",\"position\":2,\"name\":\"Prefeitura autoriza constru\u00e7\u00e3o da Ponte do Cui\u00e1, entre Valentina e Mangabeira\"}]},{\"@type\":\"WebSite\",\"@id\":\"https:\\\/\\\/blogdojoaocosta.com.br\\\/#website\",\"url\":\"https:\\\/\\\/blogdojoaocosta.com.br\\\/\",\"name\":\"Blog do Jo\u00e3o Costa\",\"description\":\"Assim Caminha a Humanidade\",\"potentialAction\":[{\"@type\":\"SearchAction\",\"target\":{\"@type\":\"EntryPoint\",\"urlTemplate\":\"https:\\\/\\\/blogdojoaocosta.com.br\\\/?s={search_term_string}\"},\"query-input\":{\"@type\":\"PropertyValueSpecification\",\"valueRequired\":true,\"valueName\":\"search_term_string\"}}],\"inLanguage\":\"pt-BR\"},{\"@type\":\"Person\",\"@id\":\"https:\\\/\\\/blogdojoaocosta.com.br\\\/#\\\/schema\\\/person\\\/af1c9fa31a41a9d29c32f74b41d55f6e\",\"name\":\"joaocosta\",\"image\":{\"@type\":\"ImageObject\",\"inLanguage\":\"pt-BR\",\"@id\":\"https:\\\/\\\/secure.gravatar.com\\\/avatar\\\/677b6f1fc54e8c7982d7dce3cfe65fce28f898f70d9b8b631786a0b1b18b11e5?s=96&d=mm&r=g\",\"url\":\"https:\\\/\\\/secure.gravatar.com\\\/avatar\\\/677b6f1fc54e8c7982d7dce3cfe65fce28f898f70d9b8b631786a0b1b18b11e5?s=96&d=mm&r=g\",\"contentUrl\":\"https:\\\/\\\/secure.gravatar.com\\\/avatar\\\/677b6f1fc54e8c7982d7dce3cfe65fce28f898f70d9b8b631786a0b1b18b11e5?s=96&d=mm&r=g\",\"caption\":\"joaocosta\"},\"sameAs\":[\"http:\\\/\\\/blogdojoaocosta.com.br\"],\"url\":\"https:\\\/\\\/blogdojoaocosta.com.br\\\/?author=1\"}]}<\/script>\n<!-- \/ Yoast SEO plugin. -->","yoast_head_json":{"title":"Prefeitura autoriza constru\u00e7\u00e3o da Ponte do Cui\u00e1, entre Valentina e Mangabeira - Blog do Jo\u00e3o Costa","robots":{"index":"index","follow":"follow","max-snippet":"max-snippet:-1","max-image-preview":"max-image-preview:large","max-video-preview":"max-video-preview:-1"},"canonical":"https:\/\/blogdojoaocosta.com.br\/?p=2464","og_locale":"pt_BR","og_type":"article","og_title":"Prefeitura autoriza constru\u00e7\u00e3o da Ponte do Cui\u00e1, entre Valentina e Mangabeira - Blog do Jo\u00e3o Costa","og_description":"O prefeito de Jo\u00e3o Pessoa, C\u00edcero Lucena (PP), assinou, na quarta-feira (04), a ordem de servi\u00e7o autorizando o in\u00edcio das obras da \u201cPonte do Cui\u00e1\u201d, que vai ligar os bairros de Mangabeira e Valentina Figueiredo. Segundo a prefeitura, a obra ter\u00e1 um custo de quase R$ 18 milh\u00f5es, \u00e9 uma ponte mista, com tabuleiro em [&hellip;]","og_url":"https:\/\/blogdojoaocosta.com.br\/?p=2464","og_site_name":"Blog do Jo\u00e3o Costa","article_published_time":"2024-12-05T15:04:41+00:00","og_image":[{"width":800,"height":568,"url":"https:\/\/blogdojoaocosta.com.br\/wp-content\/uploads\/2024\/12\/ponte.webp","type":"image\/webp"}],"author":"joaocosta","twitter_card":"summary_large_image","twitter_misc":{"Escrito por":"joaocosta","Est. tempo de leitura":"2 minutos"},"schema":{"@context":"https:\/\/schema.org","@graph":[{"@type":"Article","@id":"https:\/\/blogdojoaocosta.com.br\/?p=2464#article","isPartOf":{"@id":"https:\/\/blogdojoaocosta.com.br\/?p=2464"},"author":{"name":"joaocosta","@id":"https:\/\/blogdojoaocosta.com.br\/#\/schema\/person\/af1c9fa31a41a9d29c32f74b41d55f6e"},"headline":"Prefeitura autoriza constru\u00e7\u00e3o da Ponte do Cui\u00e1, entre Valentina e Mangabeira","datePublished":"2024-12-05T15:04:41+00:00","mainEntityOfPage":{"@id":"https:\/\/blogdojoaocosta.com.br\/?p=2464"},"wordCount":251,"commentCount":0,"image":{"@id":"https:\/\/blogdojoaocosta.com.br\/?p=2464#primaryimage"},"thumbnailUrl":"https:\/\/blogdojoaocosta.com.br\/wp-content\/uploads\/2024\/12\/ponte.webp","articleSection":["Entretenimento"],"inLanguage":"pt-BR","potentialAction":[{"@type":"CommentAction","name":"Comment","target":["https:\/\/blogdojoaocosta.com.br\/?p=2464#respond"]}]},{"@type":"WebPage","@id":"https:\/\/blogdojoaocosta.com.br\/?p=2464","url":"https:\/\/blogdojoaocosta.com.br\/?p=2464","name":"Prefeitura autoriza constru\u00e7\u00e3o da Ponte do Cui\u00e1, entre Valentina e Mangabeira - Blog do Jo\u00e3o Costa","isPartOf":{"@id":"https:\/\/blogdojoaocosta.com.br\/#website"},"primaryImageOfPage":{"@id":"https:\/\/blogdojoaocosta.com.br\/?p=2464#primaryimage"},"image":{"@id":"https:\/\/blogdojoaocosta.com.br\/?p=2464#primaryimage"},"thumbnailUrl":"https:\/\/blogdojoaocosta.com.br\/wp-content\/uploads\/2024\/12\/ponte.webp","datePublished":"2024-12-05T15:04:41+00:00","author":{"@id":"https:\/\/blogdojoaocosta.com.br\/#\/schema\/person\/af1c9fa31a41a9d29c32f74b41d55f6e"},"breadcrumb":{"@id":"https:\/\/blogdojoaocosta.com.br\/?p=2464#breadcrumb"},"inLanguage":"pt-BR","potentialAction":[{"@type":"ReadAction","target":["https:\/\/blogdojoaocosta.com.br\/?p=2464"]}]},{"@type":"ImageObject","inLanguage":"pt-BR","@id":"https:\/\/blogdojoaocosta.com.br\/?p=2464#primaryimage","url":"https:\/\/blogdojoaocosta.com.br\/wp-content\/uploads\/2024\/12\/ponte.webp","contentUrl":"https:\/\/blogdojoaocosta.com.br\/wp-content\/uploads\/2024\/12\/ponte.webp","width":800,"height":568},{"@type":"BreadcrumbList","@id":"https:\/\/blogdojoaocosta.com.br\/?p=2464#breadcrumb","itemListElement":[{"@type":"ListItem","position":1,"name":"In\u00edcio","item":"https:\/\/blogdojoaocosta.com.br\/"},{"@type":"ListItem","position":2,"name":"Prefeitura autoriza constru\u00e7\u00e3o da Ponte do Cui\u00e1, entre Valentina e Mangabeira"}]},{"@type":"WebSite","@id":"https:\/\/blogdojoaocosta.com.br\/#website","url":"https:\/\/blogdojoaocosta.com.br\/","name":"Blog do Jo\u00e3o Costa","description":"Assim Caminha a Humanidade","potentialAction":[{"@type":"SearchAction","target":{"@type":"EntryPoint","urlTemplate":"https:\/\/blogdojoaocosta.com.br\/?s={search_term_string}"},"query-input":{"@type":"PropertyValueSpecification","valueRequired":true,"valueName":"search_term_string"}}],"inLanguage":"pt-BR"},{"@type":"Person","@id":"https:\/\/blogdojoaocosta.com.br\/#\/schema\/person\/af1c9fa31a41a9d29c32f74b41d55f6e","name":"joaocosta","image":{"@type":"ImageObject","inLanguage":"pt-BR","@id":"https:\/\/secure.gravatar.com\/avatar\/677b6f1fc54e8c7982d7dce3cfe65fce28f898f70d9b8b631786a0b1b18b11e5?s=96&d=mm&r=g","url":"https:\/\/secure.gravatar.com\/avatar\/677b6f1fc54e8c7982d7dce3cfe65fce28f898f70d9b8b631786a0b1b18b11e5?s=96&d=mm&r=g","contentUrl":"https:\/\/secure.gravatar.com\/avatar\/677b6f1fc54e8c7982d7dce3cfe65fce28f898f70d9b8b631786a0b1b18b11e5?s=96&d=mm&r=g","caption":"joaocosta"},"sameAs":["http:\/\/blogdojoaocosta.com.br"],"url":"https:\/\/blogdojoaocosta.com.br\/?author=1"}]}},"_links":{"self":[{"href":"https:\/\/blogdojoaocosta.com.br\/index.php?rest_route=\/wp\/v2\/posts\/2464","targetHints":{"allow":["GET"]}}],"collection":[{"href":"https:\/\/blogdojoaocosta.com.br\/index.php?rest_route=\/wp\/v2\/posts"}],"about":[{"href":"https:\/\/blogdojoaocosta.com.br\/index.php?rest_route=\/wp\/v2\/types\/post"}],"author":[{"embeddable":true,"href":"https:\/\/blogdojoaocosta.com.br\/index.php?rest_route=\/wp\/v2\/users\/1"}],"replies":[{"embeddable":true,"href":"https:\/\/blogdojoaocosta.com.br\/index.php?rest_route=%2Fwp%2Fv2%2Fcomments&post=2464"}],"version-history":[{"count":1,"href":"https:\/\/blogdojoaocosta.com.br\/index.php?rest_route=\/wp\/v2\/posts\/2464\/revisions"}],"predecessor-version":[{"id":2466,"href":"https:\/\/blogdojoaocosta.com.br\/index.php?rest_route=\/wp\/v2\/posts\/2464\/revisions\/2466"}],"wp:featuredmedia":[{"embeddable":true,"href":"https:\/\/blogdojoaocosta.com.br\/index.php?rest_route=\/wp\/v2\/media\/2465"}],"wp:attachment":[{"href":"https:\/\/blogdojoaocosta.com.br\/index.php?rest_route=%2Fwp%2Fv2%2Fmedia&parent=2464"}],"wp:term":[{"taxonomy":"category","embeddable":true,"href":"https:\/\/blogdojoaocosta.com.br\/index.php?rest_route=%2Fwp%2Fv2%2Fcategories&post=2464"},{"taxonomy":"post_tag","embeddable":true,"href":"https:\/\/blogdojoaocosta.com.br\/index.php?rest_route=%2Fwp%2Fv2%2Ftags&post=2464"}],"curies":[{"name":"wp","href":"https:\/\/api.w.org\/{rel}","templated":true}]}}