{"id":2595,"date":"2025-02-11T13:18:34","date_gmt":"2025-02-11T16:18:34","guid":{"rendered":"https:\/\/blogdojoaocosta.com.br\/?p=2595"},"modified":"2025-02-11T13:18:34","modified_gmt":"2025-02-11T16:18:34","slug":"o-cangaceiro-massilon-leite-e-o-atentado-em-brejo-do-cruz","status":"publish","type":"post","link":"https:\/\/blogdojoaocosta.com.br\/?p=2595","title":{"rendered":"O cangaceiro Massilon Leite e o atentado em Brejo do Cruz"},"content":{"rendered":"<p>Jos\u00e9 Tavares de Ara\u00fajo Neto<\/p>\n<p>Na d\u00e9cada de 1920, o sert\u00e3o paraibano era palco de intensas disputas entre oligarquias locais, marcadas por rivalidades familiares, alian\u00e7as fr\u00e1geis e viol\u00eancia. Em\u00a0Catol\u00e9 do Rocha, o governador\u00a0Jo\u00e3o Suassuna\u00a0consolidava seu poder nomeando aliados, como seu irm\u00e3o\u00a0Ant\u00f4nio Suassuna\u00a0(prefeito) e\u00a0Herm\u00ednio Hermenegildo Maia de Vasconcelos\u00a0(subprefeito), filho do influente\u00a0Francisco Hermenegildo Maia de Vasconcelos\u00a0(coronel Maia).<\/p>\n<p>J\u00e1 em\u00a0Brejo do Cruz, a estrat\u00e9gia foi diferente, mas n\u00e3o menos calculista. O comando da prefeitura foi entregue a\u00a0Severino Dutra de Morais, com\u00a0Jos\u00e9 Targino da Cruz\u00a0como subprefeito.\u00a0 A oposi\u00e7\u00e3o era liderada por\u00a0Jo\u00e3o Agripino Maia de Vasconcelos, primo do coronel Maia. Dr. Jo\u00e3o Agripino, outrora aliado dos Suassunas, rompera com o grupo anos antes, unindo-se aos advers\u00e1rios hist\u00f3ricos do governador \u2014 os cl\u00e3s\u00a0Saldanha e Lobos.<\/p>\n<p>No centro da trama estava\u00a0Jo\u00e3o Minervino Dutra de Almeida (Joca), juiz de Catol\u00e9 do Rocha em licen\u00e7a e l\u00edder da oligarquia dos\u00a0&#8220;Macacos&#8221;\u00a0(fam\u00edlia Dutra de Almeida). Dr. Joca Dutra mantinha lealdade aos Suassunas e resistia \u00e0s press\u00f5es de Agripino, tornando-se alvo de uma rivalidade que misturava pol\u00edtica e quest\u00f5es pessoais. Sua resid\u00eancia em Brejo do Cruz era ponto de encontro de correligion\u00e1rios, onde discuss\u00f5es sobre o futuro do munic\u00edpio ocorriam em reuni\u00f5es informais.<\/p>\n<p><img decoding=\"async\" class=\"alignnone size-medium wp-image-2597\" src=\"https:\/\/blogdojoaocosta.com.br\/wp-content\/uploads\/2025\/02\/Aze-tacares-1-278x300.jpeg\" alt=\"\" width=\"278\" height=\"300\" srcset=\"https:\/\/blogdojoaocosta.com.br\/wp-content\/uploads\/2025\/02\/Aze-tacares-1-278x300.jpeg 278w, https:\/\/blogdojoaocosta.com.br\/wp-content\/uploads\/2025\/02\/Aze-tacares-1.jpeg 694w\" sizes=\"(max-width: 278px) 100vw, 278px\" \/><\/p>\n<p><em><strong>Jos\u00e9 Tavares, pesquisador e historiador<\/strong><\/em><\/p>\n<p>Era noite de 25 de abril de 1926. Brejo do Cruz estava envolto em uma calmaria aparente, apenas quebrada pelo vento morno que trazia o aroma da caatinga. Sob um c\u00e9u estrelado, um conjunto de amigos se reunia na cal\u00e7ada da resid\u00eancia do Dr. Joca Dutra, conversando descontraidamente. Entre os presentes estavam personalidades ilustres da cidade, como o Dr. Augusto Rezende, Juiz Municipal e genro do coronel Adolfo Maia, Severino Maia, filho do coronel e cunhado do Juiz, al\u00e9m de Manuel Paulino de Moraes, comerciante e primo do Dr. Joca Dutra.<\/p>\n<p>Completavam o grupo Severino Elias do Amaral, telegrafista, e Jos\u00e9 Diniz, escriv\u00e3o. Poucos minutos antes, o subprefeito Jos\u00e9 Targino da Cruz e Ant\u00f4nio Dutra de Almeida haviam se despedido da reuni\u00e3o para atender a outro compromisso. A cena tranquila, por\u00e9m, logo seria interrompida por um dos epis\u00f3dios mais sombrios da hist\u00f3ria da regi\u00e3o.<\/p>\n<p>Foi ent\u00e3o que, exatamente \u00e0s 19:00 horas, uma quadrilha de seis cangaceiros, liderados pelo tem\u00edvel Massilon Leite, desferiu um ataque surpreendente contra os presentes. Essa noite marcante em Brejo do Cruz ficaria gravada na hist\u00f3ria local como um evento tr\u00e1gico e inesperado.<\/p>\n<p>Exatamente \u00e0s 19:00 horas, sob o comando do tem\u00edvel cangaceiro Massilon Leite, um bando composto por seis homens forte armados desferiu um ataque violento e surpreendente contra os presentes.<\/p>\n<p>O Dr. Joca Dutra e Severino do Amaral foram feridos, enquanto o Dr. Rezende e Manuel Paulino Dutra morreram no local.<\/p>\n<p>Os agressores cortaram os fios telegr\u00e1ficos da cidade, isolando-a para evitar comunica\u00e7\u00e3o externa. Joca s\u00f3 conseguiu enviar um telegrama no dia seguinte, descrevendo o ocorrido ao governador Jo\u00e3o Suassuna.<\/p>\n<p>Ontem, \u00e0s 19 horas, ao luar claro, um grupo de seis bandidos armados a rifle atacou inopinadamente a minha resid\u00eancia, na ocasi\u00e3o em que eu, doutor Rezende, Severino Maia, filho do cel. Adolpho Maia, meu primo Manuel Paulino Dutra, o escriv\u00e3o Jos\u00e9 Diniz e o telegrafista Amaral, nos ach\u00e1vamos palestrando em minha cal\u00e7ada, todos desarmados. Aos primeiros tiros, todos desfechados quais a queima roupa contra mim, fui levemente ferido na regi\u00e3o dorsal, bem como o telegrafista Amaral, tombando mortos na cal\u00e7ada os infelizes doutor Rezende e Manuel Paulino. (A Uni\u00e3o (PB), 28 de abril de 1926).<\/p>\n<p>O Minist\u00e9rio Publico atribuiu o atentado a um grupo de cangaceiros liderados por\u00a0Massilon Leite, integrado por\u00a0Jos\u00e9 Pedro (Coqueiro),\u00a0Peitada,\u00a0Jo\u00e3o Domingos\u00a0e\u00a0Jo\u00e3o C\u00e2ndido (Negro C\u00e2ndido). Por\u00e9m, as acusa\u00e7\u00f5es n\u00e3o se limitaram aos executores materiais: o promotor\u00a0Em\u00edlio Pires Ferreira\u00a0denunciou que o crime fora orquestrado por figuras influentes da pol\u00edtica local \u2014\u00a0Jo\u00e3o Agripino,\u00a0Joaquim Saldanha,\u00a0Odilon Ben\u00edcio Maia\u00a0e\u00a0Pl\u00ednio Dantas Saldanha (Marinheiro Saldanha)\u00a0\u2014, em um esquema que misturava poder, vingan\u00e7a e estrat\u00e9gias olig\u00e1rquicas.<\/p>\n<p>A den\u00fancia foi sustentada por quatro pilares principais.\u00a0Primeiro, a exist\u00eancia de\u00a0reuni\u00f5es pr\u00e9vias na Fazenda Malhada da Areia, onde os supostos mandantes teriam planejado o ataque sob o pretexto de discutir a compra de uma propriedade. Esses encontros, segundo testemunhas, serviram para articular a execu\u00e7\u00e3o do crime.\u00a0Segundo, a\u00a0prote\u00e7\u00e3o oferecida aos executores: Massilon Leite e outros cangaceiros estavam homiziados em terras de\u00a0Benedito Saldanha\u00a0(irm\u00e3o de Joaquim Saldanha) no Cear\u00e1, evidenciando uma rede de apoio log\u00edstico.\u00a0Terceiro, as\u00a0amea\u00e7as p\u00fablicas\u00a0proferidas por Agripino e Saldanha contra Joca Dutra, amplamente divulgadas e interpretadas como declara\u00e7\u00f5es de guerra pol\u00edtica.<\/p>\n<p>Por fim,\u00a0ind\u00edcios circunstanciais, como o corte dos fios telegr\u00e1ficos \u2014 que isolou Brejo do Cruz durante o ataque \u2014 e rastros encontrados no s\u00edtio de Jo\u00e3o Agripino, sugerindo o uso do local como ponto de apoio pelos agressores.<\/p>\n<p>A motiva\u00e7\u00e3o central, segundo a acusa\u00e7\u00e3o, era\u00a0pol\u00edtica. Jo\u00e3o Agripino, ex-aliado dos Suassunas, via em Joca Dutra um obst\u00e1culo ao seu controle sobre Brejo do Cruz. A influ\u00eancia de Joca, aliada \u00e0 sua lealdade ao governador Jo\u00e3o Suassuna, amea\u00e7ava o projeto de poder de Agripino e seus aliados Saldanha.<\/p>\n<p>O processo foi marcado por uma s\u00e9rie de controv\u00e9rsias e questionamentos. A defesa dos acusados, liderada pelo experiente advogado Dr. Jo\u00e3o da Matta Correia Lima, s\u00f3cio do advogado Jo\u00e3o Duarte Dantas, primo em primeiro grau dos Saldanhas, argumentou que o processo era uma persegui\u00e7\u00e3o pol\u00edtica instrumentalizada para eliminar advers\u00e1rios de Joca e dos Suassunas.<\/p>\n<p>Entre os principais argumentos apresentados pela defesa, destacam-se a falta de provas materiais, a questionabilidade das testemunhas e a falta de comprova\u00e7\u00e3o das amea\u00e7as atribu\u00eddas a Agripino. Al\u00e9m disso, a confiss\u00e3o de Massilon Leite, que assumiu a autoria do crime sem mencionar mandantes, foi corroborada por depoimentos de Jararaca, integrante do bando de Lampi\u00e3o, preso em Mossor\u00f3.<\/p>\n<p>A defesa tamb\u00e9m apontou a exist\u00eancia de v\u00edcios processuais, incluindo a parcialidade do juiz da instru\u00e7\u00e3o e a base da senten\u00e7a em presun\u00e7\u00f5es, e n\u00e3o em fatos. Diante desses argumentos, a defesa sustentou que o processo era uma tentativa de eliminar advers\u00e1rios pol\u00edticos, e n\u00e3o uma busca pela justi\u00e7a.<\/p>\n<p>Diante da impossibilidade legal de dividir os autos, o promotor solicitou \u00e0 Assembleia Legislativa que concedesse licen\u00e7a para incluir o deputado Jo\u00e3o Agripino de Vasconcelos Maia no processo. Houve grande mobiliza\u00e7\u00e3o e presen\u00e7a policial na Assembleia, evidenciando a repercuss\u00e3o do caso e as press\u00f5es pol\u00edticas envolvidas.<\/p>\n<p>O deputado Dr. Izidro Gomes, em seu parecer, negou a licen\u00e7a solicitada. No entanto, o parecer contr\u00e1rio do Generino Maciel foi posto \u00e0 vota\u00e7\u00e3o, e a maioria dos presentes votou pela concess\u00e3o da licen\u00e7a. Retiraram-se tamb\u00e9m das bancadas os srs. Joaquim Pessoa e Silva Mariz (sogro do Deputado Jo\u00e3o Agripino), dizendo os motivos dessa atitude solidaria com a do sr. Isidro Gomes.<\/p>\n<p>Achavam-se no recinto os Srs. Aureliano da Silveira, Jos\u00e9 Queiroga, Cyrillo de S\u00e1, Ant\u00f4nio Botto, Matheus de Oliveira, Paula Cavalcanti, Gomes de S\u00e1, Paula e Silva, Pedro Ulysses, Gen\u00e9sio Gambarra, Lino Fernandes, Generino Maciel, Ant\u00f4nio Guedes, Seraphico N\u00f3brega e Pedro Firmino, que votaram pela concess\u00e3o da licen\u00e7a, e Irineu Joffily, que votou contra.<\/p>\n<p>O caso foi julgado no Tribunal de Justi\u00e7a em 10 de julho de 1928. O Desembargador Paulo Hypacio da Silva detalhou cada aspecto do processo durante sua relatoria. O advogado Dr. Jo\u00e3o da Matta Correia Lima destacou a aus\u00eancia de testemunhas importantes no momento do crime.<\/p>\n<p>Ap\u00f3s a ora\u00e7\u00e3o da defesa, o Desembargador Her\u00e1clito Cavalcanti levantou uma preliminar questionando a nomea\u00e7\u00e3o irregular do juiz para apurar o crime, mas n\u00e3o foi aceita. Em seguida, o Desembargador Hypacio votou pela despron\u00fancia dos acusados principais e manteve a pron\u00fancia de Massilon Leite, Peitada, Coqueiro e Jo\u00e3o Domingos.<\/p>\n<p>Todos os desembargadores acompanharam seu voto, encerrando o caso com unanimidade na despron\u00fancia dos acusados por falta de provas robustas.<\/p>\n<p>Jos\u00e9 Tavares \u00e9 historiador do canga\u00e7o.<\/p>\n","protected":false},"excerpt":{"rendered":"<p>Jos\u00e9 Tavares de Ara\u00fajo Neto Na d\u00e9cada de 1920, o sert\u00e3o paraibano era palco de intensas disputas entre oligarquias locais, marcadas por rivalidades familiares, alian\u00e7as fr\u00e1geis e viol\u00eancia. Em\u00a0Catol\u00e9 do Rocha, o governador\u00a0Jo\u00e3o Suassuna\u00a0consolidava seu poder nomeando aliados, como seu irm\u00e3o\u00a0Ant\u00f4nio Suassuna\u00a0(prefeito) e\u00a0Herm\u00ednio Hermenegildo Maia de Vasconcelos\u00a0(subprefeito), filho do influente\u00a0Francisco Hermenegildo Maia de Vasconcelos\u00a0(coronel Maia). [&hellip;]<\/p>\n","protected":false},"author":1,"featured_media":2596,"comment_status":"open","ping_status":"open","sticky":false,"template":"","format":"standard","meta":{"footnotes":""},"categories":[1],"tags":[],"class_list":["post-2595","post","type-post","status-publish","format-standard","has-post-thumbnail","hentry","category-entretenimento"],"yoast_head":"<!-- This site is optimized with the Yoast SEO plugin v27.5 - https:\/\/yoast.com\/product\/yoast-seo-wordpress\/ -->\n<title>O cangaceiro Massilon Leite e o atentado em Brejo do Cruz - Blog do Jo\u00e3o Costa<\/title>\n<meta name=\"robots\" content=\"index, follow, max-snippet:-1, max-image-preview:large, max-video-preview:-1\" \/>\n<link rel=\"canonical\" href=\"https:\/\/blogdojoaocosta.com.br\/?p=2595\" \/>\n<meta property=\"og:locale\" content=\"pt_BR\" \/>\n<meta property=\"og:type\" content=\"article\" \/>\n<meta property=\"og:title\" content=\"O cangaceiro Massilon Leite e o atentado em Brejo do Cruz - Blog do Jo\u00e3o Costa\" \/>\n<meta property=\"og:description\" content=\"Jos\u00e9 Tavares de Ara\u00fajo Neto Na d\u00e9cada de 1920, o sert\u00e3o paraibano era palco de intensas disputas entre oligarquias locais, marcadas por rivalidades familiares, alian\u00e7as fr\u00e1geis e viol\u00eancia. Em\u00a0Catol\u00e9 do Rocha, o governador\u00a0Jo\u00e3o Suassuna\u00a0consolidava seu poder nomeando aliados, como seu irm\u00e3o\u00a0Ant\u00f4nio Suassuna\u00a0(prefeito) e\u00a0Herm\u00ednio Hermenegildo Maia de Vasconcelos\u00a0(subprefeito), filho do influente\u00a0Francisco Hermenegildo Maia de Vasconcelos\u00a0(coronel Maia). [&hellip;]\" \/>\n<meta property=\"og:url\" content=\"https:\/\/blogdojoaocosta.com.br\/?p=2595\" \/>\n<meta property=\"og:site_name\" content=\"Blog do Jo\u00e3o Costa\" \/>\n<meta property=\"article:published_time\" content=\"2025-02-11T16:18:34+00:00\" \/>\n<meta property=\"og:image\" content=\"https:\/\/blogdojoaocosta.com.br\/wp-content\/uploads\/2025\/02\/massilon-leite.jpg\" \/>\n\t<meta property=\"og:image:width\" content=\"218\" \/>\n\t<meta property=\"og:image:height\" content=\"400\" \/>\n\t<meta property=\"og:image:type\" content=\"image\/jpeg\" \/>\n<meta name=\"author\" content=\"joaocosta\" \/>\n<meta name=\"twitter:card\" content=\"summary_large_image\" \/>\n<meta name=\"twitter:label1\" content=\"Escrito por\" \/>\n\t<meta name=\"twitter:data1\" content=\"joaocosta\" \/>\n\t<meta name=\"twitter:label2\" content=\"Est. tempo de leitura\" \/>\n\t<meta name=\"twitter:data2\" content=\"8 minutos\" \/>\n<script type=\"application\/ld+json\" class=\"yoast-schema-graph\">{\"@context\":\"https:\\\/\\\/schema.org\",\"@graph\":[{\"@type\":\"Article\",\"@id\":\"https:\\\/\\\/blogdojoaocosta.com.br\\\/?p=2595#article\",\"isPartOf\":{\"@id\":\"https:\\\/\\\/blogdojoaocosta.com.br\\\/?p=2595\"},\"author\":{\"name\":\"joaocosta\",\"@id\":\"https:\\\/\\\/blogdojoaocosta.com.br\\\/#\\\/schema\\\/person\\\/af1c9fa31a41a9d29c32f74b41d55f6e\"},\"headline\":\"O cangaceiro Massilon Leite e o atentado em Brejo do Cruz\",\"datePublished\":\"2025-02-11T16:18:34+00:00\",\"mainEntityOfPage\":{\"@id\":\"https:\\\/\\\/blogdojoaocosta.com.br\\\/?p=2595\"},\"wordCount\":1430,\"commentCount\":0,\"image\":{\"@id\":\"https:\\\/\\\/blogdojoaocosta.com.br\\\/?p=2595#primaryimage\"},\"thumbnailUrl\":\"https:\\\/\\\/blogdojoaocosta.com.br\\\/wp-content\\\/uploads\\\/2025\\\/02\\\/massilon-leite.jpg\",\"articleSection\":[\"Entretenimento\"],\"inLanguage\":\"pt-BR\",\"potentialAction\":[{\"@type\":\"CommentAction\",\"name\":\"Comment\",\"target\":[\"https:\\\/\\\/blogdojoaocosta.com.br\\\/?p=2595#respond\"]}]},{\"@type\":\"WebPage\",\"@id\":\"https:\\\/\\\/blogdojoaocosta.com.br\\\/?p=2595\",\"url\":\"https:\\\/\\\/blogdojoaocosta.com.br\\\/?p=2595\",\"name\":\"O cangaceiro Massilon Leite e o atentado em Brejo do Cruz - Blog do Jo\u00e3o Costa\",\"isPartOf\":{\"@id\":\"https:\\\/\\\/blogdojoaocosta.com.br\\\/#website\"},\"primaryImageOfPage\":{\"@id\":\"https:\\\/\\\/blogdojoaocosta.com.br\\\/?p=2595#primaryimage\"},\"image\":{\"@id\":\"https:\\\/\\\/blogdojoaocosta.com.br\\\/?p=2595#primaryimage\"},\"thumbnailUrl\":\"https:\\\/\\\/blogdojoaocosta.com.br\\\/wp-content\\\/uploads\\\/2025\\\/02\\\/massilon-leite.jpg\",\"datePublished\":\"2025-02-11T16:18:34+00:00\",\"author\":{\"@id\":\"https:\\\/\\\/blogdojoaocosta.com.br\\\/#\\\/schema\\\/person\\\/af1c9fa31a41a9d29c32f74b41d55f6e\"},\"breadcrumb\":{\"@id\":\"https:\\\/\\\/blogdojoaocosta.com.br\\\/?p=2595#breadcrumb\"},\"inLanguage\":\"pt-BR\",\"potentialAction\":[{\"@type\":\"ReadAction\",\"target\":[\"https:\\\/\\\/blogdojoaocosta.com.br\\\/?p=2595\"]}]},{\"@type\":\"ImageObject\",\"inLanguage\":\"pt-BR\",\"@id\":\"https:\\\/\\\/blogdojoaocosta.com.br\\\/?p=2595#primaryimage\",\"url\":\"https:\\\/\\\/blogdojoaocosta.com.br\\\/wp-content\\\/uploads\\\/2025\\\/02\\\/massilon-leite.jpg\",\"contentUrl\":\"https:\\\/\\\/blogdojoaocosta.com.br\\\/wp-content\\\/uploads\\\/2025\\\/02\\\/massilon-leite.jpg\",\"width\":218,\"height\":400},{\"@type\":\"BreadcrumbList\",\"@id\":\"https:\\\/\\\/blogdojoaocosta.com.br\\\/?p=2595#breadcrumb\",\"itemListElement\":[{\"@type\":\"ListItem\",\"position\":1,\"name\":\"In\u00edcio\",\"item\":\"https:\\\/\\\/blogdojoaocosta.com.br\\\/\"},{\"@type\":\"ListItem\",\"position\":2,\"name\":\"O cangaceiro Massilon Leite e o atentado em Brejo do Cruz\"}]},{\"@type\":\"WebSite\",\"@id\":\"https:\\\/\\\/blogdojoaocosta.com.br\\\/#website\",\"url\":\"https:\\\/\\\/blogdojoaocosta.com.br\\\/\",\"name\":\"Blog do Jo\u00e3o Costa\",\"description\":\"Assim Caminha a Humanidade\",\"potentialAction\":[{\"@type\":\"SearchAction\",\"target\":{\"@type\":\"EntryPoint\",\"urlTemplate\":\"https:\\\/\\\/blogdojoaocosta.com.br\\\/?s={search_term_string}\"},\"query-input\":{\"@type\":\"PropertyValueSpecification\",\"valueRequired\":true,\"valueName\":\"search_term_string\"}}],\"inLanguage\":\"pt-BR\"},{\"@type\":\"Person\",\"@id\":\"https:\\\/\\\/blogdojoaocosta.com.br\\\/#\\\/schema\\\/person\\\/af1c9fa31a41a9d29c32f74b41d55f6e\",\"name\":\"joaocosta\",\"image\":{\"@type\":\"ImageObject\",\"inLanguage\":\"pt-BR\",\"@id\":\"https:\\\/\\\/secure.gravatar.com\\\/avatar\\\/677b6f1fc54e8c7982d7dce3cfe65fce28f898f70d9b8b631786a0b1b18b11e5?s=96&d=mm&r=g\",\"url\":\"https:\\\/\\\/secure.gravatar.com\\\/avatar\\\/677b6f1fc54e8c7982d7dce3cfe65fce28f898f70d9b8b631786a0b1b18b11e5?s=96&d=mm&r=g\",\"contentUrl\":\"https:\\\/\\\/secure.gravatar.com\\\/avatar\\\/677b6f1fc54e8c7982d7dce3cfe65fce28f898f70d9b8b631786a0b1b18b11e5?s=96&d=mm&r=g\",\"caption\":\"joaocosta\"},\"sameAs\":[\"http:\\\/\\\/blogdojoaocosta.com.br\"],\"url\":\"https:\\\/\\\/blogdojoaocosta.com.br\\\/?author=1\"}]}<\/script>\n<!-- \/ Yoast SEO plugin. -->","yoast_head_json":{"title":"O cangaceiro Massilon Leite e o atentado em Brejo do Cruz - Blog do Jo\u00e3o Costa","robots":{"index":"index","follow":"follow","max-snippet":"max-snippet:-1","max-image-preview":"max-image-preview:large","max-video-preview":"max-video-preview:-1"},"canonical":"https:\/\/blogdojoaocosta.com.br\/?p=2595","og_locale":"pt_BR","og_type":"article","og_title":"O cangaceiro Massilon Leite e o atentado em Brejo do Cruz - Blog do Jo\u00e3o Costa","og_description":"Jos\u00e9 Tavares de Ara\u00fajo Neto Na d\u00e9cada de 1920, o sert\u00e3o paraibano era palco de intensas disputas entre oligarquias locais, marcadas por rivalidades familiares, alian\u00e7as fr\u00e1geis e viol\u00eancia. Em\u00a0Catol\u00e9 do Rocha, o governador\u00a0Jo\u00e3o Suassuna\u00a0consolidava seu poder nomeando aliados, como seu irm\u00e3o\u00a0Ant\u00f4nio Suassuna\u00a0(prefeito) e\u00a0Herm\u00ednio Hermenegildo Maia de Vasconcelos\u00a0(subprefeito), filho do influente\u00a0Francisco Hermenegildo Maia de Vasconcelos\u00a0(coronel Maia). [&hellip;]","og_url":"https:\/\/blogdojoaocosta.com.br\/?p=2595","og_site_name":"Blog do Jo\u00e3o Costa","article_published_time":"2025-02-11T16:18:34+00:00","og_image":[{"width":218,"height":400,"url":"https:\/\/blogdojoaocosta.com.br\/wp-content\/uploads\/2025\/02\/massilon-leite.jpg","type":"image\/jpeg"}],"author":"joaocosta","twitter_card":"summary_large_image","twitter_misc":{"Escrito por":"joaocosta","Est. tempo de leitura":"8 minutos"},"schema":{"@context":"https:\/\/schema.org","@graph":[{"@type":"Article","@id":"https:\/\/blogdojoaocosta.com.br\/?p=2595#article","isPartOf":{"@id":"https:\/\/blogdojoaocosta.com.br\/?p=2595"},"author":{"name":"joaocosta","@id":"https:\/\/blogdojoaocosta.com.br\/#\/schema\/person\/af1c9fa31a41a9d29c32f74b41d55f6e"},"headline":"O cangaceiro Massilon Leite e o atentado em Brejo do Cruz","datePublished":"2025-02-11T16:18:34+00:00","mainEntityOfPage":{"@id":"https:\/\/blogdojoaocosta.com.br\/?p=2595"},"wordCount":1430,"commentCount":0,"image":{"@id":"https:\/\/blogdojoaocosta.com.br\/?p=2595#primaryimage"},"thumbnailUrl":"https:\/\/blogdojoaocosta.com.br\/wp-content\/uploads\/2025\/02\/massilon-leite.jpg","articleSection":["Entretenimento"],"inLanguage":"pt-BR","potentialAction":[{"@type":"CommentAction","name":"Comment","target":["https:\/\/blogdojoaocosta.com.br\/?p=2595#respond"]}]},{"@type":"WebPage","@id":"https:\/\/blogdojoaocosta.com.br\/?p=2595","url":"https:\/\/blogdojoaocosta.com.br\/?p=2595","name":"O cangaceiro Massilon Leite e o atentado em Brejo do Cruz - Blog do Jo\u00e3o Costa","isPartOf":{"@id":"https:\/\/blogdojoaocosta.com.br\/#website"},"primaryImageOfPage":{"@id":"https:\/\/blogdojoaocosta.com.br\/?p=2595#primaryimage"},"image":{"@id":"https:\/\/blogdojoaocosta.com.br\/?p=2595#primaryimage"},"thumbnailUrl":"https:\/\/blogdojoaocosta.com.br\/wp-content\/uploads\/2025\/02\/massilon-leite.jpg","datePublished":"2025-02-11T16:18:34+00:00","author":{"@id":"https:\/\/blogdojoaocosta.com.br\/#\/schema\/person\/af1c9fa31a41a9d29c32f74b41d55f6e"},"breadcrumb":{"@id":"https:\/\/blogdojoaocosta.com.br\/?p=2595#breadcrumb"},"inLanguage":"pt-BR","potentialAction":[{"@type":"ReadAction","target":["https:\/\/blogdojoaocosta.com.br\/?p=2595"]}]},{"@type":"ImageObject","inLanguage":"pt-BR","@id":"https:\/\/blogdojoaocosta.com.br\/?p=2595#primaryimage","url":"https:\/\/blogdojoaocosta.com.br\/wp-content\/uploads\/2025\/02\/massilon-leite.jpg","contentUrl":"https:\/\/blogdojoaocosta.com.br\/wp-content\/uploads\/2025\/02\/massilon-leite.jpg","width":218,"height":400},{"@type":"BreadcrumbList","@id":"https:\/\/blogdojoaocosta.com.br\/?p=2595#breadcrumb","itemListElement":[{"@type":"ListItem","position":1,"name":"In\u00edcio","item":"https:\/\/blogdojoaocosta.com.br\/"},{"@type":"ListItem","position":2,"name":"O cangaceiro Massilon Leite e o atentado em Brejo do Cruz"}]},{"@type":"WebSite","@id":"https:\/\/blogdojoaocosta.com.br\/#website","url":"https:\/\/blogdojoaocosta.com.br\/","name":"Blog do Jo\u00e3o Costa","description":"Assim Caminha a Humanidade","potentialAction":[{"@type":"SearchAction","target":{"@type":"EntryPoint","urlTemplate":"https:\/\/blogdojoaocosta.com.br\/?s={search_term_string}"},"query-input":{"@type":"PropertyValueSpecification","valueRequired":true,"valueName":"search_term_string"}}],"inLanguage":"pt-BR"},{"@type":"Person","@id":"https:\/\/blogdojoaocosta.com.br\/#\/schema\/person\/af1c9fa31a41a9d29c32f74b41d55f6e","name":"joaocosta","image":{"@type":"ImageObject","inLanguage":"pt-BR","@id":"https:\/\/secure.gravatar.com\/avatar\/677b6f1fc54e8c7982d7dce3cfe65fce28f898f70d9b8b631786a0b1b18b11e5?s=96&d=mm&r=g","url":"https:\/\/secure.gravatar.com\/avatar\/677b6f1fc54e8c7982d7dce3cfe65fce28f898f70d9b8b631786a0b1b18b11e5?s=96&d=mm&r=g","contentUrl":"https:\/\/secure.gravatar.com\/avatar\/677b6f1fc54e8c7982d7dce3cfe65fce28f898f70d9b8b631786a0b1b18b11e5?s=96&d=mm&r=g","caption":"joaocosta"},"sameAs":["http:\/\/blogdojoaocosta.com.br"],"url":"https:\/\/blogdojoaocosta.com.br\/?author=1"}]}},"_links":{"self":[{"href":"https:\/\/blogdojoaocosta.com.br\/index.php?rest_route=\/wp\/v2\/posts\/2595","targetHints":{"allow":["GET"]}}],"collection":[{"href":"https:\/\/blogdojoaocosta.com.br\/index.php?rest_route=\/wp\/v2\/posts"}],"about":[{"href":"https:\/\/blogdojoaocosta.com.br\/index.php?rest_route=\/wp\/v2\/types\/post"}],"author":[{"embeddable":true,"href":"https:\/\/blogdojoaocosta.com.br\/index.php?rest_route=\/wp\/v2\/users\/1"}],"replies":[{"embeddable":true,"href":"https:\/\/blogdojoaocosta.com.br\/index.php?rest_route=%2Fwp%2Fv2%2Fcomments&post=2595"}],"version-history":[{"count":1,"href":"https:\/\/blogdojoaocosta.com.br\/index.php?rest_route=\/wp\/v2\/posts\/2595\/revisions"}],"predecessor-version":[{"id":2598,"href":"https:\/\/blogdojoaocosta.com.br\/index.php?rest_route=\/wp\/v2\/posts\/2595\/revisions\/2598"}],"wp:featuredmedia":[{"embeddable":true,"href":"https:\/\/blogdojoaocosta.com.br\/index.php?rest_route=\/wp\/v2\/media\/2596"}],"wp:attachment":[{"href":"https:\/\/blogdojoaocosta.com.br\/index.php?rest_route=%2Fwp%2Fv2%2Fmedia&parent=2595"}],"wp:term":[{"taxonomy":"category","embeddable":true,"href":"https:\/\/blogdojoaocosta.com.br\/index.php?rest_route=%2Fwp%2Fv2%2Fcategories&post=2595"},{"taxonomy":"post_tag","embeddable":true,"href":"https:\/\/blogdojoaocosta.com.br\/index.php?rest_route=%2Fwp%2Fv2%2Ftags&post=2595"}],"curies":[{"name":"wp","href":"https:\/\/api.w.org\/{rel}","templated":true}]}}