{"id":2611,"date":"2025-02-19T08:18:18","date_gmt":"2025-02-19T11:18:18","guid":{"rendered":"https:\/\/blogdojoaocosta.com.br\/?p=2611"},"modified":"2025-02-19T08:18:18","modified_gmt":"2025-02-19T11:18:18","slug":"cicero-lucena-nomeia-mais-12-auxiliares-da-nova-gestao","status":"publish","type":"post","link":"https:\/\/blogdojoaocosta.com.br\/?p=2611","title":{"rendered":"C\u00edcero Lucena nomeia mais 12 auxiliares da nova gest\u00e3o"},"content":{"rendered":"<p>O Di\u00e1rio Oficial do Munic\u00edpio de Jo\u00e3o Pessoa desta ter\u00e7a-feira (18) trouxe a publica\u00e7\u00e3o de mais de 12 nomeados pelo prefeito C\u00edcero Lucena para compor o primeiro escal\u00e3o de sua nova gest\u00e3o na capital paraibana.<\/p>\n<p>Os nomeados s\u00e3o Danilo Mota (procurador-geral executivo), Marcos Souto Maior Filho (executivo do Procon-JP), Thiago Diniz (executivo da Participa\u00e7\u00e3o Popular), Diego Fabr\u00edcio de Albuquerque (controlador geral do Munic\u00edpio), Kleber Marques (executivo de Integridade, Governan\u00e7a e Preven\u00e7\u00e3o \u00e0 Corrup\u00e7\u00e3o), Nena Martins (executiva da Comunica\u00e7\u00e3o), Guido Lemos Filho (secret\u00e1rio da Ci\u00eancia e Tecnologia), Norma Gouveia (secret\u00e1ria do Desenvolvimento Social), Ayrton Falc\u00e3o Filho (secret\u00e1rio do Planejamento), Ver\u00f4nica Dias Vieira (executiva do Or\u00e7amento &#8211; Seplan), Welison Silveira (secret\u00e1rio do Meio Ambiente) e Djalma Pereira Filho (executivo do Meio Ambiente).<\/p>\n<p>Todos os secret\u00e1rios e executivos foram exonerados, atrav\u00e9s de um decreto assinado no \u00faltimo dia 7 de janeiro, como medida preparat\u00f3ria da nomea\u00e7\u00e3o da nova equipe de governo, iniciado em janeiro desse ano. Com as exce\u00e7\u00f5es das servidoras que estejam gestantes ou em gozo de licen\u00e7a-maternidade, e dos servidores em gozo de aux\u00edlio-doen\u00e7a ou licen\u00e7a para tratar da pr\u00f3pria sa\u00fade, todos os dirigentes da administra\u00e7\u00e3o indireta, al\u00e9m de demais ocupantes de cargos em comiss\u00e3o e fun\u00e7\u00f5es de livre nomea\u00e7\u00e3o tamb\u00e9m foram exonerados.<\/p>\n<p>A medida adotada pelo prefeito C\u00edcero Lucena \u00e9 porque, nesta gest\u00e3o, o Munic\u00edpio passou a exigir no ato de contrata\u00e7\u00e3o de quaisquer servidores o cumprimento da lei 9.678\/2021, que estabelece procedimentos e registros para controle da conformidade legal na posse de nomeados ou designados para cargos em comiss\u00e3o ou fun\u00e7\u00e3o gratificada no \u00e2mbito da administra\u00e7\u00e3o p\u00fablica municipal direta e indireta. Ela tem como exig\u00eancia a apresenta\u00e7\u00e3o de certid\u00f5es negativas c\u00edveis e criminais em todas as esferas.<\/p>\n<h2>Lista dos auxiliares nomeados anteriormente:<\/h2>\n<p>Am\u00e9rica Castro (Sedec) e Luciana Ata\u00edde Dias (executiva da Educa\u00e7\u00e3o \u2013 Sedec);<\/p>\n<p>Ariosvaldo Alves (Sead) e Ricardo Diniz (executivo da Sead);<\/p>\n<p>Brunno Sit\u00f4nio (Sefin);<\/p>\n<p>Bruno N\u00f3brega (Progem);<\/p>\n<p>Caroline Agra (IPM-JP);<\/p>\n<p>Diego Tavares (Sedhuc);<\/p>\n<p>Rougger Guerra (Seggov);<\/p>\n<p>Janildo Silva (Secom);<\/p>\n<p>Virg\u00ednia Velloso Borges (SEPPM);<\/p>\n<p>Juliana Dantas (executiva das Mulheres);<\/p>\n<p>Kaio M\u00e1rcio Almeida (presidente da Funda\u00e7\u00e3o Campe\u00f5es do Amanh\u00e3);<\/p>\n<p>Kelson Chaves (Defesa Civil);<\/p>\n<p>Lucas Henriques de Queiroz (executivo da Transpar\u00eancia P\u00fablica);<\/p>\n<p>Luis Ferreira Filho (Sa\u00fade);<\/p>\n<p>Marc\u00edlio do HBE (Semob-JP), Expedito Leite Filho (adjunto da Semob-JP);<\/p>\n<p>Maristela Viana (executiva de Mudan\u00e7as Clim\u00e1ticas-Semam);<\/p>\n<p>J\u00fanior Pires (Procon-JP);<\/p>\n<p>Rubens Falc\u00e3o (Seinfra); Luciano Pereira (executivo da Seinfra);<\/p>\n<p>Sebasti\u00e3o Feitosa (Serem); Adenilson de Oliveira (executivo da Serem);<\/p>\n<p>Socorro Gadelha (Habita\u00e7\u00e3o Social); Beto Pirulito (executivo da Habita\u00e7\u00e3o);<\/p>\n<p>Ubaldo Pequeno (executivo da Sedurb);<\/p>\n<p>Victor Hugo Castelliano (Setur); Daniel Rodrigues (executivo da Setur);<\/p>\n<p>Zezinho do Botafogo (Sejer); Juliano Sucupira (executivo da Sejer);<\/p>\n<p>Capit\u00e3 Rebeca Barros (executiva da Semusb); e<\/p>\n<p>Ricardo Veloso (superintendente da Emlur).<\/p>\n","protected":false},"excerpt":{"rendered":"<p>O Di\u00e1rio Oficial do Munic\u00edpio de Jo\u00e3o Pessoa desta ter\u00e7a-feira (18) trouxe a publica\u00e7\u00e3o de mais de 12 nomeados pelo prefeito C\u00edcero Lucena para compor o primeiro escal\u00e3o de sua nova gest\u00e3o na capital paraibana. Os nomeados s\u00e3o Danilo Mota (procurador-geral executivo), Marcos Souto Maior Filho (executivo do Procon-JP), Thiago Diniz (executivo da Participa\u00e7\u00e3o Popular), [&hellip;]<\/p>\n","protected":false},"author":1,"featured_media":2612,"comment_status":"open","ping_status":"open","sticky":false,"template":"","format":"standard","meta":{"footnotes":""},"categories":[1],"tags":[],"class_list":["post-2611","post","type-post","status-publish","format-standard","has-post-thumbnail","hentry","category-entretenimento"],"yoast_head":"<!-- This site is optimized with the Yoast SEO plugin v27.5 - https:\/\/yoast.com\/product\/yoast-seo-wordpress\/ -->\n<title>C\u00edcero Lucena nomeia mais 12 auxiliares da nova gest\u00e3o - Blog do Jo\u00e3o Costa<\/title>\n<meta name=\"robots\" content=\"index, follow, max-snippet:-1, max-image-preview:large, max-video-preview:-1\" \/>\n<link rel=\"canonical\" href=\"https:\/\/blogdojoaocosta.com.br\/?p=2611\" \/>\n<meta property=\"og:locale\" content=\"pt_BR\" \/>\n<meta property=\"og:type\" content=\"article\" \/>\n<meta property=\"og:title\" content=\"C\u00edcero Lucena nomeia mais 12 auxiliares da nova gest\u00e3o - Blog do Jo\u00e3o Costa\" \/>\n<meta property=\"og:description\" content=\"O Di\u00e1rio Oficial do Munic\u00edpio de Jo\u00e3o Pessoa desta ter\u00e7a-feira (18) trouxe a publica\u00e7\u00e3o de mais de 12 nomeados pelo prefeito C\u00edcero Lucena para compor o primeiro escal\u00e3o de sua nova gest\u00e3o na capital paraibana. Os nomeados s\u00e3o Danilo Mota (procurador-geral executivo), Marcos Souto Maior Filho (executivo do Procon-JP), Thiago Diniz (executivo da Participa\u00e7\u00e3o Popular), [&hellip;]\" \/>\n<meta property=\"og:url\" content=\"https:\/\/blogdojoaocosta.com.br\/?p=2611\" \/>\n<meta property=\"og:site_name\" content=\"Blog do Jo\u00e3o Costa\" \/>\n<meta property=\"article:published_time\" content=\"2025-02-19T11:18:18+00:00\" \/>\n<meta property=\"og:image\" content=\"https:\/\/blogdojoaocosta.com.br\/wp-content\/uploads\/2025\/02\/equipe-pre.jpeg\" \/>\n\t<meta property=\"og:image:width\" content=\"274\" \/>\n\t<meta property=\"og:image:height\" content=\"182\" \/>\n\t<meta property=\"og:image:type\" content=\"image\/jpeg\" \/>\n<meta name=\"author\" content=\"joaocosta\" \/>\n<meta name=\"twitter:card\" content=\"summary_large_image\" \/>\n<meta name=\"twitter:label1\" content=\"Escrito por\" \/>\n\t<meta name=\"twitter:data1\" content=\"joaocosta\" \/>\n\t<meta name=\"twitter:label2\" content=\"Est. tempo de leitura\" \/>\n\t<meta name=\"twitter:data2\" content=\"3 minutos\" \/>\n<script type=\"application\/ld+json\" class=\"yoast-schema-graph\">{\"@context\":\"https:\\\/\\\/schema.org\",\"@graph\":[{\"@type\":\"Article\",\"@id\":\"https:\\\/\\\/blogdojoaocosta.com.br\\\/?p=2611#article\",\"isPartOf\":{\"@id\":\"https:\\\/\\\/blogdojoaocosta.com.br\\\/?p=2611\"},\"author\":{\"name\":\"joaocosta\",\"@id\":\"https:\\\/\\\/blogdojoaocosta.com.br\\\/#\\\/schema\\\/person\\\/af1c9fa31a41a9d29c32f74b41d55f6e\"},\"headline\":\"C\u00edcero Lucena nomeia mais 12 auxiliares da nova gest\u00e3o\",\"datePublished\":\"2025-02-19T11:18:18+00:00\",\"mainEntityOfPage\":{\"@id\":\"https:\\\/\\\/blogdojoaocosta.com.br\\\/?p=2611\"},\"wordCount\":512,\"commentCount\":0,\"image\":{\"@id\":\"https:\\\/\\\/blogdojoaocosta.com.br\\\/?p=2611#primaryimage\"},\"thumbnailUrl\":\"https:\\\/\\\/blogdojoaocosta.com.br\\\/wp-content\\\/uploads\\\/2025\\\/02\\\/equipe-pre.jpeg\",\"articleSection\":[\"Entretenimento\"],\"inLanguage\":\"pt-BR\",\"potentialAction\":[{\"@type\":\"CommentAction\",\"name\":\"Comment\",\"target\":[\"https:\\\/\\\/blogdojoaocosta.com.br\\\/?p=2611#respond\"]}]},{\"@type\":\"WebPage\",\"@id\":\"https:\\\/\\\/blogdojoaocosta.com.br\\\/?p=2611\",\"url\":\"https:\\\/\\\/blogdojoaocosta.com.br\\\/?p=2611\",\"name\":\"C\u00edcero Lucena nomeia mais 12 auxiliares da nova gest\u00e3o - Blog do Jo\u00e3o Costa\",\"isPartOf\":{\"@id\":\"https:\\\/\\\/blogdojoaocosta.com.br\\\/#website\"},\"primaryImageOfPage\":{\"@id\":\"https:\\\/\\\/blogdojoaocosta.com.br\\\/?p=2611#primaryimage\"},\"image\":{\"@id\":\"https:\\\/\\\/blogdojoaocosta.com.br\\\/?p=2611#primaryimage\"},\"thumbnailUrl\":\"https:\\\/\\\/blogdojoaocosta.com.br\\\/wp-content\\\/uploads\\\/2025\\\/02\\\/equipe-pre.jpeg\",\"datePublished\":\"2025-02-19T11:18:18+00:00\",\"author\":{\"@id\":\"https:\\\/\\\/blogdojoaocosta.com.br\\\/#\\\/schema\\\/person\\\/af1c9fa31a41a9d29c32f74b41d55f6e\"},\"breadcrumb\":{\"@id\":\"https:\\\/\\\/blogdojoaocosta.com.br\\\/?p=2611#breadcrumb\"},\"inLanguage\":\"pt-BR\",\"potentialAction\":[{\"@type\":\"ReadAction\",\"target\":[\"https:\\\/\\\/blogdojoaocosta.com.br\\\/?p=2611\"]}]},{\"@type\":\"ImageObject\",\"inLanguage\":\"pt-BR\",\"@id\":\"https:\\\/\\\/blogdojoaocosta.com.br\\\/?p=2611#primaryimage\",\"url\":\"https:\\\/\\\/blogdojoaocosta.com.br\\\/wp-content\\\/uploads\\\/2025\\\/02\\\/equipe-pre.jpeg\",\"contentUrl\":\"https:\\\/\\\/blogdojoaocosta.com.br\\\/wp-content\\\/uploads\\\/2025\\\/02\\\/equipe-pre.jpeg\",\"width\":274,\"height\":182},{\"@type\":\"BreadcrumbList\",\"@id\":\"https:\\\/\\\/blogdojoaocosta.com.br\\\/?p=2611#breadcrumb\",\"itemListElement\":[{\"@type\":\"ListItem\",\"position\":1,\"name\":\"In\u00edcio\",\"item\":\"https:\\\/\\\/blogdojoaocosta.com.br\\\/\"},{\"@type\":\"ListItem\",\"position\":2,\"name\":\"C\u00edcero Lucena nomeia mais 12 auxiliares da nova gest\u00e3o\"}]},{\"@type\":\"WebSite\",\"@id\":\"https:\\\/\\\/blogdojoaocosta.com.br\\\/#website\",\"url\":\"https:\\\/\\\/blogdojoaocosta.com.br\\\/\",\"name\":\"Blog do Jo\u00e3o Costa\",\"description\":\"Assim Caminha a Humanidade\",\"potentialAction\":[{\"@type\":\"SearchAction\",\"target\":{\"@type\":\"EntryPoint\",\"urlTemplate\":\"https:\\\/\\\/blogdojoaocosta.com.br\\\/?s={search_term_string}\"},\"query-input\":{\"@type\":\"PropertyValueSpecification\",\"valueRequired\":true,\"valueName\":\"search_term_string\"}}],\"inLanguage\":\"pt-BR\"},{\"@type\":\"Person\",\"@id\":\"https:\\\/\\\/blogdojoaocosta.com.br\\\/#\\\/schema\\\/person\\\/af1c9fa31a41a9d29c32f74b41d55f6e\",\"name\":\"joaocosta\",\"image\":{\"@type\":\"ImageObject\",\"inLanguage\":\"pt-BR\",\"@id\":\"https:\\\/\\\/secure.gravatar.com\\\/avatar\\\/677b6f1fc54e8c7982d7dce3cfe65fce28f898f70d9b8b631786a0b1b18b11e5?s=96&d=mm&r=g\",\"url\":\"https:\\\/\\\/secure.gravatar.com\\\/avatar\\\/677b6f1fc54e8c7982d7dce3cfe65fce28f898f70d9b8b631786a0b1b18b11e5?s=96&d=mm&r=g\",\"contentUrl\":\"https:\\\/\\\/secure.gravatar.com\\\/avatar\\\/677b6f1fc54e8c7982d7dce3cfe65fce28f898f70d9b8b631786a0b1b18b11e5?s=96&d=mm&r=g\",\"caption\":\"joaocosta\"},\"sameAs\":[\"http:\\\/\\\/blogdojoaocosta.com.br\"],\"url\":\"https:\\\/\\\/blogdojoaocosta.com.br\\\/?author=1\"}]}<\/script>\n<!-- \/ Yoast SEO plugin. -->","yoast_head_json":{"title":"C\u00edcero Lucena nomeia mais 12 auxiliares da nova gest\u00e3o - Blog do Jo\u00e3o Costa","robots":{"index":"index","follow":"follow","max-snippet":"max-snippet:-1","max-image-preview":"max-image-preview:large","max-video-preview":"max-video-preview:-1"},"canonical":"https:\/\/blogdojoaocosta.com.br\/?p=2611","og_locale":"pt_BR","og_type":"article","og_title":"C\u00edcero Lucena nomeia mais 12 auxiliares da nova gest\u00e3o - Blog do Jo\u00e3o Costa","og_description":"O Di\u00e1rio Oficial do Munic\u00edpio de Jo\u00e3o Pessoa desta ter\u00e7a-feira (18) trouxe a publica\u00e7\u00e3o de mais de 12 nomeados pelo prefeito C\u00edcero Lucena para compor o primeiro escal\u00e3o de sua nova gest\u00e3o na capital paraibana. Os nomeados s\u00e3o Danilo Mota (procurador-geral executivo), Marcos Souto Maior Filho (executivo do Procon-JP), Thiago Diniz (executivo da Participa\u00e7\u00e3o Popular), [&hellip;]","og_url":"https:\/\/blogdojoaocosta.com.br\/?p=2611","og_site_name":"Blog do Jo\u00e3o Costa","article_published_time":"2025-02-19T11:18:18+00:00","og_image":[{"width":274,"height":182,"url":"https:\/\/blogdojoaocosta.com.br\/wp-content\/uploads\/2025\/02\/equipe-pre.jpeg","type":"image\/jpeg"}],"author":"joaocosta","twitter_card":"summary_large_image","twitter_misc":{"Escrito por":"joaocosta","Est. tempo de leitura":"3 minutos"},"schema":{"@context":"https:\/\/schema.org","@graph":[{"@type":"Article","@id":"https:\/\/blogdojoaocosta.com.br\/?p=2611#article","isPartOf":{"@id":"https:\/\/blogdojoaocosta.com.br\/?p=2611"},"author":{"name":"joaocosta","@id":"https:\/\/blogdojoaocosta.com.br\/#\/schema\/person\/af1c9fa31a41a9d29c32f74b41d55f6e"},"headline":"C\u00edcero Lucena nomeia mais 12 auxiliares da nova gest\u00e3o","datePublished":"2025-02-19T11:18:18+00:00","mainEntityOfPage":{"@id":"https:\/\/blogdojoaocosta.com.br\/?p=2611"},"wordCount":512,"commentCount":0,"image":{"@id":"https:\/\/blogdojoaocosta.com.br\/?p=2611#primaryimage"},"thumbnailUrl":"https:\/\/blogdojoaocosta.com.br\/wp-content\/uploads\/2025\/02\/equipe-pre.jpeg","articleSection":["Entretenimento"],"inLanguage":"pt-BR","potentialAction":[{"@type":"CommentAction","name":"Comment","target":["https:\/\/blogdojoaocosta.com.br\/?p=2611#respond"]}]},{"@type":"WebPage","@id":"https:\/\/blogdojoaocosta.com.br\/?p=2611","url":"https:\/\/blogdojoaocosta.com.br\/?p=2611","name":"C\u00edcero Lucena nomeia mais 12 auxiliares da nova gest\u00e3o - Blog do Jo\u00e3o Costa","isPartOf":{"@id":"https:\/\/blogdojoaocosta.com.br\/#website"},"primaryImageOfPage":{"@id":"https:\/\/blogdojoaocosta.com.br\/?p=2611#primaryimage"},"image":{"@id":"https:\/\/blogdojoaocosta.com.br\/?p=2611#primaryimage"},"thumbnailUrl":"https:\/\/blogdojoaocosta.com.br\/wp-content\/uploads\/2025\/02\/equipe-pre.jpeg","datePublished":"2025-02-19T11:18:18+00:00","author":{"@id":"https:\/\/blogdojoaocosta.com.br\/#\/schema\/person\/af1c9fa31a41a9d29c32f74b41d55f6e"},"breadcrumb":{"@id":"https:\/\/blogdojoaocosta.com.br\/?p=2611#breadcrumb"},"inLanguage":"pt-BR","potentialAction":[{"@type":"ReadAction","target":["https:\/\/blogdojoaocosta.com.br\/?p=2611"]}]},{"@type":"ImageObject","inLanguage":"pt-BR","@id":"https:\/\/blogdojoaocosta.com.br\/?p=2611#primaryimage","url":"https:\/\/blogdojoaocosta.com.br\/wp-content\/uploads\/2025\/02\/equipe-pre.jpeg","contentUrl":"https:\/\/blogdojoaocosta.com.br\/wp-content\/uploads\/2025\/02\/equipe-pre.jpeg","width":274,"height":182},{"@type":"BreadcrumbList","@id":"https:\/\/blogdojoaocosta.com.br\/?p=2611#breadcrumb","itemListElement":[{"@type":"ListItem","position":1,"name":"In\u00edcio","item":"https:\/\/blogdojoaocosta.com.br\/"},{"@type":"ListItem","position":2,"name":"C\u00edcero Lucena nomeia mais 12 auxiliares da nova gest\u00e3o"}]},{"@type":"WebSite","@id":"https:\/\/blogdojoaocosta.com.br\/#website","url":"https:\/\/blogdojoaocosta.com.br\/","name":"Blog do Jo\u00e3o Costa","description":"Assim Caminha a Humanidade","potentialAction":[{"@type":"SearchAction","target":{"@type":"EntryPoint","urlTemplate":"https:\/\/blogdojoaocosta.com.br\/?s={search_term_string}"},"query-input":{"@type":"PropertyValueSpecification","valueRequired":true,"valueName":"search_term_string"}}],"inLanguage":"pt-BR"},{"@type":"Person","@id":"https:\/\/blogdojoaocosta.com.br\/#\/schema\/person\/af1c9fa31a41a9d29c32f74b41d55f6e","name":"joaocosta","image":{"@type":"ImageObject","inLanguage":"pt-BR","@id":"https:\/\/secure.gravatar.com\/avatar\/677b6f1fc54e8c7982d7dce3cfe65fce28f898f70d9b8b631786a0b1b18b11e5?s=96&d=mm&r=g","url":"https:\/\/secure.gravatar.com\/avatar\/677b6f1fc54e8c7982d7dce3cfe65fce28f898f70d9b8b631786a0b1b18b11e5?s=96&d=mm&r=g","contentUrl":"https:\/\/secure.gravatar.com\/avatar\/677b6f1fc54e8c7982d7dce3cfe65fce28f898f70d9b8b631786a0b1b18b11e5?s=96&d=mm&r=g","caption":"joaocosta"},"sameAs":["http:\/\/blogdojoaocosta.com.br"],"url":"https:\/\/blogdojoaocosta.com.br\/?author=1"}]}},"_links":{"self":[{"href":"https:\/\/blogdojoaocosta.com.br\/index.php?rest_route=\/wp\/v2\/posts\/2611","targetHints":{"allow":["GET"]}}],"collection":[{"href":"https:\/\/blogdojoaocosta.com.br\/index.php?rest_route=\/wp\/v2\/posts"}],"about":[{"href":"https:\/\/blogdojoaocosta.com.br\/index.php?rest_route=\/wp\/v2\/types\/post"}],"author":[{"embeddable":true,"href":"https:\/\/blogdojoaocosta.com.br\/index.php?rest_route=\/wp\/v2\/users\/1"}],"replies":[{"embeddable":true,"href":"https:\/\/blogdojoaocosta.com.br\/index.php?rest_route=%2Fwp%2Fv2%2Fcomments&post=2611"}],"version-history":[{"count":1,"href":"https:\/\/blogdojoaocosta.com.br\/index.php?rest_route=\/wp\/v2\/posts\/2611\/revisions"}],"predecessor-version":[{"id":2613,"href":"https:\/\/blogdojoaocosta.com.br\/index.php?rest_route=\/wp\/v2\/posts\/2611\/revisions\/2613"}],"wp:featuredmedia":[{"embeddable":true,"href":"https:\/\/blogdojoaocosta.com.br\/index.php?rest_route=\/wp\/v2\/media\/2612"}],"wp:attachment":[{"href":"https:\/\/blogdojoaocosta.com.br\/index.php?rest_route=%2Fwp%2Fv2%2Fmedia&parent=2611"}],"wp:term":[{"taxonomy":"category","embeddable":true,"href":"https:\/\/blogdojoaocosta.com.br\/index.php?rest_route=%2Fwp%2Fv2%2Fcategories&post=2611"},{"taxonomy":"post_tag","embeddable":true,"href":"https:\/\/blogdojoaocosta.com.br\/index.php?rest_route=%2Fwp%2Fv2%2Ftags&post=2611"}],"curies":[{"name":"wp","href":"https:\/\/api.w.org\/{rel}","templated":true}]}}