{"id":2765,"date":"2025-06-02T13:40:35","date_gmt":"2025-06-02T16:40:35","guid":{"rendered":"https:\/\/blogdojoaocosta.com.br\/?p=2765"},"modified":"2025-06-02T13:40:35","modified_gmt":"2025-06-02T16:40:35","slug":"jornalista-rubens-nobrega-lanca-livro-de-memorias","status":"publish","type":"post","link":"https:\/\/blogdojoaocosta.com.br\/?p=2765","title":{"rendered":"Jornalista Rubens N\u00f3brega lan\u00e7a livro de mem\u00f3rias"},"content":{"rendered":"<p>O jornalista e escritor Rubens N\u00f3brega lan\u00e7ou na manh\u00e3 desta segunda-feira (2), em Jo\u00e3o Pessoa, \u2018Mem\u00f3rias do Batente\u2019, livro de suas\u00a0 mem\u00f3rias e resgate de fatos ocorridos durante os seus 50 anos como rep\u00f3rter e editor de jornais impressos. O lan\u00e7amento foi realizado no restaurante Cannelle, ponto que re\u00fane radialistas e jornalistas todas as manh\u00e3s.<\/p>\n<p>Acad\u00eamicos, intelectuais, professores, a exemplo do ex-reitor da UFPB Neroaldo Ponte e jornalistas que integraram equipes formadas e dirigidas por Rubens nos jornais O Norte e Correio da Para\u00edba,\u00a0 prestigiaram o lan\u00e7amento.<\/p>\n<p><img decoding=\"async\" class=\"alignnone size-medium wp-image-2767\" src=\"https:\/\/blogdojoaocosta.com.br\/wp-content\/uploads\/2025\/06\/kleber-neroaldo-e-jc-300x169.jpeg\" alt=\"\" width=\"300\" height=\"169\" srcset=\"https:\/\/blogdojoaocosta.com.br\/wp-content\/uploads\/2025\/06\/kleber-neroaldo-e-jc-300x169.jpeg 300w, https:\/\/blogdojoaocosta.com.br\/wp-content\/uploads\/2025\/06\/kleber-neroaldo-e-jc-1024x576.jpeg 1024w, https:\/\/blogdojoaocosta.com.br\/wp-content\/uploads\/2025\/06\/kleber-neroaldo-e-jc-768x432.jpeg 768w, https:\/\/blogdojoaocosta.com.br\/wp-content\/uploads\/2025\/06\/kleber-neroaldo-e-jc-1536x864.jpeg 1536w, https:\/\/blogdojoaocosta.com.br\/wp-content\/uploads\/2025\/06\/kleber-neroaldo-e-jc.jpeg 1600w\" sizes=\"(max-width: 300px) 100vw, 300px\" \/><\/p>\n<p>Kl\u00e9ber Salgado(E), Neroaldo Ponte(C) e o blogueiro<\/p>\n<p>Rubens vivenciou os melhores dias do jornal O Norte, para onde retornou em 1992 como colunista e depois editor-geral, ele trabalhou em A Uni\u00e3o, como redator e secret\u00e1rio de reda\u00e7\u00e3o, e no Correio da Para\u00edba (durante os per\u00edodos mais cr\u00edticos do jornal), como editor-geral e depois colunista, e n\u2019O Momento di\u00e1rio, onde foi colunista e editor de Pol\u00edtica.<\/p>\n<p><img decoding=\"async\" class=\"alignnone size-medium wp-image-2768\" src=\"https:\/\/blogdojoaocosta.com.br\/wp-content\/uploads\/2025\/06\/jc-e-rubens-169x300.jpeg\" alt=\"\" width=\"169\" height=\"300\" srcset=\"https:\/\/blogdojoaocosta.com.br\/wp-content\/uploads\/2025\/06\/jc-e-rubens-169x300.jpeg 169w, https:\/\/blogdojoaocosta.com.br\/wp-content\/uploads\/2025\/06\/jc-e-rubens-576x1024.jpeg 576w, https:\/\/blogdojoaocosta.com.br\/wp-content\/uploads\/2025\/06\/jc-e-rubens-768x1365.jpeg 768w, https:\/\/blogdojoaocosta.com.br\/wp-content\/uploads\/2025\/06\/jc-e-rubens-864x1536.jpeg 864w, https:\/\/blogdojoaocosta.com.br\/wp-content\/uploads\/2025\/06\/jc-e-rubens-1152x2048.jpeg 1152w, https:\/\/blogdojoaocosta.com.br\/wp-content\/uploads\/2025\/06\/jc-e-rubens-scaled.jpeg 1440w\" sizes=\"(max-width: 169px) 100vw, 169px\" \/> <img decoding=\"async\" class=\"alignnone size-medium wp-image-2769\" src=\"https:\/\/blogdojoaocosta.com.br\/wp-content\/uploads\/2025\/06\/Edilane-225x300.jpeg\" alt=\"\" width=\"225\" height=\"300\" srcset=\"https:\/\/blogdojoaocosta.com.br\/wp-content\/uploads\/2025\/06\/Edilane-225x300.jpeg 225w, https:\/\/blogdojoaocosta.com.br\/wp-content\/uploads\/2025\/06\/Edilane-768x1024.jpeg 768w, https:\/\/blogdojoaocosta.com.br\/wp-content\/uploads\/2025\/06\/Edilane-1152x1536.jpeg 1152w, https:\/\/blogdojoaocosta.com.br\/wp-content\/uploads\/2025\/06\/Edilane.jpeg 1200w\" sizes=\"(max-width: 225px) 100vw, 225px\" \/><\/p>\n<p><em><strong>Jo\u00e3o Costa e Rubens; Edilane a Ara\u00fajo e R. N\u00f3brega: manh\u00e3 de aut\u00f3grafos<\/strong><\/em><\/p>\n<p>Sua despedida do jornalismo impresso aconteceu em 7 de abril de 2016, quando colunista do Jornal da Para\u00edba, onde se estendeu por mais um ano na vers\u00e3o online, assinando o Blog do Rub\u00e3o, que manteve ap\u00f3s o desligamento em definitivo do Grupo Para\u00edba de Comunica\u00e7\u00e3o.<\/p>\n<p>\u2018Mem\u00f3rias do Batente\u2019 \u00e9 o quarto livro de Rubens N\u00f3brega. A obra tem o selo da Giostri Editora, de S\u00e3o Paulo. Antes, publicou \u2018Hist\u00f3rias da Gente\u2019, livro de contos e cr\u00f4nicas, lan\u00e7ado em 2013, \u2018Poderosa Isaura\u2019 (2018) e o romance \u2018Baixa do Mel\u2019 (2022).<\/p>\n<p>Mem\u00f3rias que &#8220;batem&#8221; ao longo da vida de um excelente editor ou &#8220;mem\u00f3rias de trabalho jornal\u00edsticos&#8221;.<\/p>\n<p>Com Clickpb<\/p>\n<p>&nbsp;<\/p>\n","protected":false},"excerpt":{"rendered":"<p>O jornalista e escritor Rubens N\u00f3brega lan\u00e7ou na manh\u00e3 desta segunda-feira (2), em Jo\u00e3o Pessoa, \u2018Mem\u00f3rias do Batente\u2019, livro de suas\u00a0 mem\u00f3rias e resgate de fatos ocorridos durante os seus 50 anos como rep\u00f3rter e editor de jornais impressos. O lan\u00e7amento foi realizado no restaurante Cannelle, ponto que re\u00fane radialistas e jornalistas todas as manh\u00e3s. [&hellip;]<\/p>\n","protected":false},"author":1,"featured_media":2766,"comment_status":"open","ping_status":"open","sticky":false,"template":"","format":"standard","meta":{"footnotes":""},"categories":[6],"tags":[],"class_list":["post-2765","post","type-post","status-publish","format-standard","has-post-thumbnail","hentry","category-cultura"],"yoast_head":"<!-- This site is optimized with the Yoast SEO plugin v27.5 - https:\/\/yoast.com\/product\/yoast-seo-wordpress\/ -->\n<title>Jornalista Rubens N\u00f3brega lan\u00e7a livro de mem\u00f3rias - Blog do Jo\u00e3o Costa<\/title>\n<meta name=\"robots\" content=\"index, follow, max-snippet:-1, max-image-preview:large, max-video-preview:-1\" \/>\n<link rel=\"canonical\" href=\"https:\/\/blogdojoaocosta.com.br\/?p=2765\" \/>\n<meta property=\"og:locale\" content=\"pt_BR\" \/>\n<meta property=\"og:type\" content=\"article\" \/>\n<meta property=\"og:title\" content=\"Jornalista Rubens N\u00f3brega lan\u00e7a livro de mem\u00f3rias - Blog do Jo\u00e3o Costa\" \/>\n<meta property=\"og:description\" content=\"O jornalista e escritor Rubens N\u00f3brega lan\u00e7ou na manh\u00e3 desta segunda-feira (2), em Jo\u00e3o Pessoa, \u2018Mem\u00f3rias do Batente\u2019, livro de suas\u00a0 mem\u00f3rias e resgate de fatos ocorridos durante os seus 50 anos como rep\u00f3rter e editor de jornais impressos. O lan\u00e7amento foi realizado no restaurante Cannelle, ponto que re\u00fane radialistas e jornalistas todas as manh\u00e3s. [&hellip;]\" \/>\n<meta property=\"og:url\" content=\"https:\/\/blogdojoaocosta.com.br\/?p=2765\" \/>\n<meta property=\"og:site_name\" content=\"Blog do Jo\u00e3o Costa\" \/>\n<meta property=\"article:published_time\" content=\"2025-06-02T16:40:35+00:00\" \/>\n<meta property=\"og:image\" content=\"https:\/\/blogdojoaocosta.com.br\/wp-content\/uploads\/2025\/06\/rubnes-capa.jpeg\" \/>\n\t<meta property=\"og:image:width\" content=\"1081\" \/>\n\t<meta property=\"og:image:height\" content=\"1600\" \/>\n\t<meta property=\"og:image:type\" content=\"image\/jpeg\" \/>\n<meta name=\"author\" content=\"joaocosta\" \/>\n<meta name=\"twitter:card\" content=\"summary_large_image\" \/>\n<meta name=\"twitter:label1\" content=\"Escrito por\" \/>\n\t<meta name=\"twitter:data1\" content=\"joaocosta\" \/>\n\t<meta name=\"twitter:label2\" content=\"Est. tempo de leitura\" \/>\n\t<meta name=\"twitter:data2\" content=\"3 minutos\" \/>\n<script type=\"application\/ld+json\" class=\"yoast-schema-graph\">{\"@context\":\"https:\\\/\\\/schema.org\",\"@graph\":[{\"@type\":\"Article\",\"@id\":\"https:\\\/\\\/blogdojoaocosta.com.br\\\/?p=2765#article\",\"isPartOf\":{\"@id\":\"https:\\\/\\\/blogdojoaocosta.com.br\\\/?p=2765\"},\"author\":{\"name\":\"joaocosta\",\"@id\":\"https:\\\/\\\/blogdojoaocosta.com.br\\\/#\\\/schema\\\/person\\\/af1c9fa31a41a9d29c32f74b41d55f6e\"},\"headline\":\"Jornalista Rubens N\u00f3brega lan\u00e7a livro de mem\u00f3rias\",\"datePublished\":\"2025-06-02T16:40:35+00:00\",\"mainEntityOfPage\":{\"@id\":\"https:\\\/\\\/blogdojoaocosta.com.br\\\/?p=2765\"},\"wordCount\":317,\"commentCount\":0,\"image\":{\"@id\":\"https:\\\/\\\/blogdojoaocosta.com.br\\\/?p=2765#primaryimage\"},\"thumbnailUrl\":\"https:\\\/\\\/blogdojoaocosta.com.br\\\/wp-content\\\/uploads\\\/2025\\\/06\\\/rubnes-capa.jpeg\",\"articleSection\":[\"Cultura\"],\"inLanguage\":\"pt-BR\",\"potentialAction\":[{\"@type\":\"CommentAction\",\"name\":\"Comment\",\"target\":[\"https:\\\/\\\/blogdojoaocosta.com.br\\\/?p=2765#respond\"]}]},{\"@type\":\"WebPage\",\"@id\":\"https:\\\/\\\/blogdojoaocosta.com.br\\\/?p=2765\",\"url\":\"https:\\\/\\\/blogdojoaocosta.com.br\\\/?p=2765\",\"name\":\"Jornalista Rubens N\u00f3brega lan\u00e7a livro de mem\u00f3rias - Blog do Jo\u00e3o Costa\",\"isPartOf\":{\"@id\":\"https:\\\/\\\/blogdojoaocosta.com.br\\\/#website\"},\"primaryImageOfPage\":{\"@id\":\"https:\\\/\\\/blogdojoaocosta.com.br\\\/?p=2765#primaryimage\"},\"image\":{\"@id\":\"https:\\\/\\\/blogdojoaocosta.com.br\\\/?p=2765#primaryimage\"},\"thumbnailUrl\":\"https:\\\/\\\/blogdojoaocosta.com.br\\\/wp-content\\\/uploads\\\/2025\\\/06\\\/rubnes-capa.jpeg\",\"datePublished\":\"2025-06-02T16:40:35+00:00\",\"author\":{\"@id\":\"https:\\\/\\\/blogdojoaocosta.com.br\\\/#\\\/schema\\\/person\\\/af1c9fa31a41a9d29c32f74b41d55f6e\"},\"breadcrumb\":{\"@id\":\"https:\\\/\\\/blogdojoaocosta.com.br\\\/?p=2765#breadcrumb\"},\"inLanguage\":\"pt-BR\",\"potentialAction\":[{\"@type\":\"ReadAction\",\"target\":[\"https:\\\/\\\/blogdojoaocosta.com.br\\\/?p=2765\"]}]},{\"@type\":\"ImageObject\",\"inLanguage\":\"pt-BR\",\"@id\":\"https:\\\/\\\/blogdojoaocosta.com.br\\\/?p=2765#primaryimage\",\"url\":\"https:\\\/\\\/blogdojoaocosta.com.br\\\/wp-content\\\/uploads\\\/2025\\\/06\\\/rubnes-capa.jpeg\",\"contentUrl\":\"https:\\\/\\\/blogdojoaocosta.com.br\\\/wp-content\\\/uploads\\\/2025\\\/06\\\/rubnes-capa.jpeg\",\"width\":1081,\"height\":1600},{\"@type\":\"BreadcrumbList\",\"@id\":\"https:\\\/\\\/blogdojoaocosta.com.br\\\/?p=2765#breadcrumb\",\"itemListElement\":[{\"@type\":\"ListItem\",\"position\":1,\"name\":\"In\u00edcio\",\"item\":\"https:\\\/\\\/blogdojoaocosta.com.br\\\/\"},{\"@type\":\"ListItem\",\"position\":2,\"name\":\"Jornalista Rubens N\u00f3brega lan\u00e7a livro de mem\u00f3rias\"}]},{\"@type\":\"WebSite\",\"@id\":\"https:\\\/\\\/blogdojoaocosta.com.br\\\/#website\",\"url\":\"https:\\\/\\\/blogdojoaocosta.com.br\\\/\",\"name\":\"Blog do Jo\u00e3o Costa\",\"description\":\"Assim Caminha a Humanidade\",\"potentialAction\":[{\"@type\":\"SearchAction\",\"target\":{\"@type\":\"EntryPoint\",\"urlTemplate\":\"https:\\\/\\\/blogdojoaocosta.com.br\\\/?s={search_term_string}\"},\"query-input\":{\"@type\":\"PropertyValueSpecification\",\"valueRequired\":true,\"valueName\":\"search_term_string\"}}],\"inLanguage\":\"pt-BR\"},{\"@type\":\"Person\",\"@id\":\"https:\\\/\\\/blogdojoaocosta.com.br\\\/#\\\/schema\\\/person\\\/af1c9fa31a41a9d29c32f74b41d55f6e\",\"name\":\"joaocosta\",\"image\":{\"@type\":\"ImageObject\",\"inLanguage\":\"pt-BR\",\"@id\":\"https:\\\/\\\/secure.gravatar.com\\\/avatar\\\/677b6f1fc54e8c7982d7dce3cfe65fce28f898f70d9b8b631786a0b1b18b11e5?s=96&d=mm&r=g\",\"url\":\"https:\\\/\\\/secure.gravatar.com\\\/avatar\\\/677b6f1fc54e8c7982d7dce3cfe65fce28f898f70d9b8b631786a0b1b18b11e5?s=96&d=mm&r=g\",\"contentUrl\":\"https:\\\/\\\/secure.gravatar.com\\\/avatar\\\/677b6f1fc54e8c7982d7dce3cfe65fce28f898f70d9b8b631786a0b1b18b11e5?s=96&d=mm&r=g\",\"caption\":\"joaocosta\"},\"sameAs\":[\"http:\\\/\\\/blogdojoaocosta.com.br\"],\"url\":\"https:\\\/\\\/blogdojoaocosta.com.br\\\/?author=1\"}]}<\/script>\n<!-- \/ Yoast SEO plugin. -->","yoast_head_json":{"title":"Jornalista Rubens N\u00f3brega lan\u00e7a livro de mem\u00f3rias - Blog do Jo\u00e3o Costa","robots":{"index":"index","follow":"follow","max-snippet":"max-snippet:-1","max-image-preview":"max-image-preview:large","max-video-preview":"max-video-preview:-1"},"canonical":"https:\/\/blogdojoaocosta.com.br\/?p=2765","og_locale":"pt_BR","og_type":"article","og_title":"Jornalista Rubens N\u00f3brega lan\u00e7a livro de mem\u00f3rias - Blog do Jo\u00e3o Costa","og_description":"O jornalista e escritor Rubens N\u00f3brega lan\u00e7ou na manh\u00e3 desta segunda-feira (2), em Jo\u00e3o Pessoa, \u2018Mem\u00f3rias do Batente\u2019, livro de suas\u00a0 mem\u00f3rias e resgate de fatos ocorridos durante os seus 50 anos como rep\u00f3rter e editor de jornais impressos. O lan\u00e7amento foi realizado no restaurante Cannelle, ponto que re\u00fane radialistas e jornalistas todas as manh\u00e3s. [&hellip;]","og_url":"https:\/\/blogdojoaocosta.com.br\/?p=2765","og_site_name":"Blog do Jo\u00e3o Costa","article_published_time":"2025-06-02T16:40:35+00:00","og_image":[{"width":1081,"height":1600,"url":"https:\/\/blogdojoaocosta.com.br\/wp-content\/uploads\/2025\/06\/rubnes-capa.jpeg","type":"image\/jpeg"}],"author":"joaocosta","twitter_card":"summary_large_image","twitter_misc":{"Escrito por":"joaocosta","Est. tempo de leitura":"3 minutos"},"schema":{"@context":"https:\/\/schema.org","@graph":[{"@type":"Article","@id":"https:\/\/blogdojoaocosta.com.br\/?p=2765#article","isPartOf":{"@id":"https:\/\/blogdojoaocosta.com.br\/?p=2765"},"author":{"name":"joaocosta","@id":"https:\/\/blogdojoaocosta.com.br\/#\/schema\/person\/af1c9fa31a41a9d29c32f74b41d55f6e"},"headline":"Jornalista Rubens N\u00f3brega lan\u00e7a livro de mem\u00f3rias","datePublished":"2025-06-02T16:40:35+00:00","mainEntityOfPage":{"@id":"https:\/\/blogdojoaocosta.com.br\/?p=2765"},"wordCount":317,"commentCount":0,"image":{"@id":"https:\/\/blogdojoaocosta.com.br\/?p=2765#primaryimage"},"thumbnailUrl":"https:\/\/blogdojoaocosta.com.br\/wp-content\/uploads\/2025\/06\/rubnes-capa.jpeg","articleSection":["Cultura"],"inLanguage":"pt-BR","potentialAction":[{"@type":"CommentAction","name":"Comment","target":["https:\/\/blogdojoaocosta.com.br\/?p=2765#respond"]}]},{"@type":"WebPage","@id":"https:\/\/blogdojoaocosta.com.br\/?p=2765","url":"https:\/\/blogdojoaocosta.com.br\/?p=2765","name":"Jornalista Rubens N\u00f3brega lan\u00e7a livro de mem\u00f3rias - Blog do Jo\u00e3o Costa","isPartOf":{"@id":"https:\/\/blogdojoaocosta.com.br\/#website"},"primaryImageOfPage":{"@id":"https:\/\/blogdojoaocosta.com.br\/?p=2765#primaryimage"},"image":{"@id":"https:\/\/blogdojoaocosta.com.br\/?p=2765#primaryimage"},"thumbnailUrl":"https:\/\/blogdojoaocosta.com.br\/wp-content\/uploads\/2025\/06\/rubnes-capa.jpeg","datePublished":"2025-06-02T16:40:35+00:00","author":{"@id":"https:\/\/blogdojoaocosta.com.br\/#\/schema\/person\/af1c9fa31a41a9d29c32f74b41d55f6e"},"breadcrumb":{"@id":"https:\/\/blogdojoaocosta.com.br\/?p=2765#breadcrumb"},"inLanguage":"pt-BR","potentialAction":[{"@type":"ReadAction","target":["https:\/\/blogdojoaocosta.com.br\/?p=2765"]}]},{"@type":"ImageObject","inLanguage":"pt-BR","@id":"https:\/\/blogdojoaocosta.com.br\/?p=2765#primaryimage","url":"https:\/\/blogdojoaocosta.com.br\/wp-content\/uploads\/2025\/06\/rubnes-capa.jpeg","contentUrl":"https:\/\/blogdojoaocosta.com.br\/wp-content\/uploads\/2025\/06\/rubnes-capa.jpeg","width":1081,"height":1600},{"@type":"BreadcrumbList","@id":"https:\/\/blogdojoaocosta.com.br\/?p=2765#breadcrumb","itemListElement":[{"@type":"ListItem","position":1,"name":"In\u00edcio","item":"https:\/\/blogdojoaocosta.com.br\/"},{"@type":"ListItem","position":2,"name":"Jornalista Rubens N\u00f3brega lan\u00e7a livro de mem\u00f3rias"}]},{"@type":"WebSite","@id":"https:\/\/blogdojoaocosta.com.br\/#website","url":"https:\/\/blogdojoaocosta.com.br\/","name":"Blog do Jo\u00e3o Costa","description":"Assim Caminha a Humanidade","potentialAction":[{"@type":"SearchAction","target":{"@type":"EntryPoint","urlTemplate":"https:\/\/blogdojoaocosta.com.br\/?s={search_term_string}"},"query-input":{"@type":"PropertyValueSpecification","valueRequired":true,"valueName":"search_term_string"}}],"inLanguage":"pt-BR"},{"@type":"Person","@id":"https:\/\/blogdojoaocosta.com.br\/#\/schema\/person\/af1c9fa31a41a9d29c32f74b41d55f6e","name":"joaocosta","image":{"@type":"ImageObject","inLanguage":"pt-BR","@id":"https:\/\/secure.gravatar.com\/avatar\/677b6f1fc54e8c7982d7dce3cfe65fce28f898f70d9b8b631786a0b1b18b11e5?s=96&d=mm&r=g","url":"https:\/\/secure.gravatar.com\/avatar\/677b6f1fc54e8c7982d7dce3cfe65fce28f898f70d9b8b631786a0b1b18b11e5?s=96&d=mm&r=g","contentUrl":"https:\/\/secure.gravatar.com\/avatar\/677b6f1fc54e8c7982d7dce3cfe65fce28f898f70d9b8b631786a0b1b18b11e5?s=96&d=mm&r=g","caption":"joaocosta"},"sameAs":["http:\/\/blogdojoaocosta.com.br"],"url":"https:\/\/blogdojoaocosta.com.br\/?author=1"}]}},"_links":{"self":[{"href":"https:\/\/blogdojoaocosta.com.br\/index.php?rest_route=\/wp\/v2\/posts\/2765","targetHints":{"allow":["GET"]}}],"collection":[{"href":"https:\/\/blogdojoaocosta.com.br\/index.php?rest_route=\/wp\/v2\/posts"}],"about":[{"href":"https:\/\/blogdojoaocosta.com.br\/index.php?rest_route=\/wp\/v2\/types\/post"}],"author":[{"embeddable":true,"href":"https:\/\/blogdojoaocosta.com.br\/index.php?rest_route=\/wp\/v2\/users\/1"}],"replies":[{"embeddable":true,"href":"https:\/\/blogdojoaocosta.com.br\/index.php?rest_route=%2Fwp%2Fv2%2Fcomments&post=2765"}],"version-history":[{"count":1,"href":"https:\/\/blogdojoaocosta.com.br\/index.php?rest_route=\/wp\/v2\/posts\/2765\/revisions"}],"predecessor-version":[{"id":2770,"href":"https:\/\/blogdojoaocosta.com.br\/index.php?rest_route=\/wp\/v2\/posts\/2765\/revisions\/2770"}],"wp:featuredmedia":[{"embeddable":true,"href":"https:\/\/blogdojoaocosta.com.br\/index.php?rest_route=\/wp\/v2\/media\/2766"}],"wp:attachment":[{"href":"https:\/\/blogdojoaocosta.com.br\/index.php?rest_route=%2Fwp%2Fv2%2Fmedia&parent=2765"}],"wp:term":[{"taxonomy":"category","embeddable":true,"href":"https:\/\/blogdojoaocosta.com.br\/index.php?rest_route=%2Fwp%2Fv2%2Fcategories&post=2765"},{"taxonomy":"post_tag","embeddable":true,"href":"https:\/\/blogdojoaocosta.com.br\/index.php?rest_route=%2Fwp%2Fv2%2Ftags&post=2765"}],"curies":[{"name":"wp","href":"https:\/\/api.w.org\/{rel}","templated":true}]}}