{"id":2771,"date":"2025-06-04T08:44:31","date_gmt":"2025-06-04T11:44:31","guid":{"rendered":"https:\/\/blogdojoaocosta.com.br\/?p=2771"},"modified":"2025-06-04T08:48:13","modified_gmt":"2025-06-04T11:48:13","slug":"apl-tornou-se-reduto-do-bolsonarismo-diz-jose-octavio-em-artigo","status":"publish","type":"post","link":"https:\/\/blogdojoaocosta.com.br\/?p=2771","title":{"rendered":"APL tornou-se reduto do bolsonarismo, diz Jos\u00e9 Oct\u00e1vio"},"content":{"rendered":"<p>O blog reproduz a seguir artigo veiculado na Revista Nordeste, de autoria do acad\u00eamico Jos\u00e9 Oct\u00e1vio de Arruda Melo, que revela um aspecto pol\u00edtico na composi\u00e7\u00e3o dos membros da Academia Paraibana de Letras(APL): a Academia teria se tornado \u201creduto\u201d do bolsonarimo. O artigo \u00e9 um desagravo ao jornalista Walter Santos, candidato vencedor em 1\u00ba turno, mas derrotado em 2\u00ba na \u00faltima disputa por uma cadeira na APL.<\/p>\n<h2>Walter Santos e as perdas da cultura paraibana<\/h2>\n<p><strong>Por Jos\u00e9 Oct\u00e1vio de Arruda Mello*<\/strong><\/p>\n<p>Ao contr\u00e1rio do pseudo acad\u00eamico que celebrou, pelos jornais, a elei\u00e7\u00e3o do inexpressivo Jo\u00e3o Trindade, para uma das cadeiras da APL, telefonei para Walter Santos a fim de desagrav\u00e1-lo pelos resultados do pleito de 09 de maio \u00faltimo na mesma Academia Paraibana de Letras. Como \u00e9 sabido, a maioria pertenceu ao soi-disant cientista pol\u00edtico Renato Carneiro.<\/p>\n<p>Para mim, Walter n\u00e3o tem porque lamentar o presumido insucesso daquela consulta. Jornalista de escola e homem p\u00fablico de reconhecidas qualidades, o antigo editor de O Momento n\u00e3o teve contra se os que nele n\u00e3o votaram no segundo turno \u2013 o primeiro foi galhardamente vencido por WS \u2013 mas uma m\u00e1quina que transformou o escrut\u00ednio da Academia, em solerte competi\u00e7\u00e3o de pol\u00edtica partid\u00e1ria:<\/p>\n<p>De um lado, os seguidores do ex-capit\u00e3o Jair Bolsonaro que est\u00e3o procurando controlar a cultura paraibana. E de outro, os que, em sua maioria, refrat\u00e1rios \u00e0 hegemonia do ex-presidente, alinham-se entre os que resistiram \u00e0 ditadura militar de 64. A partir de antol\u00f3gica manchete do seman\u00e1rio da avenida Princesa Isabel \u2013 \u201cHoje \u00e9 dia de esquecer 64\u201d \u2013 Walter Santos foi sacrificado por conta disso.<\/p>\n<p>Lamentavelmente, a Academia Paraibana de Letras est\u00e1 se transformando em reduto do Bolsonarismo. Bem antes de se internar, o saudoso Carlos Aranha me chamava aten\u00e7\u00e3o em conversa na pr\u00f3pria APL:\u00a0<strong>\u201cAqui, poucos como eu e voc\u00ea n\u00e3o afinam com Bolsonaro. A maioria \u00e9 toda dele\u201d.<\/strong><\/p>\n<p>Os fatos ofereceram raz\u00e3o a essas coloca\u00e7\u00f5es. Se a derrota do democrata Francelino Soares, h\u00e1 dois anos, j\u00e1 apontava nessa dire\u00e7\u00e3o, ex-presidenta da APL n\u00e3o hesitou em, envolta na bandeira nacional, incorporar-se aos que, na porta do Grupamento de Engenharia, pleiteavam o golpe de estado de 08 de janeiro. Outrossim, na elei\u00e7\u00e3o de 25 de abril, bolsonarista raiz sugeria, em plena mesa diretora dos trabalhos, a anistia do ex-capit\u00e3o, cuja censura ao processo eleitoral do pa\u00eds foi publicamente endossada pelo candidato do segundo lugar, a seguir majorit\u00e1rio.<\/p>\n<p>\u00c9 claro que, como democrata, e por isso mesmo anistiado de 64, pelo Minist\u00e9rio da Justi\u00e7a, n\u00e3o nego a ningu\u00e9m o direito de seguir Bolsonaro ou quem quer que seja. Como se disse do fascismo na d\u00e9cada de 30, \u201c\u00e9 uma quest\u00e3o de gosto\u201d.\u00a0<strong>O que n\u00e3o admito \u00e9 trazer-se o estigma partid\u00e1rio para dentro de institui\u00e7\u00f5es estatutariamente proibidas de assim se posicionar.<\/strong><\/p>\n<p>Dir-se-\u00e1 que a APL ainda n\u00e3o chegou a esse ponto. \u00c9 fato, at\u00e9 porque, n\u00e3o bolsonarista, o presidente Ramalho Leite tem-se comportado com isen\u00e7\u00e3o e equil\u00edbrio. Ocorre, por\u00e9m, que, como esp\u00e9cie de Rainha da Inglaterra, Leite tem permitido o crescimento da autoridade da secret\u00e1ria Tania que, de simples funcion\u00e1ria, arvora-se em mentora da institui\u00e7\u00e3o. Basta dizer-se que Walter Santos teve a candidatura por ela barrada, sob a alega\u00e7\u00e3o de n\u00e3o dispor de livro. Assim, essa inscri\u00e7\u00e3o somente se consumou, por interfer\u00eancia do pr\u00f3prio Ramalho.<\/p>\n<p>A quest\u00e3o da autoria de obras pelos postulantes \u00e0 APL tamb\u00e9m nos ocorre discutir:\u00a0<strong>Porventura, revista n\u00e3o constitui publica\u00e7\u00e3o ajustada \u00e0s disposi\u00e7\u00f5es estatut\u00e1rias da APL?\u00a0 De mais a mais, tanto quanto o entendemos, o fundamental n\u00e3o reside na publica\u00e7\u00e3o de livros, dos quais o poeta Caixa D\u2019\u00e1gua dispunha de quinze! \u2013, mas a milit\u00e2ncia cultural.<\/strong><\/p>\n<p>Essa sobra a Walter desde a passagem pela editoria de in\u00fameros \u00f3rg\u00e3os de imprensa e assessoria do ent\u00e3o governador Ant\u00f4nio Mariz. Em O Momento de Leta e Lurdinha Moura, Walter Santos deixou sua marca: Na Para\u00edba nenhum jornal abriu-se tanto \u00e0 cultura quanto esse.<\/p>\n<p>Para neutraliza\u00e7\u00e3o dessas evid\u00eancias, o bolsonarismo propagou que, como jornalista, Walter Santos n\u00e3o era escritor. Trata-se de outra fal\u00e1cia at\u00e9 porque dos dez fundadores da Academia \u2013 Matias Freire, Celso Mariz, Hor\u00e1cio de Almeida, Veiga Junior, Durval Albuquerque, Hort\u00eancio Ribeiro, Luiz Pinto, \u00c1lvaro de Carvalho, Rocha Barreto e Coriolano de Medeiros \u2013 apenas Freire, Hor\u00e1cio e \u00c1lvaro n\u00e3o eram jornalistas de profiss\u00e3o.<\/p>\n<p>Desta maneira, o jornalismo constitui antec\u00e2mara da literatura: Foram poucos os escritores que n\u00e3o principiaram pelo periodismo. Alguns ainda hoje nele se fixam.<\/p>\n<p><strong>A rejei\u00e7\u00e3o da candidatura Walter Santos pela APL constituiu equ\u00edvoco felizmente n\u00e3o partilhado pelos que, verdadeiros jornalistas, se opuseram \u00e0 ditadura de 1964 \u2013 Abelardo Jurema Filho, Jos\u00e9 Oct\u00e1vio, Roberto Cavalcanti, Ruy Leit\u00e3o, Ramalho Leite.<\/strong><\/p>\n<p><strong>A Academia Paraibana de Letras tem cometido deslizes, como na preteri\u00e7\u00e3o de int\u00e9rprete da realidade brasileira como Marcos Formiga, por simples compilador de regras gramaticais. Nesse caso, tal e qual ocorrido com Walter Santos, n\u00e3o foi s\u00f3 a APL quem perdeu, mas a cultura paraibana, privando-se desses valores.<\/strong><\/p>\n<p>Em tempo: o hist\u00f3rico real e contempor\u00e2neo de Walter Santos, ex-editor de todos os principais jornais da Para\u00edba, duas vezes presidente da API \u2013 Associa\u00e7\u00e3o Paraibana de Imprensa tem registro especial por ter sido lan\u00e7ado por Carlos Aranha \u2013 o acad\u00eamico da Cadeira em disputa \u2013 logo o WS sempre produzindo gest\u00e3o marcante em favor das letras e das artes.<\/p>\n<p><strong>Ele conduz consigo o pioneirismo e vanguarda de ter implantado o primeiro website do jornalismo no Nordeste a partir da Para\u00edba com o WSCOM e sua ousadia de lan\u00e7ar e manter h\u00e1 19 anos a Revista NORDESTE circulando nacionalmente fazendo a leitura do Brasil e do Mundo pela \u00f3tica e defesa dos 9 estados s\u00e3o feitos intelectuais relevantes a merecer reconhecimento, al\u00e9m de grande contribui\u00e7\u00e3o dado \u00e0s letras e artes nordestinas, portanto, tudo isso lhe inserem na lista dos grandes contribuidores da nossa Cultura.<\/strong><\/p>\n<p>A Revista com alto padr\u00e3o editorial tem despertado mercados internacionais levando-o a debates no F\u00f3rum das Am\u00e9ricas, em NY, a Portugal onde a publica\u00e7\u00e3o disp\u00f5e de duas colunas fixas h\u00e1 mais de 5 anos e, ano passado, em novembro, foi com a Folha de S\u00e3o Paulo os dois \u00fanicos ve\u00edculos de comunica\u00e7\u00e3o convidados para 6\u00aa C\u00fapula Global de M\u00eddia na China.<\/p>\n<p><img decoding=\"async\" class=\"alignnone size-medium wp-image-2773\" src=\"https:\/\/blogdojoaocosta.com.br\/wp-content\/uploads\/2025\/06\/jose-octavio-300x169.jpg\" alt=\"\" width=\"300\" height=\"169\" srcset=\"https:\/\/blogdojoaocosta.com.br\/wp-content\/uploads\/2025\/06\/jose-octavio-300x169.jpg 300w, https:\/\/blogdojoaocosta.com.br\/wp-content\/uploads\/2025\/06\/jose-octavio-1024x576.jpg 1024w, https:\/\/blogdojoaocosta.com.br\/wp-content\/uploads\/2025\/06\/jose-octavio-768x432.jpg 768w, https:\/\/blogdojoaocosta.com.br\/wp-content\/uploads\/2025\/06\/jose-octavio.jpg 1280w\" sizes=\"(max-width: 300px) 100vw, 300px\" \/><\/p>\n<p><strong>*Jos\u00e9 Oct\u00e1vio de Arruda Mello\u00a0\u00e9 Historiador de of\u00edcio, com doutorado pela USP e p\u00f3s-doutorado pelo IEB\/USP. Professor aposentado das UFPB, UNIP\u00ca e UEPB, como integrante dos IHGP, APL, API e Centro Internacional Celso Furtado; Autor de Nova Hist\u00f3ria da Para\u00edba \u2013 Das Origens aos Tempos Atuais e Faculdade de Direito PB63 \u2013 A \u00daltima Turma do Populismo, ambos de 2019.<\/strong><\/p>\n<p>&nbsp;<\/p>\n<p>Imagem: Revista Nordeste<\/p>\n","protected":false},"excerpt":{"rendered":"<p>O blog reproduz a seguir artigo veiculado na Revista Nordeste, de autoria do acad\u00eamico Jos\u00e9 Oct\u00e1vio de Arruda Melo, que revela um aspecto pol\u00edtico na composi\u00e7\u00e3o dos membros da Academia Paraibana de Letras(APL): a Academia teria se tornado \u201creduto\u201d do bolsonarimo. O artigo \u00e9 um desagravo ao jornalista Walter Santos, candidato vencedor em 1\u00ba turno, [&hellip;]<\/p>\n","protected":false},"author":1,"featured_media":2772,"comment_status":"open","ping_status":"open","sticky":false,"template":"","format":"standard","meta":{"footnotes":""},"categories":[16],"tags":[],"class_list":["post-2771","post","type-post","status-publish","format-standard","has-post-thumbnail","hentry","category-opiniao"],"yoast_head":"<!-- This site is optimized with the Yoast SEO plugin v27.5 - https:\/\/yoast.com\/product\/yoast-seo-wordpress\/ -->\n<title>APL tornou-se reduto do bolsonarismo, diz Jos\u00e9 Oct\u00e1vio - Blog do Jo\u00e3o Costa<\/title>\n<meta name=\"robots\" content=\"index, follow, max-snippet:-1, max-image-preview:large, max-video-preview:-1\" \/>\n<link rel=\"canonical\" href=\"https:\/\/blogdojoaocosta.com.br\/?p=2771\" \/>\n<meta property=\"og:locale\" content=\"pt_BR\" \/>\n<meta property=\"og:type\" content=\"article\" \/>\n<meta property=\"og:title\" content=\"APL tornou-se reduto do bolsonarismo, diz Jos\u00e9 Oct\u00e1vio - Blog do Jo\u00e3o Costa\" \/>\n<meta property=\"og:description\" content=\"O blog reproduz a seguir artigo veiculado na Revista Nordeste, de autoria do acad\u00eamico Jos\u00e9 Oct\u00e1vio de Arruda Melo, que revela um aspecto pol\u00edtico na composi\u00e7\u00e3o dos membros da Academia Paraibana de Letras(APL): a Academia teria se tornado \u201creduto\u201d do bolsonarimo. O artigo \u00e9 um desagravo ao jornalista Walter Santos, candidato vencedor em 1\u00ba turno, [&hellip;]\" \/>\n<meta property=\"og:url\" content=\"https:\/\/blogdojoaocosta.com.br\/?p=2771\" \/>\n<meta property=\"og:site_name\" content=\"Blog do Jo\u00e3o Costa\" \/>\n<meta property=\"article:published_time\" content=\"2025-06-04T11:44:31+00:00\" \/>\n<meta property=\"article:modified_time\" content=\"2025-06-04T11:48:13+00:00\" \/>\n<meta property=\"og:image\" content=\"https:\/\/blogdojoaocosta.com.br\/wp-content\/uploads\/2025\/06\/walter.jpeg\" \/>\n\t<meta property=\"og:image:width\" content=\"481\" \/>\n\t<meta property=\"og:image:height\" content=\"475\" \/>\n\t<meta property=\"og:image:type\" content=\"image\/jpeg\" \/>\n<meta name=\"author\" content=\"joaocosta\" \/>\n<meta name=\"twitter:card\" content=\"summary_large_image\" \/>\n<meta name=\"twitter:label1\" content=\"Escrito por\" \/>\n\t<meta name=\"twitter:data1\" content=\"joaocosta\" \/>\n\t<meta name=\"twitter:label2\" content=\"Est. tempo de leitura\" \/>\n\t<meta name=\"twitter:data2\" content=\"7 minutos\" \/>\n<script type=\"application\/ld+json\" class=\"yoast-schema-graph\">{\"@context\":\"https:\\\/\\\/schema.org\",\"@graph\":[{\"@type\":\"Article\",\"@id\":\"https:\\\/\\\/blogdojoaocosta.com.br\\\/?p=2771#article\",\"isPartOf\":{\"@id\":\"https:\\\/\\\/blogdojoaocosta.com.br\\\/?p=2771\"},\"author\":{\"name\":\"joaocosta\",\"@id\":\"https:\\\/\\\/blogdojoaocosta.com.br\\\/#\\\/schema\\\/person\\\/af1c9fa31a41a9d29c32f74b41d55f6e\"},\"headline\":\"APL tornou-se reduto do bolsonarismo, diz Jos\u00e9 Oct\u00e1vio\",\"datePublished\":\"2025-06-04T11:44:31+00:00\",\"dateModified\":\"2025-06-04T11:48:13+00:00\",\"mainEntityOfPage\":{\"@id\":\"https:\\\/\\\/blogdojoaocosta.com.br\\\/?p=2771\"},\"wordCount\":1170,\"commentCount\":0,\"image\":{\"@id\":\"https:\\\/\\\/blogdojoaocosta.com.br\\\/?p=2771#primaryimage\"},\"thumbnailUrl\":\"https:\\\/\\\/blogdojoaocosta.com.br\\\/wp-content\\\/uploads\\\/2025\\\/06\\\/walter.jpeg\",\"articleSection\":[\"Opini\u00e3o\"],\"inLanguage\":\"pt-BR\",\"potentialAction\":[{\"@type\":\"CommentAction\",\"name\":\"Comment\",\"target\":[\"https:\\\/\\\/blogdojoaocosta.com.br\\\/?p=2771#respond\"]}]},{\"@type\":\"WebPage\",\"@id\":\"https:\\\/\\\/blogdojoaocosta.com.br\\\/?p=2771\",\"url\":\"https:\\\/\\\/blogdojoaocosta.com.br\\\/?p=2771\",\"name\":\"APL tornou-se reduto do bolsonarismo, diz Jos\u00e9 Oct\u00e1vio - Blog do Jo\u00e3o Costa\",\"isPartOf\":{\"@id\":\"https:\\\/\\\/blogdojoaocosta.com.br\\\/#website\"},\"primaryImageOfPage\":{\"@id\":\"https:\\\/\\\/blogdojoaocosta.com.br\\\/?p=2771#primaryimage\"},\"image\":{\"@id\":\"https:\\\/\\\/blogdojoaocosta.com.br\\\/?p=2771#primaryimage\"},\"thumbnailUrl\":\"https:\\\/\\\/blogdojoaocosta.com.br\\\/wp-content\\\/uploads\\\/2025\\\/06\\\/walter.jpeg\",\"datePublished\":\"2025-06-04T11:44:31+00:00\",\"dateModified\":\"2025-06-04T11:48:13+00:00\",\"author\":{\"@id\":\"https:\\\/\\\/blogdojoaocosta.com.br\\\/#\\\/schema\\\/person\\\/af1c9fa31a41a9d29c32f74b41d55f6e\"},\"breadcrumb\":{\"@id\":\"https:\\\/\\\/blogdojoaocosta.com.br\\\/?p=2771#breadcrumb\"},\"inLanguage\":\"pt-BR\",\"potentialAction\":[{\"@type\":\"ReadAction\",\"target\":[\"https:\\\/\\\/blogdojoaocosta.com.br\\\/?p=2771\"]}]},{\"@type\":\"ImageObject\",\"inLanguage\":\"pt-BR\",\"@id\":\"https:\\\/\\\/blogdojoaocosta.com.br\\\/?p=2771#primaryimage\",\"url\":\"https:\\\/\\\/blogdojoaocosta.com.br\\\/wp-content\\\/uploads\\\/2025\\\/06\\\/walter.jpeg\",\"contentUrl\":\"https:\\\/\\\/blogdojoaocosta.com.br\\\/wp-content\\\/uploads\\\/2025\\\/06\\\/walter.jpeg\",\"width\":481,\"height\":475},{\"@type\":\"BreadcrumbList\",\"@id\":\"https:\\\/\\\/blogdojoaocosta.com.br\\\/?p=2771#breadcrumb\",\"itemListElement\":[{\"@type\":\"ListItem\",\"position\":1,\"name\":\"In\u00edcio\",\"item\":\"https:\\\/\\\/blogdojoaocosta.com.br\\\/\"},{\"@type\":\"ListItem\",\"position\":2,\"name\":\"APL tornou-se reduto do bolsonarismo, diz Jos\u00e9 Oct\u00e1vio\"}]},{\"@type\":\"WebSite\",\"@id\":\"https:\\\/\\\/blogdojoaocosta.com.br\\\/#website\",\"url\":\"https:\\\/\\\/blogdojoaocosta.com.br\\\/\",\"name\":\"Blog do Jo\u00e3o Costa\",\"description\":\"Assim Caminha a Humanidade\",\"potentialAction\":[{\"@type\":\"SearchAction\",\"target\":{\"@type\":\"EntryPoint\",\"urlTemplate\":\"https:\\\/\\\/blogdojoaocosta.com.br\\\/?s={search_term_string}\"},\"query-input\":{\"@type\":\"PropertyValueSpecification\",\"valueRequired\":true,\"valueName\":\"search_term_string\"}}],\"inLanguage\":\"pt-BR\"},{\"@type\":\"Person\",\"@id\":\"https:\\\/\\\/blogdojoaocosta.com.br\\\/#\\\/schema\\\/person\\\/af1c9fa31a41a9d29c32f74b41d55f6e\",\"name\":\"joaocosta\",\"image\":{\"@type\":\"ImageObject\",\"inLanguage\":\"pt-BR\",\"@id\":\"https:\\\/\\\/secure.gravatar.com\\\/avatar\\\/677b6f1fc54e8c7982d7dce3cfe65fce28f898f70d9b8b631786a0b1b18b11e5?s=96&d=mm&r=g\",\"url\":\"https:\\\/\\\/secure.gravatar.com\\\/avatar\\\/677b6f1fc54e8c7982d7dce3cfe65fce28f898f70d9b8b631786a0b1b18b11e5?s=96&d=mm&r=g\",\"contentUrl\":\"https:\\\/\\\/secure.gravatar.com\\\/avatar\\\/677b6f1fc54e8c7982d7dce3cfe65fce28f898f70d9b8b631786a0b1b18b11e5?s=96&d=mm&r=g\",\"caption\":\"joaocosta\"},\"sameAs\":[\"http:\\\/\\\/blogdojoaocosta.com.br\"],\"url\":\"https:\\\/\\\/blogdojoaocosta.com.br\\\/?author=1\"}]}<\/script>\n<!-- \/ Yoast SEO plugin. -->","yoast_head_json":{"title":"APL tornou-se reduto do bolsonarismo, diz Jos\u00e9 Oct\u00e1vio - Blog do Jo\u00e3o Costa","robots":{"index":"index","follow":"follow","max-snippet":"max-snippet:-1","max-image-preview":"max-image-preview:large","max-video-preview":"max-video-preview:-1"},"canonical":"https:\/\/blogdojoaocosta.com.br\/?p=2771","og_locale":"pt_BR","og_type":"article","og_title":"APL tornou-se reduto do bolsonarismo, diz Jos\u00e9 Oct\u00e1vio - Blog do Jo\u00e3o Costa","og_description":"O blog reproduz a seguir artigo veiculado na Revista Nordeste, de autoria do acad\u00eamico Jos\u00e9 Oct\u00e1vio de Arruda Melo, que revela um aspecto pol\u00edtico na composi\u00e7\u00e3o dos membros da Academia Paraibana de Letras(APL): a Academia teria se tornado \u201creduto\u201d do bolsonarimo. O artigo \u00e9 um desagravo ao jornalista Walter Santos, candidato vencedor em 1\u00ba turno, [&hellip;]","og_url":"https:\/\/blogdojoaocosta.com.br\/?p=2771","og_site_name":"Blog do Jo\u00e3o Costa","article_published_time":"2025-06-04T11:44:31+00:00","article_modified_time":"2025-06-04T11:48:13+00:00","og_image":[{"width":481,"height":475,"url":"https:\/\/blogdojoaocosta.com.br\/wp-content\/uploads\/2025\/06\/walter.jpeg","type":"image\/jpeg"}],"author":"joaocosta","twitter_card":"summary_large_image","twitter_misc":{"Escrito por":"joaocosta","Est. tempo de leitura":"7 minutos"},"schema":{"@context":"https:\/\/schema.org","@graph":[{"@type":"Article","@id":"https:\/\/blogdojoaocosta.com.br\/?p=2771#article","isPartOf":{"@id":"https:\/\/blogdojoaocosta.com.br\/?p=2771"},"author":{"name":"joaocosta","@id":"https:\/\/blogdojoaocosta.com.br\/#\/schema\/person\/af1c9fa31a41a9d29c32f74b41d55f6e"},"headline":"APL tornou-se reduto do bolsonarismo, diz Jos\u00e9 Oct\u00e1vio","datePublished":"2025-06-04T11:44:31+00:00","dateModified":"2025-06-04T11:48:13+00:00","mainEntityOfPage":{"@id":"https:\/\/blogdojoaocosta.com.br\/?p=2771"},"wordCount":1170,"commentCount":0,"image":{"@id":"https:\/\/blogdojoaocosta.com.br\/?p=2771#primaryimage"},"thumbnailUrl":"https:\/\/blogdojoaocosta.com.br\/wp-content\/uploads\/2025\/06\/walter.jpeg","articleSection":["Opini\u00e3o"],"inLanguage":"pt-BR","potentialAction":[{"@type":"CommentAction","name":"Comment","target":["https:\/\/blogdojoaocosta.com.br\/?p=2771#respond"]}]},{"@type":"WebPage","@id":"https:\/\/blogdojoaocosta.com.br\/?p=2771","url":"https:\/\/blogdojoaocosta.com.br\/?p=2771","name":"APL tornou-se reduto do bolsonarismo, diz Jos\u00e9 Oct\u00e1vio - Blog do Jo\u00e3o Costa","isPartOf":{"@id":"https:\/\/blogdojoaocosta.com.br\/#website"},"primaryImageOfPage":{"@id":"https:\/\/blogdojoaocosta.com.br\/?p=2771#primaryimage"},"image":{"@id":"https:\/\/blogdojoaocosta.com.br\/?p=2771#primaryimage"},"thumbnailUrl":"https:\/\/blogdojoaocosta.com.br\/wp-content\/uploads\/2025\/06\/walter.jpeg","datePublished":"2025-06-04T11:44:31+00:00","dateModified":"2025-06-04T11:48:13+00:00","author":{"@id":"https:\/\/blogdojoaocosta.com.br\/#\/schema\/person\/af1c9fa31a41a9d29c32f74b41d55f6e"},"breadcrumb":{"@id":"https:\/\/blogdojoaocosta.com.br\/?p=2771#breadcrumb"},"inLanguage":"pt-BR","potentialAction":[{"@type":"ReadAction","target":["https:\/\/blogdojoaocosta.com.br\/?p=2771"]}]},{"@type":"ImageObject","inLanguage":"pt-BR","@id":"https:\/\/blogdojoaocosta.com.br\/?p=2771#primaryimage","url":"https:\/\/blogdojoaocosta.com.br\/wp-content\/uploads\/2025\/06\/walter.jpeg","contentUrl":"https:\/\/blogdojoaocosta.com.br\/wp-content\/uploads\/2025\/06\/walter.jpeg","width":481,"height":475},{"@type":"BreadcrumbList","@id":"https:\/\/blogdojoaocosta.com.br\/?p=2771#breadcrumb","itemListElement":[{"@type":"ListItem","position":1,"name":"In\u00edcio","item":"https:\/\/blogdojoaocosta.com.br\/"},{"@type":"ListItem","position":2,"name":"APL tornou-se reduto do bolsonarismo, diz Jos\u00e9 Oct\u00e1vio"}]},{"@type":"WebSite","@id":"https:\/\/blogdojoaocosta.com.br\/#website","url":"https:\/\/blogdojoaocosta.com.br\/","name":"Blog do Jo\u00e3o Costa","description":"Assim Caminha a Humanidade","potentialAction":[{"@type":"SearchAction","target":{"@type":"EntryPoint","urlTemplate":"https:\/\/blogdojoaocosta.com.br\/?s={search_term_string}"},"query-input":{"@type":"PropertyValueSpecification","valueRequired":true,"valueName":"search_term_string"}}],"inLanguage":"pt-BR"},{"@type":"Person","@id":"https:\/\/blogdojoaocosta.com.br\/#\/schema\/person\/af1c9fa31a41a9d29c32f74b41d55f6e","name":"joaocosta","image":{"@type":"ImageObject","inLanguage":"pt-BR","@id":"https:\/\/secure.gravatar.com\/avatar\/677b6f1fc54e8c7982d7dce3cfe65fce28f898f70d9b8b631786a0b1b18b11e5?s=96&d=mm&r=g","url":"https:\/\/secure.gravatar.com\/avatar\/677b6f1fc54e8c7982d7dce3cfe65fce28f898f70d9b8b631786a0b1b18b11e5?s=96&d=mm&r=g","contentUrl":"https:\/\/secure.gravatar.com\/avatar\/677b6f1fc54e8c7982d7dce3cfe65fce28f898f70d9b8b631786a0b1b18b11e5?s=96&d=mm&r=g","caption":"joaocosta"},"sameAs":["http:\/\/blogdojoaocosta.com.br"],"url":"https:\/\/blogdojoaocosta.com.br\/?author=1"}]}},"_links":{"self":[{"href":"https:\/\/blogdojoaocosta.com.br\/index.php?rest_route=\/wp\/v2\/posts\/2771","targetHints":{"allow":["GET"]}}],"collection":[{"href":"https:\/\/blogdojoaocosta.com.br\/index.php?rest_route=\/wp\/v2\/posts"}],"about":[{"href":"https:\/\/blogdojoaocosta.com.br\/index.php?rest_route=\/wp\/v2\/types\/post"}],"author":[{"embeddable":true,"href":"https:\/\/blogdojoaocosta.com.br\/index.php?rest_route=\/wp\/v2\/users\/1"}],"replies":[{"embeddable":true,"href":"https:\/\/blogdojoaocosta.com.br\/index.php?rest_route=%2Fwp%2Fv2%2Fcomments&post=2771"}],"version-history":[{"count":2,"href":"https:\/\/blogdojoaocosta.com.br\/index.php?rest_route=\/wp\/v2\/posts\/2771\/revisions"}],"predecessor-version":[{"id":2775,"href":"https:\/\/blogdojoaocosta.com.br\/index.php?rest_route=\/wp\/v2\/posts\/2771\/revisions\/2775"}],"wp:featuredmedia":[{"embeddable":true,"href":"https:\/\/blogdojoaocosta.com.br\/index.php?rest_route=\/wp\/v2\/media\/2772"}],"wp:attachment":[{"href":"https:\/\/blogdojoaocosta.com.br\/index.php?rest_route=%2Fwp%2Fv2%2Fmedia&parent=2771"}],"wp:term":[{"taxonomy":"category","embeddable":true,"href":"https:\/\/blogdojoaocosta.com.br\/index.php?rest_route=%2Fwp%2Fv2%2Fcategories&post=2771"},{"taxonomy":"post_tag","embeddable":true,"href":"https:\/\/blogdojoaocosta.com.br\/index.php?rest_route=%2Fwp%2Fv2%2Ftags&post=2771"}],"curies":[{"name":"wp","href":"https:\/\/api.w.org\/{rel}","templated":true}]}}