{"id":2808,"date":"2025-07-04T10:24:40","date_gmt":"2025-07-04T13:24:40","guid":{"rendered":"https:\/\/blogdojoaocosta.com.br\/?p=2808"},"modified":"2025-07-04T10:24:40","modified_gmt":"2025-07-04T13:24:40","slug":"pge-pb-inicia-atendimento-para-adesao-ao-refis-2025","status":"publish","type":"post","link":"https:\/\/blogdojoaocosta.com.br\/?p=2808","title":{"rendered":"PGE-PB inicia atendimento para ades\u00e3o ao Refis 2025"},"content":{"rendered":"<p>&nbsp;<\/p>\n<p>A Procuradoria-Geral do Estado da Para\u00edba (PGE-PB) deu in\u00edcio, nesta segunda-feira (1\u00ba), ao atendimento para ades\u00e3o ao <strong>Programa de Regulariza\u00e7\u00e3o Fiscal de D\u00edvidas N\u00e3o Tribut\u00e1rias \u2013 Refis 2025<\/strong>, institu\u00eddo pela <strong>Medida Provis\u00f3ria n\u00ba 343\/2025<\/strong>, publicada pelo Governo do Estado no Di\u00e1rio Oficial em 28 de maio.<\/p>\n<p>O programa contempla d\u00e9bitos n\u00e3o tribut\u00e1rios inscritos em d\u00edvida ativa sob responsabilidade da PGE-PB, oriundos de diversos \u00f3rg\u00e3os e entidades estaduais, como AGEVISA-PB, EMPREENDER-PB, EPC, FDE, MP-Procon, IPHAEP, PROCON-PB, SUDEMA-PB, SEFAZ-PB e TCE-PB.<\/p>\n<p>A iniciativa foi anunciada pelo Governador <strong>Jo\u00e3o Azev\u00eado<\/strong> durante o programa semanal \u201cConversa com o Governador\u201d e visa possibilitar que contribuintes \u2014 pessoas f\u00edsicas e jur\u00eddicas \u2014 regularizem suas pend\u00eancias junto ao Estado com condi\u00e7\u00f5es facilitadas de pagamento.<\/p>\n<p>De acordo com o <strong>Procurador-Geral do Estado, F\u00e1bio Brito Ferreira<\/strong>, o Refis 2025 representa uma oportunidade relevante para os contribuintes que desejam recuperar sua regularidade fiscal. <em>\u201cA PGE-PB est\u00e1 empenhada em garantir a ampla divulga\u00e7\u00e3o e o suporte necess\u00e1rio para que os contribuintes possam aderir ao programa com seguran\u00e7a e agilidade. Essa medida fortalece a justi\u00e7a fiscal e contribui para a sa\u00fade financeira das institui\u00e7\u00f5es e da economia paraibana\u201d<\/em>, destacou.<\/p>\n<p><strong>Canais de atendimento<\/strong><\/p>\n<p><strong>\u00a0\u00a0\u00a0\u00a0\u00a0\u00a0\u00a0\u00a0\u00a0\u00a0\u00a0\u00a0\u00a0\u00a0\u00a0 <\/strong>A ades\u00e3o ao programa pode ser feita de forma <strong>online<\/strong>, acessando o site da Procuradoria-Geral do Estado (<a href=\"https:\/\/www.pge.pb.gov.br\/\">www.pge.pb.gov.br<\/a>) e clicando no banner \u201c<strong>Regularize PB<\/strong>\u201d, ou diretamente por meio do endere\u00e7o eletr\u00f4nico: <a href=\"https:\/\/regularize.pb.gov.br\/\">https:\/\/regularize.pb.gov.br<\/a>.<\/p>\n<p>Tamb\u00e9m est\u00e1 dispon\u00edvel o <strong>atendimento presencial<\/strong>, no <strong>N\u00facleo de Recupera\u00e7\u00e3o de Cr\u00e9ditos (NRC)<\/strong> da PGE-PB, localizado na Av. Presidente Epit\u00e1cio Pessoa, n\u00ba 1498, 3\u00ba andar \u2013 Ed. Makadesh Mall, Bairro: Torre, Jo\u00e3o Pessoa. O hor\u00e1rio de funcionamento \u00e9 de segunda a sexta-feira, das 8h \u00e0s 17h.<\/p>\n<p>Em caso de d\u00favidas, os interessados podem entrar em contato pelo telefone: <strong>(83) 3214-2417<\/strong>.<\/p>\n<p><strong>Acesse a medida provis\u00f3ria completa:<\/strong><\/p>\n<p> <a href=\"https:\/\/www.sefaz.pb.gov.br\/legislacao\/37-medidas-provisorias\/16353-medida-provisoria-n-343-de-27-de-maio-de-2025\">Medida Provis\u00f3ria n\u00ba 343\/2025 \u2013 Refis<\/a><\/p>\n<p>Fonte: Assessoria<\/p>\n","protected":false},"excerpt":{"rendered":"<p>&nbsp; A Procuradoria-Geral do Estado da Para\u00edba (PGE-PB) deu in\u00edcio, nesta segunda-feira (1\u00ba), ao atendimento para ades\u00e3o ao Programa de Regulariza\u00e7\u00e3o Fiscal de D\u00edvidas N\u00e3o Tribut\u00e1rias \u2013 Refis 2025, institu\u00eddo pela Medida Provis\u00f3ria n\u00ba 343\/2025, publicada pelo Governo do Estado no Di\u00e1rio Oficial em 28 de maio. O programa contempla d\u00e9bitos n\u00e3o tribut\u00e1rios inscritos em [&hellip;]<\/p>\n","protected":false},"author":1,"featured_media":2809,"comment_status":"open","ping_status":"open","sticky":false,"template":"","format":"standard","meta":{"footnotes":""},"categories":[20],"tags":[],"class_list":["post-2808","post","type-post","status-publish","format-standard","has-post-thumbnail","hentry","category-cidades"],"yoast_head":"<!-- This site is optimized with the Yoast SEO plugin v27.4 - https:\/\/yoast.com\/product\/yoast-seo-wordpress\/ -->\n<title>PGE-PB inicia atendimento para ades\u00e3o ao Refis 2025 - Blog do Jo\u00e3o Costa<\/title>\n<meta name=\"robots\" content=\"index, follow, max-snippet:-1, max-image-preview:large, max-video-preview:-1\" \/>\n<link rel=\"canonical\" href=\"https:\/\/blogdojoaocosta.com.br\/?p=2808\" \/>\n<meta property=\"og:locale\" content=\"pt_BR\" \/>\n<meta property=\"og:type\" content=\"article\" \/>\n<meta property=\"og:title\" content=\"PGE-PB inicia atendimento para ades\u00e3o ao Refis 2025 - Blog do Jo\u00e3o Costa\" \/>\n<meta property=\"og:description\" content=\"&nbsp; A Procuradoria-Geral do Estado da Para\u00edba (PGE-PB) deu in\u00edcio, nesta segunda-feira (1\u00ba), ao atendimento para ades\u00e3o ao Programa de Regulariza\u00e7\u00e3o Fiscal de D\u00edvidas N\u00e3o Tribut\u00e1rias \u2013 Refis 2025, institu\u00eddo pela Medida Provis\u00f3ria n\u00ba 343\/2025, publicada pelo Governo do Estado no Di\u00e1rio Oficial em 28 de maio. O programa contempla d\u00e9bitos n\u00e3o tribut\u00e1rios inscritos em [&hellip;]\" \/>\n<meta property=\"og:url\" content=\"https:\/\/blogdojoaocosta.com.br\/?p=2808\" \/>\n<meta property=\"og:site_name\" content=\"Blog do Jo\u00e3o Costa\" \/>\n<meta property=\"article:published_time\" content=\"2025-07-04T13:24:40+00:00\" \/>\n<meta property=\"og:image\" content=\"https:\/\/blogdojoaocosta.com.br\/wp-content\/uploads\/2025\/07\/pge-foto.jpeg\" \/>\n\t<meta property=\"og:image:width\" content=\"1080\" \/>\n\t<meta property=\"og:image:height\" content=\"1350\" \/>\n\t<meta property=\"og:image:type\" content=\"image\/jpeg\" \/>\n<meta name=\"author\" content=\"joaocosta\" \/>\n<meta name=\"twitter:card\" content=\"summary_large_image\" \/>\n<meta name=\"twitter:label1\" content=\"Escrito por\" \/>\n\t<meta name=\"twitter:data1\" content=\"joaocosta\" \/>\n\t<meta name=\"twitter:label2\" content=\"Est. tempo de leitura\" \/>\n\t<meta name=\"twitter:data2\" content=\"2 minutos\" \/>\n<script type=\"application\/ld+json\" class=\"yoast-schema-graph\">{\"@context\":\"https:\\\/\\\/schema.org\",\"@graph\":[{\"@type\":\"Article\",\"@id\":\"https:\\\/\\\/blogdojoaocosta.com.br\\\/?p=2808#article\",\"isPartOf\":{\"@id\":\"https:\\\/\\\/blogdojoaocosta.com.br\\\/?p=2808\"},\"author\":{\"name\":\"joaocosta\",\"@id\":\"https:\\\/\\\/blogdojoaocosta.com.br\\\/#\\\/schema\\\/person\\\/af1c9fa31a41a9d29c32f74b41d55f6e\"},\"headline\":\"PGE-PB inicia atendimento para ades\u00e3o ao Refis 2025\",\"datePublished\":\"2025-07-04T13:24:40+00:00\",\"mainEntityOfPage\":{\"@id\":\"https:\\\/\\\/blogdojoaocosta.com.br\\\/?p=2808\"},\"wordCount\":339,\"commentCount\":0,\"image\":{\"@id\":\"https:\\\/\\\/blogdojoaocosta.com.br\\\/?p=2808#primaryimage\"},\"thumbnailUrl\":\"https:\\\/\\\/blogdojoaocosta.com.br\\\/wp-content\\\/uploads\\\/2025\\\/07\\\/pge-foto.jpeg\",\"articleSection\":[\"Cidades\"],\"inLanguage\":\"pt-BR\",\"potentialAction\":[{\"@type\":\"CommentAction\",\"name\":\"Comment\",\"target\":[\"https:\\\/\\\/blogdojoaocosta.com.br\\\/?p=2808#respond\"]}]},{\"@type\":\"WebPage\",\"@id\":\"https:\\\/\\\/blogdojoaocosta.com.br\\\/?p=2808\",\"url\":\"https:\\\/\\\/blogdojoaocosta.com.br\\\/?p=2808\",\"name\":\"PGE-PB inicia atendimento para ades\u00e3o ao Refis 2025 - Blog do Jo\u00e3o Costa\",\"isPartOf\":{\"@id\":\"https:\\\/\\\/blogdojoaocosta.com.br\\\/#website\"},\"primaryImageOfPage\":{\"@id\":\"https:\\\/\\\/blogdojoaocosta.com.br\\\/?p=2808#primaryimage\"},\"image\":{\"@id\":\"https:\\\/\\\/blogdojoaocosta.com.br\\\/?p=2808#primaryimage\"},\"thumbnailUrl\":\"https:\\\/\\\/blogdojoaocosta.com.br\\\/wp-content\\\/uploads\\\/2025\\\/07\\\/pge-foto.jpeg\",\"datePublished\":\"2025-07-04T13:24:40+00:00\",\"author\":{\"@id\":\"https:\\\/\\\/blogdojoaocosta.com.br\\\/#\\\/schema\\\/person\\\/af1c9fa31a41a9d29c32f74b41d55f6e\"},\"breadcrumb\":{\"@id\":\"https:\\\/\\\/blogdojoaocosta.com.br\\\/?p=2808#breadcrumb\"},\"inLanguage\":\"pt-BR\",\"potentialAction\":[{\"@type\":\"ReadAction\",\"target\":[\"https:\\\/\\\/blogdojoaocosta.com.br\\\/?p=2808\"]}]},{\"@type\":\"ImageObject\",\"inLanguage\":\"pt-BR\",\"@id\":\"https:\\\/\\\/blogdojoaocosta.com.br\\\/?p=2808#primaryimage\",\"url\":\"https:\\\/\\\/blogdojoaocosta.com.br\\\/wp-content\\\/uploads\\\/2025\\\/07\\\/pge-foto.jpeg\",\"contentUrl\":\"https:\\\/\\\/blogdojoaocosta.com.br\\\/wp-content\\\/uploads\\\/2025\\\/07\\\/pge-foto.jpeg\",\"width\":1080,\"height\":1350},{\"@type\":\"BreadcrumbList\",\"@id\":\"https:\\\/\\\/blogdojoaocosta.com.br\\\/?p=2808#breadcrumb\",\"itemListElement\":[{\"@type\":\"ListItem\",\"position\":1,\"name\":\"In\u00edcio\",\"item\":\"https:\\\/\\\/blogdojoaocosta.com.br\\\/\"},{\"@type\":\"ListItem\",\"position\":2,\"name\":\"PGE-PB inicia atendimento para ades\u00e3o ao Refis 2025\"}]},{\"@type\":\"WebSite\",\"@id\":\"https:\\\/\\\/blogdojoaocosta.com.br\\\/#website\",\"url\":\"https:\\\/\\\/blogdojoaocosta.com.br\\\/\",\"name\":\"Blog do Jo\u00e3o Costa\",\"description\":\"Assim Caminha a Humanidade\",\"potentialAction\":[{\"@type\":\"SearchAction\",\"target\":{\"@type\":\"EntryPoint\",\"urlTemplate\":\"https:\\\/\\\/blogdojoaocosta.com.br\\\/?s={search_term_string}\"},\"query-input\":{\"@type\":\"PropertyValueSpecification\",\"valueRequired\":true,\"valueName\":\"search_term_string\"}}],\"inLanguage\":\"pt-BR\"},{\"@type\":\"Person\",\"@id\":\"https:\\\/\\\/blogdojoaocosta.com.br\\\/#\\\/schema\\\/person\\\/af1c9fa31a41a9d29c32f74b41d55f6e\",\"name\":\"joaocosta\",\"image\":{\"@type\":\"ImageObject\",\"inLanguage\":\"pt-BR\",\"@id\":\"https:\\\/\\\/secure.gravatar.com\\\/avatar\\\/677b6f1fc54e8c7982d7dce3cfe65fce28f898f70d9b8b631786a0b1b18b11e5?s=96&d=mm&r=g\",\"url\":\"https:\\\/\\\/secure.gravatar.com\\\/avatar\\\/677b6f1fc54e8c7982d7dce3cfe65fce28f898f70d9b8b631786a0b1b18b11e5?s=96&d=mm&r=g\",\"contentUrl\":\"https:\\\/\\\/secure.gravatar.com\\\/avatar\\\/677b6f1fc54e8c7982d7dce3cfe65fce28f898f70d9b8b631786a0b1b18b11e5?s=96&d=mm&r=g\",\"caption\":\"joaocosta\"},\"sameAs\":[\"http:\\\/\\\/blogdojoaocosta.com.br\"],\"url\":\"https:\\\/\\\/blogdojoaocosta.com.br\\\/?author=1\"}]}<\/script>\n<!-- \/ Yoast SEO plugin. -->","yoast_head_json":{"title":"PGE-PB inicia atendimento para ades\u00e3o ao Refis 2025 - Blog do Jo\u00e3o Costa","robots":{"index":"index","follow":"follow","max-snippet":"max-snippet:-1","max-image-preview":"max-image-preview:large","max-video-preview":"max-video-preview:-1"},"canonical":"https:\/\/blogdojoaocosta.com.br\/?p=2808","og_locale":"pt_BR","og_type":"article","og_title":"PGE-PB inicia atendimento para ades\u00e3o ao Refis 2025 - Blog do Jo\u00e3o Costa","og_description":"&nbsp; A Procuradoria-Geral do Estado da Para\u00edba (PGE-PB) deu in\u00edcio, nesta segunda-feira (1\u00ba), ao atendimento para ades\u00e3o ao Programa de Regulariza\u00e7\u00e3o Fiscal de D\u00edvidas N\u00e3o Tribut\u00e1rias \u2013 Refis 2025, institu\u00eddo pela Medida Provis\u00f3ria n\u00ba 343\/2025, publicada pelo Governo do Estado no Di\u00e1rio Oficial em 28 de maio. O programa contempla d\u00e9bitos n\u00e3o tribut\u00e1rios inscritos em [&hellip;]","og_url":"https:\/\/blogdojoaocosta.com.br\/?p=2808","og_site_name":"Blog do Jo\u00e3o Costa","article_published_time":"2025-07-04T13:24:40+00:00","og_image":[{"width":1080,"height":1350,"url":"https:\/\/blogdojoaocosta.com.br\/wp-content\/uploads\/2025\/07\/pge-foto.jpeg","type":"image\/jpeg"}],"author":"joaocosta","twitter_card":"summary_large_image","twitter_misc":{"Escrito por":"joaocosta","Est. tempo de leitura":"2 minutos"},"schema":{"@context":"https:\/\/schema.org","@graph":[{"@type":"Article","@id":"https:\/\/blogdojoaocosta.com.br\/?p=2808#article","isPartOf":{"@id":"https:\/\/blogdojoaocosta.com.br\/?p=2808"},"author":{"name":"joaocosta","@id":"https:\/\/blogdojoaocosta.com.br\/#\/schema\/person\/af1c9fa31a41a9d29c32f74b41d55f6e"},"headline":"PGE-PB inicia atendimento para ades\u00e3o ao Refis 2025","datePublished":"2025-07-04T13:24:40+00:00","mainEntityOfPage":{"@id":"https:\/\/blogdojoaocosta.com.br\/?p=2808"},"wordCount":339,"commentCount":0,"image":{"@id":"https:\/\/blogdojoaocosta.com.br\/?p=2808#primaryimage"},"thumbnailUrl":"https:\/\/blogdojoaocosta.com.br\/wp-content\/uploads\/2025\/07\/pge-foto.jpeg","articleSection":["Cidades"],"inLanguage":"pt-BR","potentialAction":[{"@type":"CommentAction","name":"Comment","target":["https:\/\/blogdojoaocosta.com.br\/?p=2808#respond"]}]},{"@type":"WebPage","@id":"https:\/\/blogdojoaocosta.com.br\/?p=2808","url":"https:\/\/blogdojoaocosta.com.br\/?p=2808","name":"PGE-PB inicia atendimento para ades\u00e3o ao Refis 2025 - Blog do Jo\u00e3o Costa","isPartOf":{"@id":"https:\/\/blogdojoaocosta.com.br\/#website"},"primaryImageOfPage":{"@id":"https:\/\/blogdojoaocosta.com.br\/?p=2808#primaryimage"},"image":{"@id":"https:\/\/blogdojoaocosta.com.br\/?p=2808#primaryimage"},"thumbnailUrl":"https:\/\/blogdojoaocosta.com.br\/wp-content\/uploads\/2025\/07\/pge-foto.jpeg","datePublished":"2025-07-04T13:24:40+00:00","author":{"@id":"https:\/\/blogdojoaocosta.com.br\/#\/schema\/person\/af1c9fa31a41a9d29c32f74b41d55f6e"},"breadcrumb":{"@id":"https:\/\/blogdojoaocosta.com.br\/?p=2808#breadcrumb"},"inLanguage":"pt-BR","potentialAction":[{"@type":"ReadAction","target":["https:\/\/blogdojoaocosta.com.br\/?p=2808"]}]},{"@type":"ImageObject","inLanguage":"pt-BR","@id":"https:\/\/blogdojoaocosta.com.br\/?p=2808#primaryimage","url":"https:\/\/blogdojoaocosta.com.br\/wp-content\/uploads\/2025\/07\/pge-foto.jpeg","contentUrl":"https:\/\/blogdojoaocosta.com.br\/wp-content\/uploads\/2025\/07\/pge-foto.jpeg","width":1080,"height":1350},{"@type":"BreadcrumbList","@id":"https:\/\/blogdojoaocosta.com.br\/?p=2808#breadcrumb","itemListElement":[{"@type":"ListItem","position":1,"name":"In\u00edcio","item":"https:\/\/blogdojoaocosta.com.br\/"},{"@type":"ListItem","position":2,"name":"PGE-PB inicia atendimento para ades\u00e3o ao Refis 2025"}]},{"@type":"WebSite","@id":"https:\/\/blogdojoaocosta.com.br\/#website","url":"https:\/\/blogdojoaocosta.com.br\/","name":"Blog do Jo\u00e3o Costa","description":"Assim Caminha a Humanidade","potentialAction":[{"@type":"SearchAction","target":{"@type":"EntryPoint","urlTemplate":"https:\/\/blogdojoaocosta.com.br\/?s={search_term_string}"},"query-input":{"@type":"PropertyValueSpecification","valueRequired":true,"valueName":"search_term_string"}}],"inLanguage":"pt-BR"},{"@type":"Person","@id":"https:\/\/blogdojoaocosta.com.br\/#\/schema\/person\/af1c9fa31a41a9d29c32f74b41d55f6e","name":"joaocosta","image":{"@type":"ImageObject","inLanguage":"pt-BR","@id":"https:\/\/secure.gravatar.com\/avatar\/677b6f1fc54e8c7982d7dce3cfe65fce28f898f70d9b8b631786a0b1b18b11e5?s=96&d=mm&r=g","url":"https:\/\/secure.gravatar.com\/avatar\/677b6f1fc54e8c7982d7dce3cfe65fce28f898f70d9b8b631786a0b1b18b11e5?s=96&d=mm&r=g","contentUrl":"https:\/\/secure.gravatar.com\/avatar\/677b6f1fc54e8c7982d7dce3cfe65fce28f898f70d9b8b631786a0b1b18b11e5?s=96&d=mm&r=g","caption":"joaocosta"},"sameAs":["http:\/\/blogdojoaocosta.com.br"],"url":"https:\/\/blogdojoaocosta.com.br\/?author=1"}]}},"_links":{"self":[{"href":"https:\/\/blogdojoaocosta.com.br\/index.php?rest_route=\/wp\/v2\/posts\/2808","targetHints":{"allow":["GET"]}}],"collection":[{"href":"https:\/\/blogdojoaocosta.com.br\/index.php?rest_route=\/wp\/v2\/posts"}],"about":[{"href":"https:\/\/blogdojoaocosta.com.br\/index.php?rest_route=\/wp\/v2\/types\/post"}],"author":[{"embeddable":true,"href":"https:\/\/blogdojoaocosta.com.br\/index.php?rest_route=\/wp\/v2\/users\/1"}],"replies":[{"embeddable":true,"href":"https:\/\/blogdojoaocosta.com.br\/index.php?rest_route=%2Fwp%2Fv2%2Fcomments&post=2808"}],"version-history":[{"count":1,"href":"https:\/\/blogdojoaocosta.com.br\/index.php?rest_route=\/wp\/v2\/posts\/2808\/revisions"}],"predecessor-version":[{"id":2810,"href":"https:\/\/blogdojoaocosta.com.br\/index.php?rest_route=\/wp\/v2\/posts\/2808\/revisions\/2810"}],"wp:featuredmedia":[{"embeddable":true,"href":"https:\/\/blogdojoaocosta.com.br\/index.php?rest_route=\/wp\/v2\/media\/2809"}],"wp:attachment":[{"href":"https:\/\/blogdojoaocosta.com.br\/index.php?rest_route=%2Fwp%2Fv2%2Fmedia&parent=2808"}],"wp:term":[{"taxonomy":"category","embeddable":true,"href":"https:\/\/blogdojoaocosta.com.br\/index.php?rest_route=%2Fwp%2Fv2%2Fcategories&post=2808"},{"taxonomy":"post_tag","embeddable":true,"href":"https:\/\/blogdojoaocosta.com.br\/index.php?rest_route=%2Fwp%2Fv2%2Ftags&post=2808"}],"curies":[{"name":"wp","href":"https:\/\/api.w.org\/{rel}","templated":true}]}}