{"id":2837,"date":"2025-07-18T17:23:43","date_gmt":"2025-07-18T20:23:43","guid":{"rendered":"https:\/\/blogdojoaocosta.com.br\/?p=2837"},"modified":"2025-07-18T17:23:43","modified_gmt":"2025-07-18T20:23:43","slug":"ne-governo-lula-destina-mais-r-14-bilhao-para-obras-da-transnordestina","status":"publish","type":"post","link":"https:\/\/blogdojoaocosta.com.br\/?p=2837","title":{"rendered":"NE: Governo Lula destina mais R$ 1,4 bilh\u00e3o para obras da Transnordestina"},"content":{"rendered":"<p><strong>Em visita a um dos trechos j\u00e1 conclu\u00eddos, em Miss\u00e3o Velha-CE, presidente destacou a import\u00e2ncia da ferrovia para as cadeias produtivas do Nordeste<\/strong><\/p>\n<p><strong>Andreia Verd\u00e9lio, rep\u00f3rter da Ag\u00eancia Brasil &#8211;\u00a0<\/strong>O presidente Luiz In\u00e1cio Lula da Silva anunciou, nesta sexta-feira (18), R$ 1,4 bilh\u00e3o em novos recursos para as obras da Ferrovia Transnordestina. Lula visitou um dos trechos j\u00e1 finalizados do empreendimento, no munic\u00edpio de Miss\u00e3o Velha, no Cear\u00e1, e disse que n\u00e3o faltar\u00e3o recursos para as obras.<\/p>\n<p>Lula destacou a import\u00e2ncia da ferrovia para as cadeias produtivas da regi\u00e3o e afirmou que o Nordeste precisa ter a chance de progredir.<\/p>\n<p><em>\u201cO Nordeste precisa dessa obra. O Nordeste n\u00e3o quer ser mais tratado como se fosse a parte pobre do Brasil. O Nordeste precisa ser respeitado\u201d, disse.<\/em><\/p>\n<p>Lula falou sobre as dificuldades para dar andamento ao projeto, lan\u00e7ado em 2006, em seu segundo mandato na Presid\u00eancia da Rep\u00fablica, e afirmou que quer inaugurar a Transnordestina antes do fim do atual mandato, em 2026.<\/p>\n<p><em>eu imaginava que ela fosse acabar em 2012. Eu sa\u00ed em 2010, voltei \u00e0 Presid\u00eancia 15 anos depois, e essa ferrovia tinha andado muito pouco. Ali\u00e1s, j\u00e1 n\u00e3o havia mais interesse de fazer essa ferrovia. Eu assumi a responsabilidade de que n\u00f3s vamos concluir essa ferrovia, custe o que custar\u201d, acrescentou.<\/em><\/p>\n<p>Dos novos aportes do governo federal, R$ 600 milh\u00f5es ser\u00e3o liberados pelo Fundo de Desenvolvimento do Nordeste (FDNE) nos pr\u00f3ximos meses e R$ 816 milh\u00f5es a partir do leil\u00e3o de desinvestimento e liquida\u00e7\u00e3o do Fundo de Investimento do Nordeste (Finor).<\/p>\n<p>Fonte: Brasil 247<\/p>\n<p>&nbsp;<\/p>\n","protected":false},"excerpt":{"rendered":"<p>Em visita a um dos trechos j\u00e1 conclu\u00eddos, em Miss\u00e3o Velha-CE, presidente destacou a import\u00e2ncia da ferrovia para as cadeias produtivas do Nordeste Andreia Verd\u00e9lio, rep\u00f3rter da Ag\u00eancia Brasil &#8211;\u00a0O presidente Luiz In\u00e1cio Lula da Silva anunciou, nesta sexta-feira (18), R$ 1,4 bilh\u00e3o em novos recursos para as obras da Ferrovia Transnordestina. Lula visitou um [&hellip;]<\/p>\n","protected":false},"author":1,"featured_media":2838,"comment_status":"open","ping_status":"open","sticky":false,"template":"","format":"standard","meta":{"footnotes":""},"categories":[11],"tags":[],"class_list":["post-2837","post","type-post","status-publish","format-standard","has-post-thumbnail","hentry","category-politica"],"yoast_head":"<!-- This site is optimized with the Yoast SEO plugin v27.5 - https:\/\/yoast.com\/product\/yoast-seo-wordpress\/ -->\n<title>NE: Governo Lula destina mais R$ 1,4 bilh\u00e3o para obras da Transnordestina - Blog do Jo\u00e3o Costa<\/title>\n<meta name=\"robots\" content=\"index, follow, max-snippet:-1, max-image-preview:large, max-video-preview:-1\" \/>\n<link rel=\"canonical\" href=\"https:\/\/blogdojoaocosta.com.br\/?p=2837\" \/>\n<meta property=\"og:locale\" content=\"pt_BR\" \/>\n<meta property=\"og:type\" content=\"article\" \/>\n<meta property=\"og:title\" content=\"NE: Governo Lula destina mais R$ 1,4 bilh\u00e3o para obras da Transnordestina - Blog do Jo\u00e3o Costa\" \/>\n<meta property=\"og:description\" content=\"Em visita a um dos trechos j\u00e1 conclu\u00eddos, em Miss\u00e3o Velha-CE, presidente destacou a import\u00e2ncia da ferrovia para as cadeias produtivas do Nordeste Andreia Verd\u00e9lio, rep\u00f3rter da Ag\u00eancia Brasil &#8211;\u00a0O presidente Luiz In\u00e1cio Lula da Silva anunciou, nesta sexta-feira (18), R$ 1,4 bilh\u00e3o em novos recursos para as obras da Ferrovia Transnordestina. Lula visitou um [&hellip;]\" \/>\n<meta property=\"og:url\" content=\"https:\/\/blogdojoaocosta.com.br\/?p=2837\" \/>\n<meta property=\"og:site_name\" content=\"Blog do Jo\u00e3o Costa\" \/>\n<meta property=\"article:published_time\" content=\"2025-07-18T20:23:43+00:00\" \/>\n<meta property=\"og:image\" content=\"https:\/\/blogdojoaocosta.com.br\/wp-content\/uploads\/2025\/07\/Transnordestina-Lula.webp\" \/>\n\t<meta property=\"og:image:width\" content=\"1250\" \/>\n\t<meta property=\"og:image:height\" content=\"600\" \/>\n\t<meta property=\"og:image:type\" content=\"image\/webp\" \/>\n<meta name=\"author\" content=\"joaocosta\" \/>\n<meta name=\"twitter:card\" content=\"summary_large_image\" \/>\n<meta name=\"twitter:label1\" content=\"Escrito por\" \/>\n\t<meta name=\"twitter:data1\" content=\"joaocosta\" \/>\n\t<meta name=\"twitter:label2\" content=\"Est. tempo de leitura\" \/>\n\t<meta name=\"twitter:data2\" content=\"2 minutos\" \/>\n<script type=\"application\/ld+json\" class=\"yoast-schema-graph\">{\"@context\":\"https:\\\/\\\/schema.org\",\"@graph\":[{\"@type\":\"Article\",\"@id\":\"https:\\\/\\\/blogdojoaocosta.com.br\\\/?p=2837#article\",\"isPartOf\":{\"@id\":\"https:\\\/\\\/blogdojoaocosta.com.br\\\/?p=2837\"},\"author\":{\"name\":\"joaocosta\",\"@id\":\"https:\\\/\\\/blogdojoaocosta.com.br\\\/#\\\/schema\\\/person\\\/af1c9fa31a41a9d29c32f74b41d55f6e\"},\"headline\":\"NE: Governo Lula destina mais R$ 1,4 bilh\u00e3o para obras da Transnordestina\",\"datePublished\":\"2025-07-18T20:23:43+00:00\",\"mainEntityOfPage\":{\"@id\":\"https:\\\/\\\/blogdojoaocosta.com.br\\\/?p=2837\"},\"wordCount\":287,\"commentCount\":0,\"image\":{\"@id\":\"https:\\\/\\\/blogdojoaocosta.com.br\\\/?p=2837#primaryimage\"},\"thumbnailUrl\":\"https:\\\/\\\/blogdojoaocosta.com.br\\\/wp-content\\\/uploads\\\/2025\\\/07\\\/Transnordestina-Lula.webp\",\"articleSection\":[\"Pol\u00edtica\"],\"inLanguage\":\"pt-BR\",\"potentialAction\":[{\"@type\":\"CommentAction\",\"name\":\"Comment\",\"target\":[\"https:\\\/\\\/blogdojoaocosta.com.br\\\/?p=2837#respond\"]}]},{\"@type\":\"WebPage\",\"@id\":\"https:\\\/\\\/blogdojoaocosta.com.br\\\/?p=2837\",\"url\":\"https:\\\/\\\/blogdojoaocosta.com.br\\\/?p=2837\",\"name\":\"NE: Governo Lula destina mais R$ 1,4 bilh\u00e3o para obras da Transnordestina - Blog do Jo\u00e3o Costa\",\"isPartOf\":{\"@id\":\"https:\\\/\\\/blogdojoaocosta.com.br\\\/#website\"},\"primaryImageOfPage\":{\"@id\":\"https:\\\/\\\/blogdojoaocosta.com.br\\\/?p=2837#primaryimage\"},\"image\":{\"@id\":\"https:\\\/\\\/blogdojoaocosta.com.br\\\/?p=2837#primaryimage\"},\"thumbnailUrl\":\"https:\\\/\\\/blogdojoaocosta.com.br\\\/wp-content\\\/uploads\\\/2025\\\/07\\\/Transnordestina-Lula.webp\",\"datePublished\":\"2025-07-18T20:23:43+00:00\",\"author\":{\"@id\":\"https:\\\/\\\/blogdojoaocosta.com.br\\\/#\\\/schema\\\/person\\\/af1c9fa31a41a9d29c32f74b41d55f6e\"},\"breadcrumb\":{\"@id\":\"https:\\\/\\\/blogdojoaocosta.com.br\\\/?p=2837#breadcrumb\"},\"inLanguage\":\"pt-BR\",\"potentialAction\":[{\"@type\":\"ReadAction\",\"target\":[\"https:\\\/\\\/blogdojoaocosta.com.br\\\/?p=2837\"]}]},{\"@type\":\"ImageObject\",\"inLanguage\":\"pt-BR\",\"@id\":\"https:\\\/\\\/blogdojoaocosta.com.br\\\/?p=2837#primaryimage\",\"url\":\"https:\\\/\\\/blogdojoaocosta.com.br\\\/wp-content\\\/uploads\\\/2025\\\/07\\\/Transnordestina-Lula.webp\",\"contentUrl\":\"https:\\\/\\\/blogdojoaocosta.com.br\\\/wp-content\\\/uploads\\\/2025\\\/07\\\/Transnordestina-Lula.webp\",\"width\":1250,\"height\":600},{\"@type\":\"BreadcrumbList\",\"@id\":\"https:\\\/\\\/blogdojoaocosta.com.br\\\/?p=2837#breadcrumb\",\"itemListElement\":[{\"@type\":\"ListItem\",\"position\":1,\"name\":\"In\u00edcio\",\"item\":\"https:\\\/\\\/blogdojoaocosta.com.br\\\/\"},{\"@type\":\"ListItem\",\"position\":2,\"name\":\"NE: Governo Lula destina mais R$ 1,4 bilh\u00e3o para obras da Transnordestina\"}]},{\"@type\":\"WebSite\",\"@id\":\"https:\\\/\\\/blogdojoaocosta.com.br\\\/#website\",\"url\":\"https:\\\/\\\/blogdojoaocosta.com.br\\\/\",\"name\":\"Blog do Jo\u00e3o Costa\",\"description\":\"Assim Caminha a Humanidade\",\"potentialAction\":[{\"@type\":\"SearchAction\",\"target\":{\"@type\":\"EntryPoint\",\"urlTemplate\":\"https:\\\/\\\/blogdojoaocosta.com.br\\\/?s={search_term_string}\"},\"query-input\":{\"@type\":\"PropertyValueSpecification\",\"valueRequired\":true,\"valueName\":\"search_term_string\"}}],\"inLanguage\":\"pt-BR\"},{\"@type\":\"Person\",\"@id\":\"https:\\\/\\\/blogdojoaocosta.com.br\\\/#\\\/schema\\\/person\\\/af1c9fa31a41a9d29c32f74b41d55f6e\",\"name\":\"joaocosta\",\"image\":{\"@type\":\"ImageObject\",\"inLanguage\":\"pt-BR\",\"@id\":\"https:\\\/\\\/secure.gravatar.com\\\/avatar\\\/677b6f1fc54e8c7982d7dce3cfe65fce28f898f70d9b8b631786a0b1b18b11e5?s=96&d=mm&r=g\",\"url\":\"https:\\\/\\\/secure.gravatar.com\\\/avatar\\\/677b6f1fc54e8c7982d7dce3cfe65fce28f898f70d9b8b631786a0b1b18b11e5?s=96&d=mm&r=g\",\"contentUrl\":\"https:\\\/\\\/secure.gravatar.com\\\/avatar\\\/677b6f1fc54e8c7982d7dce3cfe65fce28f898f70d9b8b631786a0b1b18b11e5?s=96&d=mm&r=g\",\"caption\":\"joaocosta\"},\"sameAs\":[\"http:\\\/\\\/blogdojoaocosta.com.br\"],\"url\":\"https:\\\/\\\/blogdojoaocosta.com.br\\\/?author=1\"}]}<\/script>\n<!-- \/ Yoast SEO plugin. -->","yoast_head_json":{"title":"NE: Governo Lula destina mais R$ 1,4 bilh\u00e3o para obras da Transnordestina - Blog do Jo\u00e3o Costa","robots":{"index":"index","follow":"follow","max-snippet":"max-snippet:-1","max-image-preview":"max-image-preview:large","max-video-preview":"max-video-preview:-1"},"canonical":"https:\/\/blogdojoaocosta.com.br\/?p=2837","og_locale":"pt_BR","og_type":"article","og_title":"NE: Governo Lula destina mais R$ 1,4 bilh\u00e3o para obras da Transnordestina - Blog do Jo\u00e3o Costa","og_description":"Em visita a um dos trechos j\u00e1 conclu\u00eddos, em Miss\u00e3o Velha-CE, presidente destacou a import\u00e2ncia da ferrovia para as cadeias produtivas do Nordeste Andreia Verd\u00e9lio, rep\u00f3rter da Ag\u00eancia Brasil &#8211;\u00a0O presidente Luiz In\u00e1cio Lula da Silva anunciou, nesta sexta-feira (18), R$ 1,4 bilh\u00e3o em novos recursos para as obras da Ferrovia Transnordestina. Lula visitou um [&hellip;]","og_url":"https:\/\/blogdojoaocosta.com.br\/?p=2837","og_site_name":"Blog do Jo\u00e3o Costa","article_published_time":"2025-07-18T20:23:43+00:00","og_image":[{"width":1250,"height":600,"url":"https:\/\/blogdojoaocosta.com.br\/wp-content\/uploads\/2025\/07\/Transnordestina-Lula.webp","type":"image\/webp"}],"author":"joaocosta","twitter_card":"summary_large_image","twitter_misc":{"Escrito por":"joaocosta","Est. tempo de leitura":"2 minutos"},"schema":{"@context":"https:\/\/schema.org","@graph":[{"@type":"Article","@id":"https:\/\/blogdojoaocosta.com.br\/?p=2837#article","isPartOf":{"@id":"https:\/\/blogdojoaocosta.com.br\/?p=2837"},"author":{"name":"joaocosta","@id":"https:\/\/blogdojoaocosta.com.br\/#\/schema\/person\/af1c9fa31a41a9d29c32f74b41d55f6e"},"headline":"NE: Governo Lula destina mais R$ 1,4 bilh\u00e3o para obras da Transnordestina","datePublished":"2025-07-18T20:23:43+00:00","mainEntityOfPage":{"@id":"https:\/\/blogdojoaocosta.com.br\/?p=2837"},"wordCount":287,"commentCount":0,"image":{"@id":"https:\/\/blogdojoaocosta.com.br\/?p=2837#primaryimage"},"thumbnailUrl":"https:\/\/blogdojoaocosta.com.br\/wp-content\/uploads\/2025\/07\/Transnordestina-Lula.webp","articleSection":["Pol\u00edtica"],"inLanguage":"pt-BR","potentialAction":[{"@type":"CommentAction","name":"Comment","target":["https:\/\/blogdojoaocosta.com.br\/?p=2837#respond"]}]},{"@type":"WebPage","@id":"https:\/\/blogdojoaocosta.com.br\/?p=2837","url":"https:\/\/blogdojoaocosta.com.br\/?p=2837","name":"NE: Governo Lula destina mais R$ 1,4 bilh\u00e3o para obras da Transnordestina - Blog do Jo\u00e3o Costa","isPartOf":{"@id":"https:\/\/blogdojoaocosta.com.br\/#website"},"primaryImageOfPage":{"@id":"https:\/\/blogdojoaocosta.com.br\/?p=2837#primaryimage"},"image":{"@id":"https:\/\/blogdojoaocosta.com.br\/?p=2837#primaryimage"},"thumbnailUrl":"https:\/\/blogdojoaocosta.com.br\/wp-content\/uploads\/2025\/07\/Transnordestina-Lula.webp","datePublished":"2025-07-18T20:23:43+00:00","author":{"@id":"https:\/\/blogdojoaocosta.com.br\/#\/schema\/person\/af1c9fa31a41a9d29c32f74b41d55f6e"},"breadcrumb":{"@id":"https:\/\/blogdojoaocosta.com.br\/?p=2837#breadcrumb"},"inLanguage":"pt-BR","potentialAction":[{"@type":"ReadAction","target":["https:\/\/blogdojoaocosta.com.br\/?p=2837"]}]},{"@type":"ImageObject","inLanguage":"pt-BR","@id":"https:\/\/blogdojoaocosta.com.br\/?p=2837#primaryimage","url":"https:\/\/blogdojoaocosta.com.br\/wp-content\/uploads\/2025\/07\/Transnordestina-Lula.webp","contentUrl":"https:\/\/blogdojoaocosta.com.br\/wp-content\/uploads\/2025\/07\/Transnordestina-Lula.webp","width":1250,"height":600},{"@type":"BreadcrumbList","@id":"https:\/\/blogdojoaocosta.com.br\/?p=2837#breadcrumb","itemListElement":[{"@type":"ListItem","position":1,"name":"In\u00edcio","item":"https:\/\/blogdojoaocosta.com.br\/"},{"@type":"ListItem","position":2,"name":"NE: Governo Lula destina mais R$ 1,4 bilh\u00e3o para obras da Transnordestina"}]},{"@type":"WebSite","@id":"https:\/\/blogdojoaocosta.com.br\/#website","url":"https:\/\/blogdojoaocosta.com.br\/","name":"Blog do Jo\u00e3o Costa","description":"Assim Caminha a Humanidade","potentialAction":[{"@type":"SearchAction","target":{"@type":"EntryPoint","urlTemplate":"https:\/\/blogdojoaocosta.com.br\/?s={search_term_string}"},"query-input":{"@type":"PropertyValueSpecification","valueRequired":true,"valueName":"search_term_string"}}],"inLanguage":"pt-BR"},{"@type":"Person","@id":"https:\/\/blogdojoaocosta.com.br\/#\/schema\/person\/af1c9fa31a41a9d29c32f74b41d55f6e","name":"joaocosta","image":{"@type":"ImageObject","inLanguage":"pt-BR","@id":"https:\/\/secure.gravatar.com\/avatar\/677b6f1fc54e8c7982d7dce3cfe65fce28f898f70d9b8b631786a0b1b18b11e5?s=96&d=mm&r=g","url":"https:\/\/secure.gravatar.com\/avatar\/677b6f1fc54e8c7982d7dce3cfe65fce28f898f70d9b8b631786a0b1b18b11e5?s=96&d=mm&r=g","contentUrl":"https:\/\/secure.gravatar.com\/avatar\/677b6f1fc54e8c7982d7dce3cfe65fce28f898f70d9b8b631786a0b1b18b11e5?s=96&d=mm&r=g","caption":"joaocosta"},"sameAs":["http:\/\/blogdojoaocosta.com.br"],"url":"https:\/\/blogdojoaocosta.com.br\/?author=1"}]}},"_links":{"self":[{"href":"https:\/\/blogdojoaocosta.com.br\/index.php?rest_route=\/wp\/v2\/posts\/2837","targetHints":{"allow":["GET"]}}],"collection":[{"href":"https:\/\/blogdojoaocosta.com.br\/index.php?rest_route=\/wp\/v2\/posts"}],"about":[{"href":"https:\/\/blogdojoaocosta.com.br\/index.php?rest_route=\/wp\/v2\/types\/post"}],"author":[{"embeddable":true,"href":"https:\/\/blogdojoaocosta.com.br\/index.php?rest_route=\/wp\/v2\/users\/1"}],"replies":[{"embeddable":true,"href":"https:\/\/blogdojoaocosta.com.br\/index.php?rest_route=%2Fwp%2Fv2%2Fcomments&post=2837"}],"version-history":[{"count":1,"href":"https:\/\/blogdojoaocosta.com.br\/index.php?rest_route=\/wp\/v2\/posts\/2837\/revisions"}],"predecessor-version":[{"id":2839,"href":"https:\/\/blogdojoaocosta.com.br\/index.php?rest_route=\/wp\/v2\/posts\/2837\/revisions\/2839"}],"wp:featuredmedia":[{"embeddable":true,"href":"https:\/\/blogdojoaocosta.com.br\/index.php?rest_route=\/wp\/v2\/media\/2838"}],"wp:attachment":[{"href":"https:\/\/blogdojoaocosta.com.br\/index.php?rest_route=%2Fwp%2Fv2%2Fmedia&parent=2837"}],"wp:term":[{"taxonomy":"category","embeddable":true,"href":"https:\/\/blogdojoaocosta.com.br\/index.php?rest_route=%2Fwp%2Fv2%2Fcategories&post=2837"},{"taxonomy":"post_tag","embeddable":true,"href":"https:\/\/blogdojoaocosta.com.br\/index.php?rest_route=%2Fwp%2Fv2%2Ftags&post=2837"}],"curies":[{"name":"wp","href":"https:\/\/api.w.org\/{rel}","templated":true}]}}