{"id":3010,"date":"2025-10-19T08:44:24","date_gmt":"2025-10-19T11:44:24","guid":{"rendered":"https:\/\/blogdojoaocosta.com.br\/?p=3010"},"modified":"2025-10-19T09:23:45","modified_gmt":"2025-10-19T12:23:45","slug":"pombal-e-a-sua-iconica-loja-do-polvo","status":"publish","type":"post","link":"https:\/\/blogdojoaocosta.com.br\/?p=3010","title":{"rendered":"Jo\u00e3o Pessoa e a sua ic\u00f4nica Loja do Polvo"},"content":{"rendered":"<h2>Uma Hist\u00f3ria da Loja do Polvo<\/h2>\n<p>Jerdivan N\u00f3brega<\/p>\n<p>&nbsp;<\/p>\n<p>Era 1984. Eu trabalhava no Centro de Triagem dos Correios, no pr\u00e9dio do centro de Jo\u00e3o Pessoa. Nosso setor era supervisionado por Ailton Rocha, irm\u00e3o de Aracilba Rocha.<\/p>\n<p>As janelas do nosso\u00a0 setor davam para a Rua Desembargador Feitosa Ventura, onde um comerciante havia aberto uma pequena loja de confec\u00e7\u00f5es. Na fachada, ele estampou o nome do com\u00e9rcio:<\/p>\n<p>\u201cLOJA DO POLVO\u201d.<\/p>\n<p>Mal abrimos as janelas naquela manh\u00e3, Ailton Rocha ficou indignado com o que julgou ser um erro gramatical. Ele me pediu que eu fosse, em socorro do comerciante, corrigir o nome da loja.<\/p>\n<p>\u2014Vai l\u00e1 e diz pra ele que t\u00e1 errado. O certo \u00e9 \u201cLOJA DO POVO\u201d.<\/p>\n<p>Como n\u00e3o era da minha conta, me recusei a cumprir esse papel. No entanto, mais indignado do que querendo ajudar, o pr\u00f3prio Ailton foi falar com o comerciante, que n\u00e3o o recebeu muito bem. Os dois acabaram se desentendendo.<\/p>\n<p>De qualquer forma, o comerciante n\u00e3o se deu por vencido. Na manh\u00e3 seguinte, Ailton Rocha, implicante que era, abriu a janela e foi conferir se o rapaz havia corrigido o tal erro.<\/p>\n<p>Ailton me chamou e disse: \u201cOlha o que o fresco fez, Jerdivan. N\u00e3o \u00e9 que o safado n\u00e3o deu o bra\u00e7o a torcer e mandou desenhar um POLVO enorme na frente da loja?\u201d.<\/p>\n<p>Eu olhei para Ailton e falei:<\/p>\n<p>\u2014Ainda t\u00e1 errado. Isso n\u00e3o \u00e9 um polvo, \u00e9 uma lula.<\/p>\n<p>\u2014Como assim? \u2014 indagou Ailton.<\/p>\n<p>Respondi:<\/p>\n<p>\u2014Polvo tem oito bra\u00e7os. Essa a\u00ed tem oito bra\u00e7os e dois tent\u00e1culos. O pintor pegou a foto errada para fazer o desenho.<\/p>\n<p>No dia seguinte, Ailton Rocha trouxe uma foto de uma lula e de um polvo e deslizou por baixo da porta do comerciante.<\/p>\n<p>Mas n\u00e3o houve corre\u00e7\u00e3o: por um b.om tempo a Lula estampou a fachada da LOJA DO POLVO\u00a0 que era para ser LOJA DO POVO.<\/p>\n<p>#Jerdivan N\u00f3brega \u00e9 escritor e historiador<\/p>\n<p>Imagem ilustrativa Google<\/p>\n","protected":false},"excerpt":{"rendered":"<p>Uma Hist\u00f3ria da Loja do Polvo Jerdivan N\u00f3brega &nbsp; Era 1984. Eu trabalhava no Centro de Triagem dos Correios, no pr\u00e9dio do centro de Jo\u00e3o Pessoa. Nosso setor era supervisionado por Ailton Rocha, irm\u00e3o de Aracilba Rocha. As janelas do nosso\u00a0 setor davam para a Rua Desembargador Feitosa Ventura, onde um comerciante havia aberto uma [&hellip;]<\/p>\n","protected":false},"author":1,"featured_media":3011,"comment_status":"open","ping_status":"open","sticky":false,"template":"","format":"standard","meta":{"footnotes":""},"categories":[1],"tags":[],"class_list":["post-3010","post","type-post","status-publish","format-standard","has-post-thumbnail","hentry","category-entretenimento"],"yoast_head":"<!-- This site is optimized with the Yoast SEO plugin v27.4 - https:\/\/yoast.com\/product\/yoast-seo-wordpress\/ -->\n<title>Jo\u00e3o Pessoa e a sua ic\u00f4nica Loja do Polvo - Blog do Jo\u00e3o Costa<\/title>\n<meta name=\"robots\" content=\"index, follow, max-snippet:-1, max-image-preview:large, max-video-preview:-1\" \/>\n<link rel=\"canonical\" href=\"https:\/\/blogdojoaocosta.com.br\/?p=3010\" \/>\n<meta property=\"og:locale\" content=\"pt_BR\" \/>\n<meta property=\"og:type\" content=\"article\" \/>\n<meta property=\"og:title\" content=\"Jo\u00e3o Pessoa e a sua ic\u00f4nica Loja do Polvo - Blog do Jo\u00e3o Costa\" \/>\n<meta property=\"og:description\" content=\"Uma Hist\u00f3ria da Loja do Polvo Jerdivan N\u00f3brega &nbsp; Era 1984. Eu trabalhava no Centro de Triagem dos Correios, no pr\u00e9dio do centro de Jo\u00e3o Pessoa. Nosso setor era supervisionado por Ailton Rocha, irm\u00e3o de Aracilba Rocha. As janelas do nosso\u00a0 setor davam para a Rua Desembargador Feitosa Ventura, onde um comerciante havia aberto uma [&hellip;]\" \/>\n<meta property=\"og:url\" content=\"https:\/\/blogdojoaocosta.com.br\/?p=3010\" \/>\n<meta property=\"og:site_name\" content=\"Blog do Jo\u00e3o Costa\" \/>\n<meta property=\"article:published_time\" content=\"2025-10-19T11:44:24+00:00\" \/>\n<meta property=\"article:modified_time\" content=\"2025-10-19T12:23:45+00:00\" \/>\n<meta property=\"og:image\" content=\"https:\/\/blogdojoaocosta.com.br\/wp-content\/uploads\/2025\/10\/polvo-capa.webp\" \/>\n\t<meta property=\"og:image:width\" content=\"600\" \/>\n\t<meta property=\"og:image:height\" content=\"400\" \/>\n\t<meta property=\"og:image:type\" content=\"image\/webp\" \/>\n<meta name=\"author\" content=\"joaocosta\" \/>\n<meta name=\"twitter:card\" content=\"summary_large_image\" \/>\n<meta name=\"twitter:label1\" content=\"Escrito por\" \/>\n\t<meta name=\"twitter:data1\" content=\"joaocosta\" \/>\n\t<meta name=\"twitter:label2\" content=\"Est. tempo de leitura\" \/>\n\t<meta name=\"twitter:data2\" content=\"2 minutos\" \/>\n<script type=\"application\/ld+json\" class=\"yoast-schema-graph\">{\"@context\":\"https:\\\/\\\/schema.org\",\"@graph\":[{\"@type\":\"Article\",\"@id\":\"https:\\\/\\\/blogdojoaocosta.com.br\\\/?p=3010#article\",\"isPartOf\":{\"@id\":\"https:\\\/\\\/blogdojoaocosta.com.br\\\/?p=3010\"},\"author\":{\"name\":\"joaocosta\",\"@id\":\"https:\\\/\\\/blogdojoaocosta.com.br\\\/#\\\/schema\\\/person\\\/af1c9fa31a41a9d29c32f74b41d55f6e\"},\"headline\":\"Jo\u00e3o Pessoa e a sua ic\u00f4nica Loja do Polvo\",\"datePublished\":\"2025-10-19T11:44:24+00:00\",\"dateModified\":\"2025-10-19T12:23:45+00:00\",\"mainEntityOfPage\":{\"@id\":\"https:\\\/\\\/blogdojoaocosta.com.br\\\/?p=3010\"},\"wordCount\":349,\"commentCount\":0,\"image\":{\"@id\":\"https:\\\/\\\/blogdojoaocosta.com.br\\\/?p=3010#primaryimage\"},\"thumbnailUrl\":\"https:\\\/\\\/blogdojoaocosta.com.br\\\/wp-content\\\/uploads\\\/2025\\\/10\\\/polvo-capa.webp\",\"articleSection\":[\"Entretenimento\"],\"inLanguage\":\"pt-BR\",\"potentialAction\":[{\"@type\":\"CommentAction\",\"name\":\"Comment\",\"target\":[\"https:\\\/\\\/blogdojoaocosta.com.br\\\/?p=3010#respond\"]}]},{\"@type\":\"WebPage\",\"@id\":\"https:\\\/\\\/blogdojoaocosta.com.br\\\/?p=3010\",\"url\":\"https:\\\/\\\/blogdojoaocosta.com.br\\\/?p=3010\",\"name\":\"Jo\u00e3o Pessoa e a sua ic\u00f4nica Loja do Polvo - Blog do Jo\u00e3o Costa\",\"isPartOf\":{\"@id\":\"https:\\\/\\\/blogdojoaocosta.com.br\\\/#website\"},\"primaryImageOfPage\":{\"@id\":\"https:\\\/\\\/blogdojoaocosta.com.br\\\/?p=3010#primaryimage\"},\"image\":{\"@id\":\"https:\\\/\\\/blogdojoaocosta.com.br\\\/?p=3010#primaryimage\"},\"thumbnailUrl\":\"https:\\\/\\\/blogdojoaocosta.com.br\\\/wp-content\\\/uploads\\\/2025\\\/10\\\/polvo-capa.webp\",\"datePublished\":\"2025-10-19T11:44:24+00:00\",\"dateModified\":\"2025-10-19T12:23:45+00:00\",\"author\":{\"@id\":\"https:\\\/\\\/blogdojoaocosta.com.br\\\/#\\\/schema\\\/person\\\/af1c9fa31a41a9d29c32f74b41d55f6e\"},\"breadcrumb\":{\"@id\":\"https:\\\/\\\/blogdojoaocosta.com.br\\\/?p=3010#breadcrumb\"},\"inLanguage\":\"pt-BR\",\"potentialAction\":[{\"@type\":\"ReadAction\",\"target\":[\"https:\\\/\\\/blogdojoaocosta.com.br\\\/?p=3010\"]}]},{\"@type\":\"ImageObject\",\"inLanguage\":\"pt-BR\",\"@id\":\"https:\\\/\\\/blogdojoaocosta.com.br\\\/?p=3010#primaryimage\",\"url\":\"https:\\\/\\\/blogdojoaocosta.com.br\\\/wp-content\\\/uploads\\\/2025\\\/10\\\/polvo-capa.webp\",\"contentUrl\":\"https:\\\/\\\/blogdojoaocosta.com.br\\\/wp-content\\\/uploads\\\/2025\\\/10\\\/polvo-capa.webp\",\"width\":600,\"height\":400},{\"@type\":\"BreadcrumbList\",\"@id\":\"https:\\\/\\\/blogdojoaocosta.com.br\\\/?p=3010#breadcrumb\",\"itemListElement\":[{\"@type\":\"ListItem\",\"position\":1,\"name\":\"In\u00edcio\",\"item\":\"https:\\\/\\\/blogdojoaocosta.com.br\\\/\"},{\"@type\":\"ListItem\",\"position\":2,\"name\":\"Jo\u00e3o Pessoa e a sua ic\u00f4nica Loja do Polvo\"}]},{\"@type\":\"WebSite\",\"@id\":\"https:\\\/\\\/blogdojoaocosta.com.br\\\/#website\",\"url\":\"https:\\\/\\\/blogdojoaocosta.com.br\\\/\",\"name\":\"Blog do Jo\u00e3o Costa\",\"description\":\"Assim Caminha a Humanidade\",\"potentialAction\":[{\"@type\":\"SearchAction\",\"target\":{\"@type\":\"EntryPoint\",\"urlTemplate\":\"https:\\\/\\\/blogdojoaocosta.com.br\\\/?s={search_term_string}\"},\"query-input\":{\"@type\":\"PropertyValueSpecification\",\"valueRequired\":true,\"valueName\":\"search_term_string\"}}],\"inLanguage\":\"pt-BR\"},{\"@type\":\"Person\",\"@id\":\"https:\\\/\\\/blogdojoaocosta.com.br\\\/#\\\/schema\\\/person\\\/af1c9fa31a41a9d29c32f74b41d55f6e\",\"name\":\"joaocosta\",\"image\":{\"@type\":\"ImageObject\",\"inLanguage\":\"pt-BR\",\"@id\":\"https:\\\/\\\/secure.gravatar.com\\\/avatar\\\/677b6f1fc54e8c7982d7dce3cfe65fce28f898f70d9b8b631786a0b1b18b11e5?s=96&d=mm&r=g\",\"url\":\"https:\\\/\\\/secure.gravatar.com\\\/avatar\\\/677b6f1fc54e8c7982d7dce3cfe65fce28f898f70d9b8b631786a0b1b18b11e5?s=96&d=mm&r=g\",\"contentUrl\":\"https:\\\/\\\/secure.gravatar.com\\\/avatar\\\/677b6f1fc54e8c7982d7dce3cfe65fce28f898f70d9b8b631786a0b1b18b11e5?s=96&d=mm&r=g\",\"caption\":\"joaocosta\"},\"sameAs\":[\"http:\\\/\\\/blogdojoaocosta.com.br\"],\"url\":\"https:\\\/\\\/blogdojoaocosta.com.br\\\/?author=1\"}]}<\/script>\n<!-- \/ Yoast SEO plugin. -->","yoast_head_json":{"title":"Jo\u00e3o Pessoa e a sua ic\u00f4nica Loja do Polvo - Blog do Jo\u00e3o Costa","robots":{"index":"index","follow":"follow","max-snippet":"max-snippet:-1","max-image-preview":"max-image-preview:large","max-video-preview":"max-video-preview:-1"},"canonical":"https:\/\/blogdojoaocosta.com.br\/?p=3010","og_locale":"pt_BR","og_type":"article","og_title":"Jo\u00e3o Pessoa e a sua ic\u00f4nica Loja do Polvo - Blog do Jo\u00e3o Costa","og_description":"Uma Hist\u00f3ria da Loja do Polvo Jerdivan N\u00f3brega &nbsp; Era 1984. Eu trabalhava no Centro de Triagem dos Correios, no pr\u00e9dio do centro de Jo\u00e3o Pessoa. Nosso setor era supervisionado por Ailton Rocha, irm\u00e3o de Aracilba Rocha. As janelas do nosso\u00a0 setor davam para a Rua Desembargador Feitosa Ventura, onde um comerciante havia aberto uma [&hellip;]","og_url":"https:\/\/blogdojoaocosta.com.br\/?p=3010","og_site_name":"Blog do Jo\u00e3o Costa","article_published_time":"2025-10-19T11:44:24+00:00","article_modified_time":"2025-10-19T12:23:45+00:00","og_image":[{"width":600,"height":400,"url":"https:\/\/blogdojoaocosta.com.br\/wp-content\/uploads\/2025\/10\/polvo-capa.webp","type":"image\/webp"}],"author":"joaocosta","twitter_card":"summary_large_image","twitter_misc":{"Escrito por":"joaocosta","Est. tempo de leitura":"2 minutos"},"schema":{"@context":"https:\/\/schema.org","@graph":[{"@type":"Article","@id":"https:\/\/blogdojoaocosta.com.br\/?p=3010#article","isPartOf":{"@id":"https:\/\/blogdojoaocosta.com.br\/?p=3010"},"author":{"name":"joaocosta","@id":"https:\/\/blogdojoaocosta.com.br\/#\/schema\/person\/af1c9fa31a41a9d29c32f74b41d55f6e"},"headline":"Jo\u00e3o Pessoa e a sua ic\u00f4nica Loja do Polvo","datePublished":"2025-10-19T11:44:24+00:00","dateModified":"2025-10-19T12:23:45+00:00","mainEntityOfPage":{"@id":"https:\/\/blogdojoaocosta.com.br\/?p=3010"},"wordCount":349,"commentCount":0,"image":{"@id":"https:\/\/blogdojoaocosta.com.br\/?p=3010#primaryimage"},"thumbnailUrl":"https:\/\/blogdojoaocosta.com.br\/wp-content\/uploads\/2025\/10\/polvo-capa.webp","articleSection":["Entretenimento"],"inLanguage":"pt-BR","potentialAction":[{"@type":"CommentAction","name":"Comment","target":["https:\/\/blogdojoaocosta.com.br\/?p=3010#respond"]}]},{"@type":"WebPage","@id":"https:\/\/blogdojoaocosta.com.br\/?p=3010","url":"https:\/\/blogdojoaocosta.com.br\/?p=3010","name":"Jo\u00e3o Pessoa e a sua ic\u00f4nica Loja do Polvo - Blog do Jo\u00e3o Costa","isPartOf":{"@id":"https:\/\/blogdojoaocosta.com.br\/#website"},"primaryImageOfPage":{"@id":"https:\/\/blogdojoaocosta.com.br\/?p=3010#primaryimage"},"image":{"@id":"https:\/\/blogdojoaocosta.com.br\/?p=3010#primaryimage"},"thumbnailUrl":"https:\/\/blogdojoaocosta.com.br\/wp-content\/uploads\/2025\/10\/polvo-capa.webp","datePublished":"2025-10-19T11:44:24+00:00","dateModified":"2025-10-19T12:23:45+00:00","author":{"@id":"https:\/\/blogdojoaocosta.com.br\/#\/schema\/person\/af1c9fa31a41a9d29c32f74b41d55f6e"},"breadcrumb":{"@id":"https:\/\/blogdojoaocosta.com.br\/?p=3010#breadcrumb"},"inLanguage":"pt-BR","potentialAction":[{"@type":"ReadAction","target":["https:\/\/blogdojoaocosta.com.br\/?p=3010"]}]},{"@type":"ImageObject","inLanguage":"pt-BR","@id":"https:\/\/blogdojoaocosta.com.br\/?p=3010#primaryimage","url":"https:\/\/blogdojoaocosta.com.br\/wp-content\/uploads\/2025\/10\/polvo-capa.webp","contentUrl":"https:\/\/blogdojoaocosta.com.br\/wp-content\/uploads\/2025\/10\/polvo-capa.webp","width":600,"height":400},{"@type":"BreadcrumbList","@id":"https:\/\/blogdojoaocosta.com.br\/?p=3010#breadcrumb","itemListElement":[{"@type":"ListItem","position":1,"name":"In\u00edcio","item":"https:\/\/blogdojoaocosta.com.br\/"},{"@type":"ListItem","position":2,"name":"Jo\u00e3o Pessoa e a sua ic\u00f4nica Loja do Polvo"}]},{"@type":"WebSite","@id":"https:\/\/blogdojoaocosta.com.br\/#website","url":"https:\/\/blogdojoaocosta.com.br\/","name":"Blog do Jo\u00e3o Costa","description":"Assim Caminha a Humanidade","potentialAction":[{"@type":"SearchAction","target":{"@type":"EntryPoint","urlTemplate":"https:\/\/blogdojoaocosta.com.br\/?s={search_term_string}"},"query-input":{"@type":"PropertyValueSpecification","valueRequired":true,"valueName":"search_term_string"}}],"inLanguage":"pt-BR"},{"@type":"Person","@id":"https:\/\/blogdojoaocosta.com.br\/#\/schema\/person\/af1c9fa31a41a9d29c32f74b41d55f6e","name":"joaocosta","image":{"@type":"ImageObject","inLanguage":"pt-BR","@id":"https:\/\/secure.gravatar.com\/avatar\/677b6f1fc54e8c7982d7dce3cfe65fce28f898f70d9b8b631786a0b1b18b11e5?s=96&d=mm&r=g","url":"https:\/\/secure.gravatar.com\/avatar\/677b6f1fc54e8c7982d7dce3cfe65fce28f898f70d9b8b631786a0b1b18b11e5?s=96&d=mm&r=g","contentUrl":"https:\/\/secure.gravatar.com\/avatar\/677b6f1fc54e8c7982d7dce3cfe65fce28f898f70d9b8b631786a0b1b18b11e5?s=96&d=mm&r=g","caption":"joaocosta"},"sameAs":["http:\/\/blogdojoaocosta.com.br"],"url":"https:\/\/blogdojoaocosta.com.br\/?author=1"}]}},"_links":{"self":[{"href":"https:\/\/blogdojoaocosta.com.br\/index.php?rest_route=\/wp\/v2\/posts\/3010","targetHints":{"allow":["GET"]}}],"collection":[{"href":"https:\/\/blogdojoaocosta.com.br\/index.php?rest_route=\/wp\/v2\/posts"}],"about":[{"href":"https:\/\/blogdojoaocosta.com.br\/index.php?rest_route=\/wp\/v2\/types\/post"}],"author":[{"embeddable":true,"href":"https:\/\/blogdojoaocosta.com.br\/index.php?rest_route=\/wp\/v2\/users\/1"}],"replies":[{"embeddable":true,"href":"https:\/\/blogdojoaocosta.com.br\/index.php?rest_route=%2Fwp%2Fv2%2Fcomments&post=3010"}],"version-history":[{"count":2,"href":"https:\/\/blogdojoaocosta.com.br\/index.php?rest_route=\/wp\/v2\/posts\/3010\/revisions"}],"predecessor-version":[{"id":3014,"href":"https:\/\/blogdojoaocosta.com.br\/index.php?rest_route=\/wp\/v2\/posts\/3010\/revisions\/3014"}],"wp:featuredmedia":[{"embeddable":true,"href":"https:\/\/blogdojoaocosta.com.br\/index.php?rest_route=\/wp\/v2\/media\/3011"}],"wp:attachment":[{"href":"https:\/\/blogdojoaocosta.com.br\/index.php?rest_route=%2Fwp%2Fv2%2Fmedia&parent=3010"}],"wp:term":[{"taxonomy":"category","embeddable":true,"href":"https:\/\/blogdojoaocosta.com.br\/index.php?rest_route=%2Fwp%2Fv2%2Fcategories&post=3010"},{"taxonomy":"post_tag","embeddable":true,"href":"https:\/\/blogdojoaocosta.com.br\/index.php?rest_route=%2Fwp%2Fv2%2Ftags&post=3010"}],"curies":[{"name":"wp","href":"https:\/\/api.w.org\/{rel}","templated":true}]}}