{"id":3029,"date":"2025-10-29T09:42:01","date_gmt":"2025-10-29T12:42:01","guid":{"rendered":"https:\/\/blogdojoaocosta.com.br\/?p=3029"},"modified":"2025-10-29T09:42:01","modified_gmt":"2025-10-29T12:42:01","slug":"reconhecimento-nacional-a-festa-do-rosario-de-pombal-e-a-memoria-afro-sertaneja","status":"publish","type":"post","link":"https:\/\/blogdojoaocosta.com.br\/?p=3029","title":{"rendered":"Reconhecimento Nacional: A Festa do Ros\u00e1rio de Pombal e a Mem\u00f3ria Afro-sertaneja"},"content":{"rendered":"<p><em><strong>Jos\u00e9 Tavares de Ara\u00fajo Neto<\/strong><\/em><\/p>\n<p>A cultura pombalense celebra, nesta semana, uma conquista hist\u00f3rica: o avan\u00e7o do processo de registro da Festa do Ros\u00e1rio de Pombal como Patrim\u00f4nio Cultural do Brasil pelo Instituto do Patrim\u00f4nio Hist\u00f3rico e Art\u00edstico Nacional (IPHAN). A not\u00edcia, publicada nesta\u00a0 ter\u00e7a-feira, 28 de outubro de 2025,\u00a0 no portal oficial do \u00f3rg\u00e3o, representa n\u00e3o apenas o reconhecimento institucional de uma tradi\u00e7\u00e3o secular, mas a reafirma\u00e7\u00e3o da for\u00e7a identit\u00e1ria do povo pombalense e da sua profunda liga\u00e7\u00e3o com a ancestralidade negra, a f\u00e9 e a resist\u00eancia no sert\u00e3o da Para\u00edba.<\/p>\n<p>Trata-se de um passo important\u00edssimo em uma caminhada iniciada oficialmente em 2019, quando a comunidade, unida em torno de seu orgulho hist\u00f3rico, solicitou o registro da Festa do Ros\u00e1rio e o tombamento da Igreja de Nossa Senhora do Ros\u00e1rio dos Pretos \u2014 templo erguido em 1721 e ber\u00e7o espiritual da devo\u00e7\u00e3o que atravessa s\u00e9culos. Neste ano de 2025, o IPHAN retomou o acompanhamento t\u00e9cnico no munic\u00edpio, ouvindo moradores, testemunhando os ritos e reconhecendo a vitalidade de uma celebra\u00e7\u00e3o que segue viva, pujante e essencial.<\/p>\n<p>Mais que uma festa, o Ros\u00e1rio de Pombal \u00e9 um complexo cultural \u2014 material e imaterial \u2014 que envolve o templo barroco, o cruzeiro, o p\u00e1tio, o casario hist\u00f3rico, a Casa do Ros\u00e1rio, acervos documentais e uma riqueza imaterial que pulsa nos c\u00e2nticos, nas rezas, nos cortejos, nos tambores e nos grupos populares que enchem as ruas de cor e ancestralidade. A irmandade do Negros do Rosario, o Congos, os Negros dos Pont\u00f5es e o Reisado ecoam a mem\u00f3ria afro-brasileira no cora\u00e7\u00e3o do sert\u00e3o.<\/p>\n<p>A devo\u00e7\u00e3o ao Ros\u00e1rio em Pombal remonta aos primeiros tempos do Arraial do Pinhanc\u00f3, fundado em 1698, e se entrela\u00e7a com a hist\u00f3ria das popula\u00e7\u00f5es negras e dos quilombos da regi\u00e3o \u2014 Rufino, Daniel e Barbosa \u2014 testemunhas vivas da resist\u00eancia e da espiritualidade que moldaram o cotidiano sertanejo. A festa, celebrada anualmente em outubro, culmina em uma prociss\u00e3o de f\u00e9 e emo\u00e7\u00e3o, momento em que a cidade se transforma em altar vivo, unindo filhos da terra e visitantes num sentimento comum de pertencimento.<\/p>\n<p>O reconhecimento pelo IPHAN refor\u00e7a a compreens\u00e3o de que a Festa do Ros\u00e1rio n\u00e3o pertence apenas a Pombal \u2014 ela \u00e9 patrim\u00f4nio do Brasil. Patrim\u00f4nio que nasce da terra quente do sert\u00e3o, da devo\u00e7\u00e3o simples e profunda, do batuque dos tambores que atravessam gera\u00e7\u00f5es, da presen\u00e7a vibrante da cultura negra que fez e faz hist\u00f3ria na Para\u00edba.<\/p>\n<p>Mais do que celebrar o avan\u00e7o t\u00e9cnico de um processo, celebra-se aqui a for\u00e7a do povo pombalense. Um povo que cuida de sua heran\u00e7a, que luta pela preserva\u00e7\u00e3o de seus s\u00edmbolos e que compreende que mem\u00f3ria n\u00e3o \u00e9 passado \u2014 \u00e9 futuro. Ao reconhecer a Festa do Ros\u00e1rio e a Igreja dos Pretos, o Brasil honra uma parte fundamental de si mesmo: sua diversidade, sua f\u00e9, sua ancestralidade e sua identidade mesti\u00e7a e resistente.<\/p>\n<p>Que este passo se converta, em breve, no reconhecimento definitivo. E que a Festa do Ros\u00e1rio continue a iluminar Pombal e o sert\u00e3o, lembrando que, na terra onde o Rio Pianc\u00f3 corre e a f\u00e9 se renova a cada outubro, cultura e mem\u00f3ria caminham juntas \u2014 firmes como o povo que as guarda.<\/p>\n<p><img decoding=\"async\" class=\"alignnone size-medium wp-image-3031\" src=\"https:\/\/blogdojoaocosta.com.br\/wp-content\/uploads\/2025\/10\/Aze-tacares-278x300.jpeg\" alt=\"\" width=\"278\" height=\"300\" srcset=\"https:\/\/blogdojoaocosta.com.br\/wp-content\/uploads\/2025\/10\/Aze-tacares-278x300.jpeg 278w, https:\/\/blogdojoaocosta.com.br\/wp-content\/uploads\/2025\/10\/Aze-tacares.jpeg 694w\" sizes=\"(max-width: 278px) 100vw, 278px\" \/><\/p>\n<p><em><strong>\u00a0Jos\u00e9 Tavares \u00e9 escritor e pesquisador do Canga\u00e7o<\/strong><\/em><\/p>\n","protected":false},"excerpt":{"rendered":"<p>Jos\u00e9 Tavares de Ara\u00fajo Neto A cultura pombalense celebra, nesta semana, uma conquista hist\u00f3rica: o avan\u00e7o do processo de registro da Festa do Ros\u00e1rio de Pombal como Patrim\u00f4nio Cultural do Brasil pelo Instituto do Patrim\u00f4nio Hist\u00f3rico e Art\u00edstico Nacional (IPHAN). A not\u00edcia, publicada nesta\u00a0 ter\u00e7a-feira, 28 de outubro de 2025,\u00a0 no portal oficial do \u00f3rg\u00e3o, [&hellip;]<\/p>\n","protected":false},"author":1,"featured_media":3030,"comment_status":"open","ping_status":"open","sticky":false,"template":"","format":"standard","meta":{"footnotes":""},"categories":[1],"tags":[],"class_list":["post-3029","post","type-post","status-publish","format-standard","has-post-thumbnail","hentry","category-entretenimento"],"yoast_head":"<!-- This site is optimized with the Yoast SEO plugin v27.5 - https:\/\/yoast.com\/product\/yoast-seo-wordpress\/ -->\n<title>Reconhecimento Nacional: A Festa do Ros\u00e1rio de Pombal e a Mem\u00f3ria Afro-sertaneja - Blog do Jo\u00e3o Costa<\/title>\n<meta name=\"robots\" content=\"index, follow, max-snippet:-1, max-image-preview:large, max-video-preview:-1\" \/>\n<link rel=\"canonical\" href=\"https:\/\/blogdojoaocosta.com.br\/?p=3029\" \/>\n<meta property=\"og:locale\" content=\"pt_BR\" \/>\n<meta property=\"og:type\" content=\"article\" \/>\n<meta property=\"og:title\" content=\"Reconhecimento Nacional: A Festa do Ros\u00e1rio de Pombal e a Mem\u00f3ria Afro-sertaneja - Blog do Jo\u00e3o Costa\" \/>\n<meta property=\"og:description\" content=\"Jos\u00e9 Tavares de Ara\u00fajo Neto A cultura pombalense celebra, nesta semana, uma conquista hist\u00f3rica: o avan\u00e7o do processo de registro da Festa do Ros\u00e1rio de Pombal como Patrim\u00f4nio Cultural do Brasil pelo Instituto do Patrim\u00f4nio Hist\u00f3rico e Art\u00edstico Nacional (IPHAN). A not\u00edcia, publicada nesta\u00a0 ter\u00e7a-feira, 28 de outubro de 2025,\u00a0 no portal oficial do \u00f3rg\u00e3o, [&hellip;]\" \/>\n<meta property=\"og:url\" content=\"https:\/\/blogdojoaocosta.com.br\/?p=3029\" \/>\n<meta property=\"og:site_name\" content=\"Blog do Jo\u00e3o Costa\" \/>\n<meta property=\"article:published_time\" content=\"2025-10-29T12:42:01+00:00\" \/>\n<meta property=\"og:image\" content=\"https:\/\/blogdojoaocosta.com.br\/wp-content\/uploads\/2025\/10\/rosario23.jpeg\" \/>\n\t<meta property=\"og:image:width\" content=\"1280\" \/>\n\t<meta property=\"og:image:height\" content=\"960\" \/>\n\t<meta property=\"og:image:type\" content=\"image\/jpeg\" \/>\n<meta name=\"author\" content=\"joaocosta\" \/>\n<meta name=\"twitter:card\" content=\"summary_large_image\" \/>\n<meta name=\"twitter:label1\" content=\"Escrito por\" \/>\n\t<meta name=\"twitter:data1\" content=\"joaocosta\" \/>\n\t<meta name=\"twitter:label2\" content=\"Est. tempo de leitura\" \/>\n\t<meta name=\"twitter:data2\" content=\"4 minutos\" \/>\n<script type=\"application\/ld+json\" class=\"yoast-schema-graph\">{\"@context\":\"https:\\\/\\\/schema.org\",\"@graph\":[{\"@type\":\"Article\",\"@id\":\"https:\\\/\\\/blogdojoaocosta.com.br\\\/?p=3029#article\",\"isPartOf\":{\"@id\":\"https:\\\/\\\/blogdojoaocosta.com.br\\\/?p=3029\"},\"author\":{\"name\":\"joaocosta\",\"@id\":\"https:\\\/\\\/blogdojoaocosta.com.br\\\/#\\\/schema\\\/person\\\/af1c9fa31a41a9d29c32f74b41d55f6e\"},\"headline\":\"Reconhecimento Nacional: A Festa do Ros\u00e1rio de Pombal e a Mem\u00f3ria Afro-sertaneja\",\"datePublished\":\"2025-10-29T12:42:01+00:00\",\"mainEntityOfPage\":{\"@id\":\"https:\\\/\\\/blogdojoaocosta.com.br\\\/?p=3029\"},\"wordCount\":605,\"commentCount\":0,\"image\":{\"@id\":\"https:\\\/\\\/blogdojoaocosta.com.br\\\/?p=3029#primaryimage\"},\"thumbnailUrl\":\"https:\\\/\\\/blogdojoaocosta.com.br\\\/wp-content\\\/uploads\\\/2025\\\/10\\\/rosario23.jpeg\",\"articleSection\":[\"Entretenimento\"],\"inLanguage\":\"pt-BR\",\"potentialAction\":[{\"@type\":\"CommentAction\",\"name\":\"Comment\",\"target\":[\"https:\\\/\\\/blogdojoaocosta.com.br\\\/?p=3029#respond\"]}]},{\"@type\":\"WebPage\",\"@id\":\"https:\\\/\\\/blogdojoaocosta.com.br\\\/?p=3029\",\"url\":\"https:\\\/\\\/blogdojoaocosta.com.br\\\/?p=3029\",\"name\":\"Reconhecimento Nacional: A Festa do Ros\u00e1rio de Pombal e a Mem\u00f3ria Afro-sertaneja - Blog do Jo\u00e3o Costa\",\"isPartOf\":{\"@id\":\"https:\\\/\\\/blogdojoaocosta.com.br\\\/#website\"},\"primaryImageOfPage\":{\"@id\":\"https:\\\/\\\/blogdojoaocosta.com.br\\\/?p=3029#primaryimage\"},\"image\":{\"@id\":\"https:\\\/\\\/blogdojoaocosta.com.br\\\/?p=3029#primaryimage\"},\"thumbnailUrl\":\"https:\\\/\\\/blogdojoaocosta.com.br\\\/wp-content\\\/uploads\\\/2025\\\/10\\\/rosario23.jpeg\",\"datePublished\":\"2025-10-29T12:42:01+00:00\",\"author\":{\"@id\":\"https:\\\/\\\/blogdojoaocosta.com.br\\\/#\\\/schema\\\/person\\\/af1c9fa31a41a9d29c32f74b41d55f6e\"},\"breadcrumb\":{\"@id\":\"https:\\\/\\\/blogdojoaocosta.com.br\\\/?p=3029#breadcrumb\"},\"inLanguage\":\"pt-BR\",\"potentialAction\":[{\"@type\":\"ReadAction\",\"target\":[\"https:\\\/\\\/blogdojoaocosta.com.br\\\/?p=3029\"]}]},{\"@type\":\"ImageObject\",\"inLanguage\":\"pt-BR\",\"@id\":\"https:\\\/\\\/blogdojoaocosta.com.br\\\/?p=3029#primaryimage\",\"url\":\"https:\\\/\\\/blogdojoaocosta.com.br\\\/wp-content\\\/uploads\\\/2025\\\/10\\\/rosario23.jpeg\",\"contentUrl\":\"https:\\\/\\\/blogdojoaocosta.com.br\\\/wp-content\\\/uploads\\\/2025\\\/10\\\/rosario23.jpeg\",\"width\":1280,\"height\":960},{\"@type\":\"BreadcrumbList\",\"@id\":\"https:\\\/\\\/blogdojoaocosta.com.br\\\/?p=3029#breadcrumb\",\"itemListElement\":[{\"@type\":\"ListItem\",\"position\":1,\"name\":\"In\u00edcio\",\"item\":\"https:\\\/\\\/blogdojoaocosta.com.br\\\/\"},{\"@type\":\"ListItem\",\"position\":2,\"name\":\"Reconhecimento Nacional: A Festa do Ros\u00e1rio de Pombal e a Mem\u00f3ria Afro-sertaneja\"}]},{\"@type\":\"WebSite\",\"@id\":\"https:\\\/\\\/blogdojoaocosta.com.br\\\/#website\",\"url\":\"https:\\\/\\\/blogdojoaocosta.com.br\\\/\",\"name\":\"Blog do Jo\u00e3o Costa\",\"description\":\"Assim Caminha a Humanidade\",\"potentialAction\":[{\"@type\":\"SearchAction\",\"target\":{\"@type\":\"EntryPoint\",\"urlTemplate\":\"https:\\\/\\\/blogdojoaocosta.com.br\\\/?s={search_term_string}\"},\"query-input\":{\"@type\":\"PropertyValueSpecification\",\"valueRequired\":true,\"valueName\":\"search_term_string\"}}],\"inLanguage\":\"pt-BR\"},{\"@type\":\"Person\",\"@id\":\"https:\\\/\\\/blogdojoaocosta.com.br\\\/#\\\/schema\\\/person\\\/af1c9fa31a41a9d29c32f74b41d55f6e\",\"name\":\"joaocosta\",\"image\":{\"@type\":\"ImageObject\",\"inLanguage\":\"pt-BR\",\"@id\":\"https:\\\/\\\/secure.gravatar.com\\\/avatar\\\/677b6f1fc54e8c7982d7dce3cfe65fce28f898f70d9b8b631786a0b1b18b11e5?s=96&d=mm&r=g\",\"url\":\"https:\\\/\\\/secure.gravatar.com\\\/avatar\\\/677b6f1fc54e8c7982d7dce3cfe65fce28f898f70d9b8b631786a0b1b18b11e5?s=96&d=mm&r=g\",\"contentUrl\":\"https:\\\/\\\/secure.gravatar.com\\\/avatar\\\/677b6f1fc54e8c7982d7dce3cfe65fce28f898f70d9b8b631786a0b1b18b11e5?s=96&d=mm&r=g\",\"caption\":\"joaocosta\"},\"sameAs\":[\"http:\\\/\\\/blogdojoaocosta.com.br\"],\"url\":\"https:\\\/\\\/blogdojoaocosta.com.br\\\/?author=1\"}]}<\/script>\n<!-- \/ Yoast SEO plugin. -->","yoast_head_json":{"title":"Reconhecimento Nacional: A Festa do Ros\u00e1rio de Pombal e a Mem\u00f3ria Afro-sertaneja - Blog do Jo\u00e3o Costa","robots":{"index":"index","follow":"follow","max-snippet":"max-snippet:-1","max-image-preview":"max-image-preview:large","max-video-preview":"max-video-preview:-1"},"canonical":"https:\/\/blogdojoaocosta.com.br\/?p=3029","og_locale":"pt_BR","og_type":"article","og_title":"Reconhecimento Nacional: A Festa do Ros\u00e1rio de Pombal e a Mem\u00f3ria Afro-sertaneja - Blog do Jo\u00e3o Costa","og_description":"Jos\u00e9 Tavares de Ara\u00fajo Neto A cultura pombalense celebra, nesta semana, uma conquista hist\u00f3rica: o avan\u00e7o do processo de registro da Festa do Ros\u00e1rio de Pombal como Patrim\u00f4nio Cultural do Brasil pelo Instituto do Patrim\u00f4nio Hist\u00f3rico e Art\u00edstico Nacional (IPHAN). A not\u00edcia, publicada nesta\u00a0 ter\u00e7a-feira, 28 de outubro de 2025,\u00a0 no portal oficial do \u00f3rg\u00e3o, [&hellip;]","og_url":"https:\/\/blogdojoaocosta.com.br\/?p=3029","og_site_name":"Blog do Jo\u00e3o Costa","article_published_time":"2025-10-29T12:42:01+00:00","og_image":[{"width":1280,"height":960,"url":"https:\/\/blogdojoaocosta.com.br\/wp-content\/uploads\/2025\/10\/rosario23.jpeg","type":"image\/jpeg"}],"author":"joaocosta","twitter_card":"summary_large_image","twitter_misc":{"Escrito por":"joaocosta","Est. tempo de leitura":"4 minutos"},"schema":{"@context":"https:\/\/schema.org","@graph":[{"@type":"Article","@id":"https:\/\/blogdojoaocosta.com.br\/?p=3029#article","isPartOf":{"@id":"https:\/\/blogdojoaocosta.com.br\/?p=3029"},"author":{"name":"joaocosta","@id":"https:\/\/blogdojoaocosta.com.br\/#\/schema\/person\/af1c9fa31a41a9d29c32f74b41d55f6e"},"headline":"Reconhecimento Nacional: A Festa do Ros\u00e1rio de Pombal e a Mem\u00f3ria Afro-sertaneja","datePublished":"2025-10-29T12:42:01+00:00","mainEntityOfPage":{"@id":"https:\/\/blogdojoaocosta.com.br\/?p=3029"},"wordCount":605,"commentCount":0,"image":{"@id":"https:\/\/blogdojoaocosta.com.br\/?p=3029#primaryimage"},"thumbnailUrl":"https:\/\/blogdojoaocosta.com.br\/wp-content\/uploads\/2025\/10\/rosario23.jpeg","articleSection":["Entretenimento"],"inLanguage":"pt-BR","potentialAction":[{"@type":"CommentAction","name":"Comment","target":["https:\/\/blogdojoaocosta.com.br\/?p=3029#respond"]}]},{"@type":"WebPage","@id":"https:\/\/blogdojoaocosta.com.br\/?p=3029","url":"https:\/\/blogdojoaocosta.com.br\/?p=3029","name":"Reconhecimento Nacional: A Festa do Ros\u00e1rio de Pombal e a Mem\u00f3ria Afro-sertaneja - Blog do Jo\u00e3o Costa","isPartOf":{"@id":"https:\/\/blogdojoaocosta.com.br\/#website"},"primaryImageOfPage":{"@id":"https:\/\/blogdojoaocosta.com.br\/?p=3029#primaryimage"},"image":{"@id":"https:\/\/blogdojoaocosta.com.br\/?p=3029#primaryimage"},"thumbnailUrl":"https:\/\/blogdojoaocosta.com.br\/wp-content\/uploads\/2025\/10\/rosario23.jpeg","datePublished":"2025-10-29T12:42:01+00:00","author":{"@id":"https:\/\/blogdojoaocosta.com.br\/#\/schema\/person\/af1c9fa31a41a9d29c32f74b41d55f6e"},"breadcrumb":{"@id":"https:\/\/blogdojoaocosta.com.br\/?p=3029#breadcrumb"},"inLanguage":"pt-BR","potentialAction":[{"@type":"ReadAction","target":["https:\/\/blogdojoaocosta.com.br\/?p=3029"]}]},{"@type":"ImageObject","inLanguage":"pt-BR","@id":"https:\/\/blogdojoaocosta.com.br\/?p=3029#primaryimage","url":"https:\/\/blogdojoaocosta.com.br\/wp-content\/uploads\/2025\/10\/rosario23.jpeg","contentUrl":"https:\/\/blogdojoaocosta.com.br\/wp-content\/uploads\/2025\/10\/rosario23.jpeg","width":1280,"height":960},{"@type":"BreadcrumbList","@id":"https:\/\/blogdojoaocosta.com.br\/?p=3029#breadcrumb","itemListElement":[{"@type":"ListItem","position":1,"name":"In\u00edcio","item":"https:\/\/blogdojoaocosta.com.br\/"},{"@type":"ListItem","position":2,"name":"Reconhecimento Nacional: A Festa do Ros\u00e1rio de Pombal e a Mem\u00f3ria Afro-sertaneja"}]},{"@type":"WebSite","@id":"https:\/\/blogdojoaocosta.com.br\/#website","url":"https:\/\/blogdojoaocosta.com.br\/","name":"Blog do Jo\u00e3o Costa","description":"Assim Caminha a Humanidade","potentialAction":[{"@type":"SearchAction","target":{"@type":"EntryPoint","urlTemplate":"https:\/\/blogdojoaocosta.com.br\/?s={search_term_string}"},"query-input":{"@type":"PropertyValueSpecification","valueRequired":true,"valueName":"search_term_string"}}],"inLanguage":"pt-BR"},{"@type":"Person","@id":"https:\/\/blogdojoaocosta.com.br\/#\/schema\/person\/af1c9fa31a41a9d29c32f74b41d55f6e","name":"joaocosta","image":{"@type":"ImageObject","inLanguage":"pt-BR","@id":"https:\/\/secure.gravatar.com\/avatar\/677b6f1fc54e8c7982d7dce3cfe65fce28f898f70d9b8b631786a0b1b18b11e5?s=96&d=mm&r=g","url":"https:\/\/secure.gravatar.com\/avatar\/677b6f1fc54e8c7982d7dce3cfe65fce28f898f70d9b8b631786a0b1b18b11e5?s=96&d=mm&r=g","contentUrl":"https:\/\/secure.gravatar.com\/avatar\/677b6f1fc54e8c7982d7dce3cfe65fce28f898f70d9b8b631786a0b1b18b11e5?s=96&d=mm&r=g","caption":"joaocosta"},"sameAs":["http:\/\/blogdojoaocosta.com.br"],"url":"https:\/\/blogdojoaocosta.com.br\/?author=1"}]}},"_links":{"self":[{"href":"https:\/\/blogdojoaocosta.com.br\/index.php?rest_route=\/wp\/v2\/posts\/3029","targetHints":{"allow":["GET"]}}],"collection":[{"href":"https:\/\/blogdojoaocosta.com.br\/index.php?rest_route=\/wp\/v2\/posts"}],"about":[{"href":"https:\/\/blogdojoaocosta.com.br\/index.php?rest_route=\/wp\/v2\/types\/post"}],"author":[{"embeddable":true,"href":"https:\/\/blogdojoaocosta.com.br\/index.php?rest_route=\/wp\/v2\/users\/1"}],"replies":[{"embeddable":true,"href":"https:\/\/blogdojoaocosta.com.br\/index.php?rest_route=%2Fwp%2Fv2%2Fcomments&post=3029"}],"version-history":[{"count":1,"href":"https:\/\/blogdojoaocosta.com.br\/index.php?rest_route=\/wp\/v2\/posts\/3029\/revisions"}],"predecessor-version":[{"id":3032,"href":"https:\/\/blogdojoaocosta.com.br\/index.php?rest_route=\/wp\/v2\/posts\/3029\/revisions\/3032"}],"wp:featuredmedia":[{"embeddable":true,"href":"https:\/\/blogdojoaocosta.com.br\/index.php?rest_route=\/wp\/v2\/media\/3030"}],"wp:attachment":[{"href":"https:\/\/blogdojoaocosta.com.br\/index.php?rest_route=%2Fwp%2Fv2%2Fmedia&parent=3029"}],"wp:term":[{"taxonomy":"category","embeddable":true,"href":"https:\/\/blogdojoaocosta.com.br\/index.php?rest_route=%2Fwp%2Fv2%2Fcategories&post=3029"},{"taxonomy":"post_tag","embeddable":true,"href":"https:\/\/blogdojoaocosta.com.br\/index.php?rest_route=%2Fwp%2Fv2%2Ftags&post=3029"}],"curies":[{"name":"wp","href":"https:\/\/api.w.org\/{rel}","templated":true}]}}