{"id":306,"date":"2022-12-25T09:59:23","date_gmt":"2022-12-25T12:59:23","guid":{"rendered":"https:\/\/blogdojoaocosta.com.br\/?p=306"},"modified":"2023-01-05T23:20:31","modified_gmt":"2023-01-06T02:20:31","slug":"sitios-historicos-rota-do-cangaco-na-pb-contempla-cenarios-da-revolta-de-princesa","status":"publish","type":"post","link":"https:\/\/blogdojoaocosta.com.br\/?p=306","title":{"rendered":"S\u00edtios Hist\u00f3ricos: Rota do Canga\u00e7o na PB contempla cen\u00e1rios da Revolta de Princesa"},"content":{"rendered":"<p>Fazer a Rota do canga\u00e7o entre Para\u00edba e Pernambuco \u00a0perpassar fazendas, s\u00edtios, vilas e cidades que se tornaram palco para Revolta de Princesa, entre junho-agosto de 1930, quando outra instabilidade assolou a Para\u00edba e o Brasil: a Revolu\u00e7\u00e3o de 30.<\/p>\n<p>Em novembro, quando de uma viagem-aventura para o Cariri Canga\u00e7o, em Serra Talhada(PE), em companhia dos historiadores Jos\u00e9 Tavares e Julierme Wanderley, o editor do blog pode aprender muito sobre a Revolta protagonizada por soldados, ex-cangaceiros, coron\u00e9is e jagun\u00e7os sob o comando com ic\u00f4nico coronel Jos\u00e9 Pereira. Veja os v\u00eddeos.<\/p>\n<h3>Tavares: uma refer\u00eancia sobre Canga\u00e7o<\/h3>\n<div style=\"width: 640px;\" class=\"wp-video\"><video class=\"wp-video-shortcode\" id=\"video-306-1\" width=\"640\" height=\"352\" preload=\"metadata\" controls=\"controls\"><source type=\"video\/mp4\" src=\"https:\/\/blogdojoaocosta.com.br\/wp-content\/uploads\/2022\/12\/WhatsApp-Video-2022-12-23-at-20.28.14.mp4?_=1\" \/><a href=\"https:\/\/blogdojoaocosta.com.br\/wp-content\/uploads\/2022\/12\/WhatsApp-Video-2022-12-23-at-20.28.14.mp4\">https:\/\/blogdojoaocosta.com.br\/wp-content\/uploads\/2022\/12\/WhatsApp-Video-2022-12-23-at-20.28.14.mp4<\/a><\/video><\/div>\n<p>Entre pesquisadores, \u00e9 grande a expectativa para o livro o historiador pombalense, Z\u00e9 Tavares sobre a Revolta de Princesa, com publica\u00e7\u00e3o prevista\u00a0 para 2023. A publica\u00e7\u00e3o vai narrar a Revolta pela perspectiva de seus atores no campo de batalha.<\/p>\n<p>Durante entrevista ao blog, Z\u00e9 Tavares adiantou alguns detalhes pouco conhecidos sobre a Revolta de Princesa.<\/p>\n<p>\u201cO Tenente Ascendino Feitosa tinha sido delegado de Teixeira, e, l\u00e1, inimizara-se com um primo nosso, Silveira Dantas. A inimizade se azedara, a ponto de chegarem ao desfor\u00e7o f\u00edsico. Ou, para ser mais preciso: terminou saindo de Teixeira, corrido, o Tenente Ascendino que, ali, seguiu ordens do presidente Jo\u00e3o Pessoa, estava tentando humilhar todos os nossos amigos, que eram a todo instante revistados na rua, a pretexto de \u201ccombate ao cangaceirismo\u201d, relatava \u00a0Ariano Suassuna, filho do presidente Jo\u00e3o Suassuna. escritor \u00e1raibano j\u00e1 fa\u00e7ecido,<\/p>\n<p>Acrescenta ainda Ariano Suassuna que, \u201cposteriormente Jo\u00e3o Pessoa escondeu do seu tio Epit\u00e1cio Pessoa o fato de Ascendino Feitosa ter sido enviado para Teixeira, \u00e0s v\u00e9speras das elei\u00e7\u00f5es de 1\u00ba de mar\u00e7o, uma vez que este n\u00e3o concordaria com tal nomea\u00e7\u00e3o, justamente por Ascendino Feitosa ser intrigado com os Dantas\u201d .<\/p>\n<div style=\"width: 640px;\" class=\"wp-video\"><video class=\"wp-video-shortcode\" id=\"video-306-2\" width=\"640\" height=\"352\" preload=\"metadata\" controls=\"controls\"><source type=\"video\/mp4\" src=\"https:\/\/blogdojoaocosta.com.br\/wp-content\/uploads\/2022\/12\/WhatsApp-Video-2022-12-23-at-20.28.11-1.mp4?_=2\" \/><a href=\"https:\/\/blogdojoaocosta.com.br\/wp-content\/uploads\/2022\/12\/WhatsApp-Video-2022-12-23-at-20.28.11-1.mp4\">https:\/\/blogdojoaocosta.com.br\/wp-content\/uploads\/2022\/12\/WhatsApp-Video-2022-12-23-at-20.28.11-1.mp4<\/a><\/video><\/div>\n<p>Segundo Ariano, Jo\u00e3o Pessoa havia dito ao tio que enviaria o tenente Manoel Arruda, oficial externo \u00e0 briga de fam\u00edlia.<\/p>\n<p>A sucess\u00e3o de embates envolvendo a for\u00e7a policial comandada pelo tenente Ascendino Feitosa e membros da fam\u00edlia Dantas, ocorrida a partir de 28 de fevereiro de 1930, marca o in\u00edcio da Revolta de Princesa.<\/p>\n<p>Um conflito que contaminou a popula\u00e7\u00e3o civil embalada \u00a0nas disputas pol\u00edticas dos chefes locais, fam\u00edlias emponderadas de Pernambuco e Para\u00edba.<\/p>\n<p>A historiografia oficial sobre o conflito, em robusta em detalhes em torno do chefe da revolta, coronel Jos\u00e9 Pereira, deputado estadual poderoso na regi\u00e3o de Princesa Isabel, Jo\u00e3o Pessoa, presidente do Estado, Jos\u00e9 Am\u00e9rico, escritor e secret\u00e1rio de estado.<\/p>\n<p>Mas pouco espa\u00e7o dedica\u00a0 aos homens e mulheres que, de fato lutaram, morreram e fizeram da Revolta um \u00e9pico da Hist\u00f3ria da Para\u00edba, a exemplo de Luiz do Tri\u00e2ngulo, ex-cangaceiro e chefe de grupo numeroso de revoltosos, Alexandrina Diniz, esposa de Marcolino Diniz, chefe militar dos revoltosos, Sargento Clementino Jos\u00e9 Furtado (o ic\u00f4nico Clementino Quel\u00e9), Ascendino Feitosa, que desencandeou no terror a partir de Teixeira.<\/p>\n","protected":false},"excerpt":{"rendered":"<p>Fazer a Rota do canga\u00e7o entre Para\u00edba e Pernambuco \u00a0perpassar fazendas, s\u00edtios, vilas e cidades que se tornaram palco para Revolta de Princesa, entre junho-agosto de 1930, quando outra instabilidade assolou a Para\u00edba e o Brasil: a Revolu\u00e7\u00e3o de 30. Em novembro, quando de uma viagem-aventura para o Cariri Canga\u00e7o, em Serra Talhada(PE), em companhia [&hellip;]<\/p>\n","protected":false},"author":1,"featured_media":307,"comment_status":"open","ping_status":"open","sticky":false,"template":"","format":"standard","meta":{"footnotes":""},"categories":[3],"tags":[],"class_list":["post-306","post","type-post","status-publish","format-standard","has-post-thumbnail","hentry","category-andancas"],"yoast_head":"<!-- This site is optimized with the Yoast SEO plugin v27.5 - https:\/\/yoast.com\/product\/yoast-seo-wordpress\/ -->\n<title>S\u00edtios Hist\u00f3ricos: Rota do Canga\u00e7o na PB contempla cen\u00e1rios da Revolta de Princesa - Blog do Jo\u00e3o Costa<\/title>\n<meta name=\"robots\" content=\"index, follow, max-snippet:-1, max-image-preview:large, max-video-preview:-1\" \/>\n<link rel=\"canonical\" href=\"https:\/\/blogdojoaocosta.com.br\/?p=306\" \/>\n<meta property=\"og:locale\" content=\"pt_BR\" \/>\n<meta property=\"og:type\" content=\"article\" \/>\n<meta property=\"og:title\" content=\"S\u00edtios Hist\u00f3ricos: Rota do Canga\u00e7o na PB contempla cen\u00e1rios da Revolta de Princesa - Blog do Jo\u00e3o Costa\" \/>\n<meta property=\"og:description\" content=\"Fazer a Rota do canga\u00e7o entre Para\u00edba e Pernambuco \u00a0perpassar fazendas, s\u00edtios, vilas e cidades que se tornaram palco para Revolta de Princesa, entre junho-agosto de 1930, quando outra instabilidade assolou a Para\u00edba e o Brasil: a Revolu\u00e7\u00e3o de 30. Em novembro, quando de uma viagem-aventura para o Cariri Canga\u00e7o, em Serra Talhada(PE), em companhia [&hellip;]\" \/>\n<meta property=\"og:url\" content=\"https:\/\/blogdojoaocosta.com.br\/?p=306\" \/>\n<meta property=\"og:site_name\" content=\"Blog do Jo\u00e3o Costa\" \/>\n<meta property=\"article:published_time\" content=\"2022-12-25T12:59:23+00:00\" \/>\n<meta property=\"article:modified_time\" content=\"2023-01-06T02:20:31+00:00\" \/>\n<meta property=\"og:image\" content=\"https:\/\/blogdojoaocosta.com.br\/wp-content\/uploads\/2022\/12\/WhatsApp-Image-2022-12-23-at-20.28.14.jpeg\" \/>\n\t<meta property=\"og:image:width\" content=\"960\" \/>\n\t<meta property=\"og:image:height\" content=\"1280\" \/>\n\t<meta property=\"og:image:type\" content=\"image\/jpeg\" \/>\n<meta name=\"author\" content=\"joaocosta\" \/>\n<meta name=\"twitter:card\" content=\"summary_large_image\" \/>\n<meta name=\"twitter:label1\" content=\"Escrito por\" \/>\n\t<meta name=\"twitter:data1\" content=\"joaocosta\" \/>\n\t<meta name=\"twitter:label2\" content=\"Est. tempo de leitura\" \/>\n\t<meta name=\"twitter:data2\" content=\"3 minutos\" \/>\n<script type=\"application\/ld+json\" class=\"yoast-schema-graph\">{\"@context\":\"https:\\\/\\\/schema.org\",\"@graph\":[{\"@type\":\"Article\",\"@id\":\"https:\\\/\\\/blogdojoaocosta.com.br\\\/?p=306#article\",\"isPartOf\":{\"@id\":\"https:\\\/\\\/blogdojoaocosta.com.br\\\/?p=306\"},\"author\":{\"name\":\"joaocosta\",\"@id\":\"https:\\\/\\\/blogdojoaocosta.com.br\\\/#\\\/schema\\\/person\\\/af1c9fa31a41a9d29c32f74b41d55f6e\"},\"headline\":\"S\u00edtios Hist\u00f3ricos: Rota do Canga\u00e7o na PB contempla cen\u00e1rios da Revolta de Princesa\",\"datePublished\":\"2022-12-25T12:59:23+00:00\",\"dateModified\":\"2023-01-06T02:20:31+00:00\",\"mainEntityOfPage\":{\"@id\":\"https:\\\/\\\/blogdojoaocosta.com.br\\\/?p=306\"},\"wordCount\":549,\"commentCount\":0,\"image\":{\"@id\":\"https:\\\/\\\/blogdojoaocosta.com.br\\\/?p=306#primaryimage\"},\"thumbnailUrl\":\"https:\\\/\\\/blogdojoaocosta.com.br\\\/wp-content\\\/uploads\\\/2022\\\/12\\\/WhatsApp-Image-2022-12-23-at-20.28.14.jpeg\",\"articleSection\":[\"Andan\u00e7as\"],\"inLanguage\":\"pt-BR\",\"potentialAction\":[{\"@type\":\"CommentAction\",\"name\":\"Comment\",\"target\":[\"https:\\\/\\\/blogdojoaocosta.com.br\\\/?p=306#respond\"]}]},{\"@type\":\"WebPage\",\"@id\":\"https:\\\/\\\/blogdojoaocosta.com.br\\\/?p=306\",\"url\":\"https:\\\/\\\/blogdojoaocosta.com.br\\\/?p=306\",\"name\":\"S\u00edtios Hist\u00f3ricos: Rota do Canga\u00e7o na PB contempla cen\u00e1rios da Revolta de Princesa - Blog do Jo\u00e3o Costa\",\"isPartOf\":{\"@id\":\"https:\\\/\\\/blogdojoaocosta.com.br\\\/#website\"},\"primaryImageOfPage\":{\"@id\":\"https:\\\/\\\/blogdojoaocosta.com.br\\\/?p=306#primaryimage\"},\"image\":{\"@id\":\"https:\\\/\\\/blogdojoaocosta.com.br\\\/?p=306#primaryimage\"},\"thumbnailUrl\":\"https:\\\/\\\/blogdojoaocosta.com.br\\\/wp-content\\\/uploads\\\/2022\\\/12\\\/WhatsApp-Image-2022-12-23-at-20.28.14.jpeg\",\"datePublished\":\"2022-12-25T12:59:23+00:00\",\"dateModified\":\"2023-01-06T02:20:31+00:00\",\"author\":{\"@id\":\"https:\\\/\\\/blogdojoaocosta.com.br\\\/#\\\/schema\\\/person\\\/af1c9fa31a41a9d29c32f74b41d55f6e\"},\"breadcrumb\":{\"@id\":\"https:\\\/\\\/blogdojoaocosta.com.br\\\/?p=306#breadcrumb\"},\"inLanguage\":\"pt-BR\",\"potentialAction\":[{\"@type\":\"ReadAction\",\"target\":[\"https:\\\/\\\/blogdojoaocosta.com.br\\\/?p=306\"]}]},{\"@type\":\"ImageObject\",\"inLanguage\":\"pt-BR\",\"@id\":\"https:\\\/\\\/blogdojoaocosta.com.br\\\/?p=306#primaryimage\",\"url\":\"https:\\\/\\\/blogdojoaocosta.com.br\\\/wp-content\\\/uploads\\\/2022\\\/12\\\/WhatsApp-Image-2022-12-23-at-20.28.14.jpeg\",\"contentUrl\":\"https:\\\/\\\/blogdojoaocosta.com.br\\\/wp-content\\\/uploads\\\/2022\\\/12\\\/WhatsApp-Image-2022-12-23-at-20.28.14.jpeg\",\"width\":960,\"height\":1280},{\"@type\":\"BreadcrumbList\",\"@id\":\"https:\\\/\\\/blogdojoaocosta.com.br\\\/?p=306#breadcrumb\",\"itemListElement\":[{\"@type\":\"ListItem\",\"position\":1,\"name\":\"In\u00edcio\",\"item\":\"https:\\\/\\\/blogdojoaocosta.com.br\\\/\"},{\"@type\":\"ListItem\",\"position\":2,\"name\":\"S\u00edtios Hist\u00f3ricos: Rota do Canga\u00e7o na PB contempla cen\u00e1rios da Revolta de Princesa\"}]},{\"@type\":\"WebSite\",\"@id\":\"https:\\\/\\\/blogdojoaocosta.com.br\\\/#website\",\"url\":\"https:\\\/\\\/blogdojoaocosta.com.br\\\/\",\"name\":\"Blog do Jo\u00e3o Costa\",\"description\":\"Assim Caminha a Humanidade\",\"potentialAction\":[{\"@type\":\"SearchAction\",\"target\":{\"@type\":\"EntryPoint\",\"urlTemplate\":\"https:\\\/\\\/blogdojoaocosta.com.br\\\/?s={search_term_string}\"},\"query-input\":{\"@type\":\"PropertyValueSpecification\",\"valueRequired\":true,\"valueName\":\"search_term_string\"}}],\"inLanguage\":\"pt-BR\"},{\"@type\":\"Person\",\"@id\":\"https:\\\/\\\/blogdojoaocosta.com.br\\\/#\\\/schema\\\/person\\\/af1c9fa31a41a9d29c32f74b41d55f6e\",\"name\":\"joaocosta\",\"image\":{\"@type\":\"ImageObject\",\"inLanguage\":\"pt-BR\",\"@id\":\"https:\\\/\\\/secure.gravatar.com\\\/avatar\\\/677b6f1fc54e8c7982d7dce3cfe65fce28f898f70d9b8b631786a0b1b18b11e5?s=96&d=mm&r=g\",\"url\":\"https:\\\/\\\/secure.gravatar.com\\\/avatar\\\/677b6f1fc54e8c7982d7dce3cfe65fce28f898f70d9b8b631786a0b1b18b11e5?s=96&d=mm&r=g\",\"contentUrl\":\"https:\\\/\\\/secure.gravatar.com\\\/avatar\\\/677b6f1fc54e8c7982d7dce3cfe65fce28f898f70d9b8b631786a0b1b18b11e5?s=96&d=mm&r=g\",\"caption\":\"joaocosta\"},\"sameAs\":[\"http:\\\/\\\/blogdojoaocosta.com.br\"],\"url\":\"https:\\\/\\\/blogdojoaocosta.com.br\\\/?author=1\"}]}<\/script>\n<!-- \/ Yoast SEO plugin. -->","yoast_head_json":{"title":"S\u00edtios Hist\u00f3ricos: Rota do Canga\u00e7o na PB contempla cen\u00e1rios da Revolta de Princesa - Blog do Jo\u00e3o Costa","robots":{"index":"index","follow":"follow","max-snippet":"max-snippet:-1","max-image-preview":"max-image-preview:large","max-video-preview":"max-video-preview:-1"},"canonical":"https:\/\/blogdojoaocosta.com.br\/?p=306","og_locale":"pt_BR","og_type":"article","og_title":"S\u00edtios Hist\u00f3ricos: Rota do Canga\u00e7o na PB contempla cen\u00e1rios da Revolta de Princesa - Blog do Jo\u00e3o Costa","og_description":"Fazer a Rota do canga\u00e7o entre Para\u00edba e Pernambuco \u00a0perpassar fazendas, s\u00edtios, vilas e cidades que se tornaram palco para Revolta de Princesa, entre junho-agosto de 1930, quando outra instabilidade assolou a Para\u00edba e o Brasil: a Revolu\u00e7\u00e3o de 30. Em novembro, quando de uma viagem-aventura para o Cariri Canga\u00e7o, em Serra Talhada(PE), em companhia [&hellip;]","og_url":"https:\/\/blogdojoaocosta.com.br\/?p=306","og_site_name":"Blog do Jo\u00e3o Costa","article_published_time":"2022-12-25T12:59:23+00:00","article_modified_time":"2023-01-06T02:20:31+00:00","og_image":[{"width":960,"height":1280,"url":"https:\/\/blogdojoaocosta.com.br\/wp-content\/uploads\/2022\/12\/WhatsApp-Image-2022-12-23-at-20.28.14.jpeg","type":"image\/jpeg"}],"author":"joaocosta","twitter_card":"summary_large_image","twitter_misc":{"Escrito por":"joaocosta","Est. tempo de leitura":"3 minutos"},"schema":{"@context":"https:\/\/schema.org","@graph":[{"@type":"Article","@id":"https:\/\/blogdojoaocosta.com.br\/?p=306#article","isPartOf":{"@id":"https:\/\/blogdojoaocosta.com.br\/?p=306"},"author":{"name":"joaocosta","@id":"https:\/\/blogdojoaocosta.com.br\/#\/schema\/person\/af1c9fa31a41a9d29c32f74b41d55f6e"},"headline":"S\u00edtios Hist\u00f3ricos: Rota do Canga\u00e7o na PB contempla cen\u00e1rios da Revolta de Princesa","datePublished":"2022-12-25T12:59:23+00:00","dateModified":"2023-01-06T02:20:31+00:00","mainEntityOfPage":{"@id":"https:\/\/blogdojoaocosta.com.br\/?p=306"},"wordCount":549,"commentCount":0,"image":{"@id":"https:\/\/blogdojoaocosta.com.br\/?p=306#primaryimage"},"thumbnailUrl":"https:\/\/blogdojoaocosta.com.br\/wp-content\/uploads\/2022\/12\/WhatsApp-Image-2022-12-23-at-20.28.14.jpeg","articleSection":["Andan\u00e7as"],"inLanguage":"pt-BR","potentialAction":[{"@type":"CommentAction","name":"Comment","target":["https:\/\/blogdojoaocosta.com.br\/?p=306#respond"]}]},{"@type":"WebPage","@id":"https:\/\/blogdojoaocosta.com.br\/?p=306","url":"https:\/\/blogdojoaocosta.com.br\/?p=306","name":"S\u00edtios Hist\u00f3ricos: Rota do Canga\u00e7o na PB contempla cen\u00e1rios da Revolta de Princesa - Blog do Jo\u00e3o Costa","isPartOf":{"@id":"https:\/\/blogdojoaocosta.com.br\/#website"},"primaryImageOfPage":{"@id":"https:\/\/blogdojoaocosta.com.br\/?p=306#primaryimage"},"image":{"@id":"https:\/\/blogdojoaocosta.com.br\/?p=306#primaryimage"},"thumbnailUrl":"https:\/\/blogdojoaocosta.com.br\/wp-content\/uploads\/2022\/12\/WhatsApp-Image-2022-12-23-at-20.28.14.jpeg","datePublished":"2022-12-25T12:59:23+00:00","dateModified":"2023-01-06T02:20:31+00:00","author":{"@id":"https:\/\/blogdojoaocosta.com.br\/#\/schema\/person\/af1c9fa31a41a9d29c32f74b41d55f6e"},"breadcrumb":{"@id":"https:\/\/blogdojoaocosta.com.br\/?p=306#breadcrumb"},"inLanguage":"pt-BR","potentialAction":[{"@type":"ReadAction","target":["https:\/\/blogdojoaocosta.com.br\/?p=306"]}]},{"@type":"ImageObject","inLanguage":"pt-BR","@id":"https:\/\/blogdojoaocosta.com.br\/?p=306#primaryimage","url":"https:\/\/blogdojoaocosta.com.br\/wp-content\/uploads\/2022\/12\/WhatsApp-Image-2022-12-23-at-20.28.14.jpeg","contentUrl":"https:\/\/blogdojoaocosta.com.br\/wp-content\/uploads\/2022\/12\/WhatsApp-Image-2022-12-23-at-20.28.14.jpeg","width":960,"height":1280},{"@type":"BreadcrumbList","@id":"https:\/\/blogdojoaocosta.com.br\/?p=306#breadcrumb","itemListElement":[{"@type":"ListItem","position":1,"name":"In\u00edcio","item":"https:\/\/blogdojoaocosta.com.br\/"},{"@type":"ListItem","position":2,"name":"S\u00edtios Hist\u00f3ricos: Rota do Canga\u00e7o na PB contempla cen\u00e1rios da Revolta de Princesa"}]},{"@type":"WebSite","@id":"https:\/\/blogdojoaocosta.com.br\/#website","url":"https:\/\/blogdojoaocosta.com.br\/","name":"Blog do Jo\u00e3o Costa","description":"Assim Caminha a Humanidade","potentialAction":[{"@type":"SearchAction","target":{"@type":"EntryPoint","urlTemplate":"https:\/\/blogdojoaocosta.com.br\/?s={search_term_string}"},"query-input":{"@type":"PropertyValueSpecification","valueRequired":true,"valueName":"search_term_string"}}],"inLanguage":"pt-BR"},{"@type":"Person","@id":"https:\/\/blogdojoaocosta.com.br\/#\/schema\/person\/af1c9fa31a41a9d29c32f74b41d55f6e","name":"joaocosta","image":{"@type":"ImageObject","inLanguage":"pt-BR","@id":"https:\/\/secure.gravatar.com\/avatar\/677b6f1fc54e8c7982d7dce3cfe65fce28f898f70d9b8b631786a0b1b18b11e5?s=96&d=mm&r=g","url":"https:\/\/secure.gravatar.com\/avatar\/677b6f1fc54e8c7982d7dce3cfe65fce28f898f70d9b8b631786a0b1b18b11e5?s=96&d=mm&r=g","contentUrl":"https:\/\/secure.gravatar.com\/avatar\/677b6f1fc54e8c7982d7dce3cfe65fce28f898f70d9b8b631786a0b1b18b11e5?s=96&d=mm&r=g","caption":"joaocosta"},"sameAs":["http:\/\/blogdojoaocosta.com.br"],"url":"https:\/\/blogdojoaocosta.com.br\/?author=1"}]}},"_links":{"self":[{"href":"https:\/\/blogdojoaocosta.com.br\/index.php?rest_route=\/wp\/v2\/posts\/306","targetHints":{"allow":["GET"]}}],"collection":[{"href":"https:\/\/blogdojoaocosta.com.br\/index.php?rest_route=\/wp\/v2\/posts"}],"about":[{"href":"https:\/\/blogdojoaocosta.com.br\/index.php?rest_route=\/wp\/v2\/types\/post"}],"author":[{"embeddable":true,"href":"https:\/\/blogdojoaocosta.com.br\/index.php?rest_route=\/wp\/v2\/users\/1"}],"replies":[{"embeddable":true,"href":"https:\/\/blogdojoaocosta.com.br\/index.php?rest_route=%2Fwp%2Fv2%2Fcomments&post=306"}],"version-history":[{"count":4,"href":"https:\/\/blogdojoaocosta.com.br\/index.php?rest_route=\/wp\/v2\/posts\/306\/revisions"}],"predecessor-version":[{"id":313,"href":"https:\/\/blogdojoaocosta.com.br\/index.php?rest_route=\/wp\/v2\/posts\/306\/revisions\/313"}],"wp:featuredmedia":[{"embeddable":true,"href":"https:\/\/blogdojoaocosta.com.br\/index.php?rest_route=\/wp\/v2\/media\/307"}],"wp:attachment":[{"href":"https:\/\/blogdojoaocosta.com.br\/index.php?rest_route=%2Fwp%2Fv2%2Fmedia&parent=306"}],"wp:term":[{"taxonomy":"category","embeddable":true,"href":"https:\/\/blogdojoaocosta.com.br\/index.php?rest_route=%2Fwp%2Fv2%2Fcategories&post=306"},{"taxonomy":"post_tag","embeddable":true,"href":"https:\/\/blogdojoaocosta.com.br\/index.php?rest_route=%2Fwp%2Fv2%2Ftags&post=306"}],"curies":[{"name":"wp","href":"https:\/\/api.w.org\/{rel}","templated":true}]}}