{"id":3143,"date":"2025-12-12T13:06:32","date_gmt":"2025-12-12T16:06:32","guid":{"rendered":"https:\/\/blogdojoaocosta.com.br\/?p=3143"},"modified":"2025-12-12T13:06:32","modified_gmt":"2025-12-12T16:06:32","slug":"pombal-suassuniano-leandro-gomes-de-barros-e-o-coronel-jose-avelino-na-pedra-do-reino","status":"publish","type":"post","link":"https:\/\/blogdojoaocosta.com.br\/?p=3143","title":{"rendered":"Pombal Suassuniano &#8211; Leandro Gomes de Barros e o Coronel Jos\u00e9 Avelino na Pedra do Reino"},"content":{"rendered":"<p><em><strong>Pombal e o Imagin\u00e1rio Suassuniano &#8211; Leandro Gomes de Barros e o Coronel Jos\u00e9 Avelino na Pedra do Reino<\/strong><\/em><\/p>\n<p><em><strong>Jos\u00e9 Tavares de Ara\u00fajo Neto<\/strong><\/em><\/p>\n<p>Antes mesmo de surgir como paisagem simb\u00f3lica em sua obra, Pombal j\u00e1 fazia parte da biografia afetiva e formadora de Ariano Suassuna. Suas ra\u00edzes familiares o ligavam diretamente \u00e0 regi\u00e3o e \u00e0 tradi\u00e7\u00e3o sertaneja que ele mais tarde elevaria \u00e0 condi\u00e7\u00e3o de mito liter\u00e1rio.<\/p>\n<p>Seu tio materno, Alfredo Dantas Villar, o conhecido tio Dod\u00f4, era propriet\u00e1rio rural em Pombal e casado com Maria das Neves de Queiroga, filha do coronel Jos\u00e9 Avelino de Queiroga. Ariano conviveu intensamente com esse tio e o reconheceu como figura decisiva em sua forma\u00e7\u00e3o imaginativa, a ponto de inclu\u00ed-lo na dedicat\u00f3ria de O Romance d\u2019A Pedra do Reino, entre os \u201cpoetas e profetas do Sert\u00e3o\u201d, ao lado daqueles que moldaram seu horizonte simb\u00f3lico.<\/p>\n<p>A m\u00e3e do escritor, Rita Dantas Villar, tamb\u00e9m mantinha la\u00e7os patrimoniais com o territ\u00f3rio pombalense. Foi ela quem adquiriu a Fazenda Saco com o dinheiro obtido na venda da Fazenda Acau\u00e3, em Sousa. Essa mudan\u00e7a, motivada por circunst\u00e2ncias familiares, redefiniu o cen\u00e1rio da inf\u00e2ncia de Ariano e, de certa maneira, a geografia \u00edntima de sua imagina\u00e7\u00e3o.<\/p>\n<p>No livro A pens\u00e3o de Dona Berta e outras hist\u00f3rias para jovens, Suassuna relembra com ternura o per\u00edodo vivido na Fazenda Saco e menciona sua tia Neves como a respons\u00e1vel por sua alfabetiza\u00e7\u00e3o. \u00c9 importante esclarecer que ele se refere a Maria das Neves Dantas Villar, irm\u00e3 de sua m\u00e3e, e n\u00e3o a Maria das Neves de Queiroga, esposa de tio Dod\u00f4. Ariano recorda:<\/p>\n<p>\u201cEm 1932, fomos para a fazenda \u2018Saco\u2019, de meu tio materno, Alfredo Dantas Villar, tio Dod\u00f4: comecei a participar, como acompanhante, de suas ca\u00e7adas e expedi\u00e7\u00f5es sertanejas. Foi a\u00ed que minha amada tia Neves me deu uma cartilha e come\u00e7ou a me alfabetizar. Coitada, santa como era, n\u00e3o sabia que, naquele momento, estava me vendendo como escravo.\u201d<\/p>\n<p>A ironia afetuosa revela o peso simb\u00f3lico desse espa\u00e7o sertanejo, que representou sua inicia\u00e7\u00e3o \u00e0s hist\u00f3rias, \u00e0s oralidades, \u00e0s paisagens \u00e9picas e ao humor que mais tarde floresceriam em sua obra. Assim, quando Pombal aparece em seu universo liter\u00e1rio, mesmo de modo discreto, surge como raiz profunda de seu imagin\u00e1rio, e n\u00e3o como simples refer\u00eancia geogr\u00e1fica.<\/p>\n<p>\u00c9 nesse contexto que se inscreve a presen\u00e7a pombalense em O Romance d\u2019A Pedra do Reino e o Pr\u00edncipe do Sangue do Vai-e-Volta, monumento liter\u00e1rio em que Suassuna constr\u00f3i um Sert\u00e3o que combina mem\u00f3ria, sonho e teatralidade barroca.<\/p>\n<p>Nesse palco exuberante, duas figuras oriundas de Pombal, decisivas para o imagin\u00e1rio sertanejo, ocupam lugar de destaque no mapa m\u00edtico suassuniano: o poeta Leandro Gomes de Barros e o coronel Jos\u00e9 Avelino de Queiroga, propriet\u00e1rio do c\u00e9lebre cavalo de sela Sicala de Mil\u00e3o.<\/p>\n<p>Leandro, pombalense de nascimento e pai do cordel brasileiro, aparece como uma das principais influ\u00eancias na forma\u00e7\u00e3o da vis\u00e3o de mundo de Pedro Dinis Quaderna. Ariano o menciona desde as dedicat\u00f3rias, entre os \u201cpoetas e profetas do Sert\u00e3o\u201d, e o resgata nos momentos em que Quaderna recorda as d\u00e9cimas que sabia de cor, exerc\u00edcios de engenho que moldaram sua verve narrativa.<\/p>\n<p>&nbsp;<\/p>\n<p>A presen\u00e7a de Dod\u00f4 Dantas nessa mesma dedicat\u00f3ria refor\u00e7a o modo como Suassuna une genealogia afetiva, literatura popular e mem\u00f3ria sertaneja em um \u00fanico eixo de cria\u00e7\u00e3o.<\/p>\n<p>A for\u00e7a de Leandro se revela com clareza quando Quaderna confessa que sua concep\u00e7\u00e3o do Sert\u00e3o como Reino nasceu de um romance cantado por sua tia Filipa, obra do poeta de Pombal:<\/p>\n<p>\u201cO Sert\u00e3o me aparecia, ent\u00e3o, como um Reino, o Reino do qual falava o genial Poeta sertanejo Leandro Gomes de Barros\u2026\u201d<\/p>\n<p>Com essa afirma\u00e7\u00e3o, Suassuna reconhece que a matriz simb\u00f3lica da Pedra do Reino procede do cordel leandrino. Leandro \u00e9 o engenheiro da imagina\u00e7\u00e3o que fornece a estrutura original do mito. Ariano, o arquiteto que a amplia e transforma. Se Quaderna sonha um Sert\u00e3o-monarquia, \u00e9 porque Leandro, muito antes, j\u00e1 havia concebido essa arquitetura imagin\u00e1ria.<\/p>\n<p>Se Leandro representa a for\u00e7a criadora, o coronel Jos\u00e9 Avelino de Queiroga, cuja fam\u00edlia se entrela\u00e7a \u00e0 pr\u00f3pria linhagem de Ariano, simboliza a nobreza sertaneja, a tradi\u00e7\u00e3o coronelista e a autoridade rural. Sua presen\u00e7a no romance surge por meio de um emblema marcante, o cavalo de sela Sicala de Mil\u00e3o, nomeado com teatralidade que combina pompa e humor.<\/p>\n<p>A primeira men\u00e7\u00e3o ocorre quando Quaderna observa um cavaleiro montado no animal:<\/p>\n<p>\u201c\u2026montado num cavalo de sela do Coronel Queiroga, de Pombal\u2026\u201d (p. 473)<\/p>\n<p>A pompa do nome Sicala de Mil\u00e3o combina galhofa e nobreza. Evoca a cavalaria medieval e o orgulho sertanejo dos criadores de montaria fina. Ariano cria uma s\u00edntese singular: o cavalo \u00e9 sertanejo na musculatura, mas europeu no batismo, como se viesse de uma linhagem imagin\u00e1ria que atravessa oceanos e s\u00e9culos.<\/p>\n<p>&nbsp;<\/p>\n<p>Em seguida, Quaderna demonstra surpresa diante da ousadia de estrangeiros que manipulavam o animal:<\/p>\n<p>&nbsp;<\/p>\n<p>\u201c\u2026eu s\u00f3 me admirava era de que um homem s\u00e9rio e sisudo, como o Coronel Queiroga, de Pombal, deixasse aquele pessoal estrangeiro tomar essas liberdades com o cavalo de sela dele!\u201d (p. 474)<\/p>\n<p>O coronel surge como figura de respeito, e o cavalo, extens\u00e3o simb\u00f3lica de sua honra, torna-se espelho da cultura sertaneja. O epis\u00f3dio se encerra com o humor caracter\u00edstico do narrador:<\/p>\n<p>\u201cPor fundo de cavalo meu, eu n\u00e3o deixo nem entrar nem sair ningu\u00e9m!\u201d<\/p>\n<p>O coronel Queiroga personifica o poder social; Leandro, a for\u00e7a criativa. Um representa o corpo da tradi\u00e7\u00e3o, o outro fornece seu esp\u00edrito. Juntos, reafirmam o lugar de Pombal na cartografia m\u00edtica de Ariano Suassuna.<\/p>\n<p>Ao incluir tio Dod\u00f4 entre seus \u201cprofetas\u201d, o escritor inscreve sua pr\u00f3pria genealogia no mesmo territ\u00f3rio simb\u00f3lico que exalta.<\/p>\n<p>Ao reunir Leandro, Queiroga e sua pr\u00f3pria fam\u00edlia na tessitura narrativa, Suassuna transforma Pombal em um duplo farol, o da poesia e o da tradi\u00e7\u00e3o. A cidade aparece como ber\u00e7o da palavra criadora e da autoridade sertaneja, como se nela convivessem o guerreiro e o poeta, o cavalo Sicala de Mil\u00e3o e o Reino imaginado por Leandro.<\/p>\n<p>No universo suassuniano, o Sert\u00e3o \u00e9 sempre magnificado. Mas quando Pombal surge, mesmo discretamente, percebe-se que ali pulsa uma parte essencial do cora\u00e7\u00e3o m\u00edtico da Pedra do Reino.<\/p>\n<p>REFER\u00caNCIAS DAS EDI\u00c7\u00d5ES CONSULTADAS<\/p>\n<p>SUASSUNA, Ariano. Romance d\u2019A Pedra do Reino e o Pr\u00edncipe do Sangue do Vai-e-Volta. \u00a9 1971.<\/p>\n<p>Ed. digital. Rio de Janeiro: Jos\u00e9 Olympio, 2013.<\/p>\n<p>ISBN: 978-85-03-01218-8.<\/p>\n<p>SUASSUNA, Ariano. A pens\u00e3o de Dona Berta e outras hist\u00f3rias para jovens. Organiza\u00e7\u00e3o de Carlos Newton J\u00fanior; ilustra\u00e7\u00f5es de Manuel Dantas Suassuna. Rio de Janeiro: Nova Fronteira, 2021.<\/p>\n<p># Jos\u00e9 Tavares \u00e9 escritor e pesquisador do canga\u00e7o.<\/p>\n","protected":false},"excerpt":{"rendered":"<p>Pombal e o Imagin\u00e1rio Suassuniano &#8211; Leandro Gomes de Barros e o Coronel Jos\u00e9 Avelino na Pedra do Reino Jos\u00e9 Tavares de Ara\u00fajo Neto Antes mesmo de surgir como paisagem simb\u00f3lica em sua obra, Pombal j\u00e1 fazia parte da biografia afetiva e formadora de Ariano Suassuna. Suas ra\u00edzes familiares o ligavam diretamente \u00e0 regi\u00e3o e [&hellip;]<\/p>\n","protected":false},"author":1,"featured_media":3144,"comment_status":"open","ping_status":"open","sticky":false,"template":"","format":"standard","meta":{"footnotes":""},"categories":[6],"tags":[],"class_list":["post-3143","post","type-post","status-publish","format-standard","has-post-thumbnail","hentry","category-cultura"],"yoast_head":"<!-- This site is optimized with the Yoast SEO plugin v27.5 - https:\/\/yoast.com\/product\/yoast-seo-wordpress\/ -->\n<title>Pombal Suassuniano - Leandro Gomes de Barros e o Coronel Jos\u00e9 Avelino na Pedra do Reino - Blog do Jo\u00e3o Costa<\/title>\n<meta name=\"robots\" content=\"index, follow, max-snippet:-1, max-image-preview:large, max-video-preview:-1\" \/>\n<link rel=\"canonical\" href=\"https:\/\/blogdojoaocosta.com.br\/?p=3143\" \/>\n<meta property=\"og:locale\" content=\"pt_BR\" \/>\n<meta property=\"og:type\" content=\"article\" \/>\n<meta property=\"og:title\" content=\"Pombal Suassuniano - Leandro Gomes de Barros e o Coronel Jos\u00e9 Avelino na Pedra do Reino - Blog do Jo\u00e3o Costa\" \/>\n<meta property=\"og:description\" content=\"Pombal e o Imagin\u00e1rio Suassuniano &#8211; Leandro Gomes de Barros e o Coronel Jos\u00e9 Avelino na Pedra do Reino Jos\u00e9 Tavares de Ara\u00fajo Neto Antes mesmo de surgir como paisagem simb\u00f3lica em sua obra, Pombal j\u00e1 fazia parte da biografia afetiva e formadora de Ariano Suassuna. Suas ra\u00edzes familiares o ligavam diretamente \u00e0 regi\u00e3o e [&hellip;]\" \/>\n<meta property=\"og:url\" content=\"https:\/\/blogdojoaocosta.com.br\/?p=3143\" \/>\n<meta property=\"og:site_name\" content=\"Blog do Jo\u00e3o Costa\" \/>\n<meta property=\"article:published_time\" content=\"2025-12-12T16:06:32+00:00\" \/>\n<meta property=\"og:image\" content=\"https:\/\/blogdojoaocosta.com.br\/wp-content\/uploads\/2025\/12\/Jose-tavares.jpeg\" \/>\n\t<meta property=\"og:image:width\" content=\"849\" \/>\n\t<meta property=\"og:image:height\" content=\"711\" \/>\n\t<meta property=\"og:image:type\" content=\"image\/jpeg\" \/>\n<meta name=\"author\" content=\"joaocosta\" \/>\n<meta name=\"twitter:card\" content=\"summary_large_image\" \/>\n<meta name=\"twitter:label1\" content=\"Escrito por\" \/>\n\t<meta name=\"twitter:data1\" content=\"joaocosta\" \/>\n\t<meta name=\"twitter:label2\" content=\"Est. tempo de leitura\" \/>\n\t<meta name=\"twitter:data2\" content=\"7 minutos\" \/>\n<script type=\"application\/ld+json\" class=\"yoast-schema-graph\">{\"@context\":\"https:\\\/\\\/schema.org\",\"@graph\":[{\"@type\":\"Article\",\"@id\":\"https:\\\/\\\/blogdojoaocosta.com.br\\\/?p=3143#article\",\"isPartOf\":{\"@id\":\"https:\\\/\\\/blogdojoaocosta.com.br\\\/?p=3143\"},\"author\":{\"name\":\"joaocosta\",\"@id\":\"https:\\\/\\\/blogdojoaocosta.com.br\\\/#\\\/schema\\\/person\\\/af1c9fa31a41a9d29c32f74b41d55f6e\"},\"headline\":\"Pombal Suassuniano &#8211; Leandro Gomes de Barros e o Coronel Jos\u00e9 Avelino na Pedra do Reino\",\"datePublished\":\"2025-12-12T16:06:32+00:00\",\"mainEntityOfPage\":{\"@id\":\"https:\\\/\\\/blogdojoaocosta.com.br\\\/?p=3143\"},\"wordCount\":1204,\"commentCount\":0,\"image\":{\"@id\":\"https:\\\/\\\/blogdojoaocosta.com.br\\\/?p=3143#primaryimage\"},\"thumbnailUrl\":\"https:\\\/\\\/blogdojoaocosta.com.br\\\/wp-content\\\/uploads\\\/2025\\\/12\\\/Jose-tavares.jpeg\",\"articleSection\":[\"Cultura\"],\"inLanguage\":\"pt-BR\",\"potentialAction\":[{\"@type\":\"CommentAction\",\"name\":\"Comment\",\"target\":[\"https:\\\/\\\/blogdojoaocosta.com.br\\\/?p=3143#respond\"]}]},{\"@type\":\"WebPage\",\"@id\":\"https:\\\/\\\/blogdojoaocosta.com.br\\\/?p=3143\",\"url\":\"https:\\\/\\\/blogdojoaocosta.com.br\\\/?p=3143\",\"name\":\"Pombal Suassuniano - Leandro Gomes de Barros e o Coronel Jos\u00e9 Avelino na Pedra do Reino - Blog do Jo\u00e3o Costa\",\"isPartOf\":{\"@id\":\"https:\\\/\\\/blogdojoaocosta.com.br\\\/#website\"},\"primaryImageOfPage\":{\"@id\":\"https:\\\/\\\/blogdojoaocosta.com.br\\\/?p=3143#primaryimage\"},\"image\":{\"@id\":\"https:\\\/\\\/blogdojoaocosta.com.br\\\/?p=3143#primaryimage\"},\"thumbnailUrl\":\"https:\\\/\\\/blogdojoaocosta.com.br\\\/wp-content\\\/uploads\\\/2025\\\/12\\\/Jose-tavares.jpeg\",\"datePublished\":\"2025-12-12T16:06:32+00:00\",\"author\":{\"@id\":\"https:\\\/\\\/blogdojoaocosta.com.br\\\/#\\\/schema\\\/person\\\/af1c9fa31a41a9d29c32f74b41d55f6e\"},\"breadcrumb\":{\"@id\":\"https:\\\/\\\/blogdojoaocosta.com.br\\\/?p=3143#breadcrumb\"},\"inLanguage\":\"pt-BR\",\"potentialAction\":[{\"@type\":\"ReadAction\",\"target\":[\"https:\\\/\\\/blogdojoaocosta.com.br\\\/?p=3143\"]}]},{\"@type\":\"ImageObject\",\"inLanguage\":\"pt-BR\",\"@id\":\"https:\\\/\\\/blogdojoaocosta.com.br\\\/?p=3143#primaryimage\",\"url\":\"https:\\\/\\\/blogdojoaocosta.com.br\\\/wp-content\\\/uploads\\\/2025\\\/12\\\/Jose-tavares.jpeg\",\"contentUrl\":\"https:\\\/\\\/blogdojoaocosta.com.br\\\/wp-content\\\/uploads\\\/2025\\\/12\\\/Jose-tavares.jpeg\",\"width\":849,\"height\":711},{\"@type\":\"BreadcrumbList\",\"@id\":\"https:\\\/\\\/blogdojoaocosta.com.br\\\/?p=3143#breadcrumb\",\"itemListElement\":[{\"@type\":\"ListItem\",\"position\":1,\"name\":\"In\u00edcio\",\"item\":\"https:\\\/\\\/blogdojoaocosta.com.br\\\/\"},{\"@type\":\"ListItem\",\"position\":2,\"name\":\"Pombal Suassuniano &#8211; Leandro Gomes de Barros e o Coronel Jos\u00e9 Avelino na Pedra do Reino\"}]},{\"@type\":\"WebSite\",\"@id\":\"https:\\\/\\\/blogdojoaocosta.com.br\\\/#website\",\"url\":\"https:\\\/\\\/blogdojoaocosta.com.br\\\/\",\"name\":\"Blog do Jo\u00e3o Costa\",\"description\":\"Assim Caminha a Humanidade\",\"potentialAction\":[{\"@type\":\"SearchAction\",\"target\":{\"@type\":\"EntryPoint\",\"urlTemplate\":\"https:\\\/\\\/blogdojoaocosta.com.br\\\/?s={search_term_string}\"},\"query-input\":{\"@type\":\"PropertyValueSpecification\",\"valueRequired\":true,\"valueName\":\"search_term_string\"}}],\"inLanguage\":\"pt-BR\"},{\"@type\":\"Person\",\"@id\":\"https:\\\/\\\/blogdojoaocosta.com.br\\\/#\\\/schema\\\/person\\\/af1c9fa31a41a9d29c32f74b41d55f6e\",\"name\":\"joaocosta\",\"image\":{\"@type\":\"ImageObject\",\"inLanguage\":\"pt-BR\",\"@id\":\"https:\\\/\\\/secure.gravatar.com\\\/avatar\\\/677b6f1fc54e8c7982d7dce3cfe65fce28f898f70d9b8b631786a0b1b18b11e5?s=96&d=mm&r=g\",\"url\":\"https:\\\/\\\/secure.gravatar.com\\\/avatar\\\/677b6f1fc54e8c7982d7dce3cfe65fce28f898f70d9b8b631786a0b1b18b11e5?s=96&d=mm&r=g\",\"contentUrl\":\"https:\\\/\\\/secure.gravatar.com\\\/avatar\\\/677b6f1fc54e8c7982d7dce3cfe65fce28f898f70d9b8b631786a0b1b18b11e5?s=96&d=mm&r=g\",\"caption\":\"joaocosta\"},\"sameAs\":[\"http:\\\/\\\/blogdojoaocosta.com.br\"],\"url\":\"https:\\\/\\\/blogdojoaocosta.com.br\\\/?author=1\"}]}<\/script>\n<!-- \/ Yoast SEO plugin. -->","yoast_head_json":{"title":"Pombal Suassuniano - Leandro Gomes de Barros e o Coronel Jos\u00e9 Avelino na Pedra do Reino - Blog do Jo\u00e3o Costa","robots":{"index":"index","follow":"follow","max-snippet":"max-snippet:-1","max-image-preview":"max-image-preview:large","max-video-preview":"max-video-preview:-1"},"canonical":"https:\/\/blogdojoaocosta.com.br\/?p=3143","og_locale":"pt_BR","og_type":"article","og_title":"Pombal Suassuniano - Leandro Gomes de Barros e o Coronel Jos\u00e9 Avelino na Pedra do Reino - Blog do Jo\u00e3o Costa","og_description":"Pombal e o Imagin\u00e1rio Suassuniano &#8211; Leandro Gomes de Barros e o Coronel Jos\u00e9 Avelino na Pedra do Reino Jos\u00e9 Tavares de Ara\u00fajo Neto Antes mesmo de surgir como paisagem simb\u00f3lica em sua obra, Pombal j\u00e1 fazia parte da biografia afetiva e formadora de Ariano Suassuna. Suas ra\u00edzes familiares o ligavam diretamente \u00e0 regi\u00e3o e [&hellip;]","og_url":"https:\/\/blogdojoaocosta.com.br\/?p=3143","og_site_name":"Blog do Jo\u00e3o Costa","article_published_time":"2025-12-12T16:06:32+00:00","og_image":[{"width":849,"height":711,"url":"https:\/\/blogdojoaocosta.com.br\/wp-content\/uploads\/2025\/12\/Jose-tavares.jpeg","type":"image\/jpeg"}],"author":"joaocosta","twitter_card":"summary_large_image","twitter_misc":{"Escrito por":"joaocosta","Est. tempo de leitura":"7 minutos"},"schema":{"@context":"https:\/\/schema.org","@graph":[{"@type":"Article","@id":"https:\/\/blogdojoaocosta.com.br\/?p=3143#article","isPartOf":{"@id":"https:\/\/blogdojoaocosta.com.br\/?p=3143"},"author":{"name":"joaocosta","@id":"https:\/\/blogdojoaocosta.com.br\/#\/schema\/person\/af1c9fa31a41a9d29c32f74b41d55f6e"},"headline":"Pombal Suassuniano &#8211; Leandro Gomes de Barros e o Coronel Jos\u00e9 Avelino na Pedra do Reino","datePublished":"2025-12-12T16:06:32+00:00","mainEntityOfPage":{"@id":"https:\/\/blogdojoaocosta.com.br\/?p=3143"},"wordCount":1204,"commentCount":0,"image":{"@id":"https:\/\/blogdojoaocosta.com.br\/?p=3143#primaryimage"},"thumbnailUrl":"https:\/\/blogdojoaocosta.com.br\/wp-content\/uploads\/2025\/12\/Jose-tavares.jpeg","articleSection":["Cultura"],"inLanguage":"pt-BR","potentialAction":[{"@type":"CommentAction","name":"Comment","target":["https:\/\/blogdojoaocosta.com.br\/?p=3143#respond"]}]},{"@type":"WebPage","@id":"https:\/\/blogdojoaocosta.com.br\/?p=3143","url":"https:\/\/blogdojoaocosta.com.br\/?p=3143","name":"Pombal Suassuniano - Leandro Gomes de Barros e o Coronel Jos\u00e9 Avelino na Pedra do Reino - Blog do Jo\u00e3o Costa","isPartOf":{"@id":"https:\/\/blogdojoaocosta.com.br\/#website"},"primaryImageOfPage":{"@id":"https:\/\/blogdojoaocosta.com.br\/?p=3143#primaryimage"},"image":{"@id":"https:\/\/blogdojoaocosta.com.br\/?p=3143#primaryimage"},"thumbnailUrl":"https:\/\/blogdojoaocosta.com.br\/wp-content\/uploads\/2025\/12\/Jose-tavares.jpeg","datePublished":"2025-12-12T16:06:32+00:00","author":{"@id":"https:\/\/blogdojoaocosta.com.br\/#\/schema\/person\/af1c9fa31a41a9d29c32f74b41d55f6e"},"breadcrumb":{"@id":"https:\/\/blogdojoaocosta.com.br\/?p=3143#breadcrumb"},"inLanguage":"pt-BR","potentialAction":[{"@type":"ReadAction","target":["https:\/\/blogdojoaocosta.com.br\/?p=3143"]}]},{"@type":"ImageObject","inLanguage":"pt-BR","@id":"https:\/\/blogdojoaocosta.com.br\/?p=3143#primaryimage","url":"https:\/\/blogdojoaocosta.com.br\/wp-content\/uploads\/2025\/12\/Jose-tavares.jpeg","contentUrl":"https:\/\/blogdojoaocosta.com.br\/wp-content\/uploads\/2025\/12\/Jose-tavares.jpeg","width":849,"height":711},{"@type":"BreadcrumbList","@id":"https:\/\/blogdojoaocosta.com.br\/?p=3143#breadcrumb","itemListElement":[{"@type":"ListItem","position":1,"name":"In\u00edcio","item":"https:\/\/blogdojoaocosta.com.br\/"},{"@type":"ListItem","position":2,"name":"Pombal Suassuniano &#8211; Leandro Gomes de Barros e o Coronel Jos\u00e9 Avelino na Pedra do Reino"}]},{"@type":"WebSite","@id":"https:\/\/blogdojoaocosta.com.br\/#website","url":"https:\/\/blogdojoaocosta.com.br\/","name":"Blog do Jo\u00e3o Costa","description":"Assim Caminha a Humanidade","potentialAction":[{"@type":"SearchAction","target":{"@type":"EntryPoint","urlTemplate":"https:\/\/blogdojoaocosta.com.br\/?s={search_term_string}"},"query-input":{"@type":"PropertyValueSpecification","valueRequired":true,"valueName":"search_term_string"}}],"inLanguage":"pt-BR"},{"@type":"Person","@id":"https:\/\/blogdojoaocosta.com.br\/#\/schema\/person\/af1c9fa31a41a9d29c32f74b41d55f6e","name":"joaocosta","image":{"@type":"ImageObject","inLanguage":"pt-BR","@id":"https:\/\/secure.gravatar.com\/avatar\/677b6f1fc54e8c7982d7dce3cfe65fce28f898f70d9b8b631786a0b1b18b11e5?s=96&d=mm&r=g","url":"https:\/\/secure.gravatar.com\/avatar\/677b6f1fc54e8c7982d7dce3cfe65fce28f898f70d9b8b631786a0b1b18b11e5?s=96&d=mm&r=g","contentUrl":"https:\/\/secure.gravatar.com\/avatar\/677b6f1fc54e8c7982d7dce3cfe65fce28f898f70d9b8b631786a0b1b18b11e5?s=96&d=mm&r=g","caption":"joaocosta"},"sameAs":["http:\/\/blogdojoaocosta.com.br"],"url":"https:\/\/blogdojoaocosta.com.br\/?author=1"}]}},"_links":{"self":[{"href":"https:\/\/blogdojoaocosta.com.br\/index.php?rest_route=\/wp\/v2\/posts\/3143","targetHints":{"allow":["GET"]}}],"collection":[{"href":"https:\/\/blogdojoaocosta.com.br\/index.php?rest_route=\/wp\/v2\/posts"}],"about":[{"href":"https:\/\/blogdojoaocosta.com.br\/index.php?rest_route=\/wp\/v2\/types\/post"}],"author":[{"embeddable":true,"href":"https:\/\/blogdojoaocosta.com.br\/index.php?rest_route=\/wp\/v2\/users\/1"}],"replies":[{"embeddable":true,"href":"https:\/\/blogdojoaocosta.com.br\/index.php?rest_route=%2Fwp%2Fv2%2Fcomments&post=3143"}],"version-history":[{"count":1,"href":"https:\/\/blogdojoaocosta.com.br\/index.php?rest_route=\/wp\/v2\/posts\/3143\/revisions"}],"predecessor-version":[{"id":3145,"href":"https:\/\/blogdojoaocosta.com.br\/index.php?rest_route=\/wp\/v2\/posts\/3143\/revisions\/3145"}],"wp:featuredmedia":[{"embeddable":true,"href":"https:\/\/blogdojoaocosta.com.br\/index.php?rest_route=\/wp\/v2\/media\/3144"}],"wp:attachment":[{"href":"https:\/\/blogdojoaocosta.com.br\/index.php?rest_route=%2Fwp%2Fv2%2Fmedia&parent=3143"}],"wp:term":[{"taxonomy":"category","embeddable":true,"href":"https:\/\/blogdojoaocosta.com.br\/index.php?rest_route=%2Fwp%2Fv2%2Fcategories&post=3143"},{"taxonomy":"post_tag","embeddable":true,"href":"https:\/\/blogdojoaocosta.com.br\/index.php?rest_route=%2Fwp%2Fv2%2Ftags&post=3143"}],"curies":[{"name":"wp","href":"https:\/\/api.w.org\/{rel}","templated":true}]}}