{"id":3147,"date":"2025-12-14T06:57:05","date_gmt":"2025-12-14T09:57:05","guid":{"rendered":"https:\/\/blogdojoaocosta.com.br\/?p=3147"},"modified":"2025-12-14T06:58:21","modified_gmt":"2025-12-14T09:58:21","slug":"entre-o-calice-e-o-cale-se-o-amargor-do-ai-5","status":"publish","type":"post","link":"https:\/\/blogdojoaocosta.com.br\/?p=3147","title":{"rendered":"Entre o C\u00e1lice e o Cale-se: O Amargor do AI-5"},"content":{"rendered":"<p><em><strong>Jos\u00e9 Tavares de Ara\u00fajo Neto<\/strong><\/em><\/p>\n<h2>\u00a0\u201cPai, se queres, afasta de mim este c\u00e1lice.\u201d<\/h2>\n<p>(Lucas 22:42)<\/p>\n<p>A can\u00e7\u00e3o C\u00e1lice, composta por Chico Buarque e Gilberto Gil em 1973, ocupa um lugar destacado na hist\u00f3ria da m\u00fasica popular brasileira como s\u00edmbolo de resist\u00eancia \u00e0 censura e \u00e0 repress\u00e3o da Ditadura Militar.<\/p>\n<p>Criada durante um dos per\u00edodos mais sombrios do regime, sob a vig\u00eancia do AI-5, a obra traduz, em linguagem po\u00e9tica e metaf\u00f3rica, a experi\u00eancia coletiva do silenciamento imposto \u00e0 sociedade brasileira.<\/p>\n<p>A composi\u00e7\u00e3o nasceu de um encontro dos dois artistas durante a Semana Santa, \u00e0s margens da Lagoa Rodrigo de Freitas, no Rio de Janeiro.<\/p>\n<p>O contraste entre a paisagem serena e o clima de viol\u00eancia pol\u00edtica que dominava o pa\u00eds refor\u00e7a o car\u00e1ter simb\u00f3lico da can\u00e7\u00e3o, concebida desde o in\u00edcio como um gesto de enfrentamento.<\/p>\n<p>Em vez do protesto direto, Chico e Gil optaram pela sutileza da linguagem, explorando ambiguidades sem\u00e2nticas capazes de atravessar a censura e alcan\u00e7ar o ouvinte atento.<\/p>\n<p>A palavra \u201cc\u00e1lice\u201d constitui o eixo central da can\u00e7\u00e3o. Ao ser cantada, confunde-se propositalmente com a express\u00e3o \u201ccale-se\u201d, transformando um s\u00edmbolo religioso em den\u00fancia pol\u00edtica.<\/p>\n<p>A refer\u00eancia b\u00edblica \u00e9 decisiva. O verso retoma a s\u00faplica de Jesus no Jardim do Gets\u00eamani e a converte de ora\u00e7\u00e3o religiosa em clamor pol\u00edtico. O c\u00e1lice j\u00e1 n\u00e3o representa apenas o sofrimento espiritual do Cristo, mas o peso hist\u00f3rico da repress\u00e3o, a dor coletiva de um pa\u00eds impedido de falar.<\/p>\n<p>Essa estrat\u00e9gia po\u00e9tica tornou C\u00e1lice imediatamente suspeita aos olhos da censura. A m\u00fasica foi proibida e permaneceu vetada por cinco anos, sendo lan\u00e7ada oficialmente apenas em 1978.<\/p>\n<p>Antes disso, tentativas de execu\u00e7\u00e3o p\u00fablica foram interrompidas, em epis\u00f3dios que acabaram por materializar, de forma quase aleg\u00f3rica, o pr\u00f3prio tema da can\u00e7\u00e3o. O sil\u00eancio imposto pelos censores repetia, na pr\u00e1tica, a ordem impl\u00edcita no refr\u00e3o.<\/p>\n<p>O texto da m\u00fasica \u00e9 atravessado por imagens densas e perturbadoras. A express\u00e3o \u201cvinho tinto de sangue\u201d evoca tanto o sacrif\u00edcio crist\u00e3o quanto o sangue real derramado pelas v\u00edtimas da tortura e da viol\u00eancia de Estado.<\/p>\n<p>O verso \u201cmesmo calada a boca, resta o peito\u201d afirma a persist\u00eancia da consci\u00eancia e da resist\u00eancia interior, sugerindo que o sil\u00eancio for\u00e7ado n\u00e3o anula o pensamento nem o sentimento.<\/p>\n<p>J\u00e1 o \u201cmonstro da lagoa\u201d, imagem posteriormente comentada por Gilberto Gil, remete aos corpos de desaparecidos pol\u00edticos que surgiam em rios e mares, trazendo \u00e0 superf\u00edcie aquilo que o regime tentava ocultar.<\/p>\n<p>Trata-se de uma met\u00e1fora perturbadora, que desloca a paisagem cotidiana para o territ\u00f3rio do horror pol\u00edtico.<\/p>\n<p>C\u00e1lice \u00e9 uma can\u00e7\u00e3o austera, contida e profundamente \u00e9tica. Sua for\u00e7a n\u00e3o reside no grito, mas na tens\u00e3o permanente entre o que se deseja dizer e o que \u00e9 impedido de ser dito.<\/p>\n<p>A melodia, de andamento grave e quase lit\u00fargico, refor\u00e7a o car\u00e1ter de ora\u00e7\u00e3o e lamento, aproximando a experi\u00eancia pol\u00edtica de uma dimens\u00e3o espiritual e existencial.<\/p>\n<p>A letra constr\u00f3i um campo constante de fric\u00e7\u00e3o entre voz e sil\u00eancio. Cada verso parece lutar para existir, como se estivesse sempre \u00e0 beira da interrup\u00e7\u00e3o. Essa conten\u00e7\u00e3o formal n\u00e3o \u00e9 apenas est\u00e9tica, mas pol\u00edtica.<\/p>\n<p>A can\u00e7\u00e3o encena, em sua pr\u00f3pria estrutura, a experi\u00eancia da censura e do medo, transformando o ato de cantar em gesto de resist\u00eancia.<\/p>\n<p>O jogo fon\u00e9tico entre \u201cc\u00e1lice\u201d e \u201ccale-se\u201d figura entre os achados mais engenhosos da can\u00e7\u00e3o brasileira. Nele, a repress\u00e3o torna-se som, obrigando o ouvinte a escutar aquilo que o poder tentava calar.<\/p>\n<p>Ao ouvir C\u00e1lice, n\u00e3o se escuta apenas uma m\u00fasica, mas um tempo hist\u00f3rico marcado pela viol\u00eancia, pela vigil\u00e2ncia e pela coragem silenciosa de quem resistiu sem alarde.<\/p>\n<p>Ao final, a can\u00e7\u00e3o n\u00e3o oferece consolo f\u00e1cil nem promessa de reden\u00e7\u00e3o imediata. Oferece mem\u00f3ria, lucidez e perman\u00eancia. Por isso, segue atual.<\/p>\n<p>Enquanto houver tentativas de cercear a palavra e constranger a liberdade, C\u00e1lice continuar\u00e1 ecoando como um lembrete inc\u00f4modo de que a arte, mesmo sob morda\u00e7a, encontra sempre um modo de dizer.<\/p>\n<p><em><strong># Jos\u00e9 Tavares \u00e9 escritor e pesquisador do canga\u00e7o<\/strong><\/em><\/p>\n","protected":false},"excerpt":{"rendered":"<p>Jos\u00e9 Tavares de Ara\u00fajo Neto \u00a0\u201cPai, se queres, afasta de mim este c\u00e1lice.\u201d (Lucas 22:42) A can\u00e7\u00e3o C\u00e1lice, composta por Chico Buarque e Gilberto Gil em 1973, ocupa um lugar destacado na hist\u00f3ria da m\u00fasica popular brasileira como s\u00edmbolo de resist\u00eancia \u00e0 censura e \u00e0 repress\u00e3o da Ditadura Militar. Criada durante um dos per\u00edodos mais [&hellip;]<\/p>\n","protected":false},"author":1,"featured_media":3149,"comment_status":"open","ping_status":"open","sticky":false,"template":"","format":"standard","meta":{"footnotes":""},"categories":[16],"tags":[],"class_list":["post-3147","post","type-post","status-publish","format-standard","has-post-thumbnail","hentry","category-opiniao"],"yoast_head":"<!-- This site is optimized with the Yoast SEO plugin v27.5 - https:\/\/yoast.com\/product\/yoast-seo-wordpress\/ -->\n<title>Entre o C\u00e1lice e o Cale-se: O Amargor do AI-5 - Blog do Jo\u00e3o Costa<\/title>\n<meta name=\"robots\" content=\"index, follow, max-snippet:-1, max-image-preview:large, max-video-preview:-1\" \/>\n<link rel=\"canonical\" href=\"https:\/\/blogdojoaocosta.com.br\/?p=3147\" \/>\n<meta property=\"og:locale\" content=\"pt_BR\" \/>\n<meta property=\"og:type\" content=\"article\" \/>\n<meta property=\"og:title\" content=\"Entre o C\u00e1lice e o Cale-se: O Amargor do AI-5 - Blog do Jo\u00e3o Costa\" \/>\n<meta property=\"og:description\" content=\"Jos\u00e9 Tavares de Ara\u00fajo Neto \u00a0\u201cPai, se queres, afasta de mim este c\u00e1lice.\u201d (Lucas 22:42) A can\u00e7\u00e3o C\u00e1lice, composta por Chico Buarque e Gilberto Gil em 1973, ocupa um lugar destacado na hist\u00f3ria da m\u00fasica popular brasileira como s\u00edmbolo de resist\u00eancia \u00e0 censura e \u00e0 repress\u00e3o da Ditadura Militar. Criada durante um dos per\u00edodos mais [&hellip;]\" \/>\n<meta property=\"og:url\" content=\"https:\/\/blogdojoaocosta.com.br\/?p=3147\" \/>\n<meta property=\"og:site_name\" content=\"Blog do Jo\u00e3o Costa\" \/>\n<meta property=\"article:published_time\" content=\"2025-12-14T09:57:05+00:00\" \/>\n<meta property=\"article:modified_time\" content=\"2025-12-14T09:58:21+00:00\" \/>\n<meta property=\"og:image\" content=\"https:\/\/blogdojoaocosta.com.br\/wp-content\/uploads\/2025\/12\/ai-boa.jpg\" \/>\n\t<meta property=\"og:image:width\" content=\"503\" \/>\n\t<meta property=\"og:image:height\" content=\"620\" \/>\n\t<meta property=\"og:image:type\" content=\"image\/jpeg\" \/>\n<meta name=\"author\" content=\"joaocosta\" \/>\n<meta name=\"twitter:card\" content=\"summary_large_image\" \/>\n<meta name=\"twitter:label1\" content=\"Escrito por\" \/>\n\t<meta name=\"twitter:data1\" content=\"joaocosta\" \/>\n\t<meta name=\"twitter:label2\" content=\"Est. tempo de leitura\" \/>\n\t<meta name=\"twitter:data2\" content=\"4 minutos\" \/>\n<script type=\"application\/ld+json\" class=\"yoast-schema-graph\">{\"@context\":\"https:\\\/\\\/schema.org\",\"@graph\":[{\"@type\":\"Article\",\"@id\":\"https:\\\/\\\/blogdojoaocosta.com.br\\\/?p=3147#article\",\"isPartOf\":{\"@id\":\"https:\\\/\\\/blogdojoaocosta.com.br\\\/?p=3147\"},\"author\":{\"name\":\"joaocosta\",\"@id\":\"https:\\\/\\\/blogdojoaocosta.com.br\\\/#\\\/schema\\\/person\\\/af1c9fa31a41a9d29c32f74b41d55f6e\"},\"headline\":\"Entre o C\u00e1lice e o Cale-se: O Amargor do AI-5\",\"datePublished\":\"2025-12-14T09:57:05+00:00\",\"dateModified\":\"2025-12-14T09:58:21+00:00\",\"mainEntityOfPage\":{\"@id\":\"https:\\\/\\\/blogdojoaocosta.com.br\\\/?p=3147\"},\"wordCount\":765,\"commentCount\":0,\"image\":{\"@id\":\"https:\\\/\\\/blogdojoaocosta.com.br\\\/?p=3147#primaryimage\"},\"thumbnailUrl\":\"https:\\\/\\\/blogdojoaocosta.com.br\\\/wp-content\\\/uploads\\\/2025\\\/12\\\/ai-boa.jpg\",\"articleSection\":[\"Opini\u00e3o\"],\"inLanguage\":\"pt-BR\",\"potentialAction\":[{\"@type\":\"CommentAction\",\"name\":\"Comment\",\"target\":[\"https:\\\/\\\/blogdojoaocosta.com.br\\\/?p=3147#respond\"]}]},{\"@type\":\"WebPage\",\"@id\":\"https:\\\/\\\/blogdojoaocosta.com.br\\\/?p=3147\",\"url\":\"https:\\\/\\\/blogdojoaocosta.com.br\\\/?p=3147\",\"name\":\"Entre o C\u00e1lice e o Cale-se: O Amargor do AI-5 - Blog do Jo\u00e3o Costa\",\"isPartOf\":{\"@id\":\"https:\\\/\\\/blogdojoaocosta.com.br\\\/#website\"},\"primaryImageOfPage\":{\"@id\":\"https:\\\/\\\/blogdojoaocosta.com.br\\\/?p=3147#primaryimage\"},\"image\":{\"@id\":\"https:\\\/\\\/blogdojoaocosta.com.br\\\/?p=3147#primaryimage\"},\"thumbnailUrl\":\"https:\\\/\\\/blogdojoaocosta.com.br\\\/wp-content\\\/uploads\\\/2025\\\/12\\\/ai-boa.jpg\",\"datePublished\":\"2025-12-14T09:57:05+00:00\",\"dateModified\":\"2025-12-14T09:58:21+00:00\",\"author\":{\"@id\":\"https:\\\/\\\/blogdojoaocosta.com.br\\\/#\\\/schema\\\/person\\\/af1c9fa31a41a9d29c32f74b41d55f6e\"},\"breadcrumb\":{\"@id\":\"https:\\\/\\\/blogdojoaocosta.com.br\\\/?p=3147#breadcrumb\"},\"inLanguage\":\"pt-BR\",\"potentialAction\":[{\"@type\":\"ReadAction\",\"target\":[\"https:\\\/\\\/blogdojoaocosta.com.br\\\/?p=3147\"]}]},{\"@type\":\"ImageObject\",\"inLanguage\":\"pt-BR\",\"@id\":\"https:\\\/\\\/blogdojoaocosta.com.br\\\/?p=3147#primaryimage\",\"url\":\"https:\\\/\\\/blogdojoaocosta.com.br\\\/wp-content\\\/uploads\\\/2025\\\/12\\\/ai-boa.jpg\",\"contentUrl\":\"https:\\\/\\\/blogdojoaocosta.com.br\\\/wp-content\\\/uploads\\\/2025\\\/12\\\/ai-boa.jpg\",\"width\":503,\"height\":620},{\"@type\":\"BreadcrumbList\",\"@id\":\"https:\\\/\\\/blogdojoaocosta.com.br\\\/?p=3147#breadcrumb\",\"itemListElement\":[{\"@type\":\"ListItem\",\"position\":1,\"name\":\"In\u00edcio\",\"item\":\"https:\\\/\\\/blogdojoaocosta.com.br\\\/\"},{\"@type\":\"ListItem\",\"position\":2,\"name\":\"Entre o C\u00e1lice e o Cale-se: O Amargor do AI-5\"}]},{\"@type\":\"WebSite\",\"@id\":\"https:\\\/\\\/blogdojoaocosta.com.br\\\/#website\",\"url\":\"https:\\\/\\\/blogdojoaocosta.com.br\\\/\",\"name\":\"Blog do Jo\u00e3o Costa\",\"description\":\"Assim Caminha a Humanidade\",\"potentialAction\":[{\"@type\":\"SearchAction\",\"target\":{\"@type\":\"EntryPoint\",\"urlTemplate\":\"https:\\\/\\\/blogdojoaocosta.com.br\\\/?s={search_term_string}\"},\"query-input\":{\"@type\":\"PropertyValueSpecification\",\"valueRequired\":true,\"valueName\":\"search_term_string\"}}],\"inLanguage\":\"pt-BR\"},{\"@type\":\"Person\",\"@id\":\"https:\\\/\\\/blogdojoaocosta.com.br\\\/#\\\/schema\\\/person\\\/af1c9fa31a41a9d29c32f74b41d55f6e\",\"name\":\"joaocosta\",\"image\":{\"@type\":\"ImageObject\",\"inLanguage\":\"pt-BR\",\"@id\":\"https:\\\/\\\/secure.gravatar.com\\\/avatar\\\/677b6f1fc54e8c7982d7dce3cfe65fce28f898f70d9b8b631786a0b1b18b11e5?s=96&d=mm&r=g\",\"url\":\"https:\\\/\\\/secure.gravatar.com\\\/avatar\\\/677b6f1fc54e8c7982d7dce3cfe65fce28f898f70d9b8b631786a0b1b18b11e5?s=96&d=mm&r=g\",\"contentUrl\":\"https:\\\/\\\/secure.gravatar.com\\\/avatar\\\/677b6f1fc54e8c7982d7dce3cfe65fce28f898f70d9b8b631786a0b1b18b11e5?s=96&d=mm&r=g\",\"caption\":\"joaocosta\"},\"sameAs\":[\"http:\\\/\\\/blogdojoaocosta.com.br\"],\"url\":\"https:\\\/\\\/blogdojoaocosta.com.br\\\/?author=1\"}]}<\/script>\n<!-- \/ Yoast SEO plugin. -->","yoast_head_json":{"title":"Entre o C\u00e1lice e o Cale-se: O Amargor do AI-5 - Blog do Jo\u00e3o Costa","robots":{"index":"index","follow":"follow","max-snippet":"max-snippet:-1","max-image-preview":"max-image-preview:large","max-video-preview":"max-video-preview:-1"},"canonical":"https:\/\/blogdojoaocosta.com.br\/?p=3147","og_locale":"pt_BR","og_type":"article","og_title":"Entre o C\u00e1lice e o Cale-se: O Amargor do AI-5 - Blog do Jo\u00e3o Costa","og_description":"Jos\u00e9 Tavares de Ara\u00fajo Neto \u00a0\u201cPai, se queres, afasta de mim este c\u00e1lice.\u201d (Lucas 22:42) A can\u00e7\u00e3o C\u00e1lice, composta por Chico Buarque e Gilberto Gil em 1973, ocupa um lugar destacado na hist\u00f3ria da m\u00fasica popular brasileira como s\u00edmbolo de resist\u00eancia \u00e0 censura e \u00e0 repress\u00e3o da Ditadura Militar. Criada durante um dos per\u00edodos mais [&hellip;]","og_url":"https:\/\/blogdojoaocosta.com.br\/?p=3147","og_site_name":"Blog do Jo\u00e3o Costa","article_published_time":"2025-12-14T09:57:05+00:00","article_modified_time":"2025-12-14T09:58:21+00:00","og_image":[{"width":503,"height":620,"url":"https:\/\/blogdojoaocosta.com.br\/wp-content\/uploads\/2025\/12\/ai-boa.jpg","type":"image\/jpeg"}],"author":"joaocosta","twitter_card":"summary_large_image","twitter_misc":{"Escrito por":"joaocosta","Est. tempo de leitura":"4 minutos"},"schema":{"@context":"https:\/\/schema.org","@graph":[{"@type":"Article","@id":"https:\/\/blogdojoaocosta.com.br\/?p=3147#article","isPartOf":{"@id":"https:\/\/blogdojoaocosta.com.br\/?p=3147"},"author":{"name":"joaocosta","@id":"https:\/\/blogdojoaocosta.com.br\/#\/schema\/person\/af1c9fa31a41a9d29c32f74b41d55f6e"},"headline":"Entre o C\u00e1lice e o Cale-se: O Amargor do AI-5","datePublished":"2025-12-14T09:57:05+00:00","dateModified":"2025-12-14T09:58:21+00:00","mainEntityOfPage":{"@id":"https:\/\/blogdojoaocosta.com.br\/?p=3147"},"wordCount":765,"commentCount":0,"image":{"@id":"https:\/\/blogdojoaocosta.com.br\/?p=3147#primaryimage"},"thumbnailUrl":"https:\/\/blogdojoaocosta.com.br\/wp-content\/uploads\/2025\/12\/ai-boa.jpg","articleSection":["Opini\u00e3o"],"inLanguage":"pt-BR","potentialAction":[{"@type":"CommentAction","name":"Comment","target":["https:\/\/blogdojoaocosta.com.br\/?p=3147#respond"]}]},{"@type":"WebPage","@id":"https:\/\/blogdojoaocosta.com.br\/?p=3147","url":"https:\/\/blogdojoaocosta.com.br\/?p=3147","name":"Entre o C\u00e1lice e o Cale-se: O Amargor do AI-5 - Blog do Jo\u00e3o Costa","isPartOf":{"@id":"https:\/\/blogdojoaocosta.com.br\/#website"},"primaryImageOfPage":{"@id":"https:\/\/blogdojoaocosta.com.br\/?p=3147#primaryimage"},"image":{"@id":"https:\/\/blogdojoaocosta.com.br\/?p=3147#primaryimage"},"thumbnailUrl":"https:\/\/blogdojoaocosta.com.br\/wp-content\/uploads\/2025\/12\/ai-boa.jpg","datePublished":"2025-12-14T09:57:05+00:00","dateModified":"2025-12-14T09:58:21+00:00","author":{"@id":"https:\/\/blogdojoaocosta.com.br\/#\/schema\/person\/af1c9fa31a41a9d29c32f74b41d55f6e"},"breadcrumb":{"@id":"https:\/\/blogdojoaocosta.com.br\/?p=3147#breadcrumb"},"inLanguage":"pt-BR","potentialAction":[{"@type":"ReadAction","target":["https:\/\/blogdojoaocosta.com.br\/?p=3147"]}]},{"@type":"ImageObject","inLanguage":"pt-BR","@id":"https:\/\/blogdojoaocosta.com.br\/?p=3147#primaryimage","url":"https:\/\/blogdojoaocosta.com.br\/wp-content\/uploads\/2025\/12\/ai-boa.jpg","contentUrl":"https:\/\/blogdojoaocosta.com.br\/wp-content\/uploads\/2025\/12\/ai-boa.jpg","width":503,"height":620},{"@type":"BreadcrumbList","@id":"https:\/\/blogdojoaocosta.com.br\/?p=3147#breadcrumb","itemListElement":[{"@type":"ListItem","position":1,"name":"In\u00edcio","item":"https:\/\/blogdojoaocosta.com.br\/"},{"@type":"ListItem","position":2,"name":"Entre o C\u00e1lice e o Cale-se: O Amargor do AI-5"}]},{"@type":"WebSite","@id":"https:\/\/blogdojoaocosta.com.br\/#website","url":"https:\/\/blogdojoaocosta.com.br\/","name":"Blog do Jo\u00e3o Costa","description":"Assim Caminha a Humanidade","potentialAction":[{"@type":"SearchAction","target":{"@type":"EntryPoint","urlTemplate":"https:\/\/blogdojoaocosta.com.br\/?s={search_term_string}"},"query-input":{"@type":"PropertyValueSpecification","valueRequired":true,"valueName":"search_term_string"}}],"inLanguage":"pt-BR"},{"@type":"Person","@id":"https:\/\/blogdojoaocosta.com.br\/#\/schema\/person\/af1c9fa31a41a9d29c32f74b41d55f6e","name":"joaocosta","image":{"@type":"ImageObject","inLanguage":"pt-BR","@id":"https:\/\/secure.gravatar.com\/avatar\/677b6f1fc54e8c7982d7dce3cfe65fce28f898f70d9b8b631786a0b1b18b11e5?s=96&d=mm&r=g","url":"https:\/\/secure.gravatar.com\/avatar\/677b6f1fc54e8c7982d7dce3cfe65fce28f898f70d9b8b631786a0b1b18b11e5?s=96&d=mm&r=g","contentUrl":"https:\/\/secure.gravatar.com\/avatar\/677b6f1fc54e8c7982d7dce3cfe65fce28f898f70d9b8b631786a0b1b18b11e5?s=96&d=mm&r=g","caption":"joaocosta"},"sameAs":["http:\/\/blogdojoaocosta.com.br"],"url":"https:\/\/blogdojoaocosta.com.br\/?author=1"}]}},"_links":{"self":[{"href":"https:\/\/blogdojoaocosta.com.br\/index.php?rest_route=\/wp\/v2\/posts\/3147","targetHints":{"allow":["GET"]}}],"collection":[{"href":"https:\/\/blogdojoaocosta.com.br\/index.php?rest_route=\/wp\/v2\/posts"}],"about":[{"href":"https:\/\/blogdojoaocosta.com.br\/index.php?rest_route=\/wp\/v2\/types\/post"}],"author":[{"embeddable":true,"href":"https:\/\/blogdojoaocosta.com.br\/index.php?rest_route=\/wp\/v2\/users\/1"}],"replies":[{"embeddable":true,"href":"https:\/\/blogdojoaocosta.com.br\/index.php?rest_route=%2Fwp%2Fv2%2Fcomments&post=3147"}],"version-history":[{"count":1,"href":"https:\/\/blogdojoaocosta.com.br\/index.php?rest_route=\/wp\/v2\/posts\/3147\/revisions"}],"predecessor-version":[{"id":3148,"href":"https:\/\/blogdojoaocosta.com.br\/index.php?rest_route=\/wp\/v2\/posts\/3147\/revisions\/3148"}],"wp:featuredmedia":[{"embeddable":true,"href":"https:\/\/blogdojoaocosta.com.br\/index.php?rest_route=\/wp\/v2\/media\/3149"}],"wp:attachment":[{"href":"https:\/\/blogdojoaocosta.com.br\/index.php?rest_route=%2Fwp%2Fv2%2Fmedia&parent=3147"}],"wp:term":[{"taxonomy":"category","embeddable":true,"href":"https:\/\/blogdojoaocosta.com.br\/index.php?rest_route=%2Fwp%2Fv2%2Fcategories&post=3147"},{"taxonomy":"post_tag","embeddable":true,"href":"https:\/\/blogdojoaocosta.com.br\/index.php?rest_route=%2Fwp%2Fv2%2Ftags&post=3147"}],"curies":[{"name":"wp","href":"https:\/\/api.w.org\/{rel}","templated":true}]}}