{"id":3150,"date":"2025-12-14T08:53:41","date_gmt":"2025-12-14T11:53:41","guid":{"rendered":"https:\/\/blogdojoaocosta.com.br\/?p=3150"},"modified":"2025-12-14T08:53:41","modified_gmt":"2025-12-14T11:53:41","slug":"quatro-cruzes-de-cangaceiros-no-jatoba-da-estrada","status":"publish","type":"post","link":"https:\/\/blogdojoaocosta.com.br\/?p=3150","title":{"rendered":"Quatro cruzes de cangaceiros no Jatob\u00e1 da Estrada"},"content":{"rendered":"<p><em><strong>Por Jerdivan N\u00f3brega de Ara\u00fajo<\/strong><\/em><\/p>\n<p>As Quatro Cruzes dos Cangaceiros no Jatob\u00e1 da Estrada marcam um cap\u00edtulo sombrio da hist\u00f3ria do canga\u00e7o na regi\u00e3o de Pombal, na Para\u00edba.<\/p>\n<p>Em\u00a0\u00a0\u00a0\u00a0 1922, quatro cangaceiros foram executados pela pol\u00edcia paraibana em circunst\u00e2ncias que at\u00e9 recentemente permaneciam pouco conhecidas pela historiografia, resgatado no livro <strong>\u201cUlysses Liberato: Um cangaceiro a servi\u00e7o do Major Jos\u00e9 In\u00e1cio do Barro\u201d, de Jos\u00e9 Tavares de Ara\u00fajo Neto &amp; Jerdivan N\u00f3brega de Ara\u00fajo \u2013 Editora Ideia)<\/strong><\/p>\n<p>Os quatro homens faziam parte de um grupo de cerca de\u00a0 60 cangaceiros\u00a0\u00a0\u00a0\u00a0 enviados pelo\u00a0\u00a0\u00a0\u00a0 Major Jos\u00e9 In\u00e1cio do Barro\u00a0\u00a0\u00a0\u00a0 para realizar assaltos em\u00a0\u00a0\u00a0\u00a0 Catol\u00e9 do Rocha, incluindo o ataque \u00e0 casa de\u00a0\u00a0 Waldevino Lobo. Entre os participantes estavam figuras como\u00a0\u00a0\u00a0\u00a0 Senhor Pereira, Ulisses Liberato de Alencar\u00a0\u00a0\u00a0\u00a0 e os\u00a0\u00a0\u00a0\u00a0 irm\u00e3os Ferreira\u00a0\u00a0\u00a0\u00a0 \u2013 \u00e9poca em que\u00a0\u00a0\u00a0\u00a0 Lampi\u00e3o\u00a0\u00a0\u00a0\u00a0 ainda n\u00e3o era o l\u00edder principal do canga\u00e7o.<\/p>\n<p>Ap\u00f3s intensa persegui\u00e7\u00e3o policial, ao bando que invadiu a\u00a0\u00a0\u00a0\u00a0 Fazenda Barros, resultando em mortes e capturas, alguns cangaceiros foram transferidos para a\u00a0\u00a0\u00a0\u00a0 cadeia de Pombal. Dali, quatro deles foram retirados sob o pretexto de serem conduzidos \u00e0 capital do estado. No caminho, no lugar conhecido como Jatob\u00e1 da Estrada, a cerca de 20 km de Pombal, os quatro foram executados a tiros de rifle \u2013 muito provavelmente numa \u201cqueima de arquivo\u201d ordenada pelo coronel Jos\u00e9 Queiroga.<\/p>\n<p>Um dos executados, Ant\u00f4nio Ferreira de Oliveira, vulgo Graveto, era natural de Pombal e irm\u00e3o de\u00a0\u00a0\u00a0\u00a0 Barnab\u00e9, acusado de participar de um plano fracassado para resgat\u00e1-lo da pris\u00e3o. Graveto havia sido preso em\u00a0\u00a0\u00a0\u00a0 15 de abril de 1922\u00a0\u00a0\u00a0\u00a0 e morto apenas tr\u00eas dias depois, junto com oitos tr\u00eas cangaceiros de nome\u00a0\u00a0\u00a0\u00a0 Francisco Clemente, Manuel Santana e Gustavo Santana.<\/p>\n<p>A pris\u00e3o de Graveto foi comunicada pelo delegado\u00a0\u00a0\u00a0\u00a0 Jos\u00e9 Avelino de Queiroga\u00a0\u00a0\u00a0\u00a0 em telegrama ao chefe de pol\u00edcia:<\/p>\n<p><img decoding=\"async\" class=\"alignnone size-medium wp-image-3152\" src=\"https:\/\/blogdojoaocosta.com.br\/wp-content\/uploads\/2025\/12\/cruzes-300x138.jpeg\" alt=\"\" width=\"300\" height=\"138\" srcset=\"https:\/\/blogdojoaocosta.com.br\/wp-content\/uploads\/2025\/12\/cruzes-300x138.jpeg 300w, https:\/\/blogdojoaocosta.com.br\/wp-content\/uploads\/2025\/12\/cruzes-1024x472.jpeg 1024w, https:\/\/blogdojoaocosta.com.br\/wp-content\/uploads\/2025\/12\/cruzes-768x354.jpeg 768w, https:\/\/blogdojoaocosta.com.br\/wp-content\/uploads\/2025\/12\/cruzes.jpeg 1388w\" sizes=\"(max-width: 300px) 100vw, 300px\" \/><\/p>\n<p><strong><em>Zona rural de Pombal: cruzes na rota do canga\u00e7o<\/em><\/strong><\/p>\n<p><em>\u201cPombal, 15 \u2013 Chefe de Pol\u00edcia Para\u00edba \u2013 Dilig\u00eancia comandada Sargento George, capturou Francisco Ferreira de Oliveira, vulgo Graveto, que interrogado confessou sua coparticipa\u00e7\u00e3o ataque Pombal, a fim de tomarem o preso Barnab\u00e9. Sauda\u00e7\u00f5es. Jos\u00e9 Avelino, delegado.\u201d\u00a0\u00a0 (Fonte:\u00a0\u00a0 O Norte, 18 de abril de 1922<\/em>)<\/p>\n<p>Segundo o delegado, Graveto confessara apenas a inten\u00e7\u00e3o de resgatar o irm\u00e3o, sem envolvimento nos assaltos de fevereiro. Na madrugada de\u00a0\u00a0\u00a0\u00a0 19 de abril, os quatro presos foram retirados da cadeia sob alega\u00e7\u00e3o de transfer\u00eancia para Patos. No caminho, no s\u00edtio\u00a0\u00a0\u00a0\u00a0 Jatob\u00e1 da Estrada, foram fuzilados.<\/p>\n<p>Imediatamente ap\u00f3s a execu\u00e7\u00e3o dos bandidos o delegado justificou a a\u00e7\u00e3o em novo telegrama:<\/p>\n<p>\u201cPombal, 20 \u2013 Aditamento do meu of\u00edcio de ontem, levo ao vosso conhecimento que, ontem mesmo, os presos Ant\u00f4nio Ferreira, vulgo Graveto, Francisco Clemente, Manuel Santana e Gustavo Santana, foram alcan\u00e7ados em forte correria. A for\u00e7a de emerg\u00eancia perdeu-os, disparou descargas contra os mesmos, resultando mortes todos quatro. Sauda\u00e7\u00f5es. Jos\u00e9 Avelino, delegado.\u201d\u00a0\u00a0 (Fonte:\u00a0\u00a0 O Norte, 26 de abril de 1922)<\/p>\n<p>O caso repercutiu na\u00a0\u00a0\u00a0\u00a0 C\u00e2mara dos Deputados, onde o deputado\u00a0\u00a0\u00a0\u00a0 Otac\u00edlio de Albuquerque\u00a0\u00a0\u00a0\u00a0 solicitou explica\u00e7\u00f5es ao presidente do estado, Solon de Lucena\u00a0\u00a0\u00a0 que por sua vez encaminhou uma vers\u00e3o oficial divergente:<\/p>\n<p>\u201c\u00c9 inver\u00eddico o suposto fuzilamento atribu\u00eddo a soldados de pol\u00edcia. [\u2026] Acontece que, a seis l\u00e9guas de dist\u00e2ncia, a escolta foi inopinadamente atacada por desconhecidos, estabelecendo-se terr\u00edvel conflito, tentando os presos fugir. Em emerg\u00eancia, deu-se a rea\u00e7\u00e3o, da luta resultou a morte consecutiva de dois dos cangaceiros, saindo feriado os dois outros que faleceram depois. Tudo isso ficou apurado em inqu\u00e9rito presidido pelo Severino Proc\u00f3pio. Cordiais sauda\u00e7\u00f5es \u2013 Solon de Lucena.\u201d\u00a0\u00a0 (Fonte:\u00a0\u00a0 Gazeta de Not\u00edcias, 6 de junho de 1922)<\/p>\n<p>Posteriormente, a\u00a0\u00a0\u00a0\u00a0 comunidade marcou o local exato das execu\u00e7\u00f5es com quatro cruzes gravadas sobre as rochas. O lugar ficou conhecido como \u201cAs Cruzes do Jatob\u00e1 da Estrada\u201d \u2013 s\u00edmbolo perene de um ato de viol\u00eancia extralegal que evidenciava, na pr\u00e1tica, a pouca diferen\u00e7a entre a volante policial e os bandos de cangaceiros: ambos serviam, em \u00faltima inst\u00e2ncia, aos interesses do coronelismo.<\/p>\n<p>At\u00e9 os dias de hoje, as cruzes permanecem no local, como memorial silencioso de uma hist\u00f3ria de justi\u00e7amento e da viol\u00eancia que assolava os sert\u00f5es na primeira metade do s\u00e9culo XX, e possuem not\u00e1vel potencial para integrar a \u201cRota do Canga\u00e7o\u201d, circuito tur\u00edstico dedicado \u00e0 hist\u00f3ria de Lampi\u00e3o e seu bando no sert\u00e3o nordestino.<\/p>\n<p>Localizado no territ\u00f3rio do munic\u00edpio de S\u00e3o Bentinho na Paraiba, o local guarda a mem\u00f3ria de um epis\u00f3dio concreto daquele per\u00edodo: a morte dos cangaceiros Ant\u00f4nio Ferreira de Oliveira (Graveto), Francisco Clemente, Manuel Santana e Gustavo Santana. As quatro cruzes precisam ser restauradas e identificadas com o nome de cada umas das v\u00edtimas executas, al\u00e9m de sinaliza\u00e7\u00e3o a trilha desde a comunidade de Arruda C\u00e2mara at\u00e9 o local<\/p>\n<p>Para transformar essa mem\u00f3ria em um ativo cultural e econ\u00f4mico, \u00e9 fundamental uma a\u00e7\u00e3o estruturada.<\/p>\n<p>O cerne da proposta transcende qualquer ju\u00edzo de valor sobre o fen\u00f4meno do canga\u00e7o. Trata-se de uma vis\u00e3o pr\u00e1tica e progressista:\u00a0transformar um patrim\u00f4nio hist\u00f3rico j\u00e1 existente em uma fonte concreta de renda e desenvolvimento local, gerando oportunidades para guias, artes\u00e3os, comerciantes e toda a comunidade, ao atender ao crescente interesse de turistas e pesquisadores por essa tem\u00e1tica.<\/p>\n<p><em>*FONTE:\u00a0 Ulysses Liberato: Um cangaceiro a servi\u00e7o do Major Jos\u00e9 In\u00e1cio do Barro\u201d, de Jos\u00e9 Tavares de Ara\u00fajo Neto &amp; Jerdivan N\u00f3brega de Ara\u00fajo \u2013 Editora Ideia)<\/em><\/p>\n<p>&nbsp;<\/p>\n","protected":false},"excerpt":{"rendered":"<p>Por Jerdivan N\u00f3brega de Ara\u00fajo As Quatro Cruzes dos Cangaceiros no Jatob\u00e1 da Estrada marcam um cap\u00edtulo sombrio da hist\u00f3ria do canga\u00e7o na regi\u00e3o de Pombal, na Para\u00edba. Em\u00a0\u00a0\u00a0\u00a0 1922, quatro cangaceiros foram executados pela pol\u00edcia paraibana em circunst\u00e2ncias que at\u00e9 recentemente permaneciam pouco conhecidas pela historiografia, resgatado no livro \u201cUlysses Liberato: Um cangaceiro a [&hellip;]<\/p>\n","protected":false},"author":1,"featured_media":3151,"comment_status":"open","ping_status":"open","sticky":false,"template":"","format":"standard","meta":{"footnotes":""},"categories":[10],"tags":[],"class_list":["post-3150","post","type-post","status-publish","format-standard","has-post-thumbnail","hentry","category-cangaco"],"yoast_head":"<!-- This site is optimized with the Yoast SEO plugin v27.5 - https:\/\/yoast.com\/product\/yoast-seo-wordpress\/ -->\n<title>Quatro cruzes de cangaceiros no Jatob\u00e1 da Estrada - Blog do Jo\u00e3o Costa<\/title>\n<meta name=\"robots\" content=\"index, follow, max-snippet:-1, max-image-preview:large, max-video-preview:-1\" \/>\n<link rel=\"canonical\" href=\"https:\/\/blogdojoaocosta.com.br\/?p=3150\" \/>\n<meta property=\"og:locale\" content=\"pt_BR\" \/>\n<meta property=\"og:type\" content=\"article\" \/>\n<meta property=\"og:title\" content=\"Quatro cruzes de cangaceiros no Jatob\u00e1 da Estrada - Blog do Jo\u00e3o Costa\" \/>\n<meta property=\"og:description\" content=\"Por Jerdivan N\u00f3brega de Ara\u00fajo As Quatro Cruzes dos Cangaceiros no Jatob\u00e1 da Estrada marcam um cap\u00edtulo sombrio da hist\u00f3ria do canga\u00e7o na regi\u00e3o de Pombal, na Para\u00edba. Em\u00a0\u00a0\u00a0\u00a0 1922, quatro cangaceiros foram executados pela pol\u00edcia paraibana em circunst\u00e2ncias que at\u00e9 recentemente permaneciam pouco conhecidas pela historiografia, resgatado no livro \u201cUlysses Liberato: Um cangaceiro a [&hellip;]\" \/>\n<meta property=\"og:url\" content=\"https:\/\/blogdojoaocosta.com.br\/?p=3150\" \/>\n<meta property=\"og:site_name\" content=\"Blog do Jo\u00e3o Costa\" \/>\n<meta property=\"article:published_time\" content=\"2025-12-14T11:53:41+00:00\" \/>\n<meta property=\"og:image\" content=\"https:\/\/blogdojoaocosta.com.br\/wp-content\/uploads\/2025\/12\/cruzes-capa.jpeg\" \/>\n\t<meta property=\"og:image:width\" content=\"1280\" \/>\n\t<meta property=\"og:image:height\" content=\"960\" \/>\n\t<meta property=\"og:image:type\" content=\"image\/jpeg\" \/>\n<meta name=\"author\" content=\"joaocosta\" \/>\n<meta name=\"twitter:card\" content=\"summary_large_image\" \/>\n<meta name=\"twitter:label1\" content=\"Escrito por\" \/>\n\t<meta name=\"twitter:data1\" content=\"joaocosta\" \/>\n\t<meta name=\"twitter:label2\" content=\"Est. tempo de leitura\" \/>\n\t<meta name=\"twitter:data2\" content=\"6 minutos\" \/>\n<script type=\"application\/ld+json\" class=\"yoast-schema-graph\">{\"@context\":\"https:\\\/\\\/schema.org\",\"@graph\":[{\"@type\":\"Article\",\"@id\":\"https:\\\/\\\/blogdojoaocosta.com.br\\\/?p=3150#article\",\"isPartOf\":{\"@id\":\"https:\\\/\\\/blogdojoaocosta.com.br\\\/?p=3150\"},\"author\":{\"name\":\"joaocosta\",\"@id\":\"https:\\\/\\\/blogdojoaocosta.com.br\\\/#\\\/schema\\\/person\\\/af1c9fa31a41a9d29c32f74b41d55f6e\"},\"headline\":\"Quatro cruzes de cangaceiros no Jatob\u00e1 da Estrada\",\"datePublished\":\"2025-12-14T11:53:41+00:00\",\"mainEntityOfPage\":{\"@id\":\"https:\\\/\\\/blogdojoaocosta.com.br\\\/?p=3150\"},\"wordCount\":951,\"commentCount\":0,\"image\":{\"@id\":\"https:\\\/\\\/blogdojoaocosta.com.br\\\/?p=3150#primaryimage\"},\"thumbnailUrl\":\"https:\\\/\\\/blogdojoaocosta.com.br\\\/wp-content\\\/uploads\\\/2025\\\/12\\\/cruzes-capa.jpeg\",\"articleSection\":[\"Canga\u00e7o\"],\"inLanguage\":\"pt-BR\",\"potentialAction\":[{\"@type\":\"CommentAction\",\"name\":\"Comment\",\"target\":[\"https:\\\/\\\/blogdojoaocosta.com.br\\\/?p=3150#respond\"]}]},{\"@type\":\"WebPage\",\"@id\":\"https:\\\/\\\/blogdojoaocosta.com.br\\\/?p=3150\",\"url\":\"https:\\\/\\\/blogdojoaocosta.com.br\\\/?p=3150\",\"name\":\"Quatro cruzes de cangaceiros no Jatob\u00e1 da Estrada - Blog do Jo\u00e3o Costa\",\"isPartOf\":{\"@id\":\"https:\\\/\\\/blogdojoaocosta.com.br\\\/#website\"},\"primaryImageOfPage\":{\"@id\":\"https:\\\/\\\/blogdojoaocosta.com.br\\\/?p=3150#primaryimage\"},\"image\":{\"@id\":\"https:\\\/\\\/blogdojoaocosta.com.br\\\/?p=3150#primaryimage\"},\"thumbnailUrl\":\"https:\\\/\\\/blogdojoaocosta.com.br\\\/wp-content\\\/uploads\\\/2025\\\/12\\\/cruzes-capa.jpeg\",\"datePublished\":\"2025-12-14T11:53:41+00:00\",\"author\":{\"@id\":\"https:\\\/\\\/blogdojoaocosta.com.br\\\/#\\\/schema\\\/person\\\/af1c9fa31a41a9d29c32f74b41d55f6e\"},\"breadcrumb\":{\"@id\":\"https:\\\/\\\/blogdojoaocosta.com.br\\\/?p=3150#breadcrumb\"},\"inLanguage\":\"pt-BR\",\"potentialAction\":[{\"@type\":\"ReadAction\",\"target\":[\"https:\\\/\\\/blogdojoaocosta.com.br\\\/?p=3150\"]}]},{\"@type\":\"ImageObject\",\"inLanguage\":\"pt-BR\",\"@id\":\"https:\\\/\\\/blogdojoaocosta.com.br\\\/?p=3150#primaryimage\",\"url\":\"https:\\\/\\\/blogdojoaocosta.com.br\\\/wp-content\\\/uploads\\\/2025\\\/12\\\/cruzes-capa.jpeg\",\"contentUrl\":\"https:\\\/\\\/blogdojoaocosta.com.br\\\/wp-content\\\/uploads\\\/2025\\\/12\\\/cruzes-capa.jpeg\",\"width\":1280,\"height\":960},{\"@type\":\"BreadcrumbList\",\"@id\":\"https:\\\/\\\/blogdojoaocosta.com.br\\\/?p=3150#breadcrumb\",\"itemListElement\":[{\"@type\":\"ListItem\",\"position\":1,\"name\":\"In\u00edcio\",\"item\":\"https:\\\/\\\/blogdojoaocosta.com.br\\\/\"},{\"@type\":\"ListItem\",\"position\":2,\"name\":\"Quatro cruzes de cangaceiros no Jatob\u00e1 da Estrada\"}]},{\"@type\":\"WebSite\",\"@id\":\"https:\\\/\\\/blogdojoaocosta.com.br\\\/#website\",\"url\":\"https:\\\/\\\/blogdojoaocosta.com.br\\\/\",\"name\":\"Blog do Jo\u00e3o Costa\",\"description\":\"Assim Caminha a Humanidade\",\"potentialAction\":[{\"@type\":\"SearchAction\",\"target\":{\"@type\":\"EntryPoint\",\"urlTemplate\":\"https:\\\/\\\/blogdojoaocosta.com.br\\\/?s={search_term_string}\"},\"query-input\":{\"@type\":\"PropertyValueSpecification\",\"valueRequired\":true,\"valueName\":\"search_term_string\"}}],\"inLanguage\":\"pt-BR\"},{\"@type\":\"Person\",\"@id\":\"https:\\\/\\\/blogdojoaocosta.com.br\\\/#\\\/schema\\\/person\\\/af1c9fa31a41a9d29c32f74b41d55f6e\",\"name\":\"joaocosta\",\"image\":{\"@type\":\"ImageObject\",\"inLanguage\":\"pt-BR\",\"@id\":\"https:\\\/\\\/secure.gravatar.com\\\/avatar\\\/677b6f1fc54e8c7982d7dce3cfe65fce28f898f70d9b8b631786a0b1b18b11e5?s=96&d=mm&r=g\",\"url\":\"https:\\\/\\\/secure.gravatar.com\\\/avatar\\\/677b6f1fc54e8c7982d7dce3cfe65fce28f898f70d9b8b631786a0b1b18b11e5?s=96&d=mm&r=g\",\"contentUrl\":\"https:\\\/\\\/secure.gravatar.com\\\/avatar\\\/677b6f1fc54e8c7982d7dce3cfe65fce28f898f70d9b8b631786a0b1b18b11e5?s=96&d=mm&r=g\",\"caption\":\"joaocosta\"},\"sameAs\":[\"http:\\\/\\\/blogdojoaocosta.com.br\"],\"url\":\"https:\\\/\\\/blogdojoaocosta.com.br\\\/?author=1\"}]}<\/script>\n<!-- \/ Yoast SEO plugin. -->","yoast_head_json":{"title":"Quatro cruzes de cangaceiros no Jatob\u00e1 da Estrada - Blog do Jo\u00e3o Costa","robots":{"index":"index","follow":"follow","max-snippet":"max-snippet:-1","max-image-preview":"max-image-preview:large","max-video-preview":"max-video-preview:-1"},"canonical":"https:\/\/blogdojoaocosta.com.br\/?p=3150","og_locale":"pt_BR","og_type":"article","og_title":"Quatro cruzes de cangaceiros no Jatob\u00e1 da Estrada - Blog do Jo\u00e3o Costa","og_description":"Por Jerdivan N\u00f3brega de Ara\u00fajo As Quatro Cruzes dos Cangaceiros no Jatob\u00e1 da Estrada marcam um cap\u00edtulo sombrio da hist\u00f3ria do canga\u00e7o na regi\u00e3o de Pombal, na Para\u00edba. Em\u00a0\u00a0\u00a0\u00a0 1922, quatro cangaceiros foram executados pela pol\u00edcia paraibana em circunst\u00e2ncias que at\u00e9 recentemente permaneciam pouco conhecidas pela historiografia, resgatado no livro \u201cUlysses Liberato: Um cangaceiro a [&hellip;]","og_url":"https:\/\/blogdojoaocosta.com.br\/?p=3150","og_site_name":"Blog do Jo\u00e3o Costa","article_published_time":"2025-12-14T11:53:41+00:00","og_image":[{"width":1280,"height":960,"url":"https:\/\/blogdojoaocosta.com.br\/wp-content\/uploads\/2025\/12\/cruzes-capa.jpeg","type":"image\/jpeg"}],"author":"joaocosta","twitter_card":"summary_large_image","twitter_misc":{"Escrito por":"joaocosta","Est. tempo de leitura":"6 minutos"},"schema":{"@context":"https:\/\/schema.org","@graph":[{"@type":"Article","@id":"https:\/\/blogdojoaocosta.com.br\/?p=3150#article","isPartOf":{"@id":"https:\/\/blogdojoaocosta.com.br\/?p=3150"},"author":{"name":"joaocosta","@id":"https:\/\/blogdojoaocosta.com.br\/#\/schema\/person\/af1c9fa31a41a9d29c32f74b41d55f6e"},"headline":"Quatro cruzes de cangaceiros no Jatob\u00e1 da Estrada","datePublished":"2025-12-14T11:53:41+00:00","mainEntityOfPage":{"@id":"https:\/\/blogdojoaocosta.com.br\/?p=3150"},"wordCount":951,"commentCount":0,"image":{"@id":"https:\/\/blogdojoaocosta.com.br\/?p=3150#primaryimage"},"thumbnailUrl":"https:\/\/blogdojoaocosta.com.br\/wp-content\/uploads\/2025\/12\/cruzes-capa.jpeg","articleSection":["Canga\u00e7o"],"inLanguage":"pt-BR","potentialAction":[{"@type":"CommentAction","name":"Comment","target":["https:\/\/blogdojoaocosta.com.br\/?p=3150#respond"]}]},{"@type":"WebPage","@id":"https:\/\/blogdojoaocosta.com.br\/?p=3150","url":"https:\/\/blogdojoaocosta.com.br\/?p=3150","name":"Quatro cruzes de cangaceiros no Jatob\u00e1 da Estrada - Blog do Jo\u00e3o Costa","isPartOf":{"@id":"https:\/\/blogdojoaocosta.com.br\/#website"},"primaryImageOfPage":{"@id":"https:\/\/blogdojoaocosta.com.br\/?p=3150#primaryimage"},"image":{"@id":"https:\/\/blogdojoaocosta.com.br\/?p=3150#primaryimage"},"thumbnailUrl":"https:\/\/blogdojoaocosta.com.br\/wp-content\/uploads\/2025\/12\/cruzes-capa.jpeg","datePublished":"2025-12-14T11:53:41+00:00","author":{"@id":"https:\/\/blogdojoaocosta.com.br\/#\/schema\/person\/af1c9fa31a41a9d29c32f74b41d55f6e"},"breadcrumb":{"@id":"https:\/\/blogdojoaocosta.com.br\/?p=3150#breadcrumb"},"inLanguage":"pt-BR","potentialAction":[{"@type":"ReadAction","target":["https:\/\/blogdojoaocosta.com.br\/?p=3150"]}]},{"@type":"ImageObject","inLanguage":"pt-BR","@id":"https:\/\/blogdojoaocosta.com.br\/?p=3150#primaryimage","url":"https:\/\/blogdojoaocosta.com.br\/wp-content\/uploads\/2025\/12\/cruzes-capa.jpeg","contentUrl":"https:\/\/blogdojoaocosta.com.br\/wp-content\/uploads\/2025\/12\/cruzes-capa.jpeg","width":1280,"height":960},{"@type":"BreadcrumbList","@id":"https:\/\/blogdojoaocosta.com.br\/?p=3150#breadcrumb","itemListElement":[{"@type":"ListItem","position":1,"name":"In\u00edcio","item":"https:\/\/blogdojoaocosta.com.br\/"},{"@type":"ListItem","position":2,"name":"Quatro cruzes de cangaceiros no Jatob\u00e1 da Estrada"}]},{"@type":"WebSite","@id":"https:\/\/blogdojoaocosta.com.br\/#website","url":"https:\/\/blogdojoaocosta.com.br\/","name":"Blog do Jo\u00e3o Costa","description":"Assim Caminha a Humanidade","potentialAction":[{"@type":"SearchAction","target":{"@type":"EntryPoint","urlTemplate":"https:\/\/blogdojoaocosta.com.br\/?s={search_term_string}"},"query-input":{"@type":"PropertyValueSpecification","valueRequired":true,"valueName":"search_term_string"}}],"inLanguage":"pt-BR"},{"@type":"Person","@id":"https:\/\/blogdojoaocosta.com.br\/#\/schema\/person\/af1c9fa31a41a9d29c32f74b41d55f6e","name":"joaocosta","image":{"@type":"ImageObject","inLanguage":"pt-BR","@id":"https:\/\/secure.gravatar.com\/avatar\/677b6f1fc54e8c7982d7dce3cfe65fce28f898f70d9b8b631786a0b1b18b11e5?s=96&d=mm&r=g","url":"https:\/\/secure.gravatar.com\/avatar\/677b6f1fc54e8c7982d7dce3cfe65fce28f898f70d9b8b631786a0b1b18b11e5?s=96&d=mm&r=g","contentUrl":"https:\/\/secure.gravatar.com\/avatar\/677b6f1fc54e8c7982d7dce3cfe65fce28f898f70d9b8b631786a0b1b18b11e5?s=96&d=mm&r=g","caption":"joaocosta"},"sameAs":["http:\/\/blogdojoaocosta.com.br"],"url":"https:\/\/blogdojoaocosta.com.br\/?author=1"}]}},"_links":{"self":[{"href":"https:\/\/blogdojoaocosta.com.br\/index.php?rest_route=\/wp\/v2\/posts\/3150","targetHints":{"allow":["GET"]}}],"collection":[{"href":"https:\/\/blogdojoaocosta.com.br\/index.php?rest_route=\/wp\/v2\/posts"}],"about":[{"href":"https:\/\/blogdojoaocosta.com.br\/index.php?rest_route=\/wp\/v2\/types\/post"}],"author":[{"embeddable":true,"href":"https:\/\/blogdojoaocosta.com.br\/index.php?rest_route=\/wp\/v2\/users\/1"}],"replies":[{"embeddable":true,"href":"https:\/\/blogdojoaocosta.com.br\/index.php?rest_route=%2Fwp%2Fv2%2Fcomments&post=3150"}],"version-history":[{"count":1,"href":"https:\/\/blogdojoaocosta.com.br\/index.php?rest_route=\/wp\/v2\/posts\/3150\/revisions"}],"predecessor-version":[{"id":3153,"href":"https:\/\/blogdojoaocosta.com.br\/index.php?rest_route=\/wp\/v2\/posts\/3150\/revisions\/3153"}],"wp:featuredmedia":[{"embeddable":true,"href":"https:\/\/blogdojoaocosta.com.br\/index.php?rest_route=\/wp\/v2\/media\/3151"}],"wp:attachment":[{"href":"https:\/\/blogdojoaocosta.com.br\/index.php?rest_route=%2Fwp%2Fv2%2Fmedia&parent=3150"}],"wp:term":[{"taxonomy":"category","embeddable":true,"href":"https:\/\/blogdojoaocosta.com.br\/index.php?rest_route=%2Fwp%2Fv2%2Fcategories&post=3150"},{"taxonomy":"post_tag","embeddable":true,"href":"https:\/\/blogdojoaocosta.com.br\/index.php?rest_route=%2Fwp%2Fv2%2Ftags&post=3150"}],"curies":[{"name":"wp","href":"https:\/\/api.w.org\/{rel}","templated":true}]}}