{"id":3157,"date":"2025-12-15T07:40:00","date_gmt":"2025-12-15T10:40:00","guid":{"rendered":"https:\/\/blogdojoaocosta.com.br\/?p=3157"},"modified":"2025-12-15T07:56:25","modified_gmt":"2025-12-15T10:56:25","slug":"revolta-de-princesa-tavares-escreve-livro-sobre-clementino-quele","status":"publish","type":"post","link":"https:\/\/blogdojoaocosta.com.br\/?p=3157","title":{"rendered":"Revolta de Princesa: Tavares escreve livro sobre Clementino Quel\u00e9"},"content":{"rendered":"<p>Em artigo para o Blog do Jo\u00e3o Costa, o escritor e pesquisador do Canga\u00e7o, Jos\u00e9 Tavares de Ara\u00fajo Neto, explica as raz\u00f5es para escrever sobre o sargento da For\u00e7a P\u00fablica Paraibana (PM) Clementino Jos\u00e9 Furtado, personagem hist\u00f3rico da Revolta de Princesa.<\/p>\n<h2>Por que escrevi Clementino Quel\u00e9<\/h2>\n<p><em><strong>Jos\u00e9 Tavares de Ara\u00fajo Neto<\/strong><\/em><\/p>\n<p>Escrever A Saga do Sargento Clementino Quel\u00e9 no encal\u00e7o de Lampi\u00e3o e na Revolta de Princesa foi, antes de tudo, um gesto de inquieta\u00e7\u00e3o. Sempre me incomodou a maneira como certos personagens do sert\u00e3o nordestino foram aprisionados a vers\u00f5es simplificadas, repetidas \u00e0 exaust\u00e3o, como se a hist\u00f3ria fosse um campo de respostas prontas e n\u00e3o um territ\u00f3rio de perguntas permanentes.<\/p>\n<p>Clementino Jos\u00e9 Furtado, o Sargento Quel\u00e9, era um desses nomes. Figura recorrente nos relatos sobre o canga\u00e7o e nos epis\u00f3dios da Revolta de Princesa, quase sempre aparecia de forma lateral, reduzido a r\u00f3tulos f\u00e1ceis.<\/p>\n<p>Resolvi, ent\u00e3o, segui-lo pelos rastros deixados nos arquivos, nos jornais, nos documentos judiciais e nas mem\u00f3rias dispersas, buscando compreend\u00ea-lo n\u00e3o como her\u00f3i nem como vil\u00e3o, mas como homem do seu tempo, moldado pelas contradi\u00e7\u00f5es do sert\u00e3o e da pol\u00edtica das primeiras d\u00e9cadas do s\u00e9culo passado.<\/p>\n<p>Ao longo da pesquisa, percebi que Quel\u00e9 n\u00e3o pode ser lido fora do contexto em que viveu. O sert\u00e3o que o formou era atravessado por disputas partid\u00e1rias, coronelismo, inger\u00eancias estaduais e por uma justi\u00e7a frequentemente tensionada por interesses pol\u00edticos.<\/p>\n<p>Nesse cen\u00e1rio, a fronteira entre legalidade e viol\u00eancia mostrava-se inst\u00e1vel, e as for\u00e7as oficiais do Estado, muitas vezes, agiam segundo l\u00f3gicas t\u00e3o duras quanto aquelas que diziam combater.<\/p>\n<p>Seguir Quel\u00e9 no encal\u00e7o de Lampi\u00e3o foi, igualmente, revisitar um dos cap\u00edtulos mais complexos da hist\u00f3ria nordestina. O confronto com o canga\u00e7o n\u00e3o se deu apenas no campo armado, mas tamb\u00e9m no terreno simb\u00f3lico, onde prest\u00edgio, poder e autoridade estavam em disputa.<\/p>\n<p>Lampi\u00e3o e Quel\u00e9, embora em lados opostos, emergem neste livro como produtos de uma mesma paisagem social, marcada pela escassez, pela honra ferida e pela aus\u00eancia cr\u00f4nica do Estado.<\/p>\n<p>A Revolta de Princesa revelou-se um momento decisivo para compreender o entrela\u00e7amento entre pol\u00edtica local e viol\u00eancia institucional. Ao acompanhar a participa\u00e7\u00e3o de Quel\u00e9 nesses epis\u00f3dios, procurei mostrar como decis\u00f5es individuais estavam profundamente condicionadas por alian\u00e7as, press\u00f5es e estrat\u00e9gias que extrapolavam a vontade de um \u00fanico homem.<\/p>\n<p>A apresenta\u00e7\u00e3o do livro coube a Jo\u00e3o Costa, estudioso atento da hist\u00f3ria sertaneja, cuja familiaridade com a trajet\u00f3ria de Clementino Quel\u00e9 e com os conflitos que marcaram aquele per\u00edodo confere ao texto inicial uma leitura segura e contextualizada.<\/p>\n<p>O pref\u00e1cio, assinado pelo dr. S\u00e9rgio Dantas, renomado pesquisador que conhece a hist\u00f3ria de Quel\u00e9 com profundidade, refor\u00e7a a necessidade de tratar o personagem para al\u00e9m dos r\u00f3tulos consagrados, destacando o rigor da pesquisa e a import\u00e2ncia de revisitar criticamente as narrativas j\u00e1 cristalizadas.<\/p>\n<p>Optei por uma escrita que n\u00e3o romantiza o canga\u00e7o nem absolve seus agentes, mas que tamb\u00e9m n\u00e3o se rende \u00e0 tenta\u00e7\u00e3o do julgamento f\u00e1cil. A pesquisa hist\u00f3rica exige desconfian\u00e7a, confronto de fontes e disposi\u00e7\u00e3o para contrariar narrativas consolidadas. Repetir vers\u00f5es n\u00e3o \u00e9 fazer hist\u00f3ria, \u00e9 apenas perpetuar sil\u00eancios.<\/p>\n<p>Este livro nasceu do desejo de devolver voz e densidade a um personagem que o tempo e a conveni\u00eancia trataram de simplificar. Se ele contribui para ampliar o debate sobre o canga\u00e7o, a Revolta de Princesa e a pr\u00f3pria hist\u00f3ria do sert\u00e3o, ent\u00e3o cumpriu seu papel.<\/p>\n<p>Escrever sobre Clementino Quel\u00e9 foi, para mim, uma forma de afirmar que a hist\u00f3ria n\u00e3o \u00e9 um monumento im\u00f3vel, mas um campo vivo de disputa, mem\u00f3ria e revis\u00e3o constante.<\/p>\n<p><img decoding=\"async\" class=\"alignnone size-medium wp-image-3160\" src=\"https:\/\/blogdojoaocosta.com.br\/wp-content\/uploads\/2025\/12\/Jose-tavares-1-300x251.jpeg\" alt=\"\" width=\"300\" height=\"251\" srcset=\"https:\/\/blogdojoaocosta.com.br\/wp-content\/uploads\/2025\/12\/Jose-tavares-1-300x251.jpeg 300w, https:\/\/blogdojoaocosta.com.br\/wp-content\/uploads\/2025\/12\/Jose-tavares-1-768x643.jpeg 768w, https:\/\/blogdojoaocosta.com.br\/wp-content\/uploads\/2025\/12\/Jose-tavares-1.jpeg 849w\" sizes=\"(max-width: 300px) 100vw, 300px\" \/><\/p>\n<p># Jos\u00e9 Tavares \u00e9 escritor e pesquisador do Canga\u00e7o<\/p>\n","protected":false},"excerpt":{"rendered":"<p>Em artigo para o Blog do Jo\u00e3o Costa, o escritor e pesquisador do Canga\u00e7o, Jos\u00e9 Tavares de Ara\u00fajo Neto, explica as raz\u00f5es para escrever sobre o sargento da For\u00e7a P\u00fablica Paraibana (PM) Clementino Jos\u00e9 Furtado, personagem hist\u00f3rico da Revolta de Princesa. Por que escrevi Clementino Quel\u00e9 Jos\u00e9 Tavares de Ara\u00fajo Neto Escrever A Saga do [&hellip;]<\/p>\n","protected":false},"author":1,"featured_media":3162,"comment_status":"open","ping_status":"open","sticky":false,"template":"","format":"standard","meta":{"footnotes":""},"categories":[22],"tags":[],"class_list":["post-3157","post","type-post","status-publish","format-standard","has-post-thumbnail","hentry","category-revoltas-e-revolucoes"],"yoast_head":"<!-- This site is optimized with the Yoast SEO plugin v27.5 - https:\/\/yoast.com\/product\/yoast-seo-wordpress\/ -->\n<title>Revolta de Princesa: Tavares escreve livro sobre Clementino Quel\u00e9 - Blog do Jo\u00e3o Costa<\/title>\n<meta name=\"robots\" content=\"index, follow, max-snippet:-1, max-image-preview:large, max-video-preview:-1\" \/>\n<link rel=\"canonical\" href=\"https:\/\/blogdojoaocosta.com.br\/?p=3157\" \/>\n<meta property=\"og:locale\" content=\"pt_BR\" \/>\n<meta property=\"og:type\" content=\"article\" \/>\n<meta property=\"og:title\" content=\"Revolta de Princesa: Tavares escreve livro sobre Clementino Quel\u00e9 - Blog do Jo\u00e3o Costa\" \/>\n<meta property=\"og:description\" content=\"Em artigo para o Blog do Jo\u00e3o Costa, o escritor e pesquisador do Canga\u00e7o, Jos\u00e9 Tavares de Ara\u00fajo Neto, explica as raz\u00f5es para escrever sobre o sargento da For\u00e7a P\u00fablica Paraibana (PM) Clementino Jos\u00e9 Furtado, personagem hist\u00f3rico da Revolta de Princesa. Por que escrevi Clementino Quel\u00e9 Jos\u00e9 Tavares de Ara\u00fajo Neto Escrever A Saga do [&hellip;]\" \/>\n<meta property=\"og:url\" content=\"https:\/\/blogdojoaocosta.com.br\/?p=3157\" \/>\n<meta property=\"og:site_name\" content=\"Blog do Jo\u00e3o Costa\" \/>\n<meta property=\"article:published_time\" content=\"2025-12-15T10:40:00+00:00\" \/>\n<meta property=\"article:modified_time\" content=\"2025-12-15T10:56:25+00:00\" \/>\n<meta property=\"og:image\" content=\"https:\/\/blogdojoaocosta.com.br\/wp-content\/uploads\/2025\/12\/Quele-capa.jpeg\" \/>\n\t<meta property=\"og:image:width\" content=\"1024\" \/>\n\t<meta property=\"og:image:height\" content=\"1536\" \/>\n\t<meta property=\"og:image:type\" content=\"image\/jpeg\" \/>\n<meta name=\"author\" content=\"joaocosta\" \/>\n<meta name=\"twitter:card\" content=\"summary_large_image\" \/>\n<meta name=\"twitter:label1\" content=\"Escrito por\" \/>\n\t<meta name=\"twitter:data1\" content=\"joaocosta\" \/>\n\t<meta name=\"twitter:label2\" content=\"Est. tempo de leitura\" \/>\n\t<meta name=\"twitter:data2\" content=\"4 minutos\" \/>\n<script type=\"application\/ld+json\" class=\"yoast-schema-graph\">{\"@context\":\"https:\\\/\\\/schema.org\",\"@graph\":[{\"@type\":\"Article\",\"@id\":\"https:\\\/\\\/blogdojoaocosta.com.br\\\/?p=3157#article\",\"isPartOf\":{\"@id\":\"https:\\\/\\\/blogdojoaocosta.com.br\\\/?p=3157\"},\"author\":{\"name\":\"joaocosta\",\"@id\":\"https:\\\/\\\/blogdojoaocosta.com.br\\\/#\\\/schema\\\/person\\\/af1c9fa31a41a9d29c32f74b41d55f6e\"},\"headline\":\"Revolta de Princesa: Tavares escreve livro sobre Clementino Quel\u00e9\",\"datePublished\":\"2025-12-15T10:40:00+00:00\",\"dateModified\":\"2025-12-15T10:56:25+00:00\",\"mainEntityOfPage\":{\"@id\":\"https:\\\/\\\/blogdojoaocosta.com.br\\\/?p=3157\"},\"wordCount\":693,\"commentCount\":0,\"image\":{\"@id\":\"https:\\\/\\\/blogdojoaocosta.com.br\\\/?p=3157#primaryimage\"},\"thumbnailUrl\":\"https:\\\/\\\/blogdojoaocosta.com.br\\\/wp-content\\\/uploads\\\/2025\\\/12\\\/Quele-capa.jpeg\",\"articleSection\":[\"Revoltas e Revolu\u00e7\u00f5es\"],\"inLanguage\":\"pt-BR\",\"potentialAction\":[{\"@type\":\"CommentAction\",\"name\":\"Comment\",\"target\":[\"https:\\\/\\\/blogdojoaocosta.com.br\\\/?p=3157#respond\"]}]},{\"@type\":\"WebPage\",\"@id\":\"https:\\\/\\\/blogdojoaocosta.com.br\\\/?p=3157\",\"url\":\"https:\\\/\\\/blogdojoaocosta.com.br\\\/?p=3157\",\"name\":\"Revolta de Princesa: Tavares escreve livro sobre Clementino Quel\u00e9 - Blog do Jo\u00e3o Costa\",\"isPartOf\":{\"@id\":\"https:\\\/\\\/blogdojoaocosta.com.br\\\/#website\"},\"primaryImageOfPage\":{\"@id\":\"https:\\\/\\\/blogdojoaocosta.com.br\\\/?p=3157#primaryimage\"},\"image\":{\"@id\":\"https:\\\/\\\/blogdojoaocosta.com.br\\\/?p=3157#primaryimage\"},\"thumbnailUrl\":\"https:\\\/\\\/blogdojoaocosta.com.br\\\/wp-content\\\/uploads\\\/2025\\\/12\\\/Quele-capa.jpeg\",\"datePublished\":\"2025-12-15T10:40:00+00:00\",\"dateModified\":\"2025-12-15T10:56:25+00:00\",\"author\":{\"@id\":\"https:\\\/\\\/blogdojoaocosta.com.br\\\/#\\\/schema\\\/person\\\/af1c9fa31a41a9d29c32f74b41d55f6e\"},\"breadcrumb\":{\"@id\":\"https:\\\/\\\/blogdojoaocosta.com.br\\\/?p=3157#breadcrumb\"},\"inLanguage\":\"pt-BR\",\"potentialAction\":[{\"@type\":\"ReadAction\",\"target\":[\"https:\\\/\\\/blogdojoaocosta.com.br\\\/?p=3157\"]}]},{\"@type\":\"ImageObject\",\"inLanguage\":\"pt-BR\",\"@id\":\"https:\\\/\\\/blogdojoaocosta.com.br\\\/?p=3157#primaryimage\",\"url\":\"https:\\\/\\\/blogdojoaocosta.com.br\\\/wp-content\\\/uploads\\\/2025\\\/12\\\/Quele-capa.jpeg\",\"contentUrl\":\"https:\\\/\\\/blogdojoaocosta.com.br\\\/wp-content\\\/uploads\\\/2025\\\/12\\\/Quele-capa.jpeg\",\"width\":1024,\"height\":1536},{\"@type\":\"BreadcrumbList\",\"@id\":\"https:\\\/\\\/blogdojoaocosta.com.br\\\/?p=3157#breadcrumb\",\"itemListElement\":[{\"@type\":\"ListItem\",\"position\":1,\"name\":\"In\u00edcio\",\"item\":\"https:\\\/\\\/blogdojoaocosta.com.br\\\/\"},{\"@type\":\"ListItem\",\"position\":2,\"name\":\"Revolta de Princesa: Tavares escreve livro sobre Clementino Quel\u00e9\"}]},{\"@type\":\"WebSite\",\"@id\":\"https:\\\/\\\/blogdojoaocosta.com.br\\\/#website\",\"url\":\"https:\\\/\\\/blogdojoaocosta.com.br\\\/\",\"name\":\"Blog do Jo\u00e3o Costa\",\"description\":\"Assim Caminha a Humanidade\",\"potentialAction\":[{\"@type\":\"SearchAction\",\"target\":{\"@type\":\"EntryPoint\",\"urlTemplate\":\"https:\\\/\\\/blogdojoaocosta.com.br\\\/?s={search_term_string}\"},\"query-input\":{\"@type\":\"PropertyValueSpecification\",\"valueRequired\":true,\"valueName\":\"search_term_string\"}}],\"inLanguage\":\"pt-BR\"},{\"@type\":\"Person\",\"@id\":\"https:\\\/\\\/blogdojoaocosta.com.br\\\/#\\\/schema\\\/person\\\/af1c9fa31a41a9d29c32f74b41d55f6e\",\"name\":\"joaocosta\",\"image\":{\"@type\":\"ImageObject\",\"inLanguage\":\"pt-BR\",\"@id\":\"https:\\\/\\\/secure.gravatar.com\\\/avatar\\\/677b6f1fc54e8c7982d7dce3cfe65fce28f898f70d9b8b631786a0b1b18b11e5?s=96&d=mm&r=g\",\"url\":\"https:\\\/\\\/secure.gravatar.com\\\/avatar\\\/677b6f1fc54e8c7982d7dce3cfe65fce28f898f70d9b8b631786a0b1b18b11e5?s=96&d=mm&r=g\",\"contentUrl\":\"https:\\\/\\\/secure.gravatar.com\\\/avatar\\\/677b6f1fc54e8c7982d7dce3cfe65fce28f898f70d9b8b631786a0b1b18b11e5?s=96&d=mm&r=g\",\"caption\":\"joaocosta\"},\"sameAs\":[\"http:\\\/\\\/blogdojoaocosta.com.br\"],\"url\":\"https:\\\/\\\/blogdojoaocosta.com.br\\\/?author=1\"}]}<\/script>\n<!-- \/ Yoast SEO plugin. -->","yoast_head_json":{"title":"Revolta de Princesa: Tavares escreve livro sobre Clementino Quel\u00e9 - Blog do Jo\u00e3o Costa","robots":{"index":"index","follow":"follow","max-snippet":"max-snippet:-1","max-image-preview":"max-image-preview:large","max-video-preview":"max-video-preview:-1"},"canonical":"https:\/\/blogdojoaocosta.com.br\/?p=3157","og_locale":"pt_BR","og_type":"article","og_title":"Revolta de Princesa: Tavares escreve livro sobre Clementino Quel\u00e9 - Blog do Jo\u00e3o Costa","og_description":"Em artigo para o Blog do Jo\u00e3o Costa, o escritor e pesquisador do Canga\u00e7o, Jos\u00e9 Tavares de Ara\u00fajo Neto, explica as raz\u00f5es para escrever sobre o sargento da For\u00e7a P\u00fablica Paraibana (PM) Clementino Jos\u00e9 Furtado, personagem hist\u00f3rico da Revolta de Princesa. Por que escrevi Clementino Quel\u00e9 Jos\u00e9 Tavares de Ara\u00fajo Neto Escrever A Saga do [&hellip;]","og_url":"https:\/\/blogdojoaocosta.com.br\/?p=3157","og_site_name":"Blog do Jo\u00e3o Costa","article_published_time":"2025-12-15T10:40:00+00:00","article_modified_time":"2025-12-15T10:56:25+00:00","og_image":[{"width":1024,"height":1536,"url":"https:\/\/blogdojoaocosta.com.br\/wp-content\/uploads\/2025\/12\/Quele-capa.jpeg","type":"image\/jpeg"}],"author":"joaocosta","twitter_card":"summary_large_image","twitter_misc":{"Escrito por":"joaocosta","Est. tempo de leitura":"4 minutos"},"schema":{"@context":"https:\/\/schema.org","@graph":[{"@type":"Article","@id":"https:\/\/blogdojoaocosta.com.br\/?p=3157#article","isPartOf":{"@id":"https:\/\/blogdojoaocosta.com.br\/?p=3157"},"author":{"name":"joaocosta","@id":"https:\/\/blogdojoaocosta.com.br\/#\/schema\/person\/af1c9fa31a41a9d29c32f74b41d55f6e"},"headline":"Revolta de Princesa: Tavares escreve livro sobre Clementino Quel\u00e9","datePublished":"2025-12-15T10:40:00+00:00","dateModified":"2025-12-15T10:56:25+00:00","mainEntityOfPage":{"@id":"https:\/\/blogdojoaocosta.com.br\/?p=3157"},"wordCount":693,"commentCount":0,"image":{"@id":"https:\/\/blogdojoaocosta.com.br\/?p=3157#primaryimage"},"thumbnailUrl":"https:\/\/blogdojoaocosta.com.br\/wp-content\/uploads\/2025\/12\/Quele-capa.jpeg","articleSection":["Revoltas e Revolu\u00e7\u00f5es"],"inLanguage":"pt-BR","potentialAction":[{"@type":"CommentAction","name":"Comment","target":["https:\/\/blogdojoaocosta.com.br\/?p=3157#respond"]}]},{"@type":"WebPage","@id":"https:\/\/blogdojoaocosta.com.br\/?p=3157","url":"https:\/\/blogdojoaocosta.com.br\/?p=3157","name":"Revolta de Princesa: Tavares escreve livro sobre Clementino Quel\u00e9 - Blog do Jo\u00e3o Costa","isPartOf":{"@id":"https:\/\/blogdojoaocosta.com.br\/#website"},"primaryImageOfPage":{"@id":"https:\/\/blogdojoaocosta.com.br\/?p=3157#primaryimage"},"image":{"@id":"https:\/\/blogdojoaocosta.com.br\/?p=3157#primaryimage"},"thumbnailUrl":"https:\/\/blogdojoaocosta.com.br\/wp-content\/uploads\/2025\/12\/Quele-capa.jpeg","datePublished":"2025-12-15T10:40:00+00:00","dateModified":"2025-12-15T10:56:25+00:00","author":{"@id":"https:\/\/blogdojoaocosta.com.br\/#\/schema\/person\/af1c9fa31a41a9d29c32f74b41d55f6e"},"breadcrumb":{"@id":"https:\/\/blogdojoaocosta.com.br\/?p=3157#breadcrumb"},"inLanguage":"pt-BR","potentialAction":[{"@type":"ReadAction","target":["https:\/\/blogdojoaocosta.com.br\/?p=3157"]}]},{"@type":"ImageObject","inLanguage":"pt-BR","@id":"https:\/\/blogdojoaocosta.com.br\/?p=3157#primaryimage","url":"https:\/\/blogdojoaocosta.com.br\/wp-content\/uploads\/2025\/12\/Quele-capa.jpeg","contentUrl":"https:\/\/blogdojoaocosta.com.br\/wp-content\/uploads\/2025\/12\/Quele-capa.jpeg","width":1024,"height":1536},{"@type":"BreadcrumbList","@id":"https:\/\/blogdojoaocosta.com.br\/?p=3157#breadcrumb","itemListElement":[{"@type":"ListItem","position":1,"name":"In\u00edcio","item":"https:\/\/blogdojoaocosta.com.br\/"},{"@type":"ListItem","position":2,"name":"Revolta de Princesa: Tavares escreve livro sobre Clementino Quel\u00e9"}]},{"@type":"WebSite","@id":"https:\/\/blogdojoaocosta.com.br\/#website","url":"https:\/\/blogdojoaocosta.com.br\/","name":"Blog do Jo\u00e3o Costa","description":"Assim Caminha a Humanidade","potentialAction":[{"@type":"SearchAction","target":{"@type":"EntryPoint","urlTemplate":"https:\/\/blogdojoaocosta.com.br\/?s={search_term_string}"},"query-input":{"@type":"PropertyValueSpecification","valueRequired":true,"valueName":"search_term_string"}}],"inLanguage":"pt-BR"},{"@type":"Person","@id":"https:\/\/blogdojoaocosta.com.br\/#\/schema\/person\/af1c9fa31a41a9d29c32f74b41d55f6e","name":"joaocosta","image":{"@type":"ImageObject","inLanguage":"pt-BR","@id":"https:\/\/secure.gravatar.com\/avatar\/677b6f1fc54e8c7982d7dce3cfe65fce28f898f70d9b8b631786a0b1b18b11e5?s=96&d=mm&r=g","url":"https:\/\/secure.gravatar.com\/avatar\/677b6f1fc54e8c7982d7dce3cfe65fce28f898f70d9b8b631786a0b1b18b11e5?s=96&d=mm&r=g","contentUrl":"https:\/\/secure.gravatar.com\/avatar\/677b6f1fc54e8c7982d7dce3cfe65fce28f898f70d9b8b631786a0b1b18b11e5?s=96&d=mm&r=g","caption":"joaocosta"},"sameAs":["http:\/\/blogdojoaocosta.com.br"],"url":"https:\/\/blogdojoaocosta.com.br\/?author=1"}]}},"_links":{"self":[{"href":"https:\/\/blogdojoaocosta.com.br\/index.php?rest_route=\/wp\/v2\/posts\/3157","targetHints":{"allow":["GET"]}}],"collection":[{"href":"https:\/\/blogdojoaocosta.com.br\/index.php?rest_route=\/wp\/v2\/posts"}],"about":[{"href":"https:\/\/blogdojoaocosta.com.br\/index.php?rest_route=\/wp\/v2\/types\/post"}],"author":[{"embeddable":true,"href":"https:\/\/blogdojoaocosta.com.br\/index.php?rest_route=\/wp\/v2\/users\/1"}],"replies":[{"embeddable":true,"href":"https:\/\/blogdojoaocosta.com.br\/index.php?rest_route=%2Fwp%2Fv2%2Fcomments&post=3157"}],"version-history":[{"count":3,"href":"https:\/\/blogdojoaocosta.com.br\/index.php?rest_route=\/wp\/v2\/posts\/3157\/revisions"}],"predecessor-version":[{"id":3161,"href":"https:\/\/blogdojoaocosta.com.br\/index.php?rest_route=\/wp\/v2\/posts\/3157\/revisions\/3161"}],"wp:featuredmedia":[{"embeddable":true,"href":"https:\/\/blogdojoaocosta.com.br\/index.php?rest_route=\/wp\/v2\/media\/3162"}],"wp:attachment":[{"href":"https:\/\/blogdojoaocosta.com.br\/index.php?rest_route=%2Fwp%2Fv2%2Fmedia&parent=3157"}],"wp:term":[{"taxonomy":"category","embeddable":true,"href":"https:\/\/blogdojoaocosta.com.br\/index.php?rest_route=%2Fwp%2Fv2%2Fcategories&post=3157"},{"taxonomy":"post_tag","embeddable":true,"href":"https:\/\/blogdojoaocosta.com.br\/index.php?rest_route=%2Fwp%2Fv2%2Ftags&post=3157"}],"curies":[{"name":"wp","href":"https:\/\/api.w.org\/{rel}","templated":true}]}}