{"id":327,"date":"2022-12-28T09:39:37","date_gmt":"2022-12-28T12:39:37","guid":{"rendered":"https:\/\/blogdojoaocosta.com.br\/?p=327"},"modified":"2022-12-28T09:39:37","modified_gmt":"2022-12-28T12:39:37","slug":"a-queda-chefe-do-atual-regime-abandona-o-cargo-e-busca-abrigo-nos-estados-unidos","status":"publish","type":"post","link":"https:\/\/blogdojoaocosta.com.br\/?p=327","title":{"rendered":"A Queda: chefe do atual regime abandona o cargo e busca abrigo nos Estados Unidos"},"content":{"rendered":"<p>O chefe do atual regime, Jair Bolsonaro(PL), viaja provavelmente nesta quinta-feira para os Estados Unidos, \u201csem passagem de volta\u201d, segundo revelou o jornalista Rodrigo Rangel, do portal Metr\u00f3poles; um gesto que est\u00e1 sendo compreendido como \u201cabandono de cargo e fuga do pa\u00eds\u201d.<\/p>\n<p>Em um dos seus \u00faltimos atos de governo, exonerou \u00a0o comandante do Ex\u00e9rcito, general marco Ant\u00f4nio Freire Gomes, e nomeou, de forma interina, o general J\u00falio C\u00e9sar de Arruda, indicado por Lula, presidente eleito e diplomado, que tomar\u00e1 posse no dia 1\u00ba de janeiro.<\/p>\n<p>Ao apagar das luzes, o chefe do regime ainda exonerou o Almirante de Esquadra Marco Sampaio Olsen do cargo de comandante de Opera\u00e7\u00f5es Navais, indicado por Lula para assumir o comando da Marinha.<\/p>\n<p>Essas movimenta\u00e7\u00f5es nas For\u00e7as Aramadas indicam politicamente o sentido de evitar \u201cv\u00e1cuo de poder\u201d nos quart\u00e9is.<\/p>\n<h3>Futuro governo j\u00e1 tem logomarca<\/h3>\n<p>O presidente eleito e diplomado ainda nem tomou posse, mas a marca publicit\u00e1ria do futuro governo j\u00e1 causa discuss\u00f5es est\u00e9ticas nas redes sociais.<\/p>\n<p>A logomarca para o terceiro mandato de Luis In\u00e1cio Lula da Silva, ainda n\u00e3o est\u00e1 definida, entretanto, uma imagem, que foi confirmada pela equipe de transi\u00e7\u00e3o como sendo um dos poss\u00edveis modelos, j\u00e1 come\u00e7ou a rodar na Internet.<\/p>\n<p><img decoding=\"async\" class=\"alignnone size-medium wp-image-329\" src=\"https:\/\/blogdojoaocosta.com.br\/wp-content\/uploads\/2022\/12\/WhatsApp-Image-2022-12-28-at-07.37.29-300x225.jpeg\" alt=\"\" width=\"300\" height=\"225\" srcset=\"https:\/\/blogdojoaocosta.com.br\/wp-content\/uploads\/2022\/12\/WhatsApp-Image-2022-12-28-at-07.37.29-300x225.jpeg 300w, https:\/\/blogdojoaocosta.com.br\/wp-content\/uploads\/2022\/12\/WhatsApp-Image-2022-12-28-at-07.37.29.jpeg 450w\" sizes=\"(max-width: 300px) 100vw, 300px\" \/><\/p>\n<p>A logomarca tem causado pol\u00eamica entre grupos de artistas nas redes sociais.<\/p>\n<p>\u201cApapagaiado demais, visualmente falando, ou olhando\u201d, foi a rea\u00e7\u00e3o entre grupo de WhatsApp de atores paraibanos.<\/p>\n<p>\u201cMas essa \u00e9 a ideia, afirmar nosso tropicalismo, nosso ararismo, nosso apapagaiamento\u201d, foi uma das rea\u00e7\u00f5es.<\/p>\n<p>&#8211; E \u00e9 LGBT, tamb\u00e9m foi uma das rea\u00e7\u00f5es.<\/p>\n","protected":false},"excerpt":{"rendered":"<p>O chefe do atual regime, Jair Bolsonaro(PL), viaja provavelmente nesta quinta-feira para os Estados Unidos, \u201csem passagem de volta\u201d, segundo revelou o jornalista Rodrigo Rangel, do portal Metr\u00f3poles; um gesto que est\u00e1 sendo compreendido como \u201cabandono de cargo e fuga do pa\u00eds\u201d. Em um dos seus \u00faltimos atos de governo, exonerou \u00a0o comandante do Ex\u00e9rcito, [&hellip;]<\/p>\n","protected":false},"author":1,"featured_media":328,"comment_status":"open","ping_status":"open","sticky":false,"template":"","format":"standard","meta":{"footnotes":""},"categories":[11],"tags":[],"class_list":["post-327","post","type-post","status-publish","format-standard","has-post-thumbnail","hentry","category-politica"],"yoast_head":"<!-- This site is optimized with the Yoast SEO plugin v27.5 - https:\/\/yoast.com\/product\/yoast-seo-wordpress\/ -->\n<title>A Queda: chefe do atual regime abandona o cargo e busca abrigo nos Estados Unidos - Blog do Jo\u00e3o Costa<\/title>\n<meta name=\"robots\" content=\"index, follow, max-snippet:-1, max-image-preview:large, max-video-preview:-1\" \/>\n<link rel=\"canonical\" href=\"https:\/\/blogdojoaocosta.com.br\/?p=327\" \/>\n<meta property=\"og:locale\" content=\"pt_BR\" \/>\n<meta property=\"og:type\" content=\"article\" \/>\n<meta property=\"og:title\" content=\"A Queda: chefe do atual regime abandona o cargo e busca abrigo nos Estados Unidos - Blog do Jo\u00e3o Costa\" \/>\n<meta property=\"og:description\" content=\"O chefe do atual regime, Jair Bolsonaro(PL), viaja provavelmente nesta quinta-feira para os Estados Unidos, \u201csem passagem de volta\u201d, segundo revelou o jornalista Rodrigo Rangel, do portal Metr\u00f3poles; um gesto que est\u00e1 sendo compreendido como \u201cabandono de cargo e fuga do pa\u00eds\u201d. Em um dos seus \u00faltimos atos de governo, exonerou \u00a0o comandante do Ex\u00e9rcito, [&hellip;]\" \/>\n<meta property=\"og:url\" content=\"https:\/\/blogdojoaocosta.com.br\/?p=327\" \/>\n<meta property=\"og:site_name\" content=\"Blog do Jo\u00e3o Costa\" \/>\n<meta property=\"article:published_time\" content=\"2022-12-28T12:39:37+00:00\" \/>\n<meta property=\"og:image\" content=\"https:\/\/blogdojoaocosta.com.br\/wp-content\/uploads\/2022\/12\/bolsonarob.jpg\" \/>\n\t<meta property=\"og:image:width\" content=\"302\" \/>\n\t<meta property=\"og:image:height\" content=\"167\" \/>\n\t<meta property=\"og:image:type\" content=\"image\/jpeg\" \/>\n<meta name=\"author\" content=\"joaocosta\" \/>\n<meta name=\"twitter:card\" content=\"summary_large_image\" \/>\n<meta name=\"twitter:label1\" content=\"Escrito por\" \/>\n\t<meta name=\"twitter:data1\" content=\"joaocosta\" \/>\n\t<meta name=\"twitter:label2\" content=\"Est. tempo de leitura\" \/>\n\t<meta name=\"twitter:data2\" content=\"2 minutos\" \/>\n<script type=\"application\/ld+json\" class=\"yoast-schema-graph\">{\"@context\":\"https:\\\/\\\/schema.org\",\"@graph\":[{\"@type\":\"Article\",\"@id\":\"https:\\\/\\\/blogdojoaocosta.com.br\\\/?p=327#article\",\"isPartOf\":{\"@id\":\"https:\\\/\\\/blogdojoaocosta.com.br\\\/?p=327\"},\"author\":{\"name\":\"joaocosta\",\"@id\":\"https:\\\/\\\/blogdojoaocosta.com.br\\\/#\\\/schema\\\/person\\\/af1c9fa31a41a9d29c32f74b41d55f6e\"},\"headline\":\"A Queda: chefe do atual regime abandona o cargo e busca abrigo nos Estados Unidos\",\"datePublished\":\"2022-12-28T12:39:37+00:00\",\"mainEntityOfPage\":{\"@id\":\"https:\\\/\\\/blogdojoaocosta.com.br\\\/?p=327\"},\"wordCount\":291,\"commentCount\":1,\"image\":{\"@id\":\"https:\\\/\\\/blogdojoaocosta.com.br\\\/?p=327#primaryimage\"},\"thumbnailUrl\":\"https:\\\/\\\/blogdojoaocosta.com.br\\\/wp-content\\\/uploads\\\/2022\\\/12\\\/bolsonarob.jpg\",\"articleSection\":[\"Pol\u00edtica\"],\"inLanguage\":\"pt-BR\",\"potentialAction\":[{\"@type\":\"CommentAction\",\"name\":\"Comment\",\"target\":[\"https:\\\/\\\/blogdojoaocosta.com.br\\\/?p=327#respond\"]}]},{\"@type\":\"WebPage\",\"@id\":\"https:\\\/\\\/blogdojoaocosta.com.br\\\/?p=327\",\"url\":\"https:\\\/\\\/blogdojoaocosta.com.br\\\/?p=327\",\"name\":\"A Queda: chefe do atual regime abandona o cargo e busca abrigo nos Estados Unidos - Blog do Jo\u00e3o Costa\",\"isPartOf\":{\"@id\":\"https:\\\/\\\/blogdojoaocosta.com.br\\\/#website\"},\"primaryImageOfPage\":{\"@id\":\"https:\\\/\\\/blogdojoaocosta.com.br\\\/?p=327#primaryimage\"},\"image\":{\"@id\":\"https:\\\/\\\/blogdojoaocosta.com.br\\\/?p=327#primaryimage\"},\"thumbnailUrl\":\"https:\\\/\\\/blogdojoaocosta.com.br\\\/wp-content\\\/uploads\\\/2022\\\/12\\\/bolsonarob.jpg\",\"datePublished\":\"2022-12-28T12:39:37+00:00\",\"author\":{\"@id\":\"https:\\\/\\\/blogdojoaocosta.com.br\\\/#\\\/schema\\\/person\\\/af1c9fa31a41a9d29c32f74b41d55f6e\"},\"breadcrumb\":{\"@id\":\"https:\\\/\\\/blogdojoaocosta.com.br\\\/?p=327#breadcrumb\"},\"inLanguage\":\"pt-BR\",\"potentialAction\":[{\"@type\":\"ReadAction\",\"target\":[\"https:\\\/\\\/blogdojoaocosta.com.br\\\/?p=327\"]}]},{\"@type\":\"ImageObject\",\"inLanguage\":\"pt-BR\",\"@id\":\"https:\\\/\\\/blogdojoaocosta.com.br\\\/?p=327#primaryimage\",\"url\":\"https:\\\/\\\/blogdojoaocosta.com.br\\\/wp-content\\\/uploads\\\/2022\\\/12\\\/bolsonarob.jpg\",\"contentUrl\":\"https:\\\/\\\/blogdojoaocosta.com.br\\\/wp-content\\\/uploads\\\/2022\\\/12\\\/bolsonarob.jpg\",\"width\":302,\"height\":167},{\"@type\":\"BreadcrumbList\",\"@id\":\"https:\\\/\\\/blogdojoaocosta.com.br\\\/?p=327#breadcrumb\",\"itemListElement\":[{\"@type\":\"ListItem\",\"position\":1,\"name\":\"In\u00edcio\",\"item\":\"https:\\\/\\\/blogdojoaocosta.com.br\\\/\"},{\"@type\":\"ListItem\",\"position\":2,\"name\":\"A Queda: chefe do atual regime abandona o cargo e busca abrigo nos Estados Unidos\"}]},{\"@type\":\"WebSite\",\"@id\":\"https:\\\/\\\/blogdojoaocosta.com.br\\\/#website\",\"url\":\"https:\\\/\\\/blogdojoaocosta.com.br\\\/\",\"name\":\"Blog do Jo\u00e3o Costa\",\"description\":\"Assim Caminha a Humanidade\",\"potentialAction\":[{\"@type\":\"SearchAction\",\"target\":{\"@type\":\"EntryPoint\",\"urlTemplate\":\"https:\\\/\\\/blogdojoaocosta.com.br\\\/?s={search_term_string}\"},\"query-input\":{\"@type\":\"PropertyValueSpecification\",\"valueRequired\":true,\"valueName\":\"search_term_string\"}}],\"inLanguage\":\"pt-BR\"},{\"@type\":\"Person\",\"@id\":\"https:\\\/\\\/blogdojoaocosta.com.br\\\/#\\\/schema\\\/person\\\/af1c9fa31a41a9d29c32f74b41d55f6e\",\"name\":\"joaocosta\",\"image\":{\"@type\":\"ImageObject\",\"inLanguage\":\"pt-BR\",\"@id\":\"https:\\\/\\\/secure.gravatar.com\\\/avatar\\\/677b6f1fc54e8c7982d7dce3cfe65fce28f898f70d9b8b631786a0b1b18b11e5?s=96&d=mm&r=g\",\"url\":\"https:\\\/\\\/secure.gravatar.com\\\/avatar\\\/677b6f1fc54e8c7982d7dce3cfe65fce28f898f70d9b8b631786a0b1b18b11e5?s=96&d=mm&r=g\",\"contentUrl\":\"https:\\\/\\\/secure.gravatar.com\\\/avatar\\\/677b6f1fc54e8c7982d7dce3cfe65fce28f898f70d9b8b631786a0b1b18b11e5?s=96&d=mm&r=g\",\"caption\":\"joaocosta\"},\"sameAs\":[\"http:\\\/\\\/blogdojoaocosta.com.br\"],\"url\":\"https:\\\/\\\/blogdojoaocosta.com.br\\\/?author=1\"}]}<\/script>\n<!-- \/ Yoast SEO plugin. -->","yoast_head_json":{"title":"A Queda: chefe do atual regime abandona o cargo e busca abrigo nos Estados Unidos - Blog do Jo\u00e3o Costa","robots":{"index":"index","follow":"follow","max-snippet":"max-snippet:-1","max-image-preview":"max-image-preview:large","max-video-preview":"max-video-preview:-1"},"canonical":"https:\/\/blogdojoaocosta.com.br\/?p=327","og_locale":"pt_BR","og_type":"article","og_title":"A Queda: chefe do atual regime abandona o cargo e busca abrigo nos Estados Unidos - Blog do Jo\u00e3o Costa","og_description":"O chefe do atual regime, Jair Bolsonaro(PL), viaja provavelmente nesta quinta-feira para os Estados Unidos, \u201csem passagem de volta\u201d, segundo revelou o jornalista Rodrigo Rangel, do portal Metr\u00f3poles; um gesto que est\u00e1 sendo compreendido como \u201cabandono de cargo e fuga do pa\u00eds\u201d. Em um dos seus \u00faltimos atos de governo, exonerou \u00a0o comandante do Ex\u00e9rcito, [&hellip;]","og_url":"https:\/\/blogdojoaocosta.com.br\/?p=327","og_site_name":"Blog do Jo\u00e3o Costa","article_published_time":"2022-12-28T12:39:37+00:00","og_image":[{"width":302,"height":167,"url":"https:\/\/blogdojoaocosta.com.br\/wp-content\/uploads\/2022\/12\/bolsonarob.jpg","type":"image\/jpeg"}],"author":"joaocosta","twitter_card":"summary_large_image","twitter_misc":{"Escrito por":"joaocosta","Est. tempo de leitura":"2 minutos"},"schema":{"@context":"https:\/\/schema.org","@graph":[{"@type":"Article","@id":"https:\/\/blogdojoaocosta.com.br\/?p=327#article","isPartOf":{"@id":"https:\/\/blogdojoaocosta.com.br\/?p=327"},"author":{"name":"joaocosta","@id":"https:\/\/blogdojoaocosta.com.br\/#\/schema\/person\/af1c9fa31a41a9d29c32f74b41d55f6e"},"headline":"A Queda: chefe do atual regime abandona o cargo e busca abrigo nos Estados Unidos","datePublished":"2022-12-28T12:39:37+00:00","mainEntityOfPage":{"@id":"https:\/\/blogdojoaocosta.com.br\/?p=327"},"wordCount":291,"commentCount":1,"image":{"@id":"https:\/\/blogdojoaocosta.com.br\/?p=327#primaryimage"},"thumbnailUrl":"https:\/\/blogdojoaocosta.com.br\/wp-content\/uploads\/2022\/12\/bolsonarob.jpg","articleSection":["Pol\u00edtica"],"inLanguage":"pt-BR","potentialAction":[{"@type":"CommentAction","name":"Comment","target":["https:\/\/blogdojoaocosta.com.br\/?p=327#respond"]}]},{"@type":"WebPage","@id":"https:\/\/blogdojoaocosta.com.br\/?p=327","url":"https:\/\/blogdojoaocosta.com.br\/?p=327","name":"A Queda: chefe do atual regime abandona o cargo e busca abrigo nos Estados Unidos - Blog do Jo\u00e3o Costa","isPartOf":{"@id":"https:\/\/blogdojoaocosta.com.br\/#website"},"primaryImageOfPage":{"@id":"https:\/\/blogdojoaocosta.com.br\/?p=327#primaryimage"},"image":{"@id":"https:\/\/blogdojoaocosta.com.br\/?p=327#primaryimage"},"thumbnailUrl":"https:\/\/blogdojoaocosta.com.br\/wp-content\/uploads\/2022\/12\/bolsonarob.jpg","datePublished":"2022-12-28T12:39:37+00:00","author":{"@id":"https:\/\/blogdojoaocosta.com.br\/#\/schema\/person\/af1c9fa31a41a9d29c32f74b41d55f6e"},"breadcrumb":{"@id":"https:\/\/blogdojoaocosta.com.br\/?p=327#breadcrumb"},"inLanguage":"pt-BR","potentialAction":[{"@type":"ReadAction","target":["https:\/\/blogdojoaocosta.com.br\/?p=327"]}]},{"@type":"ImageObject","inLanguage":"pt-BR","@id":"https:\/\/blogdojoaocosta.com.br\/?p=327#primaryimage","url":"https:\/\/blogdojoaocosta.com.br\/wp-content\/uploads\/2022\/12\/bolsonarob.jpg","contentUrl":"https:\/\/blogdojoaocosta.com.br\/wp-content\/uploads\/2022\/12\/bolsonarob.jpg","width":302,"height":167},{"@type":"BreadcrumbList","@id":"https:\/\/blogdojoaocosta.com.br\/?p=327#breadcrumb","itemListElement":[{"@type":"ListItem","position":1,"name":"In\u00edcio","item":"https:\/\/blogdojoaocosta.com.br\/"},{"@type":"ListItem","position":2,"name":"A Queda: chefe do atual regime abandona o cargo e busca abrigo nos Estados Unidos"}]},{"@type":"WebSite","@id":"https:\/\/blogdojoaocosta.com.br\/#website","url":"https:\/\/blogdojoaocosta.com.br\/","name":"Blog do Jo\u00e3o Costa","description":"Assim Caminha a Humanidade","potentialAction":[{"@type":"SearchAction","target":{"@type":"EntryPoint","urlTemplate":"https:\/\/blogdojoaocosta.com.br\/?s={search_term_string}"},"query-input":{"@type":"PropertyValueSpecification","valueRequired":true,"valueName":"search_term_string"}}],"inLanguage":"pt-BR"},{"@type":"Person","@id":"https:\/\/blogdojoaocosta.com.br\/#\/schema\/person\/af1c9fa31a41a9d29c32f74b41d55f6e","name":"joaocosta","image":{"@type":"ImageObject","inLanguage":"pt-BR","@id":"https:\/\/secure.gravatar.com\/avatar\/677b6f1fc54e8c7982d7dce3cfe65fce28f898f70d9b8b631786a0b1b18b11e5?s=96&d=mm&r=g","url":"https:\/\/secure.gravatar.com\/avatar\/677b6f1fc54e8c7982d7dce3cfe65fce28f898f70d9b8b631786a0b1b18b11e5?s=96&d=mm&r=g","contentUrl":"https:\/\/secure.gravatar.com\/avatar\/677b6f1fc54e8c7982d7dce3cfe65fce28f898f70d9b8b631786a0b1b18b11e5?s=96&d=mm&r=g","caption":"joaocosta"},"sameAs":["http:\/\/blogdojoaocosta.com.br"],"url":"https:\/\/blogdojoaocosta.com.br\/?author=1"}]}},"_links":{"self":[{"href":"https:\/\/blogdojoaocosta.com.br\/index.php?rest_route=\/wp\/v2\/posts\/327","targetHints":{"allow":["GET"]}}],"collection":[{"href":"https:\/\/blogdojoaocosta.com.br\/index.php?rest_route=\/wp\/v2\/posts"}],"about":[{"href":"https:\/\/blogdojoaocosta.com.br\/index.php?rest_route=\/wp\/v2\/types\/post"}],"author":[{"embeddable":true,"href":"https:\/\/blogdojoaocosta.com.br\/index.php?rest_route=\/wp\/v2\/users\/1"}],"replies":[{"embeddable":true,"href":"https:\/\/blogdojoaocosta.com.br\/index.php?rest_route=%2Fwp%2Fv2%2Fcomments&post=327"}],"version-history":[{"count":1,"href":"https:\/\/blogdojoaocosta.com.br\/index.php?rest_route=\/wp\/v2\/posts\/327\/revisions"}],"predecessor-version":[{"id":330,"href":"https:\/\/blogdojoaocosta.com.br\/index.php?rest_route=\/wp\/v2\/posts\/327\/revisions\/330"}],"wp:featuredmedia":[{"embeddable":true,"href":"https:\/\/blogdojoaocosta.com.br\/index.php?rest_route=\/wp\/v2\/media\/328"}],"wp:attachment":[{"href":"https:\/\/blogdojoaocosta.com.br\/index.php?rest_route=%2Fwp%2Fv2%2Fmedia&parent=327"}],"wp:term":[{"taxonomy":"category","embeddable":true,"href":"https:\/\/blogdojoaocosta.com.br\/index.php?rest_route=%2Fwp%2Fv2%2Fcategories&post=327"},{"taxonomy":"post_tag","embeddable":true,"href":"https:\/\/blogdojoaocosta.com.br\/index.php?rest_route=%2Fwp%2Fv2%2Ftags&post=327"}],"curies":[{"name":"wp","href":"https:\/\/api.w.org\/{rel}","templated":true}]}}