{"id":3279,"date":"2026-01-26T13:00:45","date_gmt":"2026-01-26T16:00:45","guid":{"rendered":"https:\/\/blogdojoaocosta.com.br\/?p=3279"},"modified":"2026-01-26T13:00:45","modified_gmt":"2026-01-26T16:00:45","slug":"cafe-filho-e-a-revolta-de-princesa","status":"publish","type":"post","link":"https:\/\/blogdojoaocosta.com.br\/?p=3279","title":{"rendered":"Caf\u00e9 Filho e a Revolta de Princesa"},"content":{"rendered":"<p><em><strong>Jos\u00e9 Tavares de Ara\u00fajo Neto<\/strong><\/em><\/p>\n<p>Jo\u00e3o Caf\u00e9 Filho nasceu em Natal, Rio Grande do Norte, em 3 de fevereiro de 1899, filho de Jo\u00e3o Fernandes Campos Caf\u00e9 e Flor\u00eancia Am\u00e9lia Campos Caf\u00e9. Transferiu-se ainda jovem para o Recife, onde trabalhou como comerci\u00e1rio enquanto frequentava a Academia de Ci\u00eancias Jur\u00eddicas e Comerciais, curso que n\u00e3o chegou a concluir.<\/p>\n<p>De volta a Natal, ingressou na carreira jur\u00eddica por meio de concurso para advogado do Tribunal de Justi\u00e7a, valendo-se da experi\u00eancia pr\u00e1tica adquirida junto aos tribunais.<\/p>\n<p>Sua proje\u00e7\u00e3o p\u00fablica consolidou-se no campo do jornalismo. Em 1921 fundou o Jornal do Norte, iniciando trajet\u00f3ria que o levaria \u00e0 dire\u00e7\u00e3o de peri\u00f3dicos no Recife e no Rio de Janeiro. Essa experi\u00eancia lhe garantiu tr\u00e2nsito entre meios pol\u00edticos, jur\u00eddicos e jornal\u00edsticos, condi\u00e7\u00e3o que se revelaria decisiva durante os acontecimentos de 1930.<\/p>\n<p>No final da d\u00e9cada de 1920, diverg\u00eancias pol\u00edticas profundas com o governo do Rio Grande do Norte colocaram Jo\u00e3o Caf\u00e9 Filho em situa\u00e7\u00e3o de risco pessoal. Sua oposi\u00e7\u00e3o sistem\u00e1tica ao presidente do estado, Juvenal Lamartine de Faria, resultou em persegui\u00e7\u00f5es pol\u00edticas diretas, amplamente registradas por contempor\u00e2neos, incluindo amea\u00e7as \u00e0 sua integridade f\u00edsica.<\/p>\n<h2>Caf\u00e9 Filho na Para\u00edba<\/h2>\n<p>Diante desse quadro, Caf\u00e9 Filho afastou-se de seu estado de origem e fixou-se temporariamente na Para\u00edba, assumindo a condi\u00e7\u00e3o de exilado pol\u00edtico. \u00c0 \u00e9poca, o governo paraibano era chefiado por Jo\u00e3o Pessoa, que enfrentava grave crise pol\u00edtica e militar decorrente do movimento armado sediado no munic\u00edpio de Princesa.<\/p>\n<p>A Para\u00edba ofereceu a Caf\u00e9 Filho condi\u00e7\u00f5es de acolhimento e seguran\u00e7a, permitindo-lhe permanecer no estado durante a fase mais aguda do conflito. Essa condi\u00e7\u00e3o, associada \u00e0 sua experi\u00eancia jornal\u00edstica, colocou-o em posi\u00e7\u00e3o singular: n\u00e3o integrava formalmente o governo estadual, mas mantinha acesso aos c\u00edrculos decis\u00f3rios e \u00e0 imprensa nacional.<\/p>\n<p>Nos \u00faltimos dias de abril de 1930, chegou \u00e0 capital paraibana o jornalista Victor do Esp\u00edrito Santo, enviado especial de jornais do Rio de Janeiro para acompanhar a situa\u00e7\u00e3o na regi\u00e3o de Princesa. Antes de deslocar-se \u00e0 zona conflagrada, Victor encontrou-se com Jo\u00e3o Caf\u00e9 Filho, ent\u00e3o residente na capital.<\/p>\n<p>Nesse encontro, Caf\u00e9 Filho informou ao jornalista que o presidente Jo\u00e3o Pessoa vinha recebendo relat\u00f3rios incompletos e excessivamente otimistas sobre a situa\u00e7\u00e3o militar no sert\u00e3o. Segundo ele, tais informa\u00e7\u00f5es omitiriam deser\u00e7\u00f5es, dificuldades log\u00edsticas e fragilidades no comando das for\u00e7as legais. Destacou ainda que a aus\u00eancia de Jos\u00e9 Am\u00e9rico de Almeida, ent\u00e3o no Rio de Janeiro, agravava esse quadro, por ser ele o \u00fanico auxiliar com autoridade pol\u00edtica suficiente para relatar a situa\u00e7\u00e3o de forma direta e sem subordina\u00e7\u00e3o administrativa.<\/p>\n<p>Por iniciativa de Caf\u00e9 Filho, Victor do Esp\u00edrito Santo foi apresentado ao presidente antes de seguir para o interior. Na audi\u00eancia, comprometeu-se a retornar ao gabinete presidencial ap\u00f3s a viagem ao sert\u00e3o para relatar diretamente o que observasse. O presidente concordou com esse procedimento.<\/p>\n<p>Ap\u00f3s visitar as posi\u00e7\u00f5es das for\u00e7as legais, Victor regressou \u00e0 capital e foi novamente recebido no gabinete. Apresentou ent\u00e3o um relato detalhado: deser\u00e7\u00f5es frequentes, pris\u00f5es superlotadas, aus\u00eancia de organiza\u00e7\u00e3o log\u00edstica, fragilidade disciplinar e inadequa\u00e7\u00e3o do comando militar para uma opera\u00e7\u00e3o prolongada. Informou ainda que, do lado rebelde, havia maior coes\u00e3o e melhor aproveitamento do terreno.<\/p>\n<p>Diante dessas informa\u00e7\u00f5es, Jo\u00e3o Pessoa manifestou inconformidade com a oculta\u00e7\u00e3o dos fatos e determinou provid\u00eancias imediatas, ordenando o retorno urgente de Jos\u00e9 Am\u00e9rico de Almeida \u00e0 Para\u00edba.<\/p>\n<p>A entrevista concedida por Jo\u00e3o Caf\u00e9 Filho ao jornal A Uni\u00e3o, publicada em 25 de abril de 1930, constitui um dos documentos mais relevantes produzidos durante a Revolta de Princesa. Trata-se de um relato de viagem, fundamentado na observa\u00e7\u00e3o direta do sert\u00e3o e no contato com a popula\u00e7\u00e3o civil.<\/p>\n<p>Caf\u00e9 Filho inicia delimitando o espa\u00e7o real do conflito:<\/p>\n<p>\u201cAt\u00e9 Catingueira, no munic\u00edpio de Pianc\u00f3, onde pernoitei, tive a impress\u00e3o de que todo o sert\u00e3o estava em absoluta calma.\u201d<\/p>\n<p>E refor\u00e7a:<\/p>\n<p>\u201cTodos os homens entregues \u00e0 atividade comum, sem nenhuma preocupa\u00e7\u00e3o com a luta, que se restringe ao munic\u00edpio de Princesa.\u201d<\/p>\n<p>No plano pol\u00edtico, registra apoio ao governo estadual e rejei\u00e7\u00e3o ao poder central:<\/p>\n<p>\u201cH\u00e1 em toda a gente absoluta confian\u00e7a no governo local e uma profunda indigna\u00e7\u00e3o contra o governo federal.\u201d<\/p>\n<p>Segundo Caf\u00e9 Filho, o sertanejo manifestava abertamente censura ao presidente da Rep\u00fablica Washington Lu\u00eds. A entrevista inclui a fala de um pai de soldado do Ex\u00e9rcito, transcrita como s\u00edntese do sentimento popular:<\/p>\n<p>\u201cFui eu que fiz meu filho apresentar-se espontaneamente para servir \u00e0 P\u00e1tria e agora vejo, com intensa tristeza, que o governo quer faz\u00ea-lo instrumento da nossa grande desgra\u00e7a, arrancando a Para\u00edba das m\u00e3os honestas do presidente Jo\u00e3o Pessoa.\u201d<\/p>\n<p>E conclui:<\/p>\n<p>\u201cMas n\u00e3o \u00e9 poss\u00edvel que Deus n\u00e3o se lembre de n\u00f3s e n\u00e3o nos salve dos cangaceiros de Jos\u00e9 Pereira e Jo\u00e3o Suassuna.\u201d<\/p>\n<p>Caf\u00e9 Filho denuncia ainda a fabrica\u00e7\u00e3o sistem\u00e1tica de boatos:<\/p>\n<p>\u201cH\u00e1 um processo de \u2018generaliza\u00e7\u00e3o\u2019 da mentira muito interessante. Cria-se o boato na capital e transmite-se imediatamente para todos os munic\u00edpios do interior.\u201d<\/p>\n<p>No campo militar, reconhece deser\u00e7\u00f5es, mas procura dimension\u00e1-las:<\/p>\n<p>\u201cH\u00e1 sim algumas deser\u00e7\u00f5es, mas em pequeno n\u00famero.\u201d<\/p>\n<p>E contrap\u00f5e:<\/p>\n<p>\u201cOs soldados mostram-se animados para o combate decisivo e s\u00f3 t\u00eam um desejo: liquidar o cangaceirismo.\u201d<\/p>\n<p>A participa\u00e7\u00e3o de Jo\u00e3o Caf\u00e9 Filho na Revolta de Princesa deu-se no plano da observa\u00e7\u00e3o, do jornalismo e da media\u00e7\u00e3o pol\u00edtica. Na condi\u00e7\u00e3o de exilado, manteve-se pr\u00f3ximo aos acontecimentos sem integrar o aparato governamental, o que lhe permitiu circular entre a imprensa nacional, o governo estadual e a realidade sertaneja.<\/p>\n<p>Sua atua\u00e7\u00e3o foi decisiva ao intermediar o acesso de Victor do Esp\u00edrito Santo ao gabinete do presidente Jo\u00e3o Pessoa e ao insistir na necessidade de um relato direto e sem filtros administrativos sobre a situa\u00e7\u00e3o militar. A entrevista concedida ao jornal A Uni\u00e3o constitui documento central desse processo, registrando n\u00e3o apenas a percep\u00e7\u00e3o do conflito, mas o esfor\u00e7o de constru\u00e7\u00e3o de uma narrativa p\u00fablica em defesa da autonomia estadual.<\/p>\n<p>Jo\u00e3o Caf\u00e9 Filho n\u00e3o atuou como combatente, mas como agente de circula\u00e7\u00e3o de informa\u00e7\u00e3o qualificada. Seu testemunho permite compreender a Revolta de Princesa como conflito que extrapolou o campo armado, envolvendo disputa pol\u00edtica, controle da informa\u00e7\u00e3o e legitima\u00e7\u00e3o simb\u00f3lica do poder no Nordeste brasileiro \u00e0s v\u00e9speras de 1930.<\/p>\n<p># Jos\u00e9 Tavares \u00e9 historiador e pesquisador<\/p>\n","protected":false},"excerpt":{"rendered":"<p>Jos\u00e9 Tavares de Ara\u00fajo Neto Jo\u00e3o Caf\u00e9 Filho nasceu em Natal, Rio Grande do Norte, em 3 de fevereiro de 1899, filho de Jo\u00e3o Fernandes Campos Caf\u00e9 e Flor\u00eancia Am\u00e9lia Campos Caf\u00e9. Transferiu-se ainda jovem para o Recife, onde trabalhou como comerci\u00e1rio enquanto frequentava a Academia de Ci\u00eancias Jur\u00eddicas e Comerciais, curso que n\u00e3o chegou [&hellip;]<\/p>\n","protected":false},"author":1,"featured_media":3280,"comment_status":"open","ping_status":"open","sticky":false,"template":"","format":"standard","meta":{"footnotes":""},"categories":[22],"tags":[],"class_list":["post-3279","post","type-post","status-publish","format-standard","has-post-thumbnail","hentry","category-revoltas-e-revolucoes"],"yoast_head":"<!-- This site is optimized with the Yoast SEO plugin v27.5 - https:\/\/yoast.com\/product\/yoast-seo-wordpress\/ -->\n<title>Caf\u00e9 Filho e a Revolta de Princesa - Blog do Jo\u00e3o Costa<\/title>\n<meta name=\"robots\" content=\"index, follow, max-snippet:-1, max-image-preview:large, max-video-preview:-1\" \/>\n<link rel=\"canonical\" href=\"https:\/\/blogdojoaocosta.com.br\/?p=3279\" \/>\n<meta property=\"og:locale\" content=\"pt_BR\" \/>\n<meta property=\"og:type\" content=\"article\" \/>\n<meta property=\"og:title\" content=\"Caf\u00e9 Filho e a Revolta de Princesa - Blog do Jo\u00e3o Costa\" \/>\n<meta property=\"og:description\" content=\"Jos\u00e9 Tavares de Ara\u00fajo Neto Jo\u00e3o Caf\u00e9 Filho nasceu em Natal, Rio Grande do Norte, em 3 de fevereiro de 1899, filho de Jo\u00e3o Fernandes Campos Caf\u00e9 e Flor\u00eancia Am\u00e9lia Campos Caf\u00e9. Transferiu-se ainda jovem para o Recife, onde trabalhou como comerci\u00e1rio enquanto frequentava a Academia de Ci\u00eancias Jur\u00eddicas e Comerciais, curso que n\u00e3o chegou [&hellip;]\" \/>\n<meta property=\"og:url\" content=\"https:\/\/blogdojoaocosta.com.br\/?p=3279\" \/>\n<meta property=\"og:site_name\" content=\"Blog do Jo\u00e3o Costa\" \/>\n<meta property=\"article:published_time\" content=\"2026-01-26T16:00:45+00:00\" \/>\n<meta property=\"og:image\" content=\"https:\/\/blogdojoaocosta.com.br\/wp-content\/uploads\/2026\/01\/cafe-filho.jpeg\" \/>\n\t<meta property=\"og:image:width\" content=\"1024\" \/>\n\t<meta property=\"og:image:height\" content=\"1536\" \/>\n\t<meta property=\"og:image:type\" content=\"image\/jpeg\" \/>\n<meta name=\"author\" content=\"joaocosta\" \/>\n<meta name=\"twitter:card\" content=\"summary_large_image\" \/>\n<meta name=\"twitter:label1\" content=\"Escrito por\" \/>\n\t<meta name=\"twitter:data1\" content=\"joaocosta\" \/>\n\t<meta name=\"twitter:label2\" content=\"Est. tempo de leitura\" \/>\n\t<meta name=\"twitter:data2\" content=\"6 minutos\" \/>\n<script type=\"application\/ld+json\" class=\"yoast-schema-graph\">{\"@context\":\"https:\\\/\\\/schema.org\",\"@graph\":[{\"@type\":\"Article\",\"@id\":\"https:\\\/\\\/blogdojoaocosta.com.br\\\/?p=3279#article\",\"isPartOf\":{\"@id\":\"https:\\\/\\\/blogdojoaocosta.com.br\\\/?p=3279\"},\"author\":{\"name\":\"joaocosta\",\"@id\":\"https:\\\/\\\/blogdojoaocosta.com.br\\\/#\\\/schema\\\/person\\\/af1c9fa31a41a9d29c32f74b41d55f6e\"},\"headline\":\"Caf\u00e9 Filho e a Revolta de Princesa\",\"datePublished\":\"2026-01-26T16:00:45+00:00\",\"mainEntityOfPage\":{\"@id\":\"https:\\\/\\\/blogdojoaocosta.com.br\\\/?p=3279\"},\"wordCount\":1154,\"commentCount\":0,\"image\":{\"@id\":\"https:\\\/\\\/blogdojoaocosta.com.br\\\/?p=3279#primaryimage\"},\"thumbnailUrl\":\"https:\\\/\\\/blogdojoaocosta.com.br\\\/wp-content\\\/uploads\\\/2026\\\/01\\\/cafe-filho.jpeg\",\"articleSection\":[\"Revoltas e Revolu\u00e7\u00f5es\"],\"inLanguage\":\"pt-BR\",\"potentialAction\":[{\"@type\":\"CommentAction\",\"name\":\"Comment\",\"target\":[\"https:\\\/\\\/blogdojoaocosta.com.br\\\/?p=3279#respond\"]}]},{\"@type\":\"WebPage\",\"@id\":\"https:\\\/\\\/blogdojoaocosta.com.br\\\/?p=3279\",\"url\":\"https:\\\/\\\/blogdojoaocosta.com.br\\\/?p=3279\",\"name\":\"Caf\u00e9 Filho e a Revolta de Princesa - Blog do Jo\u00e3o Costa\",\"isPartOf\":{\"@id\":\"https:\\\/\\\/blogdojoaocosta.com.br\\\/#website\"},\"primaryImageOfPage\":{\"@id\":\"https:\\\/\\\/blogdojoaocosta.com.br\\\/?p=3279#primaryimage\"},\"image\":{\"@id\":\"https:\\\/\\\/blogdojoaocosta.com.br\\\/?p=3279#primaryimage\"},\"thumbnailUrl\":\"https:\\\/\\\/blogdojoaocosta.com.br\\\/wp-content\\\/uploads\\\/2026\\\/01\\\/cafe-filho.jpeg\",\"datePublished\":\"2026-01-26T16:00:45+00:00\",\"author\":{\"@id\":\"https:\\\/\\\/blogdojoaocosta.com.br\\\/#\\\/schema\\\/person\\\/af1c9fa31a41a9d29c32f74b41d55f6e\"},\"breadcrumb\":{\"@id\":\"https:\\\/\\\/blogdojoaocosta.com.br\\\/?p=3279#breadcrumb\"},\"inLanguage\":\"pt-BR\",\"potentialAction\":[{\"@type\":\"ReadAction\",\"target\":[\"https:\\\/\\\/blogdojoaocosta.com.br\\\/?p=3279\"]}]},{\"@type\":\"ImageObject\",\"inLanguage\":\"pt-BR\",\"@id\":\"https:\\\/\\\/blogdojoaocosta.com.br\\\/?p=3279#primaryimage\",\"url\":\"https:\\\/\\\/blogdojoaocosta.com.br\\\/wp-content\\\/uploads\\\/2026\\\/01\\\/cafe-filho.jpeg\",\"contentUrl\":\"https:\\\/\\\/blogdojoaocosta.com.br\\\/wp-content\\\/uploads\\\/2026\\\/01\\\/cafe-filho.jpeg\",\"width\":1024,\"height\":1536},{\"@type\":\"BreadcrumbList\",\"@id\":\"https:\\\/\\\/blogdojoaocosta.com.br\\\/?p=3279#breadcrumb\",\"itemListElement\":[{\"@type\":\"ListItem\",\"position\":1,\"name\":\"In\u00edcio\",\"item\":\"https:\\\/\\\/blogdojoaocosta.com.br\\\/\"},{\"@type\":\"ListItem\",\"position\":2,\"name\":\"Caf\u00e9 Filho e a Revolta de Princesa\"}]},{\"@type\":\"WebSite\",\"@id\":\"https:\\\/\\\/blogdojoaocosta.com.br\\\/#website\",\"url\":\"https:\\\/\\\/blogdojoaocosta.com.br\\\/\",\"name\":\"Blog do Jo\u00e3o Costa\",\"description\":\"Assim Caminha a Humanidade\",\"potentialAction\":[{\"@type\":\"SearchAction\",\"target\":{\"@type\":\"EntryPoint\",\"urlTemplate\":\"https:\\\/\\\/blogdojoaocosta.com.br\\\/?s={search_term_string}\"},\"query-input\":{\"@type\":\"PropertyValueSpecification\",\"valueRequired\":true,\"valueName\":\"search_term_string\"}}],\"inLanguage\":\"pt-BR\"},{\"@type\":\"Person\",\"@id\":\"https:\\\/\\\/blogdojoaocosta.com.br\\\/#\\\/schema\\\/person\\\/af1c9fa31a41a9d29c32f74b41d55f6e\",\"name\":\"joaocosta\",\"image\":{\"@type\":\"ImageObject\",\"inLanguage\":\"pt-BR\",\"@id\":\"https:\\\/\\\/secure.gravatar.com\\\/avatar\\\/677b6f1fc54e8c7982d7dce3cfe65fce28f898f70d9b8b631786a0b1b18b11e5?s=96&d=mm&r=g\",\"url\":\"https:\\\/\\\/secure.gravatar.com\\\/avatar\\\/677b6f1fc54e8c7982d7dce3cfe65fce28f898f70d9b8b631786a0b1b18b11e5?s=96&d=mm&r=g\",\"contentUrl\":\"https:\\\/\\\/secure.gravatar.com\\\/avatar\\\/677b6f1fc54e8c7982d7dce3cfe65fce28f898f70d9b8b631786a0b1b18b11e5?s=96&d=mm&r=g\",\"caption\":\"joaocosta\"},\"sameAs\":[\"http:\\\/\\\/blogdojoaocosta.com.br\"],\"url\":\"https:\\\/\\\/blogdojoaocosta.com.br\\\/?author=1\"}]}<\/script>\n<!-- \/ Yoast SEO plugin. -->","yoast_head_json":{"title":"Caf\u00e9 Filho e a Revolta de Princesa - Blog do Jo\u00e3o Costa","robots":{"index":"index","follow":"follow","max-snippet":"max-snippet:-1","max-image-preview":"max-image-preview:large","max-video-preview":"max-video-preview:-1"},"canonical":"https:\/\/blogdojoaocosta.com.br\/?p=3279","og_locale":"pt_BR","og_type":"article","og_title":"Caf\u00e9 Filho e a Revolta de Princesa - Blog do Jo\u00e3o Costa","og_description":"Jos\u00e9 Tavares de Ara\u00fajo Neto Jo\u00e3o Caf\u00e9 Filho nasceu em Natal, Rio Grande do Norte, em 3 de fevereiro de 1899, filho de Jo\u00e3o Fernandes Campos Caf\u00e9 e Flor\u00eancia Am\u00e9lia Campos Caf\u00e9. Transferiu-se ainda jovem para o Recife, onde trabalhou como comerci\u00e1rio enquanto frequentava a Academia de Ci\u00eancias Jur\u00eddicas e Comerciais, curso que n\u00e3o chegou [&hellip;]","og_url":"https:\/\/blogdojoaocosta.com.br\/?p=3279","og_site_name":"Blog do Jo\u00e3o Costa","article_published_time":"2026-01-26T16:00:45+00:00","og_image":[{"width":1024,"height":1536,"url":"https:\/\/blogdojoaocosta.com.br\/wp-content\/uploads\/2026\/01\/cafe-filho.jpeg","type":"image\/jpeg"}],"author":"joaocosta","twitter_card":"summary_large_image","twitter_misc":{"Escrito por":"joaocosta","Est. tempo de leitura":"6 minutos"},"schema":{"@context":"https:\/\/schema.org","@graph":[{"@type":"Article","@id":"https:\/\/blogdojoaocosta.com.br\/?p=3279#article","isPartOf":{"@id":"https:\/\/blogdojoaocosta.com.br\/?p=3279"},"author":{"name":"joaocosta","@id":"https:\/\/blogdojoaocosta.com.br\/#\/schema\/person\/af1c9fa31a41a9d29c32f74b41d55f6e"},"headline":"Caf\u00e9 Filho e a Revolta de Princesa","datePublished":"2026-01-26T16:00:45+00:00","mainEntityOfPage":{"@id":"https:\/\/blogdojoaocosta.com.br\/?p=3279"},"wordCount":1154,"commentCount":0,"image":{"@id":"https:\/\/blogdojoaocosta.com.br\/?p=3279#primaryimage"},"thumbnailUrl":"https:\/\/blogdojoaocosta.com.br\/wp-content\/uploads\/2026\/01\/cafe-filho.jpeg","articleSection":["Revoltas e Revolu\u00e7\u00f5es"],"inLanguage":"pt-BR","potentialAction":[{"@type":"CommentAction","name":"Comment","target":["https:\/\/blogdojoaocosta.com.br\/?p=3279#respond"]}]},{"@type":"WebPage","@id":"https:\/\/blogdojoaocosta.com.br\/?p=3279","url":"https:\/\/blogdojoaocosta.com.br\/?p=3279","name":"Caf\u00e9 Filho e a Revolta de Princesa - Blog do Jo\u00e3o Costa","isPartOf":{"@id":"https:\/\/blogdojoaocosta.com.br\/#website"},"primaryImageOfPage":{"@id":"https:\/\/blogdojoaocosta.com.br\/?p=3279#primaryimage"},"image":{"@id":"https:\/\/blogdojoaocosta.com.br\/?p=3279#primaryimage"},"thumbnailUrl":"https:\/\/blogdojoaocosta.com.br\/wp-content\/uploads\/2026\/01\/cafe-filho.jpeg","datePublished":"2026-01-26T16:00:45+00:00","author":{"@id":"https:\/\/blogdojoaocosta.com.br\/#\/schema\/person\/af1c9fa31a41a9d29c32f74b41d55f6e"},"breadcrumb":{"@id":"https:\/\/blogdojoaocosta.com.br\/?p=3279#breadcrumb"},"inLanguage":"pt-BR","potentialAction":[{"@type":"ReadAction","target":["https:\/\/blogdojoaocosta.com.br\/?p=3279"]}]},{"@type":"ImageObject","inLanguage":"pt-BR","@id":"https:\/\/blogdojoaocosta.com.br\/?p=3279#primaryimage","url":"https:\/\/blogdojoaocosta.com.br\/wp-content\/uploads\/2026\/01\/cafe-filho.jpeg","contentUrl":"https:\/\/blogdojoaocosta.com.br\/wp-content\/uploads\/2026\/01\/cafe-filho.jpeg","width":1024,"height":1536},{"@type":"BreadcrumbList","@id":"https:\/\/blogdojoaocosta.com.br\/?p=3279#breadcrumb","itemListElement":[{"@type":"ListItem","position":1,"name":"In\u00edcio","item":"https:\/\/blogdojoaocosta.com.br\/"},{"@type":"ListItem","position":2,"name":"Caf\u00e9 Filho e a Revolta de Princesa"}]},{"@type":"WebSite","@id":"https:\/\/blogdojoaocosta.com.br\/#website","url":"https:\/\/blogdojoaocosta.com.br\/","name":"Blog do Jo\u00e3o Costa","description":"Assim Caminha a Humanidade","potentialAction":[{"@type":"SearchAction","target":{"@type":"EntryPoint","urlTemplate":"https:\/\/blogdojoaocosta.com.br\/?s={search_term_string}"},"query-input":{"@type":"PropertyValueSpecification","valueRequired":true,"valueName":"search_term_string"}}],"inLanguage":"pt-BR"},{"@type":"Person","@id":"https:\/\/blogdojoaocosta.com.br\/#\/schema\/person\/af1c9fa31a41a9d29c32f74b41d55f6e","name":"joaocosta","image":{"@type":"ImageObject","inLanguage":"pt-BR","@id":"https:\/\/secure.gravatar.com\/avatar\/677b6f1fc54e8c7982d7dce3cfe65fce28f898f70d9b8b631786a0b1b18b11e5?s=96&d=mm&r=g","url":"https:\/\/secure.gravatar.com\/avatar\/677b6f1fc54e8c7982d7dce3cfe65fce28f898f70d9b8b631786a0b1b18b11e5?s=96&d=mm&r=g","contentUrl":"https:\/\/secure.gravatar.com\/avatar\/677b6f1fc54e8c7982d7dce3cfe65fce28f898f70d9b8b631786a0b1b18b11e5?s=96&d=mm&r=g","caption":"joaocosta"},"sameAs":["http:\/\/blogdojoaocosta.com.br"],"url":"https:\/\/blogdojoaocosta.com.br\/?author=1"}]}},"_links":{"self":[{"href":"https:\/\/blogdojoaocosta.com.br\/index.php?rest_route=\/wp\/v2\/posts\/3279","targetHints":{"allow":["GET"]}}],"collection":[{"href":"https:\/\/blogdojoaocosta.com.br\/index.php?rest_route=\/wp\/v2\/posts"}],"about":[{"href":"https:\/\/blogdojoaocosta.com.br\/index.php?rest_route=\/wp\/v2\/types\/post"}],"author":[{"embeddable":true,"href":"https:\/\/blogdojoaocosta.com.br\/index.php?rest_route=\/wp\/v2\/users\/1"}],"replies":[{"embeddable":true,"href":"https:\/\/blogdojoaocosta.com.br\/index.php?rest_route=%2Fwp%2Fv2%2Fcomments&post=3279"}],"version-history":[{"count":1,"href":"https:\/\/blogdojoaocosta.com.br\/index.php?rest_route=\/wp\/v2\/posts\/3279\/revisions"}],"predecessor-version":[{"id":3281,"href":"https:\/\/blogdojoaocosta.com.br\/index.php?rest_route=\/wp\/v2\/posts\/3279\/revisions\/3281"}],"wp:featuredmedia":[{"embeddable":true,"href":"https:\/\/blogdojoaocosta.com.br\/index.php?rest_route=\/wp\/v2\/media\/3280"}],"wp:attachment":[{"href":"https:\/\/blogdojoaocosta.com.br\/index.php?rest_route=%2Fwp%2Fv2%2Fmedia&parent=3279"}],"wp:term":[{"taxonomy":"category","embeddable":true,"href":"https:\/\/blogdojoaocosta.com.br\/index.php?rest_route=%2Fwp%2Fv2%2Fcategories&post=3279"},{"taxonomy":"post_tag","embeddable":true,"href":"https:\/\/blogdojoaocosta.com.br\/index.php?rest_route=%2Fwp%2Fv2%2Ftags&post=3279"}],"curies":[{"name":"wp","href":"https:\/\/api.w.org\/{rel}","templated":true}]}}