{"id":3283,"date":"2026-01-28T12:19:40","date_gmt":"2026-01-28T15:19:40","guid":{"rendered":"https:\/\/blogdojoaocosta.com.br\/?p=3283"},"modified":"2026-01-28T12:19:40","modified_gmt":"2026-01-28T15:19:40","slug":"juvenal-lamartinejuvenal-lamartine-na-revolta-de-princesana-revolta-de-princesa","status":"publish","type":"post","link":"https:\/\/blogdojoaocosta.com.br\/?p=3283","title":{"rendered":"Juvenal LamartineJuvenal Lamartine na Revolta de Princesana Revolta de Princesa"},"content":{"rendered":"<p><strong>Jos\u00e9 Tavares de Ara\u00fajo Neto<\/strong><\/p>\n<p>(Trecho do livro in\u00e9dito &#8220;Jo\u00e3o Dantas e a os Dantas da Serra do Teixeira&#8221;)<\/p>\n<p>As rela\u00e7\u00f5es entre Juvenal Lamartine e Jo\u00e3o Pessoa j\u00e1 se encontravam deterioradas antes mesmo do deflagrar do movimento armado de Princesa.<\/p>\n<p>Essa\u00a0 desaven\u00e7a ganhou contornos p\u00fablicos quando Jo\u00e3o Pessoa, ent\u00e3o candidato a vice-presidente da Rep\u00fablica na chapa da Alian\u00e7a Liberal, concedeu entrevista atribuindo a persist\u00eancia do cangaceirismo no sert\u00e3o paraibano \u00e0 suposta falta de coopera\u00e7\u00e3o dos estados vizinhos.<\/p>\n<p>A declara\u00e7\u00e3o do candidato a\u00a0\u00a0 vice-presidente da Rep\u00fablica foi recebida por Lamartine como acusa\u00e7\u00e3o direta e injusta, levando-o a reagir por meio de notas \u00e0 imprensa e de correspond\u00eancia oficial, nas quais afirmava jamais ter sido procurado pelo governo paraibano para qualquer acordo repressivo conjunto.<\/p>\n<p>A partir desse epis\u00f3dio, consolidou-se um clima de animosidade pol\u00edtica entre os dois presidentes. A imprensa oficial da Para\u00edba, especialmente o jornal A Uni\u00e3o, passou a veicular reiteradas acusa\u00e7\u00f5es contra o governo norte-rio-grandense, enquanto Natal se tornava, progressivamente, espa\u00e7o de tr\u00e2nsito, abrigo e articula\u00e7\u00e3o para opositores do regime pesso\u00edsta.<\/p>\n<h2>Intermediando ades\u00f5es para oposi\u00e7\u00e3o ao governo<\/h2>\n<p>Nesse contexto, insere-se uma das mais claras evid\u00eancias da atua\u00e7\u00e3o pol\u00edtica de Juvenal Lamartine no conflito paraibano: a tentativa de intermediar a ades\u00e3o do coronel Joaquim Saldanha (Quinca Saldanha) \u00e0s hostes oposicionistas ao governo da Para\u00edba. A iniciativa foi tomada a pedido de Jos\u00e9 Duarte Dantas de Vasconcelos, chefe pol\u00edtico da cidade de Teixeira e figura central da dissid\u00eancia sertaneja.<\/p>\n<p>Em telegrama enviado por Lamartine a Quinca\u00a0 Saldanha, o presidente norte-rio-grandense declara expressamente que age ap\u00f3s solicita\u00e7\u00e3o de Duarte Dantas e procura convencer o coronel a afastar-se do conflito, apelando tanto aos la\u00e7os familiares quanto ao cen\u00e1rio pol\u00edtico nacional.<\/p>\n<p>Lamartine sustenta que a Alian\u00e7a Liberal se encontrava enfraquecida e que a vit\u00f3ria dos candidatos governistas seria ampla, sugerindo que uma aproxima\u00e7\u00e3o seria politicamente honrosa.<\/p>\n<p>O teor da mensagem demonstra que Juvenal Lamartine n\u00e3o se limitou a uma postura passiva diante da crise, mas atuou como mediador pol\u00edtico ativo.<\/p>\n<p>Outro documento que tamb\u00e9m\u00a0 deixa expl\u00edcito esse envolvimento encontra-se na carta enviada por Jos\u00e9 Duarte Dantas ao presidente Juvenal Lamartine, datada de 24 de abril de 1930, em S\u00e3o Jos\u00e9 do Egito, Pernambuco.<\/p>\n<p>Trata-se de pe\u00e7a de inequ\u00edvoco car\u00e1ter pol\u00edtico, na qual Duarte Dantas apresenta formalmente ao chefe do Executivo potiguar o primo Jo\u00e3o Duarte Dantas, investindo-o da condi\u00e7\u00e3o de emiss\u00e1rio autorizado para tratar de assuntos diretamente ligados ao movimento revoltoso.<\/p>\n<p>A carta combina apresenta\u00e7\u00e3o pessoal, justifica\u00e7\u00e3o ideol\u00f3gica da luta armada e pedido expl\u00edcito de aux\u00edlio, apoiando-se nos la\u00e7os familiares e na converg\u00eancia pol\u00edtica entre remetente e destinat\u00e1rio. Seu teor revela que Juvenal Lamartine era visto como aliado estrat\u00e9gico, capaz de oferecer apoio decisivo \u00e0 causa.<\/p>\n<p>Transcreve-se o documento na \u00edntegra, preservando-se grafia, pontua\u00e7\u00e3o e tom originais:<\/p>\n<p>&#8220;S\u00e3o Jos\u00e9 do Egito (Pernambuco), 24\/4\/930<\/p>\n<p>Lamartine \u2014<\/p>\n<p>Aceite minhas afetuosas sauda\u00e7\u00f5es.<\/p>\n<p>O portador \u00e9 o nosso primo Jo\u00e3o Dantas, que a\u00ed vai por delega\u00e7\u00e3o do desembargador Her\u00e1clito entender-se com voc\u00ea.<\/p>\n<p>Depois do banditismo contra n\u00f3s feito pelo assassino Jo\u00e3o Pessoa, estamos, como todos os homens de bem da Para\u00edba, empenhados nessa luta n\u00e3o s\u00f3 por um dever c\u00edvico, mas principalmente por instinto de conserva\u00e7\u00e3o, em defesa de nossa vida e propriedade.<\/p>\n<p>O Jo\u00e3o dir-lhe-\u00e1 de viva voz o que tem ocorrido e a nossa situa\u00e7\u00e3o.<\/p>\n<p>Adeus, mande suas ordens.<\/p>\n<p>Do primo am\u00ba,<\/p>\n<p>Duarte<\/p>\n<p>P.S. \u2014 \u00c9 desnecess\u00e1rio dizer-lhe que precisamos do seu aux\u00edlio e estou bem certo de que voc\u00ea n\u00e3o nos recusar\u00e1&#8221;.&#8221;<\/p>\n<p>O conte\u00fado da carta n\u00e3o deixa margem a ambiguidades. Jo\u00e3o Duarte Dantas \u00e9 apresentado como interlocutor leg\u00edtimo, portador de informa\u00e7\u00f5es sens\u00edveis e encarregado de tratar diretamente da situa\u00e7\u00e3o pol\u00edtica e militar do movimento, com pedido de aux\u00edlio dirigido pessoalmente ao presidente do Rio Grande do Norte.<\/p>\n<p>Correspond\u00eancias posteriores de Jo\u00e3o Duarte Dantas ao desembargador Her\u00e1clito Cavalcanti revelam a dimens\u00e3o log\u00edstica dessa articula\u00e7\u00e3o, especialmente no que se refere ao fornecimento de armas e muni\u00e7\u00f5es ao movimento revoltoso.<\/p>\n<p>Nessas cartas, Jo\u00e3o Dantas relata sua ida a Natal e suas confer\u00eancias com Juvenal Lamartine, destacando a disposi\u00e7\u00e3o do presidente potiguar em colaborar com a obten\u00e7\u00e3o de muni\u00e7\u00e3o destinada \u00e0s colunas rebeldes.<\/p>\n<p>Jo\u00e3o Duarte Dantas cumpre, assim, a sua miss\u00e3o como emiss\u00e1rio pol\u00edtico e log\u00edstico, encarregado de transmitir pedidos urgentes de muni\u00e7\u00e3o e de recursos financeiros, conforme explicitado na carta de apresenta\u00e7\u00e3o subscrita por seu primo, Jos\u00e9 Duarte Dantas, chefe pol\u00edtico de Teixeira.<\/p>\n<p>Em uma dessas correspond\u00eancias, Jo\u00e3o Duarte Dantas afirma de forma expressa que Juvenal Lamartine se prontificara a colocar \u00e0 disposi\u00e7\u00e3o dos revoltosos a quantidade de muni\u00e7\u00e3o necess\u00e1ria para armar uma coluna destinada a aliviar a press\u00e3o militar sobre o reduto de Princesa. A recorr\u00eancia do tema das armas ao longo dessas cartas evidencia que a pr\u00f3pria sobreviv\u00eancia do movimento estava diretamente condicionada \u00e0 garantia de abastecimento b\u00e9lico.<\/p>\n<p>As cartas mencionam ainda a exist\u00eancia de muni\u00e7\u00e3o em quantidade significativa no quartel do 29\u00ba Batalh\u00e3o de Ca\u00e7adores, em Natal, cuja libera\u00e7\u00e3o dependeria de autoriza\u00e7\u00e3o superior, bem como a tentativa de Lamartine de obter material b\u00e9lico por meio de negocia\u00e7\u00f5es institucionais junto ao Minist\u00e9rio da Guerra.<\/p>\n<p>Esses elementos refor\u00e7am que o presidente do Rio Grande do Norte n\u00e3o apenas tinha ci\u00eancia das necessidades militares dos revoltosos, como buscava meios concretos de atend\u00ea-las.<\/p>\n<p>Outro gesto mais concreto e politicamente significativo de Juvenal Lamartine ocorreu no in\u00edcio de julho de 1930, quando, no auge das opera\u00e7\u00f5es militares contra o movimento de Princesa, recusou-se a autorizar a entrada de tropas do governo da Para\u00edba em territ\u00f3rio do Rio Grande do Norte.<\/p>\n<p>A situa\u00e7\u00e3o tornou-se especialmente cr\u00edtica nos dias 9 e 10 de julho. Nesse per\u00edodo, as colunas rebeldes promoviam ataques contra fazendeiros ligados ao governo pesso\u00edsta na regi\u00e3o de Brejo do Cruz. Em seguida, empreendiam fugas estrat\u00e9gicas para a fazenda Trincheiras, no munic\u00edpio de Patu, j\u00e1 em solo norte-rio-grandense, \u00e1rea \u00e0 qual as for\u00e7as paraibanas n\u00e3o podiam ter acesso sem pr\u00e9via autoriza\u00e7\u00e3o do presidente do estado vizinho.<\/p>\n<p>Diante da presen\u00e7a do grupo armado em territ\u00f3rio potiguar, o secret\u00e1rio de Seguran\u00e7a da Para\u00edba solicitou permiss\u00e3o para prosseguir na persegui\u00e7\u00e3o, pedido refor\u00e7ado pelo pr\u00f3prio Jo\u00e3o Pessoa.<\/p>\n<p>A resposta de Juvenal Lamartine foi negativa. O presidente alegou respeito \u00e0 soberania estadual e informou que o governo do Rio Grande do Norte adotaria provid\u00eancias pr\u00f3prias.<\/p>\n<p>Segundo as comunica\u00e7\u00f5es oficiais trocadas naquele momento, chegou-se a designar um oficial para proceder ao desarmamento da coluna. Contudo, antes que qualquer a\u00e7\u00e3o fosse efetivada, os rebeldes j\u00e1 haviam deixado o territ\u00f3rio norte-rio-grandense e regressado \u00e0 Para\u00edba.<\/p>\n<h2>N\u00e3o houve confronto nem desarmamento.<\/h2>\n<p>Na pr\u00e1tica, a negativa de passagem obrigou as for\u00e7as paraibanas a interromper a persegui\u00e7\u00e3o \u00e0s colunas rebeldes que atuavam na faixa fronteiri\u00e7a.<\/p>\n<p>A an\u00e1lise articulada da carta de apresenta\u00e7\u00e3o de Jos\u00e9 Duarte Dantas, das correspond\u00eancias de Jo\u00e3o Duarte Dantas e das decis\u00f5es administrativas do governo norte-rio-grandense demonstra que a atua\u00e7\u00e3o de Juvenal Lamartine na Revolta de Princesa ultrapassou a neutralidade formal. Ela se manifestou por meio de media\u00e7\u00f5es pol\u00edticas, acolhimento indireto de emiss\u00e1rios, tentativas de viabiliza\u00e7\u00e3o de armamento e atos administrativos que influenciaram de forma concreta o curso do conflito.<\/p>\n<p>A Revolta de Princesa revela-se, assim, como epis\u00f3dio inserido numa complexa rede de alian\u00e7as pol\u00edticas, v\u00ednculos familiares e estrat\u00e9gias interestaduais que marcaram o Nordeste \u00e0s v\u00e9speras da Revolu\u00e7\u00e3o de 1930, tendo Juvenal Lamartine como um de seus protagonistas centrais.<\/p>\n<p># Jos\u00e9 Tavares \u00e9 escritor e pesquisador da Revolta de Princesa.<\/p>\n<p>Imagem: recria\u00e7\u00e3o IA.<\/p>\n","protected":false},"excerpt":{"rendered":"<p>Jos\u00e9 Tavares de Ara\u00fajo Neto (Trecho do livro in\u00e9dito &#8220;Jo\u00e3o Dantas e a os Dantas da Serra do Teixeira&#8221;) As rela\u00e7\u00f5es entre Juvenal Lamartine e Jo\u00e3o Pessoa j\u00e1 se encontravam deterioradas antes mesmo do deflagrar do movimento armado de Princesa. Essa\u00a0 desaven\u00e7a ganhou contornos p\u00fablicos quando Jo\u00e3o Pessoa, ent\u00e3o candidato a vice-presidente da Rep\u00fablica na [&hellip;]<\/p>\n","protected":false},"author":1,"featured_media":3284,"comment_status":"open","ping_status":"open","sticky":false,"template":"","format":"standard","meta":{"footnotes":""},"categories":[22],"tags":[],"class_list":["post-3283","post","type-post","status-publish","format-standard","has-post-thumbnail","hentry","category-revoltas-e-revolucoes"],"yoast_head":"<!-- This site is optimized with the Yoast SEO plugin v27.5 - https:\/\/yoast.com\/product\/yoast-seo-wordpress\/ -->\n<title>Juvenal LamartineJuvenal Lamartine na Revolta de Princesana Revolta de Princesa - Blog do Jo\u00e3o Costa<\/title>\n<meta name=\"robots\" content=\"index, follow, max-snippet:-1, max-image-preview:large, max-video-preview:-1\" \/>\n<link rel=\"canonical\" href=\"https:\/\/blogdojoaocosta.com.br\/?p=3283\" \/>\n<meta property=\"og:locale\" content=\"pt_BR\" \/>\n<meta property=\"og:type\" content=\"article\" \/>\n<meta property=\"og:title\" content=\"Juvenal LamartineJuvenal Lamartine na Revolta de Princesana Revolta de Princesa - Blog do Jo\u00e3o Costa\" \/>\n<meta property=\"og:description\" content=\"Jos\u00e9 Tavares de Ara\u00fajo Neto (Trecho do livro in\u00e9dito &#8220;Jo\u00e3o Dantas e a os Dantas da Serra do Teixeira&#8221;) As rela\u00e7\u00f5es entre Juvenal Lamartine e Jo\u00e3o Pessoa j\u00e1 se encontravam deterioradas antes mesmo do deflagrar do movimento armado de Princesa. Essa\u00a0 desaven\u00e7a ganhou contornos p\u00fablicos quando Jo\u00e3o Pessoa, ent\u00e3o candidato a vice-presidente da Rep\u00fablica na [&hellip;]\" \/>\n<meta property=\"og:url\" content=\"https:\/\/blogdojoaocosta.com.br\/?p=3283\" \/>\n<meta property=\"og:site_name\" content=\"Blog do Jo\u00e3o Costa\" \/>\n<meta property=\"article:published_time\" content=\"2026-01-28T15:19:40+00:00\" \/>\n<meta property=\"og:image\" content=\"https:\/\/blogdojoaocosta.com.br\/wp-content\/uploads\/2026\/01\/juvenal-Lamartine.jpeg\" \/>\n\t<meta property=\"og:image:width\" content=\"853\" \/>\n\t<meta property=\"og:image:height\" content=\"1280\" \/>\n\t<meta property=\"og:image:type\" content=\"image\/jpeg\" \/>\n<meta name=\"author\" content=\"joaocosta\" \/>\n<meta name=\"twitter:card\" content=\"summary_large_image\" \/>\n<meta name=\"twitter:label1\" content=\"Escrito por\" \/>\n\t<meta name=\"twitter:data1\" content=\"joaocosta\" \/>\n\t<meta name=\"twitter:label2\" content=\"Est. tempo de leitura\" \/>\n\t<meta name=\"twitter:data2\" content=\"7 minutos\" \/>\n<script type=\"application\/ld+json\" class=\"yoast-schema-graph\">{\"@context\":\"https:\\\/\\\/schema.org\",\"@graph\":[{\"@type\":\"Article\",\"@id\":\"https:\\\/\\\/blogdojoaocosta.com.br\\\/?p=3283#article\",\"isPartOf\":{\"@id\":\"https:\\\/\\\/blogdojoaocosta.com.br\\\/?p=3283\"},\"author\":{\"name\":\"joaocosta\",\"@id\":\"https:\\\/\\\/blogdojoaocosta.com.br\\\/#\\\/schema\\\/person\\\/af1c9fa31a41a9d29c32f74b41d55f6e\"},\"headline\":\"Juvenal LamartineJuvenal Lamartine na Revolta de Princesana Revolta de Princesa\",\"datePublished\":\"2026-01-28T15:19:40+00:00\",\"mainEntityOfPage\":{\"@id\":\"https:\\\/\\\/blogdojoaocosta.com.br\\\/?p=3283\"},\"wordCount\":1382,\"commentCount\":0,\"image\":{\"@id\":\"https:\\\/\\\/blogdojoaocosta.com.br\\\/?p=3283#primaryimage\"},\"thumbnailUrl\":\"https:\\\/\\\/blogdojoaocosta.com.br\\\/wp-content\\\/uploads\\\/2026\\\/01\\\/juvenal-Lamartine.jpeg\",\"articleSection\":[\"Revoltas e Revolu\u00e7\u00f5es\"],\"inLanguage\":\"pt-BR\",\"potentialAction\":[{\"@type\":\"CommentAction\",\"name\":\"Comment\",\"target\":[\"https:\\\/\\\/blogdojoaocosta.com.br\\\/?p=3283#respond\"]}]},{\"@type\":\"WebPage\",\"@id\":\"https:\\\/\\\/blogdojoaocosta.com.br\\\/?p=3283\",\"url\":\"https:\\\/\\\/blogdojoaocosta.com.br\\\/?p=3283\",\"name\":\"Juvenal LamartineJuvenal Lamartine na Revolta de Princesana Revolta de Princesa - Blog do Jo\u00e3o Costa\",\"isPartOf\":{\"@id\":\"https:\\\/\\\/blogdojoaocosta.com.br\\\/#website\"},\"primaryImageOfPage\":{\"@id\":\"https:\\\/\\\/blogdojoaocosta.com.br\\\/?p=3283#primaryimage\"},\"image\":{\"@id\":\"https:\\\/\\\/blogdojoaocosta.com.br\\\/?p=3283#primaryimage\"},\"thumbnailUrl\":\"https:\\\/\\\/blogdojoaocosta.com.br\\\/wp-content\\\/uploads\\\/2026\\\/01\\\/juvenal-Lamartine.jpeg\",\"datePublished\":\"2026-01-28T15:19:40+00:00\",\"author\":{\"@id\":\"https:\\\/\\\/blogdojoaocosta.com.br\\\/#\\\/schema\\\/person\\\/af1c9fa31a41a9d29c32f74b41d55f6e\"},\"breadcrumb\":{\"@id\":\"https:\\\/\\\/blogdojoaocosta.com.br\\\/?p=3283#breadcrumb\"},\"inLanguage\":\"pt-BR\",\"potentialAction\":[{\"@type\":\"ReadAction\",\"target\":[\"https:\\\/\\\/blogdojoaocosta.com.br\\\/?p=3283\"]}]},{\"@type\":\"ImageObject\",\"inLanguage\":\"pt-BR\",\"@id\":\"https:\\\/\\\/blogdojoaocosta.com.br\\\/?p=3283#primaryimage\",\"url\":\"https:\\\/\\\/blogdojoaocosta.com.br\\\/wp-content\\\/uploads\\\/2026\\\/01\\\/juvenal-Lamartine.jpeg\",\"contentUrl\":\"https:\\\/\\\/blogdojoaocosta.com.br\\\/wp-content\\\/uploads\\\/2026\\\/01\\\/juvenal-Lamartine.jpeg\",\"width\":853,\"height\":1280},{\"@type\":\"BreadcrumbList\",\"@id\":\"https:\\\/\\\/blogdojoaocosta.com.br\\\/?p=3283#breadcrumb\",\"itemListElement\":[{\"@type\":\"ListItem\",\"position\":1,\"name\":\"In\u00edcio\",\"item\":\"https:\\\/\\\/blogdojoaocosta.com.br\\\/\"},{\"@type\":\"ListItem\",\"position\":2,\"name\":\"Juvenal LamartineJuvenal Lamartine na Revolta de Princesana Revolta de Princesa\"}]},{\"@type\":\"WebSite\",\"@id\":\"https:\\\/\\\/blogdojoaocosta.com.br\\\/#website\",\"url\":\"https:\\\/\\\/blogdojoaocosta.com.br\\\/\",\"name\":\"Blog do Jo\u00e3o Costa\",\"description\":\"Assim Caminha a Humanidade\",\"potentialAction\":[{\"@type\":\"SearchAction\",\"target\":{\"@type\":\"EntryPoint\",\"urlTemplate\":\"https:\\\/\\\/blogdojoaocosta.com.br\\\/?s={search_term_string}\"},\"query-input\":{\"@type\":\"PropertyValueSpecification\",\"valueRequired\":true,\"valueName\":\"search_term_string\"}}],\"inLanguage\":\"pt-BR\"},{\"@type\":\"Person\",\"@id\":\"https:\\\/\\\/blogdojoaocosta.com.br\\\/#\\\/schema\\\/person\\\/af1c9fa31a41a9d29c32f74b41d55f6e\",\"name\":\"joaocosta\",\"image\":{\"@type\":\"ImageObject\",\"inLanguage\":\"pt-BR\",\"@id\":\"https:\\\/\\\/secure.gravatar.com\\\/avatar\\\/677b6f1fc54e8c7982d7dce3cfe65fce28f898f70d9b8b631786a0b1b18b11e5?s=96&d=mm&r=g\",\"url\":\"https:\\\/\\\/secure.gravatar.com\\\/avatar\\\/677b6f1fc54e8c7982d7dce3cfe65fce28f898f70d9b8b631786a0b1b18b11e5?s=96&d=mm&r=g\",\"contentUrl\":\"https:\\\/\\\/secure.gravatar.com\\\/avatar\\\/677b6f1fc54e8c7982d7dce3cfe65fce28f898f70d9b8b631786a0b1b18b11e5?s=96&d=mm&r=g\",\"caption\":\"joaocosta\"},\"sameAs\":[\"http:\\\/\\\/blogdojoaocosta.com.br\"],\"url\":\"https:\\\/\\\/blogdojoaocosta.com.br\\\/?author=1\"}]}<\/script>\n<!-- \/ Yoast SEO plugin. -->","yoast_head_json":{"title":"Juvenal LamartineJuvenal Lamartine na Revolta de Princesana Revolta de Princesa - Blog do Jo\u00e3o Costa","robots":{"index":"index","follow":"follow","max-snippet":"max-snippet:-1","max-image-preview":"max-image-preview:large","max-video-preview":"max-video-preview:-1"},"canonical":"https:\/\/blogdojoaocosta.com.br\/?p=3283","og_locale":"pt_BR","og_type":"article","og_title":"Juvenal LamartineJuvenal Lamartine na Revolta de Princesana Revolta de Princesa - Blog do Jo\u00e3o Costa","og_description":"Jos\u00e9 Tavares de Ara\u00fajo Neto (Trecho do livro in\u00e9dito &#8220;Jo\u00e3o Dantas e a os Dantas da Serra do Teixeira&#8221;) As rela\u00e7\u00f5es entre Juvenal Lamartine e Jo\u00e3o Pessoa j\u00e1 se encontravam deterioradas antes mesmo do deflagrar do movimento armado de Princesa. Essa\u00a0 desaven\u00e7a ganhou contornos p\u00fablicos quando Jo\u00e3o Pessoa, ent\u00e3o candidato a vice-presidente da Rep\u00fablica na [&hellip;]","og_url":"https:\/\/blogdojoaocosta.com.br\/?p=3283","og_site_name":"Blog do Jo\u00e3o Costa","article_published_time":"2026-01-28T15:19:40+00:00","og_image":[{"width":853,"height":1280,"url":"https:\/\/blogdojoaocosta.com.br\/wp-content\/uploads\/2026\/01\/juvenal-Lamartine.jpeg","type":"image\/jpeg"}],"author":"joaocosta","twitter_card":"summary_large_image","twitter_misc":{"Escrito por":"joaocosta","Est. tempo de leitura":"7 minutos"},"schema":{"@context":"https:\/\/schema.org","@graph":[{"@type":"Article","@id":"https:\/\/blogdojoaocosta.com.br\/?p=3283#article","isPartOf":{"@id":"https:\/\/blogdojoaocosta.com.br\/?p=3283"},"author":{"name":"joaocosta","@id":"https:\/\/blogdojoaocosta.com.br\/#\/schema\/person\/af1c9fa31a41a9d29c32f74b41d55f6e"},"headline":"Juvenal LamartineJuvenal Lamartine na Revolta de Princesana Revolta de Princesa","datePublished":"2026-01-28T15:19:40+00:00","mainEntityOfPage":{"@id":"https:\/\/blogdojoaocosta.com.br\/?p=3283"},"wordCount":1382,"commentCount":0,"image":{"@id":"https:\/\/blogdojoaocosta.com.br\/?p=3283#primaryimage"},"thumbnailUrl":"https:\/\/blogdojoaocosta.com.br\/wp-content\/uploads\/2026\/01\/juvenal-Lamartine.jpeg","articleSection":["Revoltas e Revolu\u00e7\u00f5es"],"inLanguage":"pt-BR","potentialAction":[{"@type":"CommentAction","name":"Comment","target":["https:\/\/blogdojoaocosta.com.br\/?p=3283#respond"]}]},{"@type":"WebPage","@id":"https:\/\/blogdojoaocosta.com.br\/?p=3283","url":"https:\/\/blogdojoaocosta.com.br\/?p=3283","name":"Juvenal LamartineJuvenal Lamartine na Revolta de Princesana Revolta de Princesa - Blog do Jo\u00e3o Costa","isPartOf":{"@id":"https:\/\/blogdojoaocosta.com.br\/#website"},"primaryImageOfPage":{"@id":"https:\/\/blogdojoaocosta.com.br\/?p=3283#primaryimage"},"image":{"@id":"https:\/\/blogdojoaocosta.com.br\/?p=3283#primaryimage"},"thumbnailUrl":"https:\/\/blogdojoaocosta.com.br\/wp-content\/uploads\/2026\/01\/juvenal-Lamartine.jpeg","datePublished":"2026-01-28T15:19:40+00:00","author":{"@id":"https:\/\/blogdojoaocosta.com.br\/#\/schema\/person\/af1c9fa31a41a9d29c32f74b41d55f6e"},"breadcrumb":{"@id":"https:\/\/blogdojoaocosta.com.br\/?p=3283#breadcrumb"},"inLanguage":"pt-BR","potentialAction":[{"@type":"ReadAction","target":["https:\/\/blogdojoaocosta.com.br\/?p=3283"]}]},{"@type":"ImageObject","inLanguage":"pt-BR","@id":"https:\/\/blogdojoaocosta.com.br\/?p=3283#primaryimage","url":"https:\/\/blogdojoaocosta.com.br\/wp-content\/uploads\/2026\/01\/juvenal-Lamartine.jpeg","contentUrl":"https:\/\/blogdojoaocosta.com.br\/wp-content\/uploads\/2026\/01\/juvenal-Lamartine.jpeg","width":853,"height":1280},{"@type":"BreadcrumbList","@id":"https:\/\/blogdojoaocosta.com.br\/?p=3283#breadcrumb","itemListElement":[{"@type":"ListItem","position":1,"name":"In\u00edcio","item":"https:\/\/blogdojoaocosta.com.br\/"},{"@type":"ListItem","position":2,"name":"Juvenal LamartineJuvenal Lamartine na Revolta de Princesana Revolta de Princesa"}]},{"@type":"WebSite","@id":"https:\/\/blogdojoaocosta.com.br\/#website","url":"https:\/\/blogdojoaocosta.com.br\/","name":"Blog do Jo\u00e3o Costa","description":"Assim Caminha a Humanidade","potentialAction":[{"@type":"SearchAction","target":{"@type":"EntryPoint","urlTemplate":"https:\/\/blogdojoaocosta.com.br\/?s={search_term_string}"},"query-input":{"@type":"PropertyValueSpecification","valueRequired":true,"valueName":"search_term_string"}}],"inLanguage":"pt-BR"},{"@type":"Person","@id":"https:\/\/blogdojoaocosta.com.br\/#\/schema\/person\/af1c9fa31a41a9d29c32f74b41d55f6e","name":"joaocosta","image":{"@type":"ImageObject","inLanguage":"pt-BR","@id":"https:\/\/secure.gravatar.com\/avatar\/677b6f1fc54e8c7982d7dce3cfe65fce28f898f70d9b8b631786a0b1b18b11e5?s=96&d=mm&r=g","url":"https:\/\/secure.gravatar.com\/avatar\/677b6f1fc54e8c7982d7dce3cfe65fce28f898f70d9b8b631786a0b1b18b11e5?s=96&d=mm&r=g","contentUrl":"https:\/\/secure.gravatar.com\/avatar\/677b6f1fc54e8c7982d7dce3cfe65fce28f898f70d9b8b631786a0b1b18b11e5?s=96&d=mm&r=g","caption":"joaocosta"},"sameAs":["http:\/\/blogdojoaocosta.com.br"],"url":"https:\/\/blogdojoaocosta.com.br\/?author=1"}]}},"_links":{"self":[{"href":"https:\/\/blogdojoaocosta.com.br\/index.php?rest_route=\/wp\/v2\/posts\/3283","targetHints":{"allow":["GET"]}}],"collection":[{"href":"https:\/\/blogdojoaocosta.com.br\/index.php?rest_route=\/wp\/v2\/posts"}],"about":[{"href":"https:\/\/blogdojoaocosta.com.br\/index.php?rest_route=\/wp\/v2\/types\/post"}],"author":[{"embeddable":true,"href":"https:\/\/blogdojoaocosta.com.br\/index.php?rest_route=\/wp\/v2\/users\/1"}],"replies":[{"embeddable":true,"href":"https:\/\/blogdojoaocosta.com.br\/index.php?rest_route=%2Fwp%2Fv2%2Fcomments&post=3283"}],"version-history":[{"count":1,"href":"https:\/\/blogdojoaocosta.com.br\/index.php?rest_route=\/wp\/v2\/posts\/3283\/revisions"}],"predecessor-version":[{"id":3285,"href":"https:\/\/blogdojoaocosta.com.br\/index.php?rest_route=\/wp\/v2\/posts\/3283\/revisions\/3285"}],"wp:featuredmedia":[{"embeddable":true,"href":"https:\/\/blogdojoaocosta.com.br\/index.php?rest_route=\/wp\/v2\/media\/3284"}],"wp:attachment":[{"href":"https:\/\/blogdojoaocosta.com.br\/index.php?rest_route=%2Fwp%2Fv2%2Fmedia&parent=3283"}],"wp:term":[{"taxonomy":"category","embeddable":true,"href":"https:\/\/blogdojoaocosta.com.br\/index.php?rest_route=%2Fwp%2Fv2%2Fcategories&post=3283"},{"taxonomy":"post_tag","embeddable":true,"href":"https:\/\/blogdojoaocosta.com.br\/index.php?rest_route=%2Fwp%2Fv2%2Ftags&post=3283"}],"curies":[{"name":"wp","href":"https:\/\/api.w.org\/{rel}","templated":true}]}}