{"id":3493,"date":"2026-04-29T08:03:42","date_gmt":"2026-04-29T11:03:42","guid":{"rendered":"https:\/\/blogdojoaocosta.com.br\/?p=3493"},"modified":"2026-04-29T08:03:42","modified_gmt":"2026-04-29T11:03:42","slug":"cangaceiro-antonio-silvino-no-municipio-de-pombal","status":"publish","type":"post","link":"https:\/\/blogdojoaocosta.com.br\/?p=3493","title":{"rendered":"Cangaceiro Ant\u00f4nio Silvino no munic\u00edpio de Pombal"},"content":{"rendered":"<p><em><strong>Jos\u00e9 Tavares de Ara\u00fajo Neto<\/strong><\/em><\/p>\n<p>A rela\u00e7\u00e3o de Ant\u00f4nio Silvino com o munic\u00edpio de Pombal representa um cap\u00edtulo relevante na din\u00e2mica do canga\u00e7o no sert\u00e3o paraibano e evidencia a fragilidade das estruturas pol\u00edticas da \u00e9poca, marcada pela aus\u00eancia do Estado e pelo conluio do bandoleiro com setores de poder local. A an\u00e1lise das fontes dispon\u00edveis permite compreender os movimentos daquele c\u00e9lebre cangaceiro, bem como o ambiente em que se desenvolvia sua atua\u00e7\u00e3o.<\/p>\n<p>Em meados de 1910, em um per\u00edodo em que o pa\u00eds era frequentemente interpretado sob a divis\u00e3o entre Norte e Sul, a imprensa sulista noticiou, com estardalha\u00e7o, o avan\u00e7o do bando de Ant\u00f4nio Silvino no alto sert\u00e3o paraibano, destacando pr\u00e1ticas de extors\u00e3o ocorridas nas cidades de Patos e Pombal.<\/p>\n<p>Em 7 de junho de 1910, o Jornal do Commercio, do Rio de Janeiro, publicou uma carta enviada de Pombal, com relato preciso de um desses epis\u00f3dios, ocorrido nas imedia\u00e7\u00f5es da localidade, quando o cangaceiro, sem adentrar diretamente na cidade, fez chegar, por interm\u00e9dio de um emiss\u00e1rio, sua exig\u00eancia.<\/p>\n<p>A carta, subscrita por um pombalense an\u00f4nimo, que se identifica como \u201cum sertanejo\u201d, registra a presen\u00e7a de Ant\u00f4nio Silvino nas imedia\u00e7\u00f5es de Pombal, relatando o epis\u00f3dio nos seguintes termos:<\/p>\n<p>\u201cTendo chegado \u00e0s imedia\u00e7\u00f5es desta localidade, cerca de uma l\u00e9gua de dist\u00e2ncia, o c\u00e9lebre fac\u00ednora Antonio Silvino mandou \u00e0 vila um emiss\u00e1rio pedindo ao Coronel Jo\u00e3o Leite Ferreira Primo, Deputado Estadual e chefe pol\u00edtico aqui, a quantia de dois contos de r\u00e9is.\u201d<\/p>\n<p>Sob o temor de ver a cidade saqueada, o deputado articulou com comerciantes e fazendeiros locais a realiza\u00e7\u00e3o de um rateio. O montante arrecadado n\u00e3o alcan\u00e7ou a quantia exigida pelo cangaceiro, o que levou o chefe pol\u00edtico a negociar com Ant\u00f4nio Silvino, que acabou por aceitar o valor oferecido. Ao final, deixou uma observa\u00e7\u00e3o jocosa, classificando a elite pombalense como um bando de avarentos.<\/p>\n<p>Se os registros de 1910 evidenciam a atua\u00e7\u00e3o de Ant\u00f4nio Silvino como agente de coer\u00e7\u00e3o econ\u00f4mica, as not\u00edcias veiculadas em 1913 acrescentam um elemento singular \u00e0 sua presen\u00e7a no sert\u00e3o paraibano, especialmente na regi\u00e3o de Pombal: sua atua\u00e7\u00e3o como uma esp\u00e9cie de \u201chigienista\u201d improvisado.<\/p>\n<p>Desde o ano anterior, em 1912, a Para\u00edba enfrentava um surto de peste bub\u00f4nica, cujo epicentro foi a cidade de Campina Grande. A doen\u00e7a, associada \u00e0 prolifera\u00e7\u00e3o de ratos e \u00e0s prec\u00e1rias condi\u00e7\u00f5es de higiene urbana, provocou p\u00e2nico generalizado e intensa repercuss\u00e3o na imprensa. A amea\u00e7a de dissemina\u00e7\u00e3o para outras regi\u00f5es do estado exp\u00f4s a fragilidade dos servi\u00e7os sanit\u00e1rios e levou \u00e0 ado\u00e7\u00e3o de medidas emergenciais, centradas na limpeza de ruas, casas e espa\u00e7os p\u00fablicos, medidas que enfrentaram significativa resist\u00eancia por parte da popula\u00e7\u00e3o.<\/p>\n<h2>Imprensa registra atua\u00e7\u00e3o do banditismo rural<\/h2>\n<p>\u00c9 nesse cen\u00e1rio que a imprensa passa a registrar a atua\u00e7\u00e3o do cangaceiro nessas localidades, como indica o seguinte trecho:<\/p>\n<p>\u201cH\u00e1 poucos dias, por\u00e9m, ei-lo encarnado em higienista no povoado Paulista, do munic\u00edpio de Pombal, e outros vilarejos dos nossos long\u00ednquos sert\u00f5es.\u201d<\/p>\n<p>Assim como Paulista, o povoado de Jeric\u00f3, pertencente ao munic\u00edpio de Catol\u00e9 do Rocha, tamb\u00e9m \u00e9 citado como localidade em que Ant\u00f4nio Silvino determinou a limpeza de cemit\u00e9rios, ruas, casas e quintais, al\u00e9m da pintura de fachadas, fixando prazos para o cumprimento das medidas.<\/p>\n<p>As ordens foram impostas sob amea\u00e7a de viol\u00eancia e executadas, em regime comunit\u00e1rio, pelas popula\u00e7\u00f5es locais, sob a supervis\u00e3o de homens fortemente armados. Os peri\u00f3dicos da \u00e9poca referiram-se ao cangaceiro como \u201chigienista\u201d e registraram o cumprimento das determina\u00e7\u00f5es nas localidades atingidas.<\/p>\n<p><img decoding=\"async\" class=\"alignnone size-medium wp-image-3290\" src=\"https:\/\/blogdojoaocosta.com.br\/wp-content\/uploads\/2026\/01\/Tavares-297x300.jpeg\" alt=\"\" width=\"297\" height=\"300\" srcset=\"https:\/\/blogdojoaocosta.com.br\/wp-content\/uploads\/2026\/01\/Tavares-297x300.jpeg 297w, https:\/\/blogdojoaocosta.com.br\/wp-content\/uploads\/2026\/01\/Tavares.jpeg 512w\" sizes=\"(max-width: 297px) 100vw, 297px\" \/><\/p>\n<p><em><strong>Pesquisador do Canga\u00e7o, Jos\u00e9 Tavares<\/strong><\/em><\/p>\n<p>A imagem de gestor de Ant\u00f4nio Silvino, que se autodenominava \u201cgovernador do sert\u00e3o\u201d, j\u00e1 se encontrava representada no imagin\u00e1rio sertanejo. Essa autoridade simb\u00f3lica foi registrada em 1910, no folheto As l\u00e1grimas de Ant\u00f4nio Silvino por Tempestade, de autoria do poeta pombalense Leandro Gomes de Barros:<\/p>\n<p><em>\u201cPergunta o vale ao outeiro,<\/em><\/p>\n<p><em>O \u00edm\u00e3 \u00e0 exala\u00e7\u00e3o,<\/em><\/p>\n<p><em>O vento pergunta \u00e0 terra,<\/em><\/p>\n<p><em>E a brisa ao furac\u00e3o,<\/em><\/p>\n<p><em>Respondem todos em coro:<\/em><\/p>\n<p><em>Esse \u00e9 o rifle de ouro<\/em><\/p>\n<p><em>&#8211; Governador do sert\u00e3o!\u201d<\/em><\/p>\n<p>Em entrevista concedida ao pesquisador Dorgival Terceiro Neto, publicada no jornal O Norte, em 15 de novembro de 1987, e posteriormente inclu\u00edda na obra Gente de ontem, hist\u00f3rias de sempre (Jo\u00e3o Pessoa: Edi\u00e7\u00f5es Itacoatiara, 1991), o ex-cangaceiro Cobra Verde (Odilon Sebasti\u00e3o da Silva) apresentou relatos sobre sua trajet\u00f3ria e sobre a atua\u00e7\u00e3o de Ant\u00f4nio Silvino, com informa\u00e7\u00f5es espec\u00edficas relativas \u00e0 regi\u00e3o de Pombal.<\/p>\n<p>Natural da localidade de Umburana, atual Itapetim, no estado de Pernambuco, foi com a fam\u00edlia, ainda crian\u00e7a, para a regi\u00e3o de Soledade, no estado da Para\u00edba, onde passou a viver na fazenda Santa Teresa. Foi nesse ambiente que, aos dez anos de idade, foi incorporado ao bando de Ant\u00f4nio Silvino, inicialmente para servi\u00e7os de recados e mandados.<\/p>\n<p>Segundo seu relato, uma de suas primeiras movimenta\u00e7\u00f5es ap\u00f3s a entrada no bando deu-se em dire\u00e7\u00e3o \u00e0 regi\u00e3o de Pombal, quando o grupo se dirigiu \u00e0 fazenda V\u00e1rzea do Saco, propriedade do coronel Benedito Queiroga.<\/p>\n<p>A fazenda V\u00e1rzea do Saco, no munic\u00edpio de Pombal, \u00e9 descrita como ponto recorrente nas movimenta\u00e7\u00f5es do grupo. De acordo com Cobra Verde, tratava-se de local previamente estabelecido para reencontro em caso de dispers\u00e3o. Ap\u00f3s combates, quando o bando se fragmentava, os integrantes deveriam retornar \u00e0 propriedade, o que efetivamente ocorria. Em uma dessas ocasi\u00f5es, ap\u00f3s um rev\u00e9s, os sobreviventes reuniram-se novamente no local, onde Ant\u00f4nio Silvino tomou conhecimento das perdas do grupo.<\/p>\n<p>O depoimento registra ainda que, ap\u00f3s a pris\u00e3o de Ant\u00f4nio Silvino, ocorrida em circunst\u00e2ncias de surpresa ap\u00f3s a localiza\u00e7\u00e3o do grupo pelas for\u00e7as policiais, os remanescentes dispersaram-se e seguiram para a fazenda V\u00e1rzea do Saco, em Pombal, deslocamento que levou v\u00e1rios dias. Esse movimento marcou o fim do bando, com cada integrante passando a buscar ocupa\u00e7\u00e3o junto a propriet\u00e1rios locais.<\/p>\n<p>O pr\u00f3prio Cobra Verde afirma ter permanecido na regi\u00e3o de Pombal, onde trabalhou por cerca de oito anos com membros da fam\u00edlia Queiroga, especialmente com Jos\u00e9 Queiroga.<\/p>\n<p>Esses elementos, constantes de seu depoimento, indicam que a regi\u00e3o de Pombal, por meio das propriedades da fam\u00edlia Queiroga, integrou o circuito de deslocamento, apoio e reorganiza\u00e7\u00e3o do bando de Ant\u00f4nio Silvino.<\/p>\n<p>Em s\u00edntese, a trajet\u00f3ria de Ant\u00f4nio Silvino na regi\u00e3o de Pombal revela uma sucess\u00e3o de fatos intrigante: inicialmente marcada pela extors\u00e3o \u00e0s lideran\u00e7as locais; em seguida, por uma atua\u00e7\u00e3o interventora, como no epis\u00f3dio do povoado de Paulista; posteriormente, pela utiliza\u00e7\u00e3o do territ\u00f3rio como ponto de apoio e descanso, sobretudo nas propriedades da fam\u00edlia Queiroga; e, por fim, ap\u00f3s sua pris\u00e3o, como espa\u00e7o de abrigo dos remanescentes do bando, encerrando um ciclo de presen\u00e7a que combina coer\u00e7\u00e3o, autoridade e integra\u00e7\u00e3o no sert\u00e3o paraibano.<\/p>\n<p># Jos\u00e9 Tavares \u00e9 escritor e pesquisador do Canga\u00e7o.<\/p>\n","protected":false},"excerpt":{"rendered":"<p>Jos\u00e9 Tavares de Ara\u00fajo Neto A rela\u00e7\u00e3o de Ant\u00f4nio Silvino com o munic\u00edpio de Pombal representa um cap\u00edtulo relevante na din\u00e2mica do canga\u00e7o no sert\u00e3o paraibano e evidencia a fragilidade das estruturas pol\u00edticas da \u00e9poca, marcada pela aus\u00eancia do Estado e pelo conluio do bandoleiro com setores de poder local. A an\u00e1lise das fontes dispon\u00edveis [&hellip;]<\/p>\n","protected":false},"author":1,"featured_media":3494,"comment_status":"open","ping_status":"open","sticky":false,"template":"","format":"standard","meta":{"footnotes":""},"categories":[10],"tags":[],"class_list":["post-3493","post","type-post","status-publish","format-standard","has-post-thumbnail","hentry","category-cangaco"],"yoast_head":"<!-- This site is optimized with the Yoast SEO plugin v27.5 - https:\/\/yoast.com\/product\/yoast-seo-wordpress\/ -->\n<title>Cangaceiro Ant\u00f4nio Silvino no munic\u00edpio de Pombal - Blog do Jo\u00e3o Costa<\/title>\n<meta name=\"robots\" content=\"index, follow, max-snippet:-1, max-image-preview:large, max-video-preview:-1\" \/>\n<link rel=\"canonical\" href=\"https:\/\/blogdojoaocosta.com.br\/?p=3493\" \/>\n<meta property=\"og:locale\" content=\"pt_BR\" \/>\n<meta property=\"og:type\" content=\"article\" \/>\n<meta property=\"og:title\" content=\"Cangaceiro Ant\u00f4nio Silvino no munic\u00edpio de Pombal - Blog do Jo\u00e3o Costa\" \/>\n<meta property=\"og:description\" content=\"Jos\u00e9 Tavares de Ara\u00fajo Neto A rela\u00e7\u00e3o de Ant\u00f4nio Silvino com o munic\u00edpio de Pombal representa um cap\u00edtulo relevante na din\u00e2mica do canga\u00e7o no sert\u00e3o paraibano e evidencia a fragilidade das estruturas pol\u00edticas da \u00e9poca, marcada pela aus\u00eancia do Estado e pelo conluio do bandoleiro com setores de poder local. A an\u00e1lise das fontes dispon\u00edveis [&hellip;]\" \/>\n<meta property=\"og:url\" content=\"https:\/\/blogdojoaocosta.com.br\/?p=3493\" \/>\n<meta property=\"og:site_name\" content=\"Blog do Jo\u00e3o Costa\" \/>\n<meta property=\"article:published_time\" content=\"2026-04-29T11:03:42+00:00\" \/>\n<meta property=\"og:image\" content=\"https:\/\/blogdojoaocosta.com.br\/wp-content\/uploads\/2026\/04\/Antonio-Silvino-em-Pombal.jpeg\" \/>\n\t<meta property=\"og:image:width\" content=\"1389\" \/>\n\t<meta property=\"og:image:height\" content=\"1116\" \/>\n\t<meta property=\"og:image:type\" content=\"image\/jpeg\" \/>\n<meta name=\"author\" content=\"joaocosta\" \/>\n<meta name=\"twitter:card\" content=\"summary_large_image\" \/>\n<meta name=\"twitter:label1\" content=\"Escrito por\" \/>\n\t<meta name=\"twitter:data1\" content=\"joaocosta\" \/>\n\t<meta name=\"twitter:label2\" content=\"Est. tempo de leitura\" \/>\n\t<meta name=\"twitter:data2\" content=\"7 minutos\" \/>\n<script type=\"application\/ld+json\" class=\"yoast-schema-graph\">{\"@context\":\"https:\\\/\\\/schema.org\",\"@graph\":[{\"@type\":\"Article\",\"@id\":\"https:\\\/\\\/blogdojoaocosta.com.br\\\/?p=3493#article\",\"isPartOf\":{\"@id\":\"https:\\\/\\\/blogdojoaocosta.com.br\\\/?p=3493\"},\"author\":{\"name\":\"joaocosta\",\"@id\":\"https:\\\/\\\/blogdojoaocosta.com.br\\\/#\\\/schema\\\/person\\\/af1c9fa31a41a9d29c32f74b41d55f6e\"},\"headline\":\"Cangaceiro Ant\u00f4nio Silvino no munic\u00edpio de Pombal\",\"datePublished\":\"2026-04-29T11:03:42+00:00\",\"mainEntityOfPage\":{\"@id\":\"https:\\\/\\\/blogdojoaocosta.com.br\\\/?p=3493\"},\"wordCount\":1245,\"commentCount\":0,\"image\":{\"@id\":\"https:\\\/\\\/blogdojoaocosta.com.br\\\/?p=3493#primaryimage\"},\"thumbnailUrl\":\"https:\\\/\\\/blogdojoaocosta.com.br\\\/wp-content\\\/uploads\\\/2026\\\/04\\\/Antonio-Silvino-em-Pombal.jpeg\",\"articleSection\":[\"Canga\u00e7o\"],\"inLanguage\":\"pt-BR\",\"potentialAction\":[{\"@type\":\"CommentAction\",\"name\":\"Comment\",\"target\":[\"https:\\\/\\\/blogdojoaocosta.com.br\\\/?p=3493#respond\"]}]},{\"@type\":\"WebPage\",\"@id\":\"https:\\\/\\\/blogdojoaocosta.com.br\\\/?p=3493\",\"url\":\"https:\\\/\\\/blogdojoaocosta.com.br\\\/?p=3493\",\"name\":\"Cangaceiro Ant\u00f4nio Silvino no munic\u00edpio de Pombal - Blog do Jo\u00e3o Costa\",\"isPartOf\":{\"@id\":\"https:\\\/\\\/blogdojoaocosta.com.br\\\/#website\"},\"primaryImageOfPage\":{\"@id\":\"https:\\\/\\\/blogdojoaocosta.com.br\\\/?p=3493#primaryimage\"},\"image\":{\"@id\":\"https:\\\/\\\/blogdojoaocosta.com.br\\\/?p=3493#primaryimage\"},\"thumbnailUrl\":\"https:\\\/\\\/blogdojoaocosta.com.br\\\/wp-content\\\/uploads\\\/2026\\\/04\\\/Antonio-Silvino-em-Pombal.jpeg\",\"datePublished\":\"2026-04-29T11:03:42+00:00\",\"author\":{\"@id\":\"https:\\\/\\\/blogdojoaocosta.com.br\\\/#\\\/schema\\\/person\\\/af1c9fa31a41a9d29c32f74b41d55f6e\"},\"breadcrumb\":{\"@id\":\"https:\\\/\\\/blogdojoaocosta.com.br\\\/?p=3493#breadcrumb\"},\"inLanguage\":\"pt-BR\",\"potentialAction\":[{\"@type\":\"ReadAction\",\"target\":[\"https:\\\/\\\/blogdojoaocosta.com.br\\\/?p=3493\"]}]},{\"@type\":\"ImageObject\",\"inLanguage\":\"pt-BR\",\"@id\":\"https:\\\/\\\/blogdojoaocosta.com.br\\\/?p=3493#primaryimage\",\"url\":\"https:\\\/\\\/blogdojoaocosta.com.br\\\/wp-content\\\/uploads\\\/2026\\\/04\\\/Antonio-Silvino-em-Pombal.jpeg\",\"contentUrl\":\"https:\\\/\\\/blogdojoaocosta.com.br\\\/wp-content\\\/uploads\\\/2026\\\/04\\\/Antonio-Silvino-em-Pombal.jpeg\",\"width\":1389,\"height\":1116},{\"@type\":\"BreadcrumbList\",\"@id\":\"https:\\\/\\\/blogdojoaocosta.com.br\\\/?p=3493#breadcrumb\",\"itemListElement\":[{\"@type\":\"ListItem\",\"position\":1,\"name\":\"In\u00edcio\",\"item\":\"https:\\\/\\\/blogdojoaocosta.com.br\\\/\"},{\"@type\":\"ListItem\",\"position\":2,\"name\":\"Cangaceiro Ant\u00f4nio Silvino no munic\u00edpio de Pombal\"}]},{\"@type\":\"WebSite\",\"@id\":\"https:\\\/\\\/blogdojoaocosta.com.br\\\/#website\",\"url\":\"https:\\\/\\\/blogdojoaocosta.com.br\\\/\",\"name\":\"Blog do Jo\u00e3o Costa\",\"description\":\"Assim Caminha a Humanidade\",\"potentialAction\":[{\"@type\":\"SearchAction\",\"target\":{\"@type\":\"EntryPoint\",\"urlTemplate\":\"https:\\\/\\\/blogdojoaocosta.com.br\\\/?s={search_term_string}\"},\"query-input\":{\"@type\":\"PropertyValueSpecification\",\"valueRequired\":true,\"valueName\":\"search_term_string\"}}],\"inLanguage\":\"pt-BR\"},{\"@type\":\"Person\",\"@id\":\"https:\\\/\\\/blogdojoaocosta.com.br\\\/#\\\/schema\\\/person\\\/af1c9fa31a41a9d29c32f74b41d55f6e\",\"name\":\"joaocosta\",\"image\":{\"@type\":\"ImageObject\",\"inLanguage\":\"pt-BR\",\"@id\":\"https:\\\/\\\/secure.gravatar.com\\\/avatar\\\/677b6f1fc54e8c7982d7dce3cfe65fce28f898f70d9b8b631786a0b1b18b11e5?s=96&d=mm&r=g\",\"url\":\"https:\\\/\\\/secure.gravatar.com\\\/avatar\\\/677b6f1fc54e8c7982d7dce3cfe65fce28f898f70d9b8b631786a0b1b18b11e5?s=96&d=mm&r=g\",\"contentUrl\":\"https:\\\/\\\/secure.gravatar.com\\\/avatar\\\/677b6f1fc54e8c7982d7dce3cfe65fce28f898f70d9b8b631786a0b1b18b11e5?s=96&d=mm&r=g\",\"caption\":\"joaocosta\"},\"sameAs\":[\"http:\\\/\\\/blogdojoaocosta.com.br\"],\"url\":\"https:\\\/\\\/blogdojoaocosta.com.br\\\/?author=1\"}]}<\/script>\n<!-- \/ Yoast SEO plugin. -->","yoast_head_json":{"title":"Cangaceiro Ant\u00f4nio Silvino no munic\u00edpio de Pombal - Blog do Jo\u00e3o Costa","robots":{"index":"index","follow":"follow","max-snippet":"max-snippet:-1","max-image-preview":"max-image-preview:large","max-video-preview":"max-video-preview:-1"},"canonical":"https:\/\/blogdojoaocosta.com.br\/?p=3493","og_locale":"pt_BR","og_type":"article","og_title":"Cangaceiro Ant\u00f4nio Silvino no munic\u00edpio de Pombal - Blog do Jo\u00e3o Costa","og_description":"Jos\u00e9 Tavares de Ara\u00fajo Neto A rela\u00e7\u00e3o de Ant\u00f4nio Silvino com o munic\u00edpio de Pombal representa um cap\u00edtulo relevante na din\u00e2mica do canga\u00e7o no sert\u00e3o paraibano e evidencia a fragilidade das estruturas pol\u00edticas da \u00e9poca, marcada pela aus\u00eancia do Estado e pelo conluio do bandoleiro com setores de poder local. A an\u00e1lise das fontes dispon\u00edveis [&hellip;]","og_url":"https:\/\/blogdojoaocosta.com.br\/?p=3493","og_site_name":"Blog do Jo\u00e3o Costa","article_published_time":"2026-04-29T11:03:42+00:00","og_image":[{"width":1389,"height":1116,"url":"https:\/\/blogdojoaocosta.com.br\/wp-content\/uploads\/2026\/04\/Antonio-Silvino-em-Pombal.jpeg","type":"image\/jpeg"}],"author":"joaocosta","twitter_card":"summary_large_image","twitter_misc":{"Escrito por":"joaocosta","Est. tempo de leitura":"7 minutos"},"schema":{"@context":"https:\/\/schema.org","@graph":[{"@type":"Article","@id":"https:\/\/blogdojoaocosta.com.br\/?p=3493#article","isPartOf":{"@id":"https:\/\/blogdojoaocosta.com.br\/?p=3493"},"author":{"name":"joaocosta","@id":"https:\/\/blogdojoaocosta.com.br\/#\/schema\/person\/af1c9fa31a41a9d29c32f74b41d55f6e"},"headline":"Cangaceiro Ant\u00f4nio Silvino no munic\u00edpio de Pombal","datePublished":"2026-04-29T11:03:42+00:00","mainEntityOfPage":{"@id":"https:\/\/blogdojoaocosta.com.br\/?p=3493"},"wordCount":1245,"commentCount":0,"image":{"@id":"https:\/\/blogdojoaocosta.com.br\/?p=3493#primaryimage"},"thumbnailUrl":"https:\/\/blogdojoaocosta.com.br\/wp-content\/uploads\/2026\/04\/Antonio-Silvino-em-Pombal.jpeg","articleSection":["Canga\u00e7o"],"inLanguage":"pt-BR","potentialAction":[{"@type":"CommentAction","name":"Comment","target":["https:\/\/blogdojoaocosta.com.br\/?p=3493#respond"]}]},{"@type":"WebPage","@id":"https:\/\/blogdojoaocosta.com.br\/?p=3493","url":"https:\/\/blogdojoaocosta.com.br\/?p=3493","name":"Cangaceiro Ant\u00f4nio Silvino no munic\u00edpio de Pombal - Blog do Jo\u00e3o Costa","isPartOf":{"@id":"https:\/\/blogdojoaocosta.com.br\/#website"},"primaryImageOfPage":{"@id":"https:\/\/blogdojoaocosta.com.br\/?p=3493#primaryimage"},"image":{"@id":"https:\/\/blogdojoaocosta.com.br\/?p=3493#primaryimage"},"thumbnailUrl":"https:\/\/blogdojoaocosta.com.br\/wp-content\/uploads\/2026\/04\/Antonio-Silvino-em-Pombal.jpeg","datePublished":"2026-04-29T11:03:42+00:00","author":{"@id":"https:\/\/blogdojoaocosta.com.br\/#\/schema\/person\/af1c9fa31a41a9d29c32f74b41d55f6e"},"breadcrumb":{"@id":"https:\/\/blogdojoaocosta.com.br\/?p=3493#breadcrumb"},"inLanguage":"pt-BR","potentialAction":[{"@type":"ReadAction","target":["https:\/\/blogdojoaocosta.com.br\/?p=3493"]}]},{"@type":"ImageObject","inLanguage":"pt-BR","@id":"https:\/\/blogdojoaocosta.com.br\/?p=3493#primaryimage","url":"https:\/\/blogdojoaocosta.com.br\/wp-content\/uploads\/2026\/04\/Antonio-Silvino-em-Pombal.jpeg","contentUrl":"https:\/\/blogdojoaocosta.com.br\/wp-content\/uploads\/2026\/04\/Antonio-Silvino-em-Pombal.jpeg","width":1389,"height":1116},{"@type":"BreadcrumbList","@id":"https:\/\/blogdojoaocosta.com.br\/?p=3493#breadcrumb","itemListElement":[{"@type":"ListItem","position":1,"name":"In\u00edcio","item":"https:\/\/blogdojoaocosta.com.br\/"},{"@type":"ListItem","position":2,"name":"Cangaceiro Ant\u00f4nio Silvino no munic\u00edpio de Pombal"}]},{"@type":"WebSite","@id":"https:\/\/blogdojoaocosta.com.br\/#website","url":"https:\/\/blogdojoaocosta.com.br\/","name":"Blog do Jo\u00e3o Costa","description":"Assim Caminha a Humanidade","potentialAction":[{"@type":"SearchAction","target":{"@type":"EntryPoint","urlTemplate":"https:\/\/blogdojoaocosta.com.br\/?s={search_term_string}"},"query-input":{"@type":"PropertyValueSpecification","valueRequired":true,"valueName":"search_term_string"}}],"inLanguage":"pt-BR"},{"@type":"Person","@id":"https:\/\/blogdojoaocosta.com.br\/#\/schema\/person\/af1c9fa31a41a9d29c32f74b41d55f6e","name":"joaocosta","image":{"@type":"ImageObject","inLanguage":"pt-BR","@id":"https:\/\/secure.gravatar.com\/avatar\/677b6f1fc54e8c7982d7dce3cfe65fce28f898f70d9b8b631786a0b1b18b11e5?s=96&d=mm&r=g","url":"https:\/\/secure.gravatar.com\/avatar\/677b6f1fc54e8c7982d7dce3cfe65fce28f898f70d9b8b631786a0b1b18b11e5?s=96&d=mm&r=g","contentUrl":"https:\/\/secure.gravatar.com\/avatar\/677b6f1fc54e8c7982d7dce3cfe65fce28f898f70d9b8b631786a0b1b18b11e5?s=96&d=mm&r=g","caption":"joaocosta"},"sameAs":["http:\/\/blogdojoaocosta.com.br"],"url":"https:\/\/blogdojoaocosta.com.br\/?author=1"}]}},"_links":{"self":[{"href":"https:\/\/blogdojoaocosta.com.br\/index.php?rest_route=\/wp\/v2\/posts\/3493","targetHints":{"allow":["GET"]}}],"collection":[{"href":"https:\/\/blogdojoaocosta.com.br\/index.php?rest_route=\/wp\/v2\/posts"}],"about":[{"href":"https:\/\/blogdojoaocosta.com.br\/index.php?rest_route=\/wp\/v2\/types\/post"}],"author":[{"embeddable":true,"href":"https:\/\/blogdojoaocosta.com.br\/index.php?rest_route=\/wp\/v2\/users\/1"}],"replies":[{"embeddable":true,"href":"https:\/\/blogdojoaocosta.com.br\/index.php?rest_route=%2Fwp%2Fv2%2Fcomments&post=3493"}],"version-history":[{"count":1,"href":"https:\/\/blogdojoaocosta.com.br\/index.php?rest_route=\/wp\/v2\/posts\/3493\/revisions"}],"predecessor-version":[{"id":3495,"href":"https:\/\/blogdojoaocosta.com.br\/index.php?rest_route=\/wp\/v2\/posts\/3493\/revisions\/3495"}],"wp:featuredmedia":[{"embeddable":true,"href":"https:\/\/blogdojoaocosta.com.br\/index.php?rest_route=\/wp\/v2\/media\/3494"}],"wp:attachment":[{"href":"https:\/\/blogdojoaocosta.com.br\/index.php?rest_route=%2Fwp%2Fv2%2Fmedia&parent=3493"}],"wp:term":[{"taxonomy":"category","embeddable":true,"href":"https:\/\/blogdojoaocosta.com.br\/index.php?rest_route=%2Fwp%2Fv2%2Fcategories&post=3493"},{"taxonomy":"post_tag","embeddable":true,"href":"https:\/\/blogdojoaocosta.com.br\/index.php?rest_route=%2Fwp%2Fv2%2Ftags&post=3493"}],"curies":[{"name":"wp","href":"https:\/\/api.w.org\/{rel}","templated":true}]}}