{"id":3656,"date":"2026-09-02T11:50:15","date_gmt":"2026-09-02T14:50:15","guid":{"rendered":"https:\/\/blogdojoaocosta.com.br\/?p=3656"},"modified":"2026-09-02T11:50:15","modified_gmt":"2026-09-02T14:50:15","slug":"pge-pb-participa-de-encontro-nacional-sobre-advocacia-publica-em-joao-pessoa","status":"publish","type":"post","link":"https:\/\/blogdojoaocosta.com.br\/?p=3656","title":{"rendered":"PGE-PB participa de encontro nacional sobre Advocacia P\u00fablica em Jo\u00e3o Pessoa"},"content":{"rendered":"<p>A Procuradoria-Geral do Estado da Para\u00edba (PGE-PB) participa, de 2 a 4 de setembro, em Jo\u00e3o Pessoa, do 3\u00ba Encontro Nacional de Procuradorias Administrativas (ENPA) e do 4\u00ba Semin\u00e1rio do F\u00f3rum Nacional das Consultorias Jur\u00eddicas das Procuradorias-Gerais dos Estados e do Distrito Federal (FONACON).<\/p>\n<p>O evento re\u00fane procuradores e representantes da Advocacia P\u00fablica de diversos estados brasileiros para discutir temas relacionados ao aprimoramento da atua\u00e7\u00e3o jur\u00eddica da Administra\u00e7\u00e3o P\u00fablica, \u00e0 governan\u00e7a institucional e \u00e0 seguran\u00e7a jur\u00eddica na tomada de decis\u00f5es estatais.<\/p>\n<p>Realizado no Tau\u00e1 Resort &amp; Convention, o encontro \u00e9 promovido pela Associa\u00e7\u00e3o Nacional dos Procuradores dos Estados e do Distrito Federal (ANAPE), em parceria com entidades representativas da Advocacia P\u00fablica, entre elas a Associa\u00e7\u00e3o dos Procuradores do Estado da Para\u00edba (ASPAS).<\/p>\n<p>A participa\u00e7\u00e3o da PGE-PB no evento refor\u00e7a o papel da institui\u00e7\u00e3o no debate nacional sobre o fortalecimento das Procuradorias e o aperfei\u00e7oamento da atua\u00e7\u00e3o consultiva e administrativa, contribuindo para a constru\u00e7\u00e3o de solu\u00e7\u00f5es jur\u00eddicas mais eficientes e seguras para a Administra\u00e7\u00e3o P\u00fablica.<\/p>\n<p>Rodrigo Maia ser\u00e1 homenageado<\/p>\n<p>Durante a programa\u00e7\u00e3o, o procurador-geral do Estado, Rodrigo Maia, ser\u00e1 homenageado pela Associa\u00e7\u00e3o dos Procuradores do Estado da Para\u00edba (ASPAS) com a Medalha Homero Leal, uma das honrarias destinadas ao reconhecimento de personalidades que tenham contribu\u00eddo para a Advocacia P\u00fablica e para o meio jur\u00eddico paraibano.<\/p>\n<p>A homenagem destaca a atua\u00e7\u00e3o de Rodrigo Maia \u00e0 frente da PGE-PB e ocorre durante um evento que coloca a Para\u00edba no centro dos debates nacionais sobre a atua\u00e7\u00e3o das Procuradorias-Gerais dos Estados e do Distrito Federal.<\/p>\n<p>A realiza\u00e7\u00e3o do encontro em Jo\u00e3o Pessoa tamb\u00e9m amplia a integra\u00e7\u00e3o entre as Procuradorias estaduais e fortalece o interc\u00e2mbio de experi\u00eancias, conhecimentos e boas pr\u00e1ticas na Advocacia P\u00fablica.<\/p>\n<p>Fonte: Assessoria.<\/p>\n","protected":false},"excerpt":{"rendered":"<p>A Procuradoria-Geral do Estado da Para\u00edba (PGE-PB) participa, de 2 a 4 de setembro, em Jo\u00e3o Pessoa, do 3\u00ba Encontro Nacional de Procuradorias Administrativas (ENPA) e do 4\u00ba Semin\u00e1rio do F\u00f3rum Nacional das Consultorias Jur\u00eddicas das Procuradorias-Gerais dos Estados e do Distrito Federal (FONACON). O evento re\u00fane procuradores e representantes da Advocacia P\u00fablica de diversos [&hellip;]<\/p>\n","protected":false},"author":1,"featured_media":3657,"comment_status":"open","ping_status":"open","sticky":false,"template":"","format":"standard","meta":{"footnotes":""},"categories":[1],"tags":[],"class_list":["post-3656","post","type-post","status-publish","format-standard","has-post-thumbnail","hentry","category-entretenimento"],"yoast_head":"<!-- This site is optimized with the Yoast SEO plugin v28.4 - https:\/\/yoast.com\/product\/yoast-seo-wordpress\/ -->\n<title>PGE-PB participa de encontro nacional sobre Advocacia P\u00fablica em Jo\u00e3o Pessoa - Blog do Jo\u00e3o Costa<\/title>\n<meta name=\"robots\" content=\"index, follow, max-snippet:-1, max-image-preview:large, max-video-preview:-1\" \/>\n<link rel=\"canonical\" href=\"https:\/\/blogdojoaocosta.com.br\/?p=3656\" \/>\n<meta property=\"og:locale\" content=\"pt_BR\" \/>\n<meta property=\"og:type\" content=\"article\" \/>\n<meta property=\"og:title\" content=\"PGE-PB participa de encontro nacional sobre Advocacia P\u00fablica em Jo\u00e3o Pessoa - Blog do Jo\u00e3o Costa\" \/>\n<meta property=\"og:description\" content=\"A Procuradoria-Geral do Estado da Para\u00edba (PGE-PB) participa, de 2 a 4 de setembro, em Jo\u00e3o Pessoa, do 3\u00ba Encontro Nacional de Procuradorias Administrativas (ENPA) e do 4\u00ba Semin\u00e1rio do F\u00f3rum Nacional das Consultorias Jur\u00eddicas das Procuradorias-Gerais dos Estados e do Distrito Federal (FONACON). O evento re\u00fane procuradores e representantes da Advocacia P\u00fablica de diversos [&hellip;]\" \/>\n<meta property=\"og:url\" content=\"https:\/\/blogdojoaocosta.com.br\/?p=3656\" \/>\n<meta property=\"og:site_name\" content=\"Blog do Jo\u00e3o Costa\" \/>\n<meta property=\"article:published_time\" content=\"2026-09-02T14:50:15+00:00\" \/>\n<meta property=\"og:image\" content=\"https:\/\/blogdojoaocosta.com.br\/wp-content\/uploads\/2026\/09\/PGE.jpeg\" \/>\n\t<meta property=\"og:image:width\" content=\"1280\" \/>\n\t<meta property=\"og:image:height\" content=\"960\" \/>\n\t<meta property=\"og:image:type\" content=\"image\/jpeg\" \/>\n<meta name=\"author\" content=\"joaocosta\" \/>\n<meta name=\"twitter:card\" content=\"summary_large_image\" \/>\n<meta name=\"twitter:label1\" content=\"Escrito por\" \/>\n\t<meta name=\"twitter:data1\" content=\"joaocosta\" \/>\n\t<meta name=\"twitter:label2\" content=\"Est. tempo de leitura\" \/>\n\t<meta name=\"twitter:data2\" content=\"2 minutos\" \/>\n<script type=\"application\/ld+json\" class=\"yoast-schema-graph\">{\"@context\":\"https:\\\/\\\/schema.org\",\"@graph\":[{\"@type\":\"Article\",\"@id\":\"https:\\\/\\\/blogdojoaocosta.com.br\\\/?p=3656#article\",\"isPartOf\":{\"@id\":\"https:\\\/\\\/blogdojoaocosta.com.br\\\/?p=3656\"},\"author\":{\"name\":\"joaocosta\",\"@id\":\"https:\\\/\\\/blogdojoaocosta.com.br\\\/#\\\/schema\\\/person\\\/af1c9fa31a41a9d29c32f74b41d55f6e\"},\"headline\":\"PGE-PB participa de encontro nacional sobre Advocacia P\u00fablica em Jo\u00e3o Pessoa\",\"datePublished\":\"2026-09-02T14:50:15+00:00\",\"mainEntityOfPage\":{\"@id\":\"https:\\\/\\\/blogdojoaocosta.com.br\\\/?p=3656\"},\"wordCount\":332,\"commentCount\":0,\"image\":{\"@id\":\"https:\\\/\\\/blogdojoaocosta.com.br\\\/?p=3656#primaryimage\"},\"thumbnailUrl\":\"https:\\\/\\\/blogdojoaocosta.com.br\\\/wp-content\\\/uploads\\\/2026\\\/09\\\/PGE.jpeg\",\"articleSection\":[\"Entretenimento\"],\"inLanguage\":\"pt-BR\",\"potentialAction\":[{\"@type\":\"CommentAction\",\"name\":\"Comment\",\"target\":[\"https:\\\/\\\/blogdojoaocosta.com.br\\\/?p=3656#respond\"]}]},{\"@type\":\"WebPage\",\"@id\":\"https:\\\/\\\/blogdojoaocosta.com.br\\\/?p=3656\",\"url\":\"https:\\\/\\\/blogdojoaocosta.com.br\\\/?p=3656\",\"name\":\"PGE-PB participa de encontro nacional sobre Advocacia P\u00fablica em Jo\u00e3o Pessoa - Blog do Jo\u00e3o Costa\",\"isPartOf\":{\"@id\":\"https:\\\/\\\/blogdojoaocosta.com.br\\\/#website\"},\"primaryImageOfPage\":{\"@id\":\"https:\\\/\\\/blogdojoaocosta.com.br\\\/?p=3656#primaryimage\"},\"image\":{\"@id\":\"https:\\\/\\\/blogdojoaocosta.com.br\\\/?p=3656#primaryimage\"},\"thumbnailUrl\":\"https:\\\/\\\/blogdojoaocosta.com.br\\\/wp-content\\\/uploads\\\/2026\\\/09\\\/PGE.jpeg\",\"datePublished\":\"2026-09-02T14:50:15+00:00\",\"author\":{\"@id\":\"https:\\\/\\\/blogdojoaocosta.com.br\\\/#\\\/schema\\\/person\\\/af1c9fa31a41a9d29c32f74b41d55f6e\"},\"breadcrumb\":{\"@id\":\"https:\\\/\\\/blogdojoaocosta.com.br\\\/?p=3656#breadcrumb\"},\"inLanguage\":\"pt-BR\",\"potentialAction\":[{\"@type\":\"ReadAction\",\"target\":[\"https:\\\/\\\/blogdojoaocosta.com.br\\\/?p=3656\"]}]},{\"@type\":\"ImageObject\",\"inLanguage\":\"pt-BR\",\"@id\":\"https:\\\/\\\/blogdojoaocosta.com.br\\\/?p=3656#primaryimage\",\"url\":\"https:\\\/\\\/blogdojoaocosta.com.br\\\/wp-content\\\/uploads\\\/2026\\\/09\\\/PGE.jpeg\",\"contentUrl\":\"https:\\\/\\\/blogdojoaocosta.com.br\\\/wp-content\\\/uploads\\\/2026\\\/09\\\/PGE.jpeg\",\"width\":1280,\"height\":960},{\"@type\":\"BreadcrumbList\",\"@id\":\"https:\\\/\\\/blogdojoaocosta.com.br\\\/?p=3656#breadcrumb\",\"itemListElement\":[{\"@type\":\"ListItem\",\"position\":1,\"name\":\"In\u00edcio\",\"item\":\"https:\\\/\\\/blogdojoaocosta.com.br\\\/\"},{\"@type\":\"ListItem\",\"position\":2,\"name\":\"PGE-PB participa de encontro nacional sobre Advocacia P\u00fablica em Jo\u00e3o Pessoa\"}]},{\"@type\":\"WebSite\",\"@id\":\"https:\\\/\\\/blogdojoaocosta.com.br\\\/#website\",\"url\":\"https:\\\/\\\/blogdojoaocosta.com.br\\\/\",\"name\":\"Blog do Jo\u00e3o Costa\",\"description\":\"Assim Caminha a Humanidade\",\"potentialAction\":[{\"@type\":\"SearchAction\",\"target\":{\"@type\":\"EntryPoint\",\"urlTemplate\":\"https:\\\/\\\/blogdojoaocosta.com.br\\\/?s={search_term_string}\"},\"query-input\":{\"@type\":\"PropertyValueSpecification\",\"valueRequired\":true,\"valueName\":\"search_term_string\"}}],\"inLanguage\":\"pt-BR\"},{\"@type\":\"Person\",\"@id\":\"https:\\\/\\\/blogdojoaocosta.com.br\\\/#\\\/schema\\\/person\\\/af1c9fa31a41a9d29c32f74b41d55f6e\",\"name\":\"joaocosta\",\"image\":{\"@type\":\"ImageObject\",\"inLanguage\":\"pt-BR\",\"@id\":\"https:\\\/\\\/secure.gravatar.com\\\/avatar\\\/677b6f1fc54e8c7982d7dce3cfe65fce28f898f70d9b8b631786a0b1b18b11e5?s=96&d=mm&r=g\",\"url\":\"https:\\\/\\\/secure.gravatar.com\\\/avatar\\\/677b6f1fc54e8c7982d7dce3cfe65fce28f898f70d9b8b631786a0b1b18b11e5?s=96&d=mm&r=g\",\"contentUrl\":\"https:\\\/\\\/secure.gravatar.com\\\/avatar\\\/677b6f1fc54e8c7982d7dce3cfe65fce28f898f70d9b8b631786a0b1b18b11e5?s=96&d=mm&r=g\",\"caption\":\"joaocosta\"},\"sameAs\":[\"http:\\\/\\\/blogdojoaocosta.com.br\"],\"url\":\"https:\\\/\\\/blogdojoaocosta.com.br\\\/?author=1\"}]}<\/script>\n<!-- \/ Yoast SEO plugin. -->","yoast_head_json":{"title":"PGE-PB participa de encontro nacional sobre Advocacia P\u00fablica em Jo\u00e3o Pessoa - Blog do Jo\u00e3o Costa","robots":{"index":"index","follow":"follow","max-snippet":"max-snippet:-1","max-image-preview":"max-image-preview:large","max-video-preview":"max-video-preview:-1"},"canonical":"https:\/\/blogdojoaocosta.com.br\/?p=3656","og_locale":"pt_BR","og_type":"article","og_title":"PGE-PB participa de encontro nacional sobre Advocacia P\u00fablica em Jo\u00e3o Pessoa - Blog do Jo\u00e3o Costa","og_description":"A Procuradoria-Geral do Estado da Para\u00edba (PGE-PB) participa, de 2 a 4 de setembro, em Jo\u00e3o Pessoa, do 3\u00ba Encontro Nacional de Procuradorias Administrativas (ENPA) e do 4\u00ba Semin\u00e1rio do F\u00f3rum Nacional das Consultorias Jur\u00eddicas das Procuradorias-Gerais dos Estados e do Distrito Federal (FONACON). O evento re\u00fane procuradores e representantes da Advocacia P\u00fablica de diversos [&hellip;]","og_url":"https:\/\/blogdojoaocosta.com.br\/?p=3656","og_site_name":"Blog do Jo\u00e3o Costa","article_published_time":"2026-09-02T14:50:15+00:00","og_image":[{"width":1280,"height":960,"url":"https:\/\/blogdojoaocosta.com.br\/wp-content\/uploads\/2026\/09\/PGE.jpeg","type":"image\/jpeg"}],"author":"joaocosta","twitter_card":"summary_large_image","twitter_misc":{"Escrito por":"joaocosta","Est. tempo de leitura":"2 minutos"},"schema":{"@context":"https:\/\/schema.org","@graph":[{"@type":"Article","@id":"https:\/\/blogdojoaocosta.com.br\/?p=3656#article","isPartOf":{"@id":"https:\/\/blogdojoaocosta.com.br\/?p=3656"},"author":{"name":"joaocosta","@id":"https:\/\/blogdojoaocosta.com.br\/#\/schema\/person\/af1c9fa31a41a9d29c32f74b41d55f6e"},"headline":"PGE-PB participa de encontro nacional sobre Advocacia P\u00fablica em Jo\u00e3o Pessoa","datePublished":"2026-09-02T14:50:15+00:00","mainEntityOfPage":{"@id":"https:\/\/blogdojoaocosta.com.br\/?p=3656"},"wordCount":332,"commentCount":0,"image":{"@id":"https:\/\/blogdojoaocosta.com.br\/?p=3656#primaryimage"},"thumbnailUrl":"https:\/\/blogdojoaocosta.com.br\/wp-content\/uploads\/2026\/09\/PGE.jpeg","articleSection":["Entretenimento"],"inLanguage":"pt-BR","potentialAction":[{"@type":"CommentAction","name":"Comment","target":["https:\/\/blogdojoaocosta.com.br\/?p=3656#respond"]}]},{"@type":"WebPage","@id":"https:\/\/blogdojoaocosta.com.br\/?p=3656","url":"https:\/\/blogdojoaocosta.com.br\/?p=3656","name":"PGE-PB participa de encontro nacional sobre Advocacia P\u00fablica em Jo\u00e3o Pessoa - Blog do Jo\u00e3o Costa","isPartOf":{"@id":"https:\/\/blogdojoaocosta.com.br\/#website"},"primaryImageOfPage":{"@id":"https:\/\/blogdojoaocosta.com.br\/?p=3656#primaryimage"},"image":{"@id":"https:\/\/blogdojoaocosta.com.br\/?p=3656#primaryimage"},"thumbnailUrl":"https:\/\/blogdojoaocosta.com.br\/wp-content\/uploads\/2026\/09\/PGE.jpeg","datePublished":"2026-09-02T14:50:15+00:00","author":{"@id":"https:\/\/blogdojoaocosta.com.br\/#\/schema\/person\/af1c9fa31a41a9d29c32f74b41d55f6e"},"breadcrumb":{"@id":"https:\/\/blogdojoaocosta.com.br\/?p=3656#breadcrumb"},"inLanguage":"pt-BR","potentialAction":[{"@type":"ReadAction","target":["https:\/\/blogdojoaocosta.com.br\/?p=3656"]}]},{"@type":"ImageObject","inLanguage":"pt-BR","@id":"https:\/\/blogdojoaocosta.com.br\/?p=3656#primaryimage","url":"https:\/\/blogdojoaocosta.com.br\/wp-content\/uploads\/2026\/09\/PGE.jpeg","contentUrl":"https:\/\/blogdojoaocosta.com.br\/wp-content\/uploads\/2026\/09\/PGE.jpeg","width":1280,"height":960},{"@type":"BreadcrumbList","@id":"https:\/\/blogdojoaocosta.com.br\/?p=3656#breadcrumb","itemListElement":[{"@type":"ListItem","position":1,"name":"In\u00edcio","item":"https:\/\/blogdojoaocosta.com.br\/"},{"@type":"ListItem","position":2,"name":"PGE-PB participa de encontro nacional sobre Advocacia P\u00fablica em Jo\u00e3o Pessoa"}]},{"@type":"WebSite","@id":"https:\/\/blogdojoaocosta.com.br\/#website","url":"https:\/\/blogdojoaocosta.com.br\/","name":"Blog do Jo\u00e3o Costa","description":"Assim Caminha a Humanidade","potentialAction":[{"@type":"SearchAction","target":{"@type":"EntryPoint","urlTemplate":"https:\/\/blogdojoaocosta.com.br\/?s={search_term_string}"},"query-input":{"@type":"PropertyValueSpecification","valueRequired":true,"valueName":"search_term_string"}}],"inLanguage":"pt-BR"},{"@type":"Person","@id":"https:\/\/blogdojoaocosta.com.br\/#\/schema\/person\/af1c9fa31a41a9d29c32f74b41d55f6e","name":"joaocosta","image":{"@type":"ImageObject","inLanguage":"pt-BR","@id":"https:\/\/secure.gravatar.com\/avatar\/677b6f1fc54e8c7982d7dce3cfe65fce28f898f70d9b8b631786a0b1b18b11e5?s=96&d=mm&r=g","url":"https:\/\/secure.gravatar.com\/avatar\/677b6f1fc54e8c7982d7dce3cfe65fce28f898f70d9b8b631786a0b1b18b11e5?s=96&d=mm&r=g","contentUrl":"https:\/\/secure.gravatar.com\/avatar\/677b6f1fc54e8c7982d7dce3cfe65fce28f898f70d9b8b631786a0b1b18b11e5?s=96&d=mm&r=g","caption":"joaocosta"},"sameAs":["http:\/\/blogdojoaocosta.com.br"],"url":"https:\/\/blogdojoaocosta.com.br\/?author=1"}]}},"_links":{"self":[{"href":"https:\/\/blogdojoaocosta.com.br\/index.php?rest_route=\/wp\/v2\/posts\/3656","targetHints":{"allow":["GET"]}}],"collection":[{"href":"https:\/\/blogdojoaocosta.com.br\/index.php?rest_route=\/wp\/v2\/posts"}],"about":[{"href":"https:\/\/blogdojoaocosta.com.br\/index.php?rest_route=\/wp\/v2\/types\/post"}],"author":[{"embeddable":true,"href":"https:\/\/blogdojoaocosta.com.br\/index.php?rest_route=\/wp\/v2\/users\/1"}],"replies":[{"embeddable":true,"href":"https:\/\/blogdojoaocosta.com.br\/index.php?rest_route=%2Fwp%2Fv2%2Fcomments&post=3656"}],"version-history":[{"count":1,"href":"https:\/\/blogdojoaocosta.com.br\/index.php?rest_route=\/wp\/v2\/posts\/3656\/revisions"}],"predecessor-version":[{"id":3658,"href":"https:\/\/blogdojoaocosta.com.br\/index.php?rest_route=\/wp\/v2\/posts\/3656\/revisions\/3658"}],"wp:featuredmedia":[{"embeddable":true,"href":"https:\/\/blogdojoaocosta.com.br\/index.php?rest_route=\/wp\/v2\/media\/3657"}],"wp:attachment":[{"href":"https:\/\/blogdojoaocosta.com.br\/index.php?rest_route=%2Fwp%2Fv2%2Fmedia&parent=3656"}],"wp:term":[{"taxonomy":"category","embeddable":true,"href":"https:\/\/blogdojoaocosta.com.br\/index.php?rest_route=%2Fwp%2Fv2%2Fcategories&post=3656"},{"taxonomy":"post_tag","embeddable":true,"href":"https:\/\/blogdojoaocosta.com.br\/index.php?rest_route=%2Fwp%2Fv2%2Ftags&post=3656"}],"curies":[{"name":"wp","href":"https:\/\/api.w.org\/{rel}","templated":true}]}}