{"id":3661,"date":"2026-09-03T12:16:52","date_gmt":"2026-09-03T15:16:52","guid":{"rendered":"https:\/\/blogdojoaocosta.com.br\/?p=3661"},"modified":"2026-09-03T12:16:52","modified_gmt":"2026-09-03T15:16:52","slug":"fortalecimento-da-advocacia-publica-em-debate-na-pb","status":"publish","type":"post","link":"https:\/\/blogdojoaocosta.com.br\/?p=3661","title":{"rendered":"Fortalecimento da advocacia p\u00fablica em debate na PB"},"content":{"rendered":"<p>A Para\u00edba est\u00e1, desde a noite desta quarta-feira (2), no centro dos debates nacionais sobre o fortalecimento da Advocacia P\u00fablica. A abertura do 3\u00ba Encontro Nacional de Procuradorias Administrativas (ENPA) e do 4\u00ba Semin\u00e1rio do F\u00f3rum Nacional das Consultorias Jur\u00eddicas das Procuradorias-Gerais dos Estados e do Distrito Federal (FONACON) foi realizada na noite desta quarta-feira, no Audit\u00f3rio Ariano Suassuna, do Tau\u00e1 Resort &amp; Convention, em Jo\u00e3o Pessoa, reunindo procuradores, autoridades e representantes da Advocacia P\u00fablica de diversos estados brasileiros.<\/p>\n<p>Promovido pela Associa\u00e7\u00e3o Nacional dos Procuradores dos Estados e do Distrito Federal (ANAPE), em parceria com entidades representativas da carreira, entre elas a Associa\u00e7\u00e3o dos Procuradores do Estado da Para\u00edba (ASPAS), o evento segue at\u00e9 sexta-feira (4) e coloca a capital paraibana como palco de importantes discuss\u00f5es sobre a atua\u00e7\u00e3o jur\u00eddica do Estado, governan\u00e7a, seguran\u00e7a jur\u00eddica e aperfei\u00e7oamento das pol\u00edticas p\u00fablicas.<\/p>\n<p>A solenidade de abertura foi marcada tamb\u00e9m por um momento de reconhecimento \u00e0queles que contribuem para o fortalecimento da Advocacia P\u00fablica paraibana. Na ocasi\u00e3o, a ASPAS outorgou a Comenda Procurador Homero Leal ao governador Lucas Ribeiro, representado pela primeira-dama Camila Mariz, e ao procurador-geral do Estado, Rodrigo Maia, em homenagem \u00e0 sua atua\u00e7\u00e3o e contribui\u00e7\u00e3o para o meio jur\u00eddico e para a Advocacia P\u00fablica.<\/p>\n<p>A homenagem a Rodrigo Maia ganha destaque especial por ocorrer durante um encontro de dimens\u00e3o nacional, que re\u00fane representantes das Procuradorias-Gerais dos Estados e do Distrito Federal e amplia a visibilidade da atua\u00e7\u00e3o da PGE-PB no cen\u00e1rio jur\u00eddico brasileiro.<\/p>\n<p>Ao longo dos tr\u00eas dias de programa\u00e7\u00e3o, o ENPA e o FONACON promovem o interc\u00e2mbio de experi\u00eancias e conhecimentos entre procuradores, al\u00e9m da discuss\u00e3o de estrat\u00e9gias voltadas ao aprimoramento da atua\u00e7\u00e3o consultiva e administrativa das Procuradorias. A proposta \u00e9 fortalecer institui\u00e7\u00f5es capazes de oferecer respostas jur\u00eddicas cada vez mais eficientes, qualificadas e seguras \u00e0 Administra\u00e7\u00e3o P\u00fablica.<\/p>\n<p>A participa\u00e7\u00e3o da Procuradoria-Geral do Estado da Para\u00edba (PGE-PB) reafirma o protagonismo da institui\u00e7\u00e3o nos debates nacionais sobre a Advocacia P\u00fablica e evidencia a import\u00e2ncia da integra\u00e7\u00e3o entre as Procuradorias para a constru\u00e7\u00e3o de solu\u00e7\u00f5es jur\u00eddicas que contribuam para uma Administra\u00e7\u00e3o P\u00fablica mais eficiente, respons\u00e1vel e comprometida com o interesse p\u00fablico.<\/p>\n<p>Com a realiza\u00e7\u00e3o do encontro em Jo\u00e3o Pessoa, a Para\u00edba n\u00e3o apenas recebe representantes de todo o pa\u00eds, mas tamb\u00e9m reafirma seu espa\u00e7o no debate nacional sobre o futuro da Advocacia P\u00fablica e o papel estrat\u00e9gico das Procuradorias na consolida\u00e7\u00e3o de um Estado mais seguro juridicamente e mais eficiente na presta\u00e7\u00e3o de servi\u00e7os \u00e0 sociedade.<\/p>\n<p>Fonte: Assessoria<\/p>\n","protected":false},"excerpt":{"rendered":"<p>A Para\u00edba est\u00e1, desde a noite desta quarta-feira (2), no centro dos debates nacionais sobre o fortalecimento da Advocacia P\u00fablica. A abertura do 3\u00ba Encontro Nacional de Procuradorias Administrativas (ENPA) e do 4\u00ba Semin\u00e1rio do F\u00f3rum Nacional das Consultorias Jur\u00eddicas das Procuradorias-Gerais dos Estados e do Distrito Federal (FONACON) foi realizada na noite desta quarta-feira, [&hellip;]<\/p>\n","protected":false},"author":1,"featured_media":3662,"comment_status":"open","ping_status":"open","sticky":false,"template":"","format":"standard","meta":{"footnotes":""},"categories":[1],"tags":[],"class_list":["post-3661","post","type-post","status-publish","format-standard","has-post-thumbnail","hentry","category-entretenimento"],"yoast_head":"<!-- This site is optimized with the Yoast SEO plugin v28.4 - https:\/\/yoast.com\/product\/yoast-seo-wordpress\/ -->\n<title>Fortalecimento da advocacia p\u00fablica em debate na PB - Blog do Jo\u00e3o Costa<\/title>\n<meta name=\"robots\" content=\"index, follow, max-snippet:-1, max-image-preview:large, max-video-preview:-1\" \/>\n<link rel=\"canonical\" href=\"https:\/\/blogdojoaocosta.com.br\/?p=3661\" \/>\n<meta property=\"og:locale\" content=\"pt_BR\" \/>\n<meta property=\"og:type\" content=\"article\" \/>\n<meta property=\"og:title\" content=\"Fortalecimento da advocacia p\u00fablica em debate na PB - Blog do Jo\u00e3o Costa\" \/>\n<meta property=\"og:description\" content=\"A Para\u00edba est\u00e1, desde a noite desta quarta-feira (2), no centro dos debates nacionais sobre o fortalecimento da Advocacia P\u00fablica. A abertura do 3\u00ba Encontro Nacional de Procuradorias Administrativas (ENPA) e do 4\u00ba Semin\u00e1rio do F\u00f3rum Nacional das Consultorias Jur\u00eddicas das Procuradorias-Gerais dos Estados e do Distrito Federal (FONACON) foi realizada na noite desta quarta-feira, [&hellip;]\" \/>\n<meta property=\"og:url\" content=\"https:\/\/blogdojoaocosta.com.br\/?p=3661\" \/>\n<meta property=\"og:site_name\" content=\"Blog do Jo\u00e3o Costa\" \/>\n<meta property=\"article:published_time\" content=\"2026-09-03T15:16:52+00:00\" \/>\n<meta property=\"og:image\" content=\"https:\/\/blogdojoaocosta.com.br\/wp-content\/uploads\/2026\/09\/PGE-1.jpeg\" \/>\n\t<meta property=\"og:image:width\" content=\"1080\" \/>\n\t<meta property=\"og:image:height\" content=\"720\" \/>\n\t<meta property=\"og:image:type\" content=\"image\/jpeg\" \/>\n<meta name=\"author\" content=\"joaocosta\" \/>\n<meta name=\"twitter:card\" content=\"summary_large_image\" \/>\n<meta name=\"twitter:label1\" content=\"Escrito por\" \/>\n\t<meta name=\"twitter:data1\" content=\"joaocosta\" \/>\n\t<meta name=\"twitter:label2\" content=\"Est. tempo de leitura\" \/>\n\t<meta name=\"twitter:data2\" content=\"3 minutos\" \/>\n<script type=\"application\/ld+json\" class=\"yoast-schema-graph\">{\"@context\":\"https:\\\/\\\/schema.org\",\"@graph\":[{\"@type\":\"Article\",\"@id\":\"https:\\\/\\\/blogdojoaocosta.com.br\\\/?p=3661#article\",\"isPartOf\":{\"@id\":\"https:\\\/\\\/blogdojoaocosta.com.br\\\/?p=3661\"},\"author\":{\"name\":\"joaocosta\",\"@id\":\"https:\\\/\\\/blogdojoaocosta.com.br\\\/#\\\/schema\\\/person\\\/af1c9fa31a41a9d29c32f74b41d55f6e\"},\"headline\":\"Fortalecimento da advocacia p\u00fablica em debate na PB\",\"datePublished\":\"2026-09-03T15:16:52+00:00\",\"mainEntityOfPage\":{\"@id\":\"https:\\\/\\\/blogdojoaocosta.com.br\\\/?p=3661\"},\"wordCount\":477,\"commentCount\":0,\"image\":{\"@id\":\"https:\\\/\\\/blogdojoaocosta.com.br\\\/?p=3661#primaryimage\"},\"thumbnailUrl\":\"https:\\\/\\\/blogdojoaocosta.com.br\\\/wp-content\\\/uploads\\\/2026\\\/09\\\/PGE-1.jpeg\",\"articleSection\":[\"Entretenimento\"],\"inLanguage\":\"pt-BR\",\"potentialAction\":[{\"@type\":\"CommentAction\",\"name\":\"Comment\",\"target\":[\"https:\\\/\\\/blogdojoaocosta.com.br\\\/?p=3661#respond\"]}]},{\"@type\":\"WebPage\",\"@id\":\"https:\\\/\\\/blogdojoaocosta.com.br\\\/?p=3661\",\"url\":\"https:\\\/\\\/blogdojoaocosta.com.br\\\/?p=3661\",\"name\":\"Fortalecimento da advocacia p\u00fablica em debate na PB - Blog do Jo\u00e3o Costa\",\"isPartOf\":{\"@id\":\"https:\\\/\\\/blogdojoaocosta.com.br\\\/#website\"},\"primaryImageOfPage\":{\"@id\":\"https:\\\/\\\/blogdojoaocosta.com.br\\\/?p=3661#primaryimage\"},\"image\":{\"@id\":\"https:\\\/\\\/blogdojoaocosta.com.br\\\/?p=3661#primaryimage\"},\"thumbnailUrl\":\"https:\\\/\\\/blogdojoaocosta.com.br\\\/wp-content\\\/uploads\\\/2026\\\/09\\\/PGE-1.jpeg\",\"datePublished\":\"2026-09-03T15:16:52+00:00\",\"author\":{\"@id\":\"https:\\\/\\\/blogdojoaocosta.com.br\\\/#\\\/schema\\\/person\\\/af1c9fa31a41a9d29c32f74b41d55f6e\"},\"breadcrumb\":{\"@id\":\"https:\\\/\\\/blogdojoaocosta.com.br\\\/?p=3661#breadcrumb\"},\"inLanguage\":\"pt-BR\",\"potentialAction\":[{\"@type\":\"ReadAction\",\"target\":[\"https:\\\/\\\/blogdojoaocosta.com.br\\\/?p=3661\"]}]},{\"@type\":\"ImageObject\",\"inLanguage\":\"pt-BR\",\"@id\":\"https:\\\/\\\/blogdojoaocosta.com.br\\\/?p=3661#primaryimage\",\"url\":\"https:\\\/\\\/blogdojoaocosta.com.br\\\/wp-content\\\/uploads\\\/2026\\\/09\\\/PGE-1.jpeg\",\"contentUrl\":\"https:\\\/\\\/blogdojoaocosta.com.br\\\/wp-content\\\/uploads\\\/2026\\\/09\\\/PGE-1.jpeg\",\"width\":1080,\"height\":720},{\"@type\":\"BreadcrumbList\",\"@id\":\"https:\\\/\\\/blogdojoaocosta.com.br\\\/?p=3661#breadcrumb\",\"itemListElement\":[{\"@type\":\"ListItem\",\"position\":1,\"name\":\"In\u00edcio\",\"item\":\"https:\\\/\\\/blogdojoaocosta.com.br\\\/\"},{\"@type\":\"ListItem\",\"position\":2,\"name\":\"Fortalecimento da advocacia p\u00fablica em debate na PB\"}]},{\"@type\":\"WebSite\",\"@id\":\"https:\\\/\\\/blogdojoaocosta.com.br\\\/#website\",\"url\":\"https:\\\/\\\/blogdojoaocosta.com.br\\\/\",\"name\":\"Blog do Jo\u00e3o Costa\",\"description\":\"Assim Caminha a Humanidade\",\"potentialAction\":[{\"@type\":\"SearchAction\",\"target\":{\"@type\":\"EntryPoint\",\"urlTemplate\":\"https:\\\/\\\/blogdojoaocosta.com.br\\\/?s={search_term_string}\"},\"query-input\":{\"@type\":\"PropertyValueSpecification\",\"valueRequired\":true,\"valueName\":\"search_term_string\"}}],\"inLanguage\":\"pt-BR\"},{\"@type\":\"Person\",\"@id\":\"https:\\\/\\\/blogdojoaocosta.com.br\\\/#\\\/schema\\\/person\\\/af1c9fa31a41a9d29c32f74b41d55f6e\",\"name\":\"joaocosta\",\"image\":{\"@type\":\"ImageObject\",\"inLanguage\":\"pt-BR\",\"@id\":\"https:\\\/\\\/secure.gravatar.com\\\/avatar\\\/677b6f1fc54e8c7982d7dce3cfe65fce28f898f70d9b8b631786a0b1b18b11e5?s=96&d=mm&r=g\",\"url\":\"https:\\\/\\\/secure.gravatar.com\\\/avatar\\\/677b6f1fc54e8c7982d7dce3cfe65fce28f898f70d9b8b631786a0b1b18b11e5?s=96&d=mm&r=g\",\"contentUrl\":\"https:\\\/\\\/secure.gravatar.com\\\/avatar\\\/677b6f1fc54e8c7982d7dce3cfe65fce28f898f70d9b8b631786a0b1b18b11e5?s=96&d=mm&r=g\",\"caption\":\"joaocosta\"},\"sameAs\":[\"http:\\\/\\\/blogdojoaocosta.com.br\"],\"url\":\"https:\\\/\\\/blogdojoaocosta.com.br\\\/?author=1\"}]}<\/script>\n<!-- \/ Yoast SEO plugin. -->","yoast_head_json":{"title":"Fortalecimento da advocacia p\u00fablica em debate na PB - Blog do Jo\u00e3o Costa","robots":{"index":"index","follow":"follow","max-snippet":"max-snippet:-1","max-image-preview":"max-image-preview:large","max-video-preview":"max-video-preview:-1"},"canonical":"https:\/\/blogdojoaocosta.com.br\/?p=3661","og_locale":"pt_BR","og_type":"article","og_title":"Fortalecimento da advocacia p\u00fablica em debate na PB - Blog do Jo\u00e3o Costa","og_description":"A Para\u00edba est\u00e1, desde a noite desta quarta-feira (2), no centro dos debates nacionais sobre o fortalecimento da Advocacia P\u00fablica. A abertura do 3\u00ba Encontro Nacional de Procuradorias Administrativas (ENPA) e do 4\u00ba Semin\u00e1rio do F\u00f3rum Nacional das Consultorias Jur\u00eddicas das Procuradorias-Gerais dos Estados e do Distrito Federal (FONACON) foi realizada na noite desta quarta-feira, [&hellip;]","og_url":"https:\/\/blogdojoaocosta.com.br\/?p=3661","og_site_name":"Blog do Jo\u00e3o Costa","article_published_time":"2026-09-03T15:16:52+00:00","og_image":[{"width":1080,"height":720,"url":"https:\/\/blogdojoaocosta.com.br\/wp-content\/uploads\/2026\/09\/PGE-1.jpeg","type":"image\/jpeg"}],"author":"joaocosta","twitter_card":"summary_large_image","twitter_misc":{"Escrito por":"joaocosta","Est. tempo de leitura":"3 minutos"},"schema":{"@context":"https:\/\/schema.org","@graph":[{"@type":"Article","@id":"https:\/\/blogdojoaocosta.com.br\/?p=3661#article","isPartOf":{"@id":"https:\/\/blogdojoaocosta.com.br\/?p=3661"},"author":{"name":"joaocosta","@id":"https:\/\/blogdojoaocosta.com.br\/#\/schema\/person\/af1c9fa31a41a9d29c32f74b41d55f6e"},"headline":"Fortalecimento da advocacia p\u00fablica em debate na PB","datePublished":"2026-09-03T15:16:52+00:00","mainEntityOfPage":{"@id":"https:\/\/blogdojoaocosta.com.br\/?p=3661"},"wordCount":477,"commentCount":0,"image":{"@id":"https:\/\/blogdojoaocosta.com.br\/?p=3661#primaryimage"},"thumbnailUrl":"https:\/\/blogdojoaocosta.com.br\/wp-content\/uploads\/2026\/09\/PGE-1.jpeg","articleSection":["Entretenimento"],"inLanguage":"pt-BR","potentialAction":[{"@type":"CommentAction","name":"Comment","target":["https:\/\/blogdojoaocosta.com.br\/?p=3661#respond"]}]},{"@type":"WebPage","@id":"https:\/\/blogdojoaocosta.com.br\/?p=3661","url":"https:\/\/blogdojoaocosta.com.br\/?p=3661","name":"Fortalecimento da advocacia p\u00fablica em debate na PB - Blog do Jo\u00e3o Costa","isPartOf":{"@id":"https:\/\/blogdojoaocosta.com.br\/#website"},"primaryImageOfPage":{"@id":"https:\/\/blogdojoaocosta.com.br\/?p=3661#primaryimage"},"image":{"@id":"https:\/\/blogdojoaocosta.com.br\/?p=3661#primaryimage"},"thumbnailUrl":"https:\/\/blogdojoaocosta.com.br\/wp-content\/uploads\/2026\/09\/PGE-1.jpeg","datePublished":"2026-09-03T15:16:52+00:00","author":{"@id":"https:\/\/blogdojoaocosta.com.br\/#\/schema\/person\/af1c9fa31a41a9d29c32f74b41d55f6e"},"breadcrumb":{"@id":"https:\/\/blogdojoaocosta.com.br\/?p=3661#breadcrumb"},"inLanguage":"pt-BR","potentialAction":[{"@type":"ReadAction","target":["https:\/\/blogdojoaocosta.com.br\/?p=3661"]}]},{"@type":"ImageObject","inLanguage":"pt-BR","@id":"https:\/\/blogdojoaocosta.com.br\/?p=3661#primaryimage","url":"https:\/\/blogdojoaocosta.com.br\/wp-content\/uploads\/2026\/09\/PGE-1.jpeg","contentUrl":"https:\/\/blogdojoaocosta.com.br\/wp-content\/uploads\/2026\/09\/PGE-1.jpeg","width":1080,"height":720},{"@type":"BreadcrumbList","@id":"https:\/\/blogdojoaocosta.com.br\/?p=3661#breadcrumb","itemListElement":[{"@type":"ListItem","position":1,"name":"In\u00edcio","item":"https:\/\/blogdojoaocosta.com.br\/"},{"@type":"ListItem","position":2,"name":"Fortalecimento da advocacia p\u00fablica em debate na PB"}]},{"@type":"WebSite","@id":"https:\/\/blogdojoaocosta.com.br\/#website","url":"https:\/\/blogdojoaocosta.com.br\/","name":"Blog do Jo\u00e3o Costa","description":"Assim Caminha a Humanidade","potentialAction":[{"@type":"SearchAction","target":{"@type":"EntryPoint","urlTemplate":"https:\/\/blogdojoaocosta.com.br\/?s={search_term_string}"},"query-input":{"@type":"PropertyValueSpecification","valueRequired":true,"valueName":"search_term_string"}}],"inLanguage":"pt-BR"},{"@type":"Person","@id":"https:\/\/blogdojoaocosta.com.br\/#\/schema\/person\/af1c9fa31a41a9d29c32f74b41d55f6e","name":"joaocosta","image":{"@type":"ImageObject","inLanguage":"pt-BR","@id":"https:\/\/secure.gravatar.com\/avatar\/677b6f1fc54e8c7982d7dce3cfe65fce28f898f70d9b8b631786a0b1b18b11e5?s=96&d=mm&r=g","url":"https:\/\/secure.gravatar.com\/avatar\/677b6f1fc54e8c7982d7dce3cfe65fce28f898f70d9b8b631786a0b1b18b11e5?s=96&d=mm&r=g","contentUrl":"https:\/\/secure.gravatar.com\/avatar\/677b6f1fc54e8c7982d7dce3cfe65fce28f898f70d9b8b631786a0b1b18b11e5?s=96&d=mm&r=g","caption":"joaocosta"},"sameAs":["http:\/\/blogdojoaocosta.com.br"],"url":"https:\/\/blogdojoaocosta.com.br\/?author=1"}]}},"_links":{"self":[{"href":"https:\/\/blogdojoaocosta.com.br\/index.php?rest_route=\/wp\/v2\/posts\/3661","targetHints":{"allow":["GET"]}}],"collection":[{"href":"https:\/\/blogdojoaocosta.com.br\/index.php?rest_route=\/wp\/v2\/posts"}],"about":[{"href":"https:\/\/blogdojoaocosta.com.br\/index.php?rest_route=\/wp\/v2\/types\/post"}],"author":[{"embeddable":true,"href":"https:\/\/blogdojoaocosta.com.br\/index.php?rest_route=\/wp\/v2\/users\/1"}],"replies":[{"embeddable":true,"href":"https:\/\/blogdojoaocosta.com.br\/index.php?rest_route=%2Fwp%2Fv2%2Fcomments&post=3661"}],"version-history":[{"count":1,"href":"https:\/\/blogdojoaocosta.com.br\/index.php?rest_route=\/wp\/v2\/posts\/3661\/revisions"}],"predecessor-version":[{"id":3663,"href":"https:\/\/blogdojoaocosta.com.br\/index.php?rest_route=\/wp\/v2\/posts\/3661\/revisions\/3663"}],"wp:featuredmedia":[{"embeddable":true,"href":"https:\/\/blogdojoaocosta.com.br\/index.php?rest_route=\/wp\/v2\/media\/3662"}],"wp:attachment":[{"href":"https:\/\/blogdojoaocosta.com.br\/index.php?rest_route=%2Fwp%2Fv2%2Fmedia&parent=3661"}],"wp:term":[{"taxonomy":"category","embeddable":true,"href":"https:\/\/blogdojoaocosta.com.br\/index.php?rest_route=%2Fwp%2Fv2%2Fcategories&post=3661"},{"taxonomy":"post_tag","embeddable":true,"href":"https:\/\/blogdojoaocosta.com.br\/index.php?rest_route=%2Fwp%2Fv2%2Ftags&post=3661"}],"curies":[{"name":"wp","href":"https:\/\/api.w.org\/{rel}","templated":true}]}}