{"id":518,"date":"2023-01-23T10:03:50","date_gmt":"2023-01-23T13:03:50","guid":{"rendered":"https:\/\/blogdojoaocosta.com.br\/?p=518"},"modified":"2023-01-23T10:08:31","modified_gmt":"2023-01-23T13:08:31","slug":"crise-humanitaria-yanomami-supostamente-caracteriza-crime-de-genocidio","status":"publish","type":"post","link":"https:\/\/blogdojoaocosta.com.br\/?p=518","title":{"rendered":"\u201cCrise humanit\u00e1ria Yanomami\u201d supostamente caracteriza crime de genoc\u00eddio"},"content":{"rendered":"<p>O minist\u00e9rio da Justi\u00e7a mandou a Pol\u00edcia Federal abrir inqu\u00e9rito para investigar as causas da \u201ccrise humanit\u00e1ria\u201d que se abate, h\u00e1 quatro anos, sobre a na\u00e7\u00e3o Yanomami, situa\u00e7\u00e3o definida pelo presidente da Rep\u00fablica como \u201cgenoc\u00eddio\u201d; o governo anterior, apesar de notificado dezenas de vezes, ignorou a situa\u00e7\u00e3o; at\u00e9 estimulou o garimpo ilegal na \u00e1rea.<\/p>\n<p>Na\u00e7\u00f5es ind\u00edgenas s\u00e3o assediadas por religiosos crist\u00e3os, notadamente e criminosamente por evang\u00e9licos; a militariza\u00e7\u00e3o da Funai encobriu a inc\u00faria de ministros da Sa\u00fade.<\/p>\n<p><img decoding=\"async\" class=\"alignnone size-medium wp-image-520\" src=\"https:\/\/blogdojoaocosta.com.br\/wp-content\/uploads\/2023\/01\/Yanomami-g1-300x225.webp\" alt=\"\" width=\"300\" height=\"225\" srcset=\"https:\/\/blogdojoaocosta.com.br\/wp-content\/uploads\/2023\/01\/Yanomami-g1-300x225.webp 300w, https:\/\/blogdojoaocosta.com.br\/wp-content\/uploads\/2023\/01\/Yanomami-g1-1024x768.webp 1024w, https:\/\/blogdojoaocosta.com.br\/wp-content\/uploads\/2023\/01\/Yanomami-g1-768x576.webp 768w, https:\/\/blogdojoaocosta.com.br\/wp-content\/uploads\/2023\/01\/Yanomami-g1.webp 1200w\" sizes=\"(max-width: 300px) 100vw, 300px\" \/><\/p>\n<p><em><strong>Mais que crise humanit\u00e1ria: genoc\u00eddio<\/strong><\/em><\/p>\n<p>Agregue ao descalabro civilizat\u00f3rio e destrui\u00e7\u00e3o do Pa\u00eds ocorridos no Pa\u00eds nos \u00faltimos 4 anos, o est\u00edmulo oficial ao garimpo ilegal e ao desmatamento tamb\u00e9m criminoso. Os dados divulgados deveriam chocar o Pa\u00eds:<\/p>\n<p>\u201cDevido \u00e0 invas\u00e3o de garimpeiros, falta de equipes m\u00e9dicas e de medicamentos, pelo menos 570 crian\u00e7as morreram de desnutri\u00e7\u00e3o nos \u00faltimos quatro anos\u201d, segundo a ministra dos Povos Ind\u00edgenas, S\u00f4nia Guajajara, baseando-se em levantamento do pr\u00f3prio Minist\u00e9rio da Sa\u00fade.<\/p>\n<p>E o sil\u00eancio sepulcral de militares e do Queiroguinha, notificado v\u00e1rias vezes e que, supostamente, a tudo ignorou.<\/p>\n<p>Que todos os envolvidos sejam denunciados, julgados e, se condenados, denunciados \u00e0 Corte Internacional de Haia, da qual o Brasil faz parte.<\/p>\n<p>O ideal seria varrer da Amaz\u00f4nia brasileira pastores evang\u00e9licos e suas Ongs.<\/p>\n<h2>Extrema direita pentecostal silencia e se reagrupa<\/h2>\n<p>O\u00a0Minist\u00e9rio da Justi\u00e7a e Seguran\u00e7a P\u00fablica prorrogou o uso da For\u00e7a Nacional de Seguran\u00e7a, em Bras\u00edlia, por mais 30 dias. Evidencia que a situa\u00e7\u00e3o de instabilidade pol\u00edtica, a amea\u00e7a de golpe de estado e atos an\u00e1logos ao terrorismo no Distrito Federal ainda n\u00e3o se dissipou.<\/p>\n<p>&nbsp;<\/p>\n<figure id=\"attachment_522\" aria-describedby=\"caption-attachment-522\" style=\"width: 300px\" class=\"wp-caption alignnone\"><img decoding=\"async\" class=\"size-medium wp-image-522\" src=\"https:\/\/blogdojoaocosta.com.br\/wp-content\/uploads\/2023\/01\/Forca-Nacional-300x179.jpg\" alt=\"\" width=\"300\" height=\"179\" srcset=\"https:\/\/blogdojoaocosta.com.br\/wp-content\/uploads\/2023\/01\/Forca-Nacional-300x179.jpg 300w, https:\/\/blogdojoaocosta.com.br\/wp-content\/uploads\/2023\/01\/Forca-Nacional-1024x613.jpg 1024w, https:\/\/blogdojoaocosta.com.br\/wp-content\/uploads\/2023\/01\/Forca-Nacional-768x459.jpg 768w, https:\/\/blogdojoaocosta.com.br\/wp-content\/uploads\/2023\/01\/Forca-Nacional.jpg 1170w\" sizes=\"(max-width: 300px) 100vw, 300px\" \/><figcaption id=\"caption-attachment-522\" class=\"wp-caption-text\"><strong><em>Amea\u00e7as de terror persistem em Bras\u00edlia<\/em><\/strong><\/figcaption><\/figure>\n<p>As falanges de extrema direita seguem nos quart\u00e9is das For\u00e7as Armadas, Pol\u00edcias Militares e igrejas evang\u00e9licas. O sil\u00eancio dos pastores evang\u00e9licos de &#8220;grife&#8221; e nos bairros populares em rela\u00e7\u00e3o aos seus seguidores, usados como bois de piranha, em Bras\u00edlia no \u00faltimo 8, \u00e9 sepulcral e pr\u00f3prio das lideran\u00e7as religiosas pentecostais, o que n\u00e3o significa aceita\u00e7\u00e3o do estado democr\u00e1tico de direito \u2013 e laico.<\/p>\n<p>Imagens: Ag. Brasil<\/p>\n","protected":false},"excerpt":{"rendered":"<p>O minist\u00e9rio da Justi\u00e7a mandou a Pol\u00edcia Federal abrir inqu\u00e9rito para investigar as causas da \u201ccrise humanit\u00e1ria\u201d que se abate, h\u00e1 quatro anos, sobre a na\u00e7\u00e3o Yanomami, situa\u00e7\u00e3o definida pelo presidente da Rep\u00fablica como \u201cgenoc\u00eddio\u201d; o governo anterior, apesar de notificado dezenas de vezes, ignorou a situa\u00e7\u00e3o; at\u00e9 estimulou o garimpo ilegal na \u00e1rea. Na\u00e7\u00f5es [&hellip;]<\/p>\n","protected":false},"author":1,"featured_media":519,"comment_status":"open","ping_status":"open","sticky":false,"template":"","format":"standard","meta":{"footnotes":""},"categories":[11],"tags":[],"class_list":["post-518","post","type-post","status-publish","format-standard","has-post-thumbnail","hentry","category-politica"],"yoast_head":"<!-- This site is optimized with the Yoast SEO plugin v27.5 - https:\/\/yoast.com\/product\/yoast-seo-wordpress\/ -->\n<title>\u201cCrise humanit\u00e1ria Yanomami\u201d supostamente caracteriza crime de genoc\u00eddio - Blog do Jo\u00e3o Costa<\/title>\n<meta name=\"robots\" content=\"index, follow, max-snippet:-1, max-image-preview:large, max-video-preview:-1\" \/>\n<link rel=\"canonical\" href=\"https:\/\/blogdojoaocosta.com.br\/?p=518\" \/>\n<meta property=\"og:locale\" content=\"pt_BR\" \/>\n<meta property=\"og:type\" content=\"article\" \/>\n<meta property=\"og:title\" content=\"\u201cCrise humanit\u00e1ria Yanomami\u201d supostamente caracteriza crime de genoc\u00eddio - Blog do Jo\u00e3o Costa\" \/>\n<meta property=\"og:description\" content=\"O minist\u00e9rio da Justi\u00e7a mandou a Pol\u00edcia Federal abrir inqu\u00e9rito para investigar as causas da \u201ccrise humanit\u00e1ria\u201d que se abate, h\u00e1 quatro anos, sobre a na\u00e7\u00e3o Yanomami, situa\u00e7\u00e3o definida pelo presidente da Rep\u00fablica como \u201cgenoc\u00eddio\u201d; o governo anterior, apesar de notificado dezenas de vezes, ignorou a situa\u00e7\u00e3o; at\u00e9 estimulou o garimpo ilegal na \u00e1rea. Na\u00e7\u00f5es [&hellip;]\" \/>\n<meta property=\"og:url\" content=\"https:\/\/blogdojoaocosta.com.br\/?p=518\" \/>\n<meta property=\"og:site_name\" content=\"Blog do Jo\u00e3o Costa\" \/>\n<meta property=\"article:published_time\" content=\"2023-01-23T13:03:50+00:00\" \/>\n<meta property=\"article:modified_time\" content=\"2023-01-23T13:08:31+00:00\" \/>\n<meta property=\"og:image\" content=\"https:\/\/blogdojoaocosta.com.br\/wp-content\/uploads\/2023\/01\/Yanomami-Lula-ag-brasil.jpg\" \/>\n\t<meta property=\"og:image:width\" content=\"754\" \/>\n\t<meta property=\"og:image:height\" content=\"762\" \/>\n\t<meta property=\"og:image:type\" content=\"image\/jpeg\" \/>\n<meta name=\"author\" content=\"joaocosta\" \/>\n<meta name=\"twitter:card\" content=\"summary_large_image\" \/>\n<meta name=\"twitter:label1\" content=\"Escrito por\" \/>\n\t<meta name=\"twitter:data1\" content=\"joaocosta\" \/>\n\t<meta name=\"twitter:label2\" content=\"Est. tempo de leitura\" \/>\n\t<meta name=\"twitter:data2\" content=\"3 minutos\" \/>\n<script type=\"application\/ld+json\" class=\"yoast-schema-graph\">{\"@context\":\"https:\\\/\\\/schema.org\",\"@graph\":[{\"@type\":\"Article\",\"@id\":\"https:\\\/\\\/blogdojoaocosta.com.br\\\/?p=518#article\",\"isPartOf\":{\"@id\":\"https:\\\/\\\/blogdojoaocosta.com.br\\\/?p=518\"},\"author\":{\"name\":\"joaocosta\",\"@id\":\"https:\\\/\\\/blogdojoaocosta.com.br\\\/#\\\/schema\\\/person\\\/af1c9fa31a41a9d29c32f74b41d55f6e\"},\"headline\":\"\u201cCrise humanit\u00e1ria Yanomami\u201d supostamente caracteriza crime de genoc\u00eddio\",\"datePublished\":\"2023-01-23T13:03:50+00:00\",\"dateModified\":\"2023-01-23T13:08:31+00:00\",\"mainEntityOfPage\":{\"@id\":\"https:\\\/\\\/blogdojoaocosta.com.br\\\/?p=518\"},\"wordCount\":408,\"commentCount\":0,\"image\":{\"@id\":\"https:\\\/\\\/blogdojoaocosta.com.br\\\/?p=518#primaryimage\"},\"thumbnailUrl\":\"https:\\\/\\\/blogdojoaocosta.com.br\\\/wp-content\\\/uploads\\\/2023\\\/01\\\/Yanomami-Lula-ag-brasil.jpg\",\"articleSection\":[\"Pol\u00edtica\"],\"inLanguage\":\"pt-BR\",\"potentialAction\":[{\"@type\":\"CommentAction\",\"name\":\"Comment\",\"target\":[\"https:\\\/\\\/blogdojoaocosta.com.br\\\/?p=518#respond\"]}]},{\"@type\":\"WebPage\",\"@id\":\"https:\\\/\\\/blogdojoaocosta.com.br\\\/?p=518\",\"url\":\"https:\\\/\\\/blogdojoaocosta.com.br\\\/?p=518\",\"name\":\"\u201cCrise humanit\u00e1ria Yanomami\u201d supostamente caracteriza crime de genoc\u00eddio - Blog do Jo\u00e3o Costa\",\"isPartOf\":{\"@id\":\"https:\\\/\\\/blogdojoaocosta.com.br\\\/#website\"},\"primaryImageOfPage\":{\"@id\":\"https:\\\/\\\/blogdojoaocosta.com.br\\\/?p=518#primaryimage\"},\"image\":{\"@id\":\"https:\\\/\\\/blogdojoaocosta.com.br\\\/?p=518#primaryimage\"},\"thumbnailUrl\":\"https:\\\/\\\/blogdojoaocosta.com.br\\\/wp-content\\\/uploads\\\/2023\\\/01\\\/Yanomami-Lula-ag-brasil.jpg\",\"datePublished\":\"2023-01-23T13:03:50+00:00\",\"dateModified\":\"2023-01-23T13:08:31+00:00\",\"author\":{\"@id\":\"https:\\\/\\\/blogdojoaocosta.com.br\\\/#\\\/schema\\\/person\\\/af1c9fa31a41a9d29c32f74b41d55f6e\"},\"breadcrumb\":{\"@id\":\"https:\\\/\\\/blogdojoaocosta.com.br\\\/?p=518#breadcrumb\"},\"inLanguage\":\"pt-BR\",\"potentialAction\":[{\"@type\":\"ReadAction\",\"target\":[\"https:\\\/\\\/blogdojoaocosta.com.br\\\/?p=518\"]}]},{\"@type\":\"ImageObject\",\"inLanguage\":\"pt-BR\",\"@id\":\"https:\\\/\\\/blogdojoaocosta.com.br\\\/?p=518#primaryimage\",\"url\":\"https:\\\/\\\/blogdojoaocosta.com.br\\\/wp-content\\\/uploads\\\/2023\\\/01\\\/Yanomami-Lula-ag-brasil.jpg\",\"contentUrl\":\"https:\\\/\\\/blogdojoaocosta.com.br\\\/wp-content\\\/uploads\\\/2023\\\/01\\\/Yanomami-Lula-ag-brasil.jpg\",\"width\":754,\"height\":762},{\"@type\":\"BreadcrumbList\",\"@id\":\"https:\\\/\\\/blogdojoaocosta.com.br\\\/?p=518#breadcrumb\",\"itemListElement\":[{\"@type\":\"ListItem\",\"position\":1,\"name\":\"In\u00edcio\",\"item\":\"https:\\\/\\\/blogdojoaocosta.com.br\\\/\"},{\"@type\":\"ListItem\",\"position\":2,\"name\":\"\u201cCrise humanit\u00e1ria Yanomami\u201d supostamente caracteriza crime de genoc\u00eddio\"}]},{\"@type\":\"WebSite\",\"@id\":\"https:\\\/\\\/blogdojoaocosta.com.br\\\/#website\",\"url\":\"https:\\\/\\\/blogdojoaocosta.com.br\\\/\",\"name\":\"Blog do Jo\u00e3o Costa\",\"description\":\"Assim Caminha a Humanidade\",\"potentialAction\":[{\"@type\":\"SearchAction\",\"target\":{\"@type\":\"EntryPoint\",\"urlTemplate\":\"https:\\\/\\\/blogdojoaocosta.com.br\\\/?s={search_term_string}\"},\"query-input\":{\"@type\":\"PropertyValueSpecification\",\"valueRequired\":true,\"valueName\":\"search_term_string\"}}],\"inLanguage\":\"pt-BR\"},{\"@type\":\"Person\",\"@id\":\"https:\\\/\\\/blogdojoaocosta.com.br\\\/#\\\/schema\\\/person\\\/af1c9fa31a41a9d29c32f74b41d55f6e\",\"name\":\"joaocosta\",\"image\":{\"@type\":\"ImageObject\",\"inLanguage\":\"pt-BR\",\"@id\":\"https:\\\/\\\/secure.gravatar.com\\\/avatar\\\/677b6f1fc54e8c7982d7dce3cfe65fce28f898f70d9b8b631786a0b1b18b11e5?s=96&d=mm&r=g\",\"url\":\"https:\\\/\\\/secure.gravatar.com\\\/avatar\\\/677b6f1fc54e8c7982d7dce3cfe65fce28f898f70d9b8b631786a0b1b18b11e5?s=96&d=mm&r=g\",\"contentUrl\":\"https:\\\/\\\/secure.gravatar.com\\\/avatar\\\/677b6f1fc54e8c7982d7dce3cfe65fce28f898f70d9b8b631786a0b1b18b11e5?s=96&d=mm&r=g\",\"caption\":\"joaocosta\"},\"sameAs\":[\"http:\\\/\\\/blogdojoaocosta.com.br\"],\"url\":\"https:\\\/\\\/blogdojoaocosta.com.br\\\/?author=1\"}]}<\/script>\n<!-- \/ Yoast SEO plugin. -->","yoast_head_json":{"title":"\u201cCrise humanit\u00e1ria Yanomami\u201d supostamente caracteriza crime de genoc\u00eddio - Blog do Jo\u00e3o Costa","robots":{"index":"index","follow":"follow","max-snippet":"max-snippet:-1","max-image-preview":"max-image-preview:large","max-video-preview":"max-video-preview:-1"},"canonical":"https:\/\/blogdojoaocosta.com.br\/?p=518","og_locale":"pt_BR","og_type":"article","og_title":"\u201cCrise humanit\u00e1ria Yanomami\u201d supostamente caracteriza crime de genoc\u00eddio - Blog do Jo\u00e3o Costa","og_description":"O minist\u00e9rio da Justi\u00e7a mandou a Pol\u00edcia Federal abrir inqu\u00e9rito para investigar as causas da \u201ccrise humanit\u00e1ria\u201d que se abate, h\u00e1 quatro anos, sobre a na\u00e7\u00e3o Yanomami, situa\u00e7\u00e3o definida pelo presidente da Rep\u00fablica como \u201cgenoc\u00eddio\u201d; o governo anterior, apesar de notificado dezenas de vezes, ignorou a situa\u00e7\u00e3o; at\u00e9 estimulou o garimpo ilegal na \u00e1rea. Na\u00e7\u00f5es [&hellip;]","og_url":"https:\/\/blogdojoaocosta.com.br\/?p=518","og_site_name":"Blog do Jo\u00e3o Costa","article_published_time":"2023-01-23T13:03:50+00:00","article_modified_time":"2023-01-23T13:08:31+00:00","og_image":[{"width":754,"height":762,"url":"https:\/\/blogdojoaocosta.com.br\/wp-content\/uploads\/2023\/01\/Yanomami-Lula-ag-brasil.jpg","type":"image\/jpeg"}],"author":"joaocosta","twitter_card":"summary_large_image","twitter_misc":{"Escrito por":"joaocosta","Est. tempo de leitura":"3 minutos"},"schema":{"@context":"https:\/\/schema.org","@graph":[{"@type":"Article","@id":"https:\/\/blogdojoaocosta.com.br\/?p=518#article","isPartOf":{"@id":"https:\/\/blogdojoaocosta.com.br\/?p=518"},"author":{"name":"joaocosta","@id":"https:\/\/blogdojoaocosta.com.br\/#\/schema\/person\/af1c9fa31a41a9d29c32f74b41d55f6e"},"headline":"\u201cCrise humanit\u00e1ria Yanomami\u201d supostamente caracteriza crime de genoc\u00eddio","datePublished":"2023-01-23T13:03:50+00:00","dateModified":"2023-01-23T13:08:31+00:00","mainEntityOfPage":{"@id":"https:\/\/blogdojoaocosta.com.br\/?p=518"},"wordCount":408,"commentCount":0,"image":{"@id":"https:\/\/blogdojoaocosta.com.br\/?p=518#primaryimage"},"thumbnailUrl":"https:\/\/blogdojoaocosta.com.br\/wp-content\/uploads\/2023\/01\/Yanomami-Lula-ag-brasil.jpg","articleSection":["Pol\u00edtica"],"inLanguage":"pt-BR","potentialAction":[{"@type":"CommentAction","name":"Comment","target":["https:\/\/blogdojoaocosta.com.br\/?p=518#respond"]}]},{"@type":"WebPage","@id":"https:\/\/blogdojoaocosta.com.br\/?p=518","url":"https:\/\/blogdojoaocosta.com.br\/?p=518","name":"\u201cCrise humanit\u00e1ria Yanomami\u201d supostamente caracteriza crime de genoc\u00eddio - Blog do Jo\u00e3o Costa","isPartOf":{"@id":"https:\/\/blogdojoaocosta.com.br\/#website"},"primaryImageOfPage":{"@id":"https:\/\/blogdojoaocosta.com.br\/?p=518#primaryimage"},"image":{"@id":"https:\/\/blogdojoaocosta.com.br\/?p=518#primaryimage"},"thumbnailUrl":"https:\/\/blogdojoaocosta.com.br\/wp-content\/uploads\/2023\/01\/Yanomami-Lula-ag-brasil.jpg","datePublished":"2023-01-23T13:03:50+00:00","dateModified":"2023-01-23T13:08:31+00:00","author":{"@id":"https:\/\/blogdojoaocosta.com.br\/#\/schema\/person\/af1c9fa31a41a9d29c32f74b41d55f6e"},"breadcrumb":{"@id":"https:\/\/blogdojoaocosta.com.br\/?p=518#breadcrumb"},"inLanguage":"pt-BR","potentialAction":[{"@type":"ReadAction","target":["https:\/\/blogdojoaocosta.com.br\/?p=518"]}]},{"@type":"ImageObject","inLanguage":"pt-BR","@id":"https:\/\/blogdojoaocosta.com.br\/?p=518#primaryimage","url":"https:\/\/blogdojoaocosta.com.br\/wp-content\/uploads\/2023\/01\/Yanomami-Lula-ag-brasil.jpg","contentUrl":"https:\/\/blogdojoaocosta.com.br\/wp-content\/uploads\/2023\/01\/Yanomami-Lula-ag-brasil.jpg","width":754,"height":762},{"@type":"BreadcrumbList","@id":"https:\/\/blogdojoaocosta.com.br\/?p=518#breadcrumb","itemListElement":[{"@type":"ListItem","position":1,"name":"In\u00edcio","item":"https:\/\/blogdojoaocosta.com.br\/"},{"@type":"ListItem","position":2,"name":"\u201cCrise humanit\u00e1ria Yanomami\u201d supostamente caracteriza crime de genoc\u00eddio"}]},{"@type":"WebSite","@id":"https:\/\/blogdojoaocosta.com.br\/#website","url":"https:\/\/blogdojoaocosta.com.br\/","name":"Blog do Jo\u00e3o Costa","description":"Assim Caminha a Humanidade","potentialAction":[{"@type":"SearchAction","target":{"@type":"EntryPoint","urlTemplate":"https:\/\/blogdojoaocosta.com.br\/?s={search_term_string}"},"query-input":{"@type":"PropertyValueSpecification","valueRequired":true,"valueName":"search_term_string"}}],"inLanguage":"pt-BR"},{"@type":"Person","@id":"https:\/\/blogdojoaocosta.com.br\/#\/schema\/person\/af1c9fa31a41a9d29c32f74b41d55f6e","name":"joaocosta","image":{"@type":"ImageObject","inLanguage":"pt-BR","@id":"https:\/\/secure.gravatar.com\/avatar\/677b6f1fc54e8c7982d7dce3cfe65fce28f898f70d9b8b631786a0b1b18b11e5?s=96&d=mm&r=g","url":"https:\/\/secure.gravatar.com\/avatar\/677b6f1fc54e8c7982d7dce3cfe65fce28f898f70d9b8b631786a0b1b18b11e5?s=96&d=mm&r=g","contentUrl":"https:\/\/secure.gravatar.com\/avatar\/677b6f1fc54e8c7982d7dce3cfe65fce28f898f70d9b8b631786a0b1b18b11e5?s=96&d=mm&r=g","caption":"joaocosta"},"sameAs":["http:\/\/blogdojoaocosta.com.br"],"url":"https:\/\/blogdojoaocosta.com.br\/?author=1"}]}},"_links":{"self":[{"href":"https:\/\/blogdojoaocosta.com.br\/index.php?rest_route=\/wp\/v2\/posts\/518","targetHints":{"allow":["GET"]}}],"collection":[{"href":"https:\/\/blogdojoaocosta.com.br\/index.php?rest_route=\/wp\/v2\/posts"}],"about":[{"href":"https:\/\/blogdojoaocosta.com.br\/index.php?rest_route=\/wp\/v2\/types\/post"}],"author":[{"embeddable":true,"href":"https:\/\/blogdojoaocosta.com.br\/index.php?rest_route=\/wp\/v2\/users\/1"}],"replies":[{"embeddable":true,"href":"https:\/\/blogdojoaocosta.com.br\/index.php?rest_route=%2Fwp%2Fv2%2Fcomments&post=518"}],"version-history":[{"count":2,"href":"https:\/\/blogdojoaocosta.com.br\/index.php?rest_route=\/wp\/v2\/posts\/518\/revisions"}],"predecessor-version":[{"id":524,"href":"https:\/\/blogdojoaocosta.com.br\/index.php?rest_route=\/wp\/v2\/posts\/518\/revisions\/524"}],"wp:featuredmedia":[{"embeddable":true,"href":"https:\/\/blogdojoaocosta.com.br\/index.php?rest_route=\/wp\/v2\/media\/519"}],"wp:attachment":[{"href":"https:\/\/blogdojoaocosta.com.br\/index.php?rest_route=%2Fwp%2Fv2%2Fmedia&parent=518"}],"wp:term":[{"taxonomy":"category","embeddable":true,"href":"https:\/\/blogdojoaocosta.com.br\/index.php?rest_route=%2Fwp%2Fv2%2Fcategories&post=518"},{"taxonomy":"post_tag","embeddable":true,"href":"https:\/\/blogdojoaocosta.com.br\/index.php?rest_route=%2Fwp%2Fv2%2Ftags&post=518"}],"curies":[{"name":"wp","href":"https:\/\/api.w.org\/{rel}","templated":true}]}}