{"id":539,"date":"2023-01-27T19:06:29","date_gmt":"2023-01-27T22:06:29","guid":{"rendered":"https:\/\/blogdojoaocosta.com.br\/?p=539"},"modified":"2023-01-27T19:31:34","modified_gmt":"2023-01-27T22:31:34","slug":"cultura-nordestina-e-suas-raizes-ibericas-no-isla-e-judaismo","status":"publish","type":"post","link":"https:\/\/blogdojoaocosta.com.br\/?p=539","title":{"rendered":"Cultura nordestina e suas ra\u00edzes ib\u00e9ricas no Isl\u00e3 e juda\u00edsmo"},"content":{"rendered":"<p>De onde vem o poder e a resili\u00eancia da cultura nordestina? A pergunta que salta e instiga historiadores e romancistas e poetas, encontra resposta no caldeir\u00e3o de costumes, influ\u00eancias liter\u00e1rias e tradi\u00e7\u00f5es da regi\u00e3o Nordeste, a partir das tradi\u00e7\u00f5es judaicas, crist\u00e3s e isl\u00e2micas que tamb\u00e9m dominaram a cultura Ib\u00e9rica e que foram trazidas para o Nordeste do Brasil.<\/p>\n<p><img decoding=\"async\" class=\"alignnone size-medium wp-image-541\" src=\"https:\/\/blogdojoaocosta.com.br\/wp-content\/uploads\/2023\/01\/VaqueiroCanga-300x300.jpeg\" alt=\"\" width=\"300\" height=\"300\" srcset=\"https:\/\/blogdojoaocosta.com.br\/wp-content\/uploads\/2023\/01\/VaqueiroCanga-300x300.jpeg 300w, https:\/\/blogdojoaocosta.com.br\/wp-content\/uploads\/2023\/01\/VaqueiroCanga-1024x1024.jpeg 1024w, https:\/\/blogdojoaocosta.com.br\/wp-content\/uploads\/2023\/01\/VaqueiroCanga-150x150.jpeg 150w, https:\/\/blogdojoaocosta.com.br\/wp-content\/uploads\/2023\/01\/VaqueiroCanga-768x768.jpeg 768w, https:\/\/blogdojoaocosta.com.br\/wp-content\/uploads\/2023\/01\/VaqueiroCanga.jpeg 1080w\" sizes=\"(max-width: 300px) 100vw, 300px\" \/><\/p>\n<p><em><strong>Ilustra\u00e7\u00e3o: arabismos no Nordeste<\/strong><\/em><\/p>\n<p>Esse mosaico ib\u00e9rico-nordestino aparece na produ\u00e7\u00e3o intelectual de Gilberto Freyre entre as d\u00e9cadas de 1920 e 1940, nas obras do escritor paraibano Ariano Suassuna, em livros de cord\u00e9is do tamb\u00e9m paraibano Leandro Gomes de Barros.<\/p>\n<p>Diante de um Brasil hoje conflagrado mais que nunca e em que o pacto federativo se apresenta com muitas rachaduras, a unidade cultural se torna uma impossibilidade, mas tal unidade talvez ainda seja poss\u00edvel no Nordeste.<\/p>\n<p>Sua cultura a partir do mundo rural incorporou e mant\u00e9m, at\u00e9 hoje ra\u00edzes al\u00e9m mar. A come\u00e7ar pelas culturas \u00e1rabes e isl\u00e2micas.<\/p>\n<p>Durante as vaquejas essa pujan\u00e7a da cultura \u00e1rabe se manifesta atrav\u00e9s do \u00a0aboio;\u00a0um canto de origem \u00e1rabe, surgido nos campos do deserto na atual regi\u00e3o do Oriente M\u00e9dio por volta do S\u00e9culo XI ou X, A.C. O era um canto de adora\u00e7\u00e3o aos Deuses das religi\u00f5es polite\u00edstas\u201d; no Nordeste, \u00e9 o s\u00edmbolo m\u00e1ximo nas festas de aparta\u00e7\u00e3o, de derrubada do bois.<\/p>\n<p>O Nordeste rural e sua gente compartilham\u00a0 al\u00e9m desse aboio \u00e1rabe, costumes isl\u00e2micos e judaicos, vis\u00edveis na indument\u00e1ria, inclusive de cangaceiros no in\u00edcio do s\u00e9culo XX.<\/p>\n<p>Desde o in\u00edcio do s\u00e9culo XX e no in\u00edcio deste, o elemento mais representativo e ic\u00f4nico do canga\u00e7o \u00e9 o chap\u00e9u, que re\u00fane s\u00edmbolos judaicos, da monarquia portuguesa em sinais m\u00e1gicos e m\u00edsticos.<\/p>\n<p><img decoding=\"async\" class=\"alignnone size-medium wp-image-546\" src=\"https:\/\/blogdojoaocosta.com.br\/wp-content\/uploads\/2023\/01\/ArianoSuassuna-244x300.jpg\" alt=\"\" width=\"244\" height=\"300\" srcset=\"https:\/\/blogdojoaocosta.com.br\/wp-content\/uploads\/2023\/01\/ArianoSuassuna-244x300.jpg 244w, https:\/\/blogdojoaocosta.com.br\/wp-content\/uploads\/2023\/01\/ArianoSuassuna.jpg 285w\" sizes=\"(max-width: 244px) 100vw, 244px\" \/><\/p>\n<p><em><strong>Ariano: influ\u00eancias ib\u00e9ricas na sua obra<\/strong><\/em><\/p>\n<p>O chap\u00e9u meia-lua de couro, com uma estrela de 6 ou 8 pontas no meio, usados por Virgulino e demais cangaceiros, hoje \u00e9 o s\u00edmbolo irrefut\u00e1vel do nordeste brasileiro.<\/p>\n<p>&nbsp;<\/p>\n<p>A estrela vem do juda\u00edsmo e de fontes isl\u00e2micas, transferida ao Nordeste por crist\u00e3os novos (judeus), assimilada pelo catolicismo e pelo misticismo crist\u00e3o rural.<\/p>\n<p>Evidente que Virgulino e demais cangaceiros nada sabiam sobre juda\u00edsmo, mas dominavam bem rituais, rezas e cantos cat\u00f3licos ib\u00e9ricos que tamb\u00e9m dominaram o universo rural e urbano do Nordeste.<\/p>\n<p>&nbsp;<\/p>\n<p>&nbsp;<\/p>\n<p><em><strong>Virgulino(E) e Ant\u00f4nio Rosa, em 1922<\/strong><\/em><\/p>\n<p>Leiam em voz alta e sintam o poder da ora\u00e7\u00e3o de Virgulino Ferreira e seu bando: <em>Da Pedra Cristalina -\u201cMinha Pedra cristalina, que no fundo do mar foste achada, entre o C\u00e1lice e a H\u00f3stia Consagrada. Treme a Terra, mas n\u00e3o treme Nosso Senhor Jesus Cristo no Altar. Assim, tremem os cora\u00e7\u00f5es dos meus inimigos quando olharem para mim; eu te benzo em cruz e n\u00e3o tu a mim, ente o Sol, a Lua e as estrelas, as tr\u00eas pessoas da Sant\u00edssima Trindade. Meu Deus, na travessia, avistei meus inimigos. Meu Deus, que fa\u00e7o com eles?Com a manto da Virgem Maria sou coberto, e, com o sangue do meu Senhor Jesus Cristo, sou valido. Tens vontade de atirar, por\u00e9m n\u00e3o atiras. Se atirar, \u00e1gua do cano da espingarda correr\u00e1: se tiveres vontade de me furar a faca da m\u00e3o cair\u00e1; se me amarrar, os n\u00f3s desatar\u00e3o e, se me trancar, as portas se abrir\u00e3o. Oferecimento: salvo fui, salvo sou, salvo serei com a chave do sacr\u00e1rio eu me fecho. Um Pai Nosso: tr\u00eas Ave marias; tr\u00eas Gl\u00f3ria ao Pai, e ofere\u00e7o \u00e0s cinco chagas de Nosso Senhor Jesus Cristo. Am\u00e9m!<\/em><\/p>\n<p>Fonte: Iberismo, Tradi\u00e7\u00e3o e mesti\u00e7agem: a defesa do Nordeste. Revistas USP.<\/p>\n","protected":false},"excerpt":{"rendered":"<p>De onde vem o poder e a resili\u00eancia da cultura nordestina? A pergunta que salta e instiga historiadores e romancistas e poetas, encontra resposta no caldeir\u00e3o de costumes, influ\u00eancias liter\u00e1rias e tradi\u00e7\u00f5es da regi\u00e3o Nordeste, a partir das tradi\u00e7\u00f5es judaicas, crist\u00e3s e isl\u00e2micas que tamb\u00e9m dominaram a cultura Ib\u00e9rica e que foram trazidas para o [&hellip;]<\/p>\n","protected":false},"author":1,"featured_media":545,"comment_status":"open","ping_status":"open","sticky":false,"template":"","format":"standard","meta":{"footnotes":""},"categories":[10],"tags":[],"class_list":["post-539","post","type-post","status-publish","format-standard","has-post-thumbnail","hentry","category-cangaco"],"yoast_head":"<!-- This site is optimized with the Yoast SEO plugin v27.5 - https:\/\/yoast.com\/product\/yoast-seo-wordpress\/ -->\n<title>Cultura nordestina e suas ra\u00edzes ib\u00e9ricas no Isl\u00e3 e juda\u00edsmo - Blog do Jo\u00e3o Costa<\/title>\n<meta name=\"robots\" content=\"index, follow, max-snippet:-1, max-image-preview:large, max-video-preview:-1\" \/>\n<link rel=\"canonical\" href=\"https:\/\/blogdojoaocosta.com.br\/?p=539\" \/>\n<meta property=\"og:locale\" content=\"pt_BR\" \/>\n<meta property=\"og:type\" content=\"article\" \/>\n<meta property=\"og:title\" content=\"Cultura nordestina e suas ra\u00edzes ib\u00e9ricas no Isl\u00e3 e juda\u00edsmo - Blog do Jo\u00e3o Costa\" \/>\n<meta property=\"og:description\" content=\"De onde vem o poder e a resili\u00eancia da cultura nordestina? A pergunta que salta e instiga historiadores e romancistas e poetas, encontra resposta no caldeir\u00e3o de costumes, influ\u00eancias liter\u00e1rias e tradi\u00e7\u00f5es da regi\u00e3o Nordeste, a partir das tradi\u00e7\u00f5es judaicas, crist\u00e3s e isl\u00e2micas que tamb\u00e9m dominaram a cultura Ib\u00e9rica e que foram trazidas para o [&hellip;]\" \/>\n<meta property=\"og:url\" content=\"https:\/\/blogdojoaocosta.com.br\/?p=539\" \/>\n<meta property=\"og:site_name\" content=\"Blog do Jo\u00e3o Costa\" \/>\n<meta property=\"article:published_time\" content=\"2023-01-27T22:06:29+00:00\" \/>\n<meta property=\"article:modified_time\" content=\"2023-01-27T22:31:34+00:00\" \/>\n<meta property=\"og:image\" content=\"https:\/\/blogdojoaocosta.com.br\/wp-content\/uploads\/2023\/01\/bando-1922-3.jpg\" \/>\n\t<meta property=\"og:image:width\" content=\"486\" \/>\n\t<meta property=\"og:image:height\" content=\"377\" \/>\n\t<meta property=\"og:image:type\" content=\"image\/jpeg\" \/>\n<meta name=\"author\" content=\"joaocosta\" \/>\n<meta name=\"twitter:card\" content=\"summary_large_image\" \/>\n<meta name=\"twitter:label1\" content=\"Escrito por\" \/>\n\t<meta name=\"twitter:data1\" content=\"joaocosta\" \/>\n\t<meta name=\"twitter:label2\" content=\"Est. tempo de leitura\" \/>\n\t<meta name=\"twitter:data2\" content=\"4 minutos\" \/>\n<script type=\"application\/ld+json\" class=\"yoast-schema-graph\">{\"@context\":\"https:\\\/\\\/schema.org\",\"@graph\":[{\"@type\":\"Article\",\"@id\":\"https:\\\/\\\/blogdojoaocosta.com.br\\\/?p=539#article\",\"isPartOf\":{\"@id\":\"https:\\\/\\\/blogdojoaocosta.com.br\\\/?p=539\"},\"author\":{\"name\":\"joaocosta\",\"@id\":\"https:\\\/\\\/blogdojoaocosta.com.br\\\/#\\\/schema\\\/person\\\/af1c9fa31a41a9d29c32f74b41d55f6e\"},\"headline\":\"Cultura nordestina e suas ra\u00edzes ib\u00e9ricas no Isl\u00e3 e juda\u00edsmo\",\"datePublished\":\"2023-01-27T22:06:29+00:00\",\"dateModified\":\"2023-01-27T22:31:34+00:00\",\"mainEntityOfPage\":{\"@id\":\"https:\\\/\\\/blogdojoaocosta.com.br\\\/?p=539\"},\"wordCount\":670,\"commentCount\":0,\"image\":{\"@id\":\"https:\\\/\\\/blogdojoaocosta.com.br\\\/?p=539#primaryimage\"},\"thumbnailUrl\":\"https:\\\/\\\/blogdojoaocosta.com.br\\\/wp-content\\\/uploads\\\/2023\\\/01\\\/bando-1922-3.jpg\",\"articleSection\":[\"Canga\u00e7o\"],\"inLanguage\":\"pt-BR\",\"potentialAction\":[{\"@type\":\"CommentAction\",\"name\":\"Comment\",\"target\":[\"https:\\\/\\\/blogdojoaocosta.com.br\\\/?p=539#respond\"]}]},{\"@type\":\"WebPage\",\"@id\":\"https:\\\/\\\/blogdojoaocosta.com.br\\\/?p=539\",\"url\":\"https:\\\/\\\/blogdojoaocosta.com.br\\\/?p=539\",\"name\":\"Cultura nordestina e suas ra\u00edzes ib\u00e9ricas no Isl\u00e3 e juda\u00edsmo - Blog do Jo\u00e3o Costa\",\"isPartOf\":{\"@id\":\"https:\\\/\\\/blogdojoaocosta.com.br\\\/#website\"},\"primaryImageOfPage\":{\"@id\":\"https:\\\/\\\/blogdojoaocosta.com.br\\\/?p=539#primaryimage\"},\"image\":{\"@id\":\"https:\\\/\\\/blogdojoaocosta.com.br\\\/?p=539#primaryimage\"},\"thumbnailUrl\":\"https:\\\/\\\/blogdojoaocosta.com.br\\\/wp-content\\\/uploads\\\/2023\\\/01\\\/bando-1922-3.jpg\",\"datePublished\":\"2023-01-27T22:06:29+00:00\",\"dateModified\":\"2023-01-27T22:31:34+00:00\",\"author\":{\"@id\":\"https:\\\/\\\/blogdojoaocosta.com.br\\\/#\\\/schema\\\/person\\\/af1c9fa31a41a9d29c32f74b41d55f6e\"},\"breadcrumb\":{\"@id\":\"https:\\\/\\\/blogdojoaocosta.com.br\\\/?p=539#breadcrumb\"},\"inLanguage\":\"pt-BR\",\"potentialAction\":[{\"@type\":\"ReadAction\",\"target\":[\"https:\\\/\\\/blogdojoaocosta.com.br\\\/?p=539\"]}]},{\"@type\":\"ImageObject\",\"inLanguage\":\"pt-BR\",\"@id\":\"https:\\\/\\\/blogdojoaocosta.com.br\\\/?p=539#primaryimage\",\"url\":\"https:\\\/\\\/blogdojoaocosta.com.br\\\/wp-content\\\/uploads\\\/2023\\\/01\\\/bando-1922-3.jpg\",\"contentUrl\":\"https:\\\/\\\/blogdojoaocosta.com.br\\\/wp-content\\\/uploads\\\/2023\\\/01\\\/bando-1922-3.jpg\",\"width\":486,\"height\":377},{\"@type\":\"BreadcrumbList\",\"@id\":\"https:\\\/\\\/blogdojoaocosta.com.br\\\/?p=539#breadcrumb\",\"itemListElement\":[{\"@type\":\"ListItem\",\"position\":1,\"name\":\"In\u00edcio\",\"item\":\"https:\\\/\\\/blogdojoaocosta.com.br\\\/\"},{\"@type\":\"ListItem\",\"position\":2,\"name\":\"Cultura nordestina e suas ra\u00edzes ib\u00e9ricas no Isl\u00e3 e juda\u00edsmo\"}]},{\"@type\":\"WebSite\",\"@id\":\"https:\\\/\\\/blogdojoaocosta.com.br\\\/#website\",\"url\":\"https:\\\/\\\/blogdojoaocosta.com.br\\\/\",\"name\":\"Blog do Jo\u00e3o Costa\",\"description\":\"Assim Caminha a Humanidade\",\"potentialAction\":[{\"@type\":\"SearchAction\",\"target\":{\"@type\":\"EntryPoint\",\"urlTemplate\":\"https:\\\/\\\/blogdojoaocosta.com.br\\\/?s={search_term_string}\"},\"query-input\":{\"@type\":\"PropertyValueSpecification\",\"valueRequired\":true,\"valueName\":\"search_term_string\"}}],\"inLanguage\":\"pt-BR\"},{\"@type\":\"Person\",\"@id\":\"https:\\\/\\\/blogdojoaocosta.com.br\\\/#\\\/schema\\\/person\\\/af1c9fa31a41a9d29c32f74b41d55f6e\",\"name\":\"joaocosta\",\"image\":{\"@type\":\"ImageObject\",\"inLanguage\":\"pt-BR\",\"@id\":\"https:\\\/\\\/secure.gravatar.com\\\/avatar\\\/677b6f1fc54e8c7982d7dce3cfe65fce28f898f70d9b8b631786a0b1b18b11e5?s=96&d=mm&r=g\",\"url\":\"https:\\\/\\\/secure.gravatar.com\\\/avatar\\\/677b6f1fc54e8c7982d7dce3cfe65fce28f898f70d9b8b631786a0b1b18b11e5?s=96&d=mm&r=g\",\"contentUrl\":\"https:\\\/\\\/secure.gravatar.com\\\/avatar\\\/677b6f1fc54e8c7982d7dce3cfe65fce28f898f70d9b8b631786a0b1b18b11e5?s=96&d=mm&r=g\",\"caption\":\"joaocosta\"},\"sameAs\":[\"http:\\\/\\\/blogdojoaocosta.com.br\"],\"url\":\"https:\\\/\\\/blogdojoaocosta.com.br\\\/?author=1\"}]}<\/script>\n<!-- \/ Yoast SEO plugin. -->","yoast_head_json":{"title":"Cultura nordestina e suas ra\u00edzes ib\u00e9ricas no Isl\u00e3 e juda\u00edsmo - Blog do Jo\u00e3o Costa","robots":{"index":"index","follow":"follow","max-snippet":"max-snippet:-1","max-image-preview":"max-image-preview:large","max-video-preview":"max-video-preview:-1"},"canonical":"https:\/\/blogdojoaocosta.com.br\/?p=539","og_locale":"pt_BR","og_type":"article","og_title":"Cultura nordestina e suas ra\u00edzes ib\u00e9ricas no Isl\u00e3 e juda\u00edsmo - Blog do Jo\u00e3o Costa","og_description":"De onde vem o poder e a resili\u00eancia da cultura nordestina? A pergunta que salta e instiga historiadores e romancistas e poetas, encontra resposta no caldeir\u00e3o de costumes, influ\u00eancias liter\u00e1rias e tradi\u00e7\u00f5es da regi\u00e3o Nordeste, a partir das tradi\u00e7\u00f5es judaicas, crist\u00e3s e isl\u00e2micas que tamb\u00e9m dominaram a cultura Ib\u00e9rica e que foram trazidas para o [&hellip;]","og_url":"https:\/\/blogdojoaocosta.com.br\/?p=539","og_site_name":"Blog do Jo\u00e3o Costa","article_published_time":"2023-01-27T22:06:29+00:00","article_modified_time":"2023-01-27T22:31:34+00:00","og_image":[{"width":486,"height":377,"url":"https:\/\/blogdojoaocosta.com.br\/wp-content\/uploads\/2023\/01\/bando-1922-3.jpg","type":"image\/jpeg"}],"author":"joaocosta","twitter_card":"summary_large_image","twitter_misc":{"Escrito por":"joaocosta","Est. tempo de leitura":"4 minutos"},"schema":{"@context":"https:\/\/schema.org","@graph":[{"@type":"Article","@id":"https:\/\/blogdojoaocosta.com.br\/?p=539#article","isPartOf":{"@id":"https:\/\/blogdojoaocosta.com.br\/?p=539"},"author":{"name":"joaocosta","@id":"https:\/\/blogdojoaocosta.com.br\/#\/schema\/person\/af1c9fa31a41a9d29c32f74b41d55f6e"},"headline":"Cultura nordestina e suas ra\u00edzes ib\u00e9ricas no Isl\u00e3 e juda\u00edsmo","datePublished":"2023-01-27T22:06:29+00:00","dateModified":"2023-01-27T22:31:34+00:00","mainEntityOfPage":{"@id":"https:\/\/blogdojoaocosta.com.br\/?p=539"},"wordCount":670,"commentCount":0,"image":{"@id":"https:\/\/blogdojoaocosta.com.br\/?p=539#primaryimage"},"thumbnailUrl":"https:\/\/blogdojoaocosta.com.br\/wp-content\/uploads\/2023\/01\/bando-1922-3.jpg","articleSection":["Canga\u00e7o"],"inLanguage":"pt-BR","potentialAction":[{"@type":"CommentAction","name":"Comment","target":["https:\/\/blogdojoaocosta.com.br\/?p=539#respond"]}]},{"@type":"WebPage","@id":"https:\/\/blogdojoaocosta.com.br\/?p=539","url":"https:\/\/blogdojoaocosta.com.br\/?p=539","name":"Cultura nordestina e suas ra\u00edzes ib\u00e9ricas no Isl\u00e3 e juda\u00edsmo - Blog do Jo\u00e3o Costa","isPartOf":{"@id":"https:\/\/blogdojoaocosta.com.br\/#website"},"primaryImageOfPage":{"@id":"https:\/\/blogdojoaocosta.com.br\/?p=539#primaryimage"},"image":{"@id":"https:\/\/blogdojoaocosta.com.br\/?p=539#primaryimage"},"thumbnailUrl":"https:\/\/blogdojoaocosta.com.br\/wp-content\/uploads\/2023\/01\/bando-1922-3.jpg","datePublished":"2023-01-27T22:06:29+00:00","dateModified":"2023-01-27T22:31:34+00:00","author":{"@id":"https:\/\/blogdojoaocosta.com.br\/#\/schema\/person\/af1c9fa31a41a9d29c32f74b41d55f6e"},"breadcrumb":{"@id":"https:\/\/blogdojoaocosta.com.br\/?p=539#breadcrumb"},"inLanguage":"pt-BR","potentialAction":[{"@type":"ReadAction","target":["https:\/\/blogdojoaocosta.com.br\/?p=539"]}]},{"@type":"ImageObject","inLanguage":"pt-BR","@id":"https:\/\/blogdojoaocosta.com.br\/?p=539#primaryimage","url":"https:\/\/blogdojoaocosta.com.br\/wp-content\/uploads\/2023\/01\/bando-1922-3.jpg","contentUrl":"https:\/\/blogdojoaocosta.com.br\/wp-content\/uploads\/2023\/01\/bando-1922-3.jpg","width":486,"height":377},{"@type":"BreadcrumbList","@id":"https:\/\/blogdojoaocosta.com.br\/?p=539#breadcrumb","itemListElement":[{"@type":"ListItem","position":1,"name":"In\u00edcio","item":"https:\/\/blogdojoaocosta.com.br\/"},{"@type":"ListItem","position":2,"name":"Cultura nordestina e suas ra\u00edzes ib\u00e9ricas no Isl\u00e3 e juda\u00edsmo"}]},{"@type":"WebSite","@id":"https:\/\/blogdojoaocosta.com.br\/#website","url":"https:\/\/blogdojoaocosta.com.br\/","name":"Blog do Jo\u00e3o Costa","description":"Assim Caminha a Humanidade","potentialAction":[{"@type":"SearchAction","target":{"@type":"EntryPoint","urlTemplate":"https:\/\/blogdojoaocosta.com.br\/?s={search_term_string}"},"query-input":{"@type":"PropertyValueSpecification","valueRequired":true,"valueName":"search_term_string"}}],"inLanguage":"pt-BR"},{"@type":"Person","@id":"https:\/\/blogdojoaocosta.com.br\/#\/schema\/person\/af1c9fa31a41a9d29c32f74b41d55f6e","name":"joaocosta","image":{"@type":"ImageObject","inLanguage":"pt-BR","@id":"https:\/\/secure.gravatar.com\/avatar\/677b6f1fc54e8c7982d7dce3cfe65fce28f898f70d9b8b631786a0b1b18b11e5?s=96&d=mm&r=g","url":"https:\/\/secure.gravatar.com\/avatar\/677b6f1fc54e8c7982d7dce3cfe65fce28f898f70d9b8b631786a0b1b18b11e5?s=96&d=mm&r=g","contentUrl":"https:\/\/secure.gravatar.com\/avatar\/677b6f1fc54e8c7982d7dce3cfe65fce28f898f70d9b8b631786a0b1b18b11e5?s=96&d=mm&r=g","caption":"joaocosta"},"sameAs":["http:\/\/blogdojoaocosta.com.br"],"url":"https:\/\/blogdojoaocosta.com.br\/?author=1"}]}},"_links":{"self":[{"href":"https:\/\/blogdojoaocosta.com.br\/index.php?rest_route=\/wp\/v2\/posts\/539","targetHints":{"allow":["GET"]}}],"collection":[{"href":"https:\/\/blogdojoaocosta.com.br\/index.php?rest_route=\/wp\/v2\/posts"}],"about":[{"href":"https:\/\/blogdojoaocosta.com.br\/index.php?rest_route=\/wp\/v2\/types\/post"}],"author":[{"embeddable":true,"href":"https:\/\/blogdojoaocosta.com.br\/index.php?rest_route=\/wp\/v2\/users\/1"}],"replies":[{"embeddable":true,"href":"https:\/\/blogdojoaocosta.com.br\/index.php?rest_route=%2Fwp%2Fv2%2Fcomments&post=539"}],"version-history":[{"count":3,"href":"https:\/\/blogdojoaocosta.com.br\/index.php?rest_route=\/wp\/v2\/posts\/539\/revisions"}],"predecessor-version":[{"id":547,"href":"https:\/\/blogdojoaocosta.com.br\/index.php?rest_route=\/wp\/v2\/posts\/539\/revisions\/547"}],"wp:featuredmedia":[{"embeddable":true,"href":"https:\/\/blogdojoaocosta.com.br\/index.php?rest_route=\/wp\/v2\/media\/545"}],"wp:attachment":[{"href":"https:\/\/blogdojoaocosta.com.br\/index.php?rest_route=%2Fwp%2Fv2%2Fmedia&parent=539"}],"wp:term":[{"taxonomy":"category","embeddable":true,"href":"https:\/\/blogdojoaocosta.com.br\/index.php?rest_route=%2Fwp%2Fv2%2Fcategories&post=539"},{"taxonomy":"post_tag","embeddable":true,"href":"https:\/\/blogdojoaocosta.com.br\/index.php?rest_route=%2Fwp%2Fv2%2Ftags&post=539"}],"curies":[{"name":"wp","href":"https:\/\/api.w.org\/{rel}","templated":true}]}}