{"id":548,"date":"2023-01-29T08:26:41","date_gmt":"2023-01-29T11:26:41","guid":{"rendered":"https:\/\/blogdojoaocosta.com.br\/?p=548"},"modified":"2023-01-29T08:26:41","modified_gmt":"2023-01-29T11:26:41","slug":"reparacao-justica-determina-recontratacao-de-medicos-cubanos","status":"publish","type":"post","link":"https:\/\/blogdojoaocosta.com.br\/?p=548","title":{"rendered":"Repara\u00e7\u00e3o: Justi\u00e7a determina recontrata\u00e7\u00e3o de m\u00e9dicos cubanos"},"content":{"rendered":"<p>Antes tarde que tarde demais; o Tribunal Regional Federal da 1\u00aa Regi\u00e3o (TRF1)\u00a0determinou que o governo federal recontrate os m\u00e9dicos cubanos que foram desligados em 2018. Esses profissionais atuavam no programa Mais M\u00e9dicos. A determina\u00e7\u00e3o, assinada pelo desembargador Carlos Augusto Brand\u00e3o Pires, atendeu pedido da Associa\u00e7\u00e3o Nacional dos Profissionais M\u00e9dicos Formados em Institui\u00e7\u00f5es Estrangeiras e Intercambistas, e promove uma repara\u00e7\u00e3o moral at\u00e9 para o pr\u00f3prio Pa\u00eds..<\/p>\n<p>O programa Mais M\u00e9dicos \u00a0foi um programa lan\u00e7ado em 8 de julho de 2013 pelo Governo Dilma e levou 15 mil m\u00e9dicos para as \u00e1reas onde faltam profissionais, entretanto, uma medida que mitigou o problema de assist\u00eancia m\u00e9dica \u00e0 popula\u00e7\u00e3o pobre do Pa\u00eds, foi alvo de ataques xen\u00f3fobos, agress\u00f5es por parte de estudantes e profissionais de Medicina do Brasil.<\/p>\n<h2>Repara\u00e7\u00e3o e necessidade b\u00e1sica da popula\u00e7\u00e3o pobre<\/h2>\n<p>A determina\u00e7\u00e3o envolve 1789 m\u00e9dicos cubanos da 20\u00aa turma do programa. No final de 2018, logo ap\u00f3s a elei\u00e7\u00e3o de Jair Bolsonaro, o governo de Cuba decidiu se retirar do programa, antevendo amea\u00e7as reais do governo que se instalaria no Pa\u00eds. Pesou na decis\u00e3o declara\u00e7\u00f5es\u00a0depreciativas e amea\u00e7adoras do presidente rec\u00e9m-eleito. E esses profissionais todos tiveram de interromper suas atividades.<\/p>\n<p><img decoding=\"async\" class=\"alignnone size-medium wp-image-550\" src=\"https:\/\/blogdojoaocosta.com.br\/wp-content\/uploads\/2023\/01\/medicos_cubanos4-300x185.jpg\" alt=\"\" width=\"300\" height=\"185\" srcset=\"https:\/\/blogdojoaocosta.com.br\/wp-content\/uploads\/2023\/01\/medicos_cubanos4-300x185.jpg 300w, https:\/\/blogdojoaocosta.com.br\/wp-content\/uploads\/2023\/01\/medicos_cubanos4.jpg 390w\" sizes=\"(max-width: 300px) 100vw, 300px\" \/><\/p>\n<p><em><strong>Coopera\u00e7\u00e3o entre Cuba e o Brasil<\/strong><\/em><\/p>\n<p>Entre outras coisas, Bolsonaro afirmava que iria rever os crit\u00e9rios do programa, inclusive o formato da remunera\u00e7\u00e3o dos profissionais. Ainda durante sua campanha, chegou a acusar o governo Dilma Rousseff de usar o programa para desviar recursos para financiar o governo cubano, que por sua vez explorava os m\u00e9dicos participantes.<\/p>\n<h2>\u00d3dio e xenofobia na persegui\u00e7\u00e3o aos m\u00e9dicos estrangeiros<\/h2>\n<p>No entendimento do desembargador Carlos Augusto Brand\u00e3o Pires, a recontrata\u00e7\u00e3o tem dupla finalidade. Primeiro atende \u00e0s necessidades do pr\u00f3prios m\u00e9dicos, que foram afastados de familiares aqui no Brasil. E depois e \u00e0 demanda reprimida por atendimento m\u00e9dicos. No despacho, chegou a citar o caso dos Yanomami,\u00a0que enfrentam emerg\u00eancia sanit\u00e1ria, com mortes por desnutri\u00e7\u00e3o e doen\u00e7as.<\/p>\n<p>O magistrado disse \u00e0\u00a0<em>CNN<\/em>\u00a0que\u00a0\u201cos m\u00e9dicos cubanos ent\u00e3o contratados, e agora frustrados na recontrata\u00e7\u00e3o, encontram-se em contexto que lhes restringe o m\u00ednimo existencial, por ina\u00e7\u00e3o exclusiva da Uni\u00e3o, com ofensa direta a estatutos de direitos humanos, j\u00e1 internalizados no Brasil. Cabe ressaltar que quest\u00f5es humanit\u00e1rias tamb\u00e9m se materializam em torno do n\u00facleo familiar dos profissionais envolvidos. Mostra-se evidente a quebra de leg\u00edtima expectativa desses m\u00e9dicos, que, em sua ampla maioria, j\u00e1 constitu\u00edram fam\u00edlias em solo brasileiro\u201d<\/p>\n<p>O programa foi criado em 2013, durante o governo da presidenta Dilma Rousseff (PT). Seu objetivo foi levar atendimento m\u00e9dico para a popula\u00e7\u00e3o que mora nos lugares mais distantes do interior do Brasil e nas periferias das grandes cidades, onde faltam esses profissionais.<\/p>\n<p>&nbsp;<\/p>\n<h2>Quest\u00f5es humanit\u00e1rias, xenofobia e racismo<\/h2>\n<p>Em 2017, o Supremo Tribunal Federal (STF) validou o programa no Brasil e autorizou a dispensa do processo de valida\u00e7\u00e3o do diploma de estrangeiros para atuar no programa para levar m\u00e9dicos para todo o pa\u00eds.<br \/>\n<img decoding=\"async\" class=\"alignnone size-medium wp-image-551\" src=\"https:\/\/blogdojoaocosta.com.br\/wp-content\/uploads\/2023\/01\/Medicos-cubanos-ataque-FSP-300x200.jpg\" alt=\"\" width=\"300\" height=\"200\" srcset=\"https:\/\/blogdojoaocosta.com.br\/wp-content\/uploads\/2023\/01\/Medicos-cubanos-ataque-FSP-300x200.jpg 300w, https:\/\/blogdojoaocosta.com.br\/wp-content\/uploads\/2023\/01\/Medicos-cubanos-ataque-FSP.jpg 768w\" sizes=\"(max-width: 300px) 100vw, 300px\" \/><\/p>\n<p><em><strong>Cubanos s\u00e3o agredidos por estudantes de Medicina logo no desembarque<\/strong><\/em><\/p>\n<p>\u201cN\u00e3o se pode deixar de reconhecer que o programa reflete um especial esfor\u00e7o do Governo Federal, com apoio de Estados e Munic\u00edpios, em proporcionar acr\u00e9scimos de m\u00e9dicos no \u00e2mbito de geogr\u00e1ficas caracterizadas por escassez ou mesmo aus\u00eancia desses profissionais\u201d, disse o magistrado.<\/p>\n<p>Mas a rea\u00e7\u00e3o de entidades m\u00e9dicas, estudantes da \u00e1rea foi dura ao ponto de evidenciar \u00f3dio xenof\u00f3bico contra m\u00e9dicos cubanos, que ao longo da perman\u00eancia no Brasil, atenderam milhares de brasileiros sem assist\u00eancia m\u00e9dica nas regi\u00f5es mais distantes e rurais, como na Amaz\u00f4nia e cidades interioranas do Nordeste.<\/p>\n<p><strong>Fonte CNN, EBC<\/strong><\/p>\n<p><strong>Ag\u00eancia Brasil<\/strong><\/p>\n<p><strong>FSP<\/strong><\/p>\n","protected":false},"excerpt":{"rendered":"<p>Antes tarde que tarde demais; o Tribunal Regional Federal da 1\u00aa Regi\u00e3o (TRF1)\u00a0determinou que o governo federal recontrate os m\u00e9dicos cubanos que foram desligados em 2018. Esses profissionais atuavam no programa Mais M\u00e9dicos. A determina\u00e7\u00e3o, assinada pelo desembargador Carlos Augusto Brand\u00e3o Pires, atendeu pedido da Associa\u00e7\u00e3o Nacional dos Profissionais M\u00e9dicos Formados em Institui\u00e7\u00f5es Estrangeiras e [&hellip;]<\/p>\n","protected":false},"author":1,"featured_media":549,"comment_status":"open","ping_status":"open","sticky":false,"template":"","format":"standard","meta":{"footnotes":""},"categories":[11],"tags":[],"class_list":["post-548","post","type-post","status-publish","format-standard","has-post-thumbnail","hentry","category-politica"],"yoast_head":"<!-- This site is optimized with the Yoast SEO plugin v27.5 - https:\/\/yoast.com\/product\/yoast-seo-wordpress\/ -->\n<title>Repara\u00e7\u00e3o: Justi\u00e7a determina recontrata\u00e7\u00e3o de m\u00e9dicos cubanos - Blog do Jo\u00e3o Costa<\/title>\n<meta name=\"robots\" content=\"index, follow, max-snippet:-1, max-image-preview:large, max-video-preview:-1\" \/>\n<link rel=\"canonical\" href=\"https:\/\/blogdojoaocosta.com.br\/?p=548\" \/>\n<meta property=\"og:locale\" content=\"pt_BR\" \/>\n<meta property=\"og:type\" content=\"article\" \/>\n<meta property=\"og:title\" content=\"Repara\u00e7\u00e3o: Justi\u00e7a determina recontrata\u00e7\u00e3o de m\u00e9dicos cubanos - Blog do Jo\u00e3o Costa\" \/>\n<meta property=\"og:description\" content=\"Antes tarde que tarde demais; o Tribunal Regional Federal da 1\u00aa Regi\u00e3o (TRF1)\u00a0determinou que o governo federal recontrate os m\u00e9dicos cubanos que foram desligados em 2018. Esses profissionais atuavam no programa Mais M\u00e9dicos. A determina\u00e7\u00e3o, assinada pelo desembargador Carlos Augusto Brand\u00e3o Pires, atendeu pedido da Associa\u00e7\u00e3o Nacional dos Profissionais M\u00e9dicos Formados em Institui\u00e7\u00f5es Estrangeiras e [&hellip;]\" \/>\n<meta property=\"og:url\" content=\"https:\/\/blogdojoaocosta.com.br\/?p=548\" \/>\n<meta property=\"og:site_name\" content=\"Blog do Jo\u00e3o Costa\" \/>\n<meta property=\"article:published_time\" content=\"2023-01-29T11:26:41+00:00\" \/>\n<meta property=\"og:image\" content=\"https:\/\/blogdojoaocosta.com.br\/wp-content\/uploads\/2023\/01\/Medicos-cubanos-boa.jpg\" \/>\n\t<meta property=\"og:image:width\" content=\"750\" \/>\n\t<meta property=\"og:image:height\" content=\"410\" \/>\n\t<meta property=\"og:image:type\" content=\"image\/jpeg\" \/>\n<meta name=\"author\" content=\"joaocosta\" \/>\n<meta name=\"twitter:card\" content=\"summary_large_image\" \/>\n<meta name=\"twitter:label1\" content=\"Escrito por\" \/>\n\t<meta name=\"twitter:data1\" content=\"joaocosta\" \/>\n\t<meta name=\"twitter:label2\" content=\"Est. tempo de leitura\" \/>\n\t<meta name=\"twitter:data2\" content=\"4 minutos\" \/>\n<script type=\"application\/ld+json\" class=\"yoast-schema-graph\">{\"@context\":\"https:\\\/\\\/schema.org\",\"@graph\":[{\"@type\":\"Article\",\"@id\":\"https:\\\/\\\/blogdojoaocosta.com.br\\\/?p=548#article\",\"isPartOf\":{\"@id\":\"https:\\\/\\\/blogdojoaocosta.com.br\\\/?p=548\"},\"author\":{\"name\":\"joaocosta\",\"@id\":\"https:\\\/\\\/blogdojoaocosta.com.br\\\/#\\\/schema\\\/person\\\/af1c9fa31a41a9d29c32f74b41d55f6e\"},\"headline\":\"Repara\u00e7\u00e3o: Justi\u00e7a determina recontrata\u00e7\u00e3o de m\u00e9dicos cubanos\",\"datePublished\":\"2023-01-29T11:26:41+00:00\",\"mainEntityOfPage\":{\"@id\":\"https:\\\/\\\/blogdojoaocosta.com.br\\\/?p=548\"},\"wordCount\":666,\"commentCount\":0,\"image\":{\"@id\":\"https:\\\/\\\/blogdojoaocosta.com.br\\\/?p=548#primaryimage\"},\"thumbnailUrl\":\"https:\\\/\\\/blogdojoaocosta.com.br\\\/wp-content\\\/uploads\\\/2023\\\/01\\\/Medicos-cubanos-boa.jpg\",\"articleSection\":[\"Pol\u00edtica\"],\"inLanguage\":\"pt-BR\",\"potentialAction\":[{\"@type\":\"CommentAction\",\"name\":\"Comment\",\"target\":[\"https:\\\/\\\/blogdojoaocosta.com.br\\\/?p=548#respond\"]}]},{\"@type\":\"WebPage\",\"@id\":\"https:\\\/\\\/blogdojoaocosta.com.br\\\/?p=548\",\"url\":\"https:\\\/\\\/blogdojoaocosta.com.br\\\/?p=548\",\"name\":\"Repara\u00e7\u00e3o: Justi\u00e7a determina recontrata\u00e7\u00e3o de m\u00e9dicos cubanos - Blog do Jo\u00e3o Costa\",\"isPartOf\":{\"@id\":\"https:\\\/\\\/blogdojoaocosta.com.br\\\/#website\"},\"primaryImageOfPage\":{\"@id\":\"https:\\\/\\\/blogdojoaocosta.com.br\\\/?p=548#primaryimage\"},\"image\":{\"@id\":\"https:\\\/\\\/blogdojoaocosta.com.br\\\/?p=548#primaryimage\"},\"thumbnailUrl\":\"https:\\\/\\\/blogdojoaocosta.com.br\\\/wp-content\\\/uploads\\\/2023\\\/01\\\/Medicos-cubanos-boa.jpg\",\"datePublished\":\"2023-01-29T11:26:41+00:00\",\"author\":{\"@id\":\"https:\\\/\\\/blogdojoaocosta.com.br\\\/#\\\/schema\\\/person\\\/af1c9fa31a41a9d29c32f74b41d55f6e\"},\"breadcrumb\":{\"@id\":\"https:\\\/\\\/blogdojoaocosta.com.br\\\/?p=548#breadcrumb\"},\"inLanguage\":\"pt-BR\",\"potentialAction\":[{\"@type\":\"ReadAction\",\"target\":[\"https:\\\/\\\/blogdojoaocosta.com.br\\\/?p=548\"]}]},{\"@type\":\"ImageObject\",\"inLanguage\":\"pt-BR\",\"@id\":\"https:\\\/\\\/blogdojoaocosta.com.br\\\/?p=548#primaryimage\",\"url\":\"https:\\\/\\\/blogdojoaocosta.com.br\\\/wp-content\\\/uploads\\\/2023\\\/01\\\/Medicos-cubanos-boa.jpg\",\"contentUrl\":\"https:\\\/\\\/blogdojoaocosta.com.br\\\/wp-content\\\/uploads\\\/2023\\\/01\\\/Medicos-cubanos-boa.jpg\",\"width\":750,\"height\":410},{\"@type\":\"BreadcrumbList\",\"@id\":\"https:\\\/\\\/blogdojoaocosta.com.br\\\/?p=548#breadcrumb\",\"itemListElement\":[{\"@type\":\"ListItem\",\"position\":1,\"name\":\"In\u00edcio\",\"item\":\"https:\\\/\\\/blogdojoaocosta.com.br\\\/\"},{\"@type\":\"ListItem\",\"position\":2,\"name\":\"Repara\u00e7\u00e3o: Justi\u00e7a determina recontrata\u00e7\u00e3o de m\u00e9dicos cubanos\"}]},{\"@type\":\"WebSite\",\"@id\":\"https:\\\/\\\/blogdojoaocosta.com.br\\\/#website\",\"url\":\"https:\\\/\\\/blogdojoaocosta.com.br\\\/\",\"name\":\"Blog do Jo\u00e3o Costa\",\"description\":\"Assim Caminha a Humanidade\",\"potentialAction\":[{\"@type\":\"SearchAction\",\"target\":{\"@type\":\"EntryPoint\",\"urlTemplate\":\"https:\\\/\\\/blogdojoaocosta.com.br\\\/?s={search_term_string}\"},\"query-input\":{\"@type\":\"PropertyValueSpecification\",\"valueRequired\":true,\"valueName\":\"search_term_string\"}}],\"inLanguage\":\"pt-BR\"},{\"@type\":\"Person\",\"@id\":\"https:\\\/\\\/blogdojoaocosta.com.br\\\/#\\\/schema\\\/person\\\/af1c9fa31a41a9d29c32f74b41d55f6e\",\"name\":\"joaocosta\",\"image\":{\"@type\":\"ImageObject\",\"inLanguage\":\"pt-BR\",\"@id\":\"https:\\\/\\\/secure.gravatar.com\\\/avatar\\\/677b6f1fc54e8c7982d7dce3cfe65fce28f898f70d9b8b631786a0b1b18b11e5?s=96&d=mm&r=g\",\"url\":\"https:\\\/\\\/secure.gravatar.com\\\/avatar\\\/677b6f1fc54e8c7982d7dce3cfe65fce28f898f70d9b8b631786a0b1b18b11e5?s=96&d=mm&r=g\",\"contentUrl\":\"https:\\\/\\\/secure.gravatar.com\\\/avatar\\\/677b6f1fc54e8c7982d7dce3cfe65fce28f898f70d9b8b631786a0b1b18b11e5?s=96&d=mm&r=g\",\"caption\":\"joaocosta\"},\"sameAs\":[\"http:\\\/\\\/blogdojoaocosta.com.br\"],\"url\":\"https:\\\/\\\/blogdojoaocosta.com.br\\\/?author=1\"}]}<\/script>\n<!-- \/ Yoast SEO plugin. -->","yoast_head_json":{"title":"Repara\u00e7\u00e3o: Justi\u00e7a determina recontrata\u00e7\u00e3o de m\u00e9dicos cubanos - Blog do Jo\u00e3o Costa","robots":{"index":"index","follow":"follow","max-snippet":"max-snippet:-1","max-image-preview":"max-image-preview:large","max-video-preview":"max-video-preview:-1"},"canonical":"https:\/\/blogdojoaocosta.com.br\/?p=548","og_locale":"pt_BR","og_type":"article","og_title":"Repara\u00e7\u00e3o: Justi\u00e7a determina recontrata\u00e7\u00e3o de m\u00e9dicos cubanos - Blog do Jo\u00e3o Costa","og_description":"Antes tarde que tarde demais; o Tribunal Regional Federal da 1\u00aa Regi\u00e3o (TRF1)\u00a0determinou que o governo federal recontrate os m\u00e9dicos cubanos que foram desligados em 2018. Esses profissionais atuavam no programa Mais M\u00e9dicos. A determina\u00e7\u00e3o, assinada pelo desembargador Carlos Augusto Brand\u00e3o Pires, atendeu pedido da Associa\u00e7\u00e3o Nacional dos Profissionais M\u00e9dicos Formados em Institui\u00e7\u00f5es Estrangeiras e [&hellip;]","og_url":"https:\/\/blogdojoaocosta.com.br\/?p=548","og_site_name":"Blog do Jo\u00e3o Costa","article_published_time":"2023-01-29T11:26:41+00:00","og_image":[{"width":750,"height":410,"url":"https:\/\/blogdojoaocosta.com.br\/wp-content\/uploads\/2023\/01\/Medicos-cubanos-boa.jpg","type":"image\/jpeg"}],"author":"joaocosta","twitter_card":"summary_large_image","twitter_misc":{"Escrito por":"joaocosta","Est. tempo de leitura":"4 minutos"},"schema":{"@context":"https:\/\/schema.org","@graph":[{"@type":"Article","@id":"https:\/\/blogdojoaocosta.com.br\/?p=548#article","isPartOf":{"@id":"https:\/\/blogdojoaocosta.com.br\/?p=548"},"author":{"name":"joaocosta","@id":"https:\/\/blogdojoaocosta.com.br\/#\/schema\/person\/af1c9fa31a41a9d29c32f74b41d55f6e"},"headline":"Repara\u00e7\u00e3o: Justi\u00e7a determina recontrata\u00e7\u00e3o de m\u00e9dicos cubanos","datePublished":"2023-01-29T11:26:41+00:00","mainEntityOfPage":{"@id":"https:\/\/blogdojoaocosta.com.br\/?p=548"},"wordCount":666,"commentCount":0,"image":{"@id":"https:\/\/blogdojoaocosta.com.br\/?p=548#primaryimage"},"thumbnailUrl":"https:\/\/blogdojoaocosta.com.br\/wp-content\/uploads\/2023\/01\/Medicos-cubanos-boa.jpg","articleSection":["Pol\u00edtica"],"inLanguage":"pt-BR","potentialAction":[{"@type":"CommentAction","name":"Comment","target":["https:\/\/blogdojoaocosta.com.br\/?p=548#respond"]}]},{"@type":"WebPage","@id":"https:\/\/blogdojoaocosta.com.br\/?p=548","url":"https:\/\/blogdojoaocosta.com.br\/?p=548","name":"Repara\u00e7\u00e3o: Justi\u00e7a determina recontrata\u00e7\u00e3o de m\u00e9dicos cubanos - Blog do Jo\u00e3o Costa","isPartOf":{"@id":"https:\/\/blogdojoaocosta.com.br\/#website"},"primaryImageOfPage":{"@id":"https:\/\/blogdojoaocosta.com.br\/?p=548#primaryimage"},"image":{"@id":"https:\/\/blogdojoaocosta.com.br\/?p=548#primaryimage"},"thumbnailUrl":"https:\/\/blogdojoaocosta.com.br\/wp-content\/uploads\/2023\/01\/Medicos-cubanos-boa.jpg","datePublished":"2023-01-29T11:26:41+00:00","author":{"@id":"https:\/\/blogdojoaocosta.com.br\/#\/schema\/person\/af1c9fa31a41a9d29c32f74b41d55f6e"},"breadcrumb":{"@id":"https:\/\/blogdojoaocosta.com.br\/?p=548#breadcrumb"},"inLanguage":"pt-BR","potentialAction":[{"@type":"ReadAction","target":["https:\/\/blogdojoaocosta.com.br\/?p=548"]}]},{"@type":"ImageObject","inLanguage":"pt-BR","@id":"https:\/\/blogdojoaocosta.com.br\/?p=548#primaryimage","url":"https:\/\/blogdojoaocosta.com.br\/wp-content\/uploads\/2023\/01\/Medicos-cubanos-boa.jpg","contentUrl":"https:\/\/blogdojoaocosta.com.br\/wp-content\/uploads\/2023\/01\/Medicos-cubanos-boa.jpg","width":750,"height":410},{"@type":"BreadcrumbList","@id":"https:\/\/blogdojoaocosta.com.br\/?p=548#breadcrumb","itemListElement":[{"@type":"ListItem","position":1,"name":"In\u00edcio","item":"https:\/\/blogdojoaocosta.com.br\/"},{"@type":"ListItem","position":2,"name":"Repara\u00e7\u00e3o: Justi\u00e7a determina recontrata\u00e7\u00e3o de m\u00e9dicos cubanos"}]},{"@type":"WebSite","@id":"https:\/\/blogdojoaocosta.com.br\/#website","url":"https:\/\/blogdojoaocosta.com.br\/","name":"Blog do Jo\u00e3o Costa","description":"Assim Caminha a Humanidade","potentialAction":[{"@type":"SearchAction","target":{"@type":"EntryPoint","urlTemplate":"https:\/\/blogdojoaocosta.com.br\/?s={search_term_string}"},"query-input":{"@type":"PropertyValueSpecification","valueRequired":true,"valueName":"search_term_string"}}],"inLanguage":"pt-BR"},{"@type":"Person","@id":"https:\/\/blogdojoaocosta.com.br\/#\/schema\/person\/af1c9fa31a41a9d29c32f74b41d55f6e","name":"joaocosta","image":{"@type":"ImageObject","inLanguage":"pt-BR","@id":"https:\/\/secure.gravatar.com\/avatar\/677b6f1fc54e8c7982d7dce3cfe65fce28f898f70d9b8b631786a0b1b18b11e5?s=96&d=mm&r=g","url":"https:\/\/secure.gravatar.com\/avatar\/677b6f1fc54e8c7982d7dce3cfe65fce28f898f70d9b8b631786a0b1b18b11e5?s=96&d=mm&r=g","contentUrl":"https:\/\/secure.gravatar.com\/avatar\/677b6f1fc54e8c7982d7dce3cfe65fce28f898f70d9b8b631786a0b1b18b11e5?s=96&d=mm&r=g","caption":"joaocosta"},"sameAs":["http:\/\/blogdojoaocosta.com.br"],"url":"https:\/\/blogdojoaocosta.com.br\/?author=1"}]}},"_links":{"self":[{"href":"https:\/\/blogdojoaocosta.com.br\/index.php?rest_route=\/wp\/v2\/posts\/548","targetHints":{"allow":["GET"]}}],"collection":[{"href":"https:\/\/blogdojoaocosta.com.br\/index.php?rest_route=\/wp\/v2\/posts"}],"about":[{"href":"https:\/\/blogdojoaocosta.com.br\/index.php?rest_route=\/wp\/v2\/types\/post"}],"author":[{"embeddable":true,"href":"https:\/\/blogdojoaocosta.com.br\/index.php?rest_route=\/wp\/v2\/users\/1"}],"replies":[{"embeddable":true,"href":"https:\/\/blogdojoaocosta.com.br\/index.php?rest_route=%2Fwp%2Fv2%2Fcomments&post=548"}],"version-history":[{"count":1,"href":"https:\/\/blogdojoaocosta.com.br\/index.php?rest_route=\/wp\/v2\/posts\/548\/revisions"}],"predecessor-version":[{"id":552,"href":"https:\/\/blogdojoaocosta.com.br\/index.php?rest_route=\/wp\/v2\/posts\/548\/revisions\/552"}],"wp:featuredmedia":[{"embeddable":true,"href":"https:\/\/blogdojoaocosta.com.br\/index.php?rest_route=\/wp\/v2\/media\/549"}],"wp:attachment":[{"href":"https:\/\/blogdojoaocosta.com.br\/index.php?rest_route=%2Fwp%2Fv2%2Fmedia&parent=548"}],"wp:term":[{"taxonomy":"category","embeddable":true,"href":"https:\/\/blogdojoaocosta.com.br\/index.php?rest_route=%2Fwp%2Fv2%2Fcategories&post=548"},{"taxonomy":"post_tag","embeddable":true,"href":"https:\/\/blogdojoaocosta.com.br\/index.php?rest_route=%2Fwp%2Fv2%2Ftags&post=548"}],"curies":[{"name":"wp","href":"https:\/\/api.w.org\/{rel}","templated":true}]}}