{"id":579,"date":"2023-01-30T21:37:43","date_gmt":"2023-01-31T00:37:43","guid":{"rendered":"https:\/\/blogdojoaocosta.com.br\/?p=579"},"modified":"2023-01-30T21:45:08","modified_gmt":"2023-01-31T00:45:08","slug":"morre-adriana-dias-cacadora-de-nazistas-no-brasil","status":"publish","type":"post","link":"https:\/\/blogdojoaocosta.com.br\/?p=579","title":{"rendered":"Morre Adriana Dias, \u201cca\u00e7adora de nazistas\u201d no Brasil"},"content":{"rendered":"<p>Adriana Dias, antrop\u00f3loga, considerada \u201cCa\u00e7adora de nazistas\u201d no Brasil, morreu de c\u00e2ncer no \u00faltimo domingo, deixando um legado de luta contra o tardio Nacional Socialismo tabajara, relatando a exist\u00eancia de 300 c\u00e9lulas neonazistas num pa\u00eds sabidamente mesti\u00e7o.<\/p>\n<p>Pesquisadora da Unicamp, Adriana Dias fez parte da equipe de transi\u00e7\u00e3o do presidente eleito Luiz In\u00e1cio Lula da Silva, por conta do seu importante trabalho num pa\u00eds que cria ilus\u00f5es raciais supremacistas simp\u00e1ticas ao nazismo; como o governo do tenente Messias, findo no \u00faltimo dia 31 de dezembro, cujo chefe de governo, de extrema direita, fugiu do Pa\u00eds.<\/p>\n<p><img decoding=\"async\" class=\"alignnone size-medium wp-image-576\" src=\"https:\/\/blogdojoaocosta.com.br\/wp-content\/uploads\/2023\/01\/tochas-nazi-hira-dpovo-300x208.png\" alt=\"\" width=\"300\" height=\"208\" srcset=\"https:\/\/blogdojoaocosta.com.br\/wp-content\/uploads\/2023\/01\/tochas-nazi-hira-dpovo-300x208.png 300w, https:\/\/blogdojoaocosta.com.br\/wp-content\/uploads\/2023\/01\/tochas-nazi-hira-dpovo-768x532.png 768w, https:\/\/blogdojoaocosta.com.br\/wp-content\/uploads\/2023\/01\/tochas-nazi-hira-dpovo.png 870w\" sizes=\"(max-width: 300px) 100vw, 300px\" \/><\/p>\n<p><em><strong>Marcha dos 300, extrema direita em Bras\u00edlia<\/strong><\/em><\/p>\n<p>Em 2021, o site The Intercept revelou que a pesquisadora e cientista Adriana Dias, encontrou uma carta assinada pelo tenente Messias, datada de 2004, quando ainda era deputado federal, publicada em sites nazistas no exterior; em julho de 2021, como presidente do Brasil, se encontrou no Pal\u00e1cio do Planalto com a deputada neonazista alem\u00e3 Beatrix von storch.<\/p>\n<p>&nbsp;<\/p>\n<p><img decoding=\"async\" class=\"alignnone size-full wp-image-577\" src=\"https:\/\/blogdojoaocosta.com.br\/wp-content\/uploads\/2023\/01\/Beatrix-naziboa.jpg\" alt=\"\" width=\"183\" height=\"275\" \/><\/p>\n<p><em><strong>Beatriz: nazista recebida no Planalto<\/strong><\/em><\/p>\n<p>Uma mat\u00e9ria veiculada pela Ag\u00eancia Senado, em agosto de 2021, apontava que, \u201cconfundida com liberdade de express\u00e3o a apologia ao nazismo vem crescendo desde 2019\u201d e que estudos acad\u00eamicos apontavam para o crescimento do n\u00famero de c\u00e9lulas neonazistas no Brasil com 230 c\u00e9lulas espalhadas por v\u00e1rias regi\u00f5es do Pa\u00eds, segundo dados da pr\u00f3pria \u00a0Adriana Dias.<\/p>\n<p>Historicamente o Brasil sempre se mostrou simp\u00e1tico a regimes totalit\u00e1rios, desde o regime de perfil fascista, da ditadura de Get\u00falio Vargas( 1937-1945). Basta verificar a vota\u00e7\u00e3o do tenente Messias nas \u00faltimas elei\u00e7\u00f5es para residente do Brasil, Ele que passou quatro anos tentando um golpe de estado, tentativa esta s\u00f3 tornada realidade no \u00faltimo dia 8 de janeiro, quando j\u00e1 fora do Poder.<\/p>\n<h2>Extremistas usam liberdade de express\u00e3o como disfarce<\/h2>\n<p>As den\u00fancias apuradas pela Pol\u00edcia Federal tamb\u00e9m refletem essa tend\u00eancia brasileira de simpatia extremista. At\u00e9 pouco tempo atr\u00e1s, eram poucos os inqu\u00e9ritos, entre 4 e 20 a cada ano. A virada se deu em 2019, quando foram abertas 69 investiga\u00e7\u00f5es de apologia do nazismo. A situa\u00e7\u00e3o piorou em 2020, quando os policiais federais investigaram 110 casos \u2014 um novo inqu\u00e9rito a cada tr\u00eas dias, em m\u00e9dia, reportava a mat\u00e9ria da Ag\u00eancia Senado.<\/p>\n<p><img decoding=\"async\" class=\"alignnone size-medium wp-image-578\" src=\"https:\/\/blogdojoaocosta.com.br\/wp-content\/uploads\/2023\/01\/Bandeiras-nazi-brasilia-hora-do-povo-300x200.jpg\" alt=\"\" width=\"300\" height=\"200\" srcset=\"https:\/\/blogdojoaocosta.com.br\/wp-content\/uploads\/2023\/01\/Bandeiras-nazi-brasilia-hora-do-povo-300x200.jpg 300w, https:\/\/blogdojoaocosta.com.br\/wp-content\/uploads\/2023\/01\/Bandeiras-nazi-brasilia-hora-do-povo.jpg 550w\" sizes=\"(max-width: 300px) 100vw, 300px\" \/><\/p>\n<p><em><strong>Movimentos de extrema direita no Brasil<\/strong><\/em><\/p>\n<p>Quem n\u00e3o lembra d a \u201cmarcha dos 300\u201d, em maio de 2020, em Bras\u00edlia?<\/p>\n<p>Um tal o grupo autointitulado \u2018300 do Brasil\u2019 marchou com tochas, m\u00e1scaras e palavras de ordem contra o Supremo Tribunal Federal, algo\u00a0 semelhante as manifesta\u00e7\u00f5es de supremacistas brancos no Estado Unidos, como tamb\u00e9m aos nacional-socialistas, em 1936,\u00a0 numa marcha em Berlim.<\/p>\n<p>Foto destacada: Adriana Dias<\/p>\n<p>Fonte: Ag\u00eancia Senado<\/p>\n<p>Hora do Povo<\/p>\n","protected":false},"excerpt":{"rendered":"<p>Adriana Dias, antrop\u00f3loga, considerada \u201cCa\u00e7adora de nazistas\u201d no Brasil, morreu de c\u00e2ncer no \u00faltimo domingo, deixando um legado de luta contra o tardio Nacional Socialismo tabajara, relatando a exist\u00eancia de 300 c\u00e9lulas neonazistas num pa\u00eds sabidamente mesti\u00e7o. Pesquisadora da Unicamp, Adriana Dias fez parte da equipe de transi\u00e7\u00e3o do presidente eleito Luiz In\u00e1cio Lula da [&hellip;]<\/p>\n","protected":false},"author":1,"featured_media":575,"comment_status":"open","ping_status":"open","sticky":false,"template":"","format":"standard","meta":{"footnotes":""},"categories":[16],"tags":[],"class_list":["post-579","post","type-post","status-publish","format-standard","has-post-thumbnail","hentry","category-opiniao"],"yoast_head":"<!-- This site is optimized with the Yoast SEO plugin v27.5 - https:\/\/yoast.com\/product\/yoast-seo-wordpress\/ -->\n<title>Morre Adriana Dias, \u201cca\u00e7adora de nazistas\u201d no Brasil - Blog do Jo\u00e3o Costa<\/title>\n<meta name=\"robots\" content=\"index, follow, max-snippet:-1, max-image-preview:large, max-video-preview:-1\" \/>\n<link rel=\"canonical\" href=\"https:\/\/blogdojoaocosta.com.br\/?p=579\" \/>\n<meta property=\"og:locale\" content=\"pt_BR\" \/>\n<meta property=\"og:type\" content=\"article\" \/>\n<meta property=\"og:title\" content=\"Morre Adriana Dias, \u201cca\u00e7adora de nazistas\u201d no Brasil - Blog do Jo\u00e3o Costa\" \/>\n<meta property=\"og:description\" content=\"Adriana Dias, antrop\u00f3loga, considerada \u201cCa\u00e7adora de nazistas\u201d no Brasil, morreu de c\u00e2ncer no \u00faltimo domingo, deixando um legado de luta contra o tardio Nacional Socialismo tabajara, relatando a exist\u00eancia de 300 c\u00e9lulas neonazistas num pa\u00eds sabidamente mesti\u00e7o. Pesquisadora da Unicamp, Adriana Dias fez parte da equipe de transi\u00e7\u00e3o do presidente eleito Luiz In\u00e1cio Lula da [&hellip;]\" \/>\n<meta property=\"og:url\" content=\"https:\/\/blogdojoaocosta.com.br\/?p=579\" \/>\n<meta property=\"og:site_name\" content=\"Blog do Jo\u00e3o Costa\" \/>\n<meta property=\"article:published_time\" content=\"2023-01-31T00:37:43+00:00\" \/>\n<meta property=\"article:modified_time\" content=\"2023-01-31T00:45:08+00:00\" \/>\n<meta property=\"og:image\" content=\"https:\/\/blogdojoaocosta.com.br\/wp-content\/uploads\/2023\/01\/Adriana-dias-CUT.jpg\" \/>\n\t<meta property=\"og:image:width\" content=\"800\" \/>\n\t<meta property=\"og:image:height\" content=\"420\" \/>\n\t<meta property=\"og:image:type\" content=\"image\/jpeg\" \/>\n<meta name=\"author\" content=\"joaocosta\" \/>\n<meta name=\"twitter:card\" content=\"summary_large_image\" \/>\n<meta name=\"twitter:label1\" content=\"Escrito por\" \/>\n\t<meta name=\"twitter:data1\" content=\"joaocosta\" \/>\n\t<meta name=\"twitter:label2\" content=\"Est. tempo de leitura\" \/>\n\t<meta name=\"twitter:data2\" content=\"3 minutos\" \/>\n<script type=\"application\/ld+json\" class=\"yoast-schema-graph\">{\"@context\":\"https:\\\/\\\/schema.org\",\"@graph\":[{\"@type\":\"Article\",\"@id\":\"https:\\\/\\\/blogdojoaocosta.com.br\\\/?p=579#article\",\"isPartOf\":{\"@id\":\"https:\\\/\\\/blogdojoaocosta.com.br\\\/?p=579\"},\"author\":{\"name\":\"joaocosta\",\"@id\":\"https:\\\/\\\/blogdojoaocosta.com.br\\\/#\\\/schema\\\/person\\\/af1c9fa31a41a9d29c32f74b41d55f6e\"},\"headline\":\"Morre Adriana Dias, \u201cca\u00e7adora de nazistas\u201d no Brasil\",\"datePublished\":\"2023-01-31T00:37:43+00:00\",\"dateModified\":\"2023-01-31T00:45:08+00:00\",\"mainEntityOfPage\":{\"@id\":\"https:\\\/\\\/blogdojoaocosta.com.br\\\/?p=579\"},\"wordCount\":471,\"commentCount\":0,\"image\":{\"@id\":\"https:\\\/\\\/blogdojoaocosta.com.br\\\/?p=579#primaryimage\"},\"thumbnailUrl\":\"https:\\\/\\\/blogdojoaocosta.com.br\\\/wp-content\\\/uploads\\\/2023\\\/01\\\/Adriana-dias-CUT.jpg\",\"articleSection\":[\"Opini\u00e3o\"],\"inLanguage\":\"pt-BR\",\"potentialAction\":[{\"@type\":\"CommentAction\",\"name\":\"Comment\",\"target\":[\"https:\\\/\\\/blogdojoaocosta.com.br\\\/?p=579#respond\"]}]},{\"@type\":\"WebPage\",\"@id\":\"https:\\\/\\\/blogdojoaocosta.com.br\\\/?p=579\",\"url\":\"https:\\\/\\\/blogdojoaocosta.com.br\\\/?p=579\",\"name\":\"Morre Adriana Dias, \u201cca\u00e7adora de nazistas\u201d no Brasil - Blog do Jo\u00e3o Costa\",\"isPartOf\":{\"@id\":\"https:\\\/\\\/blogdojoaocosta.com.br\\\/#website\"},\"primaryImageOfPage\":{\"@id\":\"https:\\\/\\\/blogdojoaocosta.com.br\\\/?p=579#primaryimage\"},\"image\":{\"@id\":\"https:\\\/\\\/blogdojoaocosta.com.br\\\/?p=579#primaryimage\"},\"thumbnailUrl\":\"https:\\\/\\\/blogdojoaocosta.com.br\\\/wp-content\\\/uploads\\\/2023\\\/01\\\/Adriana-dias-CUT.jpg\",\"datePublished\":\"2023-01-31T00:37:43+00:00\",\"dateModified\":\"2023-01-31T00:45:08+00:00\",\"author\":{\"@id\":\"https:\\\/\\\/blogdojoaocosta.com.br\\\/#\\\/schema\\\/person\\\/af1c9fa31a41a9d29c32f74b41d55f6e\"},\"breadcrumb\":{\"@id\":\"https:\\\/\\\/blogdojoaocosta.com.br\\\/?p=579#breadcrumb\"},\"inLanguage\":\"pt-BR\",\"potentialAction\":[{\"@type\":\"ReadAction\",\"target\":[\"https:\\\/\\\/blogdojoaocosta.com.br\\\/?p=579\"]}]},{\"@type\":\"ImageObject\",\"inLanguage\":\"pt-BR\",\"@id\":\"https:\\\/\\\/blogdojoaocosta.com.br\\\/?p=579#primaryimage\",\"url\":\"https:\\\/\\\/blogdojoaocosta.com.br\\\/wp-content\\\/uploads\\\/2023\\\/01\\\/Adriana-dias-CUT.jpg\",\"contentUrl\":\"https:\\\/\\\/blogdojoaocosta.com.br\\\/wp-content\\\/uploads\\\/2023\\\/01\\\/Adriana-dias-CUT.jpg\",\"width\":800,\"height\":420},{\"@type\":\"BreadcrumbList\",\"@id\":\"https:\\\/\\\/blogdojoaocosta.com.br\\\/?p=579#breadcrumb\",\"itemListElement\":[{\"@type\":\"ListItem\",\"position\":1,\"name\":\"In\u00edcio\",\"item\":\"https:\\\/\\\/blogdojoaocosta.com.br\\\/\"},{\"@type\":\"ListItem\",\"position\":2,\"name\":\"Morre Adriana Dias, \u201cca\u00e7adora de nazistas\u201d no Brasil\"}]},{\"@type\":\"WebSite\",\"@id\":\"https:\\\/\\\/blogdojoaocosta.com.br\\\/#website\",\"url\":\"https:\\\/\\\/blogdojoaocosta.com.br\\\/\",\"name\":\"Blog do Jo\u00e3o Costa\",\"description\":\"Assim Caminha a Humanidade\",\"potentialAction\":[{\"@type\":\"SearchAction\",\"target\":{\"@type\":\"EntryPoint\",\"urlTemplate\":\"https:\\\/\\\/blogdojoaocosta.com.br\\\/?s={search_term_string}\"},\"query-input\":{\"@type\":\"PropertyValueSpecification\",\"valueRequired\":true,\"valueName\":\"search_term_string\"}}],\"inLanguage\":\"pt-BR\"},{\"@type\":\"Person\",\"@id\":\"https:\\\/\\\/blogdojoaocosta.com.br\\\/#\\\/schema\\\/person\\\/af1c9fa31a41a9d29c32f74b41d55f6e\",\"name\":\"joaocosta\",\"image\":{\"@type\":\"ImageObject\",\"inLanguage\":\"pt-BR\",\"@id\":\"https:\\\/\\\/secure.gravatar.com\\\/avatar\\\/677b6f1fc54e8c7982d7dce3cfe65fce28f898f70d9b8b631786a0b1b18b11e5?s=96&d=mm&r=g\",\"url\":\"https:\\\/\\\/secure.gravatar.com\\\/avatar\\\/677b6f1fc54e8c7982d7dce3cfe65fce28f898f70d9b8b631786a0b1b18b11e5?s=96&d=mm&r=g\",\"contentUrl\":\"https:\\\/\\\/secure.gravatar.com\\\/avatar\\\/677b6f1fc54e8c7982d7dce3cfe65fce28f898f70d9b8b631786a0b1b18b11e5?s=96&d=mm&r=g\",\"caption\":\"joaocosta\"},\"sameAs\":[\"http:\\\/\\\/blogdojoaocosta.com.br\"],\"url\":\"https:\\\/\\\/blogdojoaocosta.com.br\\\/?author=1\"}]}<\/script>\n<!-- \/ Yoast SEO plugin. -->","yoast_head_json":{"title":"Morre Adriana Dias, \u201cca\u00e7adora de nazistas\u201d no Brasil - Blog do Jo\u00e3o Costa","robots":{"index":"index","follow":"follow","max-snippet":"max-snippet:-1","max-image-preview":"max-image-preview:large","max-video-preview":"max-video-preview:-1"},"canonical":"https:\/\/blogdojoaocosta.com.br\/?p=579","og_locale":"pt_BR","og_type":"article","og_title":"Morre Adriana Dias, \u201cca\u00e7adora de nazistas\u201d no Brasil - Blog do Jo\u00e3o Costa","og_description":"Adriana Dias, antrop\u00f3loga, considerada \u201cCa\u00e7adora de nazistas\u201d no Brasil, morreu de c\u00e2ncer no \u00faltimo domingo, deixando um legado de luta contra o tardio Nacional Socialismo tabajara, relatando a exist\u00eancia de 300 c\u00e9lulas neonazistas num pa\u00eds sabidamente mesti\u00e7o. Pesquisadora da Unicamp, Adriana Dias fez parte da equipe de transi\u00e7\u00e3o do presidente eleito Luiz In\u00e1cio Lula da [&hellip;]","og_url":"https:\/\/blogdojoaocosta.com.br\/?p=579","og_site_name":"Blog do Jo\u00e3o Costa","article_published_time":"2023-01-31T00:37:43+00:00","article_modified_time":"2023-01-31T00:45:08+00:00","og_image":[{"width":800,"height":420,"url":"https:\/\/blogdojoaocosta.com.br\/wp-content\/uploads\/2023\/01\/Adriana-dias-CUT.jpg","type":"image\/jpeg"}],"author":"joaocosta","twitter_card":"summary_large_image","twitter_misc":{"Escrito por":"joaocosta","Est. tempo de leitura":"3 minutos"},"schema":{"@context":"https:\/\/schema.org","@graph":[{"@type":"Article","@id":"https:\/\/blogdojoaocosta.com.br\/?p=579#article","isPartOf":{"@id":"https:\/\/blogdojoaocosta.com.br\/?p=579"},"author":{"name":"joaocosta","@id":"https:\/\/blogdojoaocosta.com.br\/#\/schema\/person\/af1c9fa31a41a9d29c32f74b41d55f6e"},"headline":"Morre Adriana Dias, \u201cca\u00e7adora de nazistas\u201d no Brasil","datePublished":"2023-01-31T00:37:43+00:00","dateModified":"2023-01-31T00:45:08+00:00","mainEntityOfPage":{"@id":"https:\/\/blogdojoaocosta.com.br\/?p=579"},"wordCount":471,"commentCount":0,"image":{"@id":"https:\/\/blogdojoaocosta.com.br\/?p=579#primaryimage"},"thumbnailUrl":"https:\/\/blogdojoaocosta.com.br\/wp-content\/uploads\/2023\/01\/Adriana-dias-CUT.jpg","articleSection":["Opini\u00e3o"],"inLanguage":"pt-BR","potentialAction":[{"@type":"CommentAction","name":"Comment","target":["https:\/\/blogdojoaocosta.com.br\/?p=579#respond"]}]},{"@type":"WebPage","@id":"https:\/\/blogdojoaocosta.com.br\/?p=579","url":"https:\/\/blogdojoaocosta.com.br\/?p=579","name":"Morre Adriana Dias, \u201cca\u00e7adora de nazistas\u201d no Brasil - Blog do Jo\u00e3o Costa","isPartOf":{"@id":"https:\/\/blogdojoaocosta.com.br\/#website"},"primaryImageOfPage":{"@id":"https:\/\/blogdojoaocosta.com.br\/?p=579#primaryimage"},"image":{"@id":"https:\/\/blogdojoaocosta.com.br\/?p=579#primaryimage"},"thumbnailUrl":"https:\/\/blogdojoaocosta.com.br\/wp-content\/uploads\/2023\/01\/Adriana-dias-CUT.jpg","datePublished":"2023-01-31T00:37:43+00:00","dateModified":"2023-01-31T00:45:08+00:00","author":{"@id":"https:\/\/blogdojoaocosta.com.br\/#\/schema\/person\/af1c9fa31a41a9d29c32f74b41d55f6e"},"breadcrumb":{"@id":"https:\/\/blogdojoaocosta.com.br\/?p=579#breadcrumb"},"inLanguage":"pt-BR","potentialAction":[{"@type":"ReadAction","target":["https:\/\/blogdojoaocosta.com.br\/?p=579"]}]},{"@type":"ImageObject","inLanguage":"pt-BR","@id":"https:\/\/blogdojoaocosta.com.br\/?p=579#primaryimage","url":"https:\/\/blogdojoaocosta.com.br\/wp-content\/uploads\/2023\/01\/Adriana-dias-CUT.jpg","contentUrl":"https:\/\/blogdojoaocosta.com.br\/wp-content\/uploads\/2023\/01\/Adriana-dias-CUT.jpg","width":800,"height":420},{"@type":"BreadcrumbList","@id":"https:\/\/blogdojoaocosta.com.br\/?p=579#breadcrumb","itemListElement":[{"@type":"ListItem","position":1,"name":"In\u00edcio","item":"https:\/\/blogdojoaocosta.com.br\/"},{"@type":"ListItem","position":2,"name":"Morre Adriana Dias, \u201cca\u00e7adora de nazistas\u201d no Brasil"}]},{"@type":"WebSite","@id":"https:\/\/blogdojoaocosta.com.br\/#website","url":"https:\/\/blogdojoaocosta.com.br\/","name":"Blog do Jo\u00e3o Costa","description":"Assim Caminha a Humanidade","potentialAction":[{"@type":"SearchAction","target":{"@type":"EntryPoint","urlTemplate":"https:\/\/blogdojoaocosta.com.br\/?s={search_term_string}"},"query-input":{"@type":"PropertyValueSpecification","valueRequired":true,"valueName":"search_term_string"}}],"inLanguage":"pt-BR"},{"@type":"Person","@id":"https:\/\/blogdojoaocosta.com.br\/#\/schema\/person\/af1c9fa31a41a9d29c32f74b41d55f6e","name":"joaocosta","image":{"@type":"ImageObject","inLanguage":"pt-BR","@id":"https:\/\/secure.gravatar.com\/avatar\/677b6f1fc54e8c7982d7dce3cfe65fce28f898f70d9b8b631786a0b1b18b11e5?s=96&d=mm&r=g","url":"https:\/\/secure.gravatar.com\/avatar\/677b6f1fc54e8c7982d7dce3cfe65fce28f898f70d9b8b631786a0b1b18b11e5?s=96&d=mm&r=g","contentUrl":"https:\/\/secure.gravatar.com\/avatar\/677b6f1fc54e8c7982d7dce3cfe65fce28f898f70d9b8b631786a0b1b18b11e5?s=96&d=mm&r=g","caption":"joaocosta"},"sameAs":["http:\/\/blogdojoaocosta.com.br"],"url":"https:\/\/blogdojoaocosta.com.br\/?author=1"}]}},"_links":{"self":[{"href":"https:\/\/blogdojoaocosta.com.br\/index.php?rest_route=\/wp\/v2\/posts\/579","targetHints":{"allow":["GET"]}}],"collection":[{"href":"https:\/\/blogdojoaocosta.com.br\/index.php?rest_route=\/wp\/v2\/posts"}],"about":[{"href":"https:\/\/blogdojoaocosta.com.br\/index.php?rest_route=\/wp\/v2\/types\/post"}],"author":[{"embeddable":true,"href":"https:\/\/blogdojoaocosta.com.br\/index.php?rest_route=\/wp\/v2\/users\/1"}],"replies":[{"embeddable":true,"href":"https:\/\/blogdojoaocosta.com.br\/index.php?rest_route=%2Fwp%2Fv2%2Fcomments&post=579"}],"version-history":[{"count":3,"href":"https:\/\/blogdojoaocosta.com.br\/index.php?rest_route=\/wp\/v2\/posts\/579\/revisions"}],"predecessor-version":[{"id":582,"href":"https:\/\/blogdojoaocosta.com.br\/index.php?rest_route=\/wp\/v2\/posts\/579\/revisions\/582"}],"wp:featuredmedia":[{"embeddable":true,"href":"https:\/\/blogdojoaocosta.com.br\/index.php?rest_route=\/wp\/v2\/media\/575"}],"wp:attachment":[{"href":"https:\/\/blogdojoaocosta.com.br\/index.php?rest_route=%2Fwp%2Fv2%2Fmedia&parent=579"}],"wp:term":[{"taxonomy":"category","embeddable":true,"href":"https:\/\/blogdojoaocosta.com.br\/index.php?rest_route=%2Fwp%2Fv2%2Fcategories&post=579"},{"taxonomy":"post_tag","embeddable":true,"href":"https:\/\/blogdojoaocosta.com.br\/index.php?rest_route=%2Fwp%2Fv2%2Ftags&post=579"}],"curies":[{"name":"wp","href":"https:\/\/api.w.org\/{rel}","templated":true}]}}