{"id":696,"date":"2023-02-17T10:57:14","date_gmt":"2023-02-17T13:57:14","guid":{"rendered":"https:\/\/blogdojoaocosta.com.br\/?p=696"},"modified":"2023-02-17T10:57:14","modified_gmt":"2023-02-17T13:57:14","slug":"caserna-exercito-troca-7-dos-8-comandantes","status":"publish","type":"post","link":"https:\/\/blogdojoaocosta.com.br\/?p=696","title":{"rendered":"Caserna: Ex\u00e9rcito troca 7 dos 8 comandantes"},"content":{"rendered":"<p style=\"line-height: 18.6pt; background: white;\"><span style=\"font-size: 14.0pt; color: #4a4a4a;\">Mat\u00e9ria da Revista F\u00f3rum destaca troca de comandos na caserna, inclusive o chefe das tropas no Distrito Federal em 8 de janeiro, dia da tentativa de golpe de estado, em que supostamente as for\u00e7as de seguran\u00e7a tiveram participa\u00e7\u00e3o.<\/span><\/p>\n<p style=\"line-height: 18.6pt; background: white;\"><span style=\"font-size: 14.0pt; color: #4a4a4a;\">Oo Ex\u00e9rcito informou a tropa e a imprensa de que o general\u00a0Gustavo Henrique Dutra de Menezes, comandante militar do Planalto, deixar\u00e1 o cargo. Ele era o respons\u00e1vel pela tropa em Bras\u00edlia, em 8 de janeiro\u00a0<\/span><strong style=\"box-sizing: inherit;\"><u><span style=\"font-size: 14.0pt; color: blue;\">,<\/span><\/u><\/strong><span style=\"font-size: 14.0pt; color: #4a4a4a;\">dia dos\u00a0ataques an\u00e1logos ao terrorismo praticados pelas hordas bolsonaristas.<\/span><\/p>\n<p style=\"line-height: 18.6pt; background: white; box-sizing: inherit; margin: 1rem; font-variant-ligatures: normal; font-variant-caps: normal; orphans: 2; text-align: start; widows: 2; -webkit-text-stroke-width: 0px; text-decoration-thickness: initial; text-decoration-style: initial; text-decoration-color: initial; word-spacing: 0px;\"><span style=\"font-size: 14.0pt; color: #4a4a4a;\">O atual governo do presidente Lula tem criticado fortemente a atua\u00e7\u00e3o dos militares na ocorr\u00eancia dos ataques; o Ex\u00e9rcito foi acusado de impedir, por algumas vezes, que bolsonaristas acampados irregularmente diante do Quartel-General de Bras\u00edlia fossem presos. O presidente Lula (PT) chegou a declarar que teria a confian\u00e7a na institui\u00e7\u00e3o abalada, mas a crise logo foi contornada pelo ministro da Defesa, Jos\u00e9 M\u00facio.<\/span><\/p>\n<p style=\"line-height: 18.6pt; background: white;\"><span style=\"font-size: 14.0pt; color: #4a4a4a;\">A mat\u00e9ria destaca que tr\u00eas das 17 apura\u00e7\u00f5es sobre os militares e o 8 de janeiro s\u00e3o inqu\u00e9ritos que correm na Justi\u00e7a Militar. O Comando Militar do Planalto \u00e9 um dos principais alvos dessas investiga\u00e7\u00f5es. Ainda assim, segue a preocupa\u00e7\u00e3o com o respeito \u00e0 Constitui\u00e7\u00e3o e a garantia do regime democr\u00e1tico.<\/span><\/p>\n<p style=\"line-height: 18.6pt; background: white;\"><span style=\"font-size: 14.0pt; color: #4a4a4a;\">Mudan\u00e7as asseguram estado de direito?<\/span><\/p>\n<p style=\"line-height: 18.6pt; background: white;\"><span style=\"font-size: 14.0pt; color: #4a4a4a;\">Com as mudan\u00e7as em curso na caserna, cabe a pergunta: Os conspiradores ser\u00e3o realmente punidos pela Justi\u00e7a Militar?<\/span><\/p>\n<h2 style=\"line-height: 18.6pt; background: white;\"><span style=\"font-size: 14.0pt; color: #4a4a4a;\">Altera\u00e7\u00f5es podem representar ordem institucional<\/span><\/h2>\n<p style=\"line-height: 18.6pt; background: white; box-sizing: inherit; margin: 1rem; font-variant-ligatures: normal; font-variant-caps: normal; orphans: 2; text-align: start; widows: 2; -webkit-text-stroke-width: 0px; text-decoration-thickness: initial; text-decoration-style: initial; text-decoration-color: initial; word-spacing: 0px;\"><span style=\"font-size: 14.0pt; color: #4a4a4a;\">O general Dutra de Menezes ser\u00e1 substitu\u00eddo por Ricardo Carmona. Dutra ir\u00e1 para a 5\u00aa Subchefia do Ex\u00e9rcito e Carmona vem do cargo de diretor de Educa\u00e7\u00e3o Superior Militar. Outros seis comandantes tamb\u00e9m deixar\u00e3o seus cargos.<\/span><\/p>\n<p style=\"line-height: 18.6pt; background: white;\"><span style=\"font-size: 14.0pt; color: #4a4a4a;\">O general Ricardo Costa Neves deixa o Comando Militar do Norte (CMA) para assumir o Comando Militar da Amaz\u00f4nia (CMA), ele substituir\u00e1 o general Aquilles Furlan. No CMN, o novo comandante ser\u00e1 o general Costa Neves.<\/span><\/p>\n<p style=\"line-height: 18.6pt; background: white; box-sizing: inherit; margin: 1rem; font-variant-ligatures: normal; font-variant-caps: normal; orphans: 2; text-align: start; widows: 2; -webkit-text-stroke-width: 0px; text-decoration-thickness: initial; text-decoration-style: initial; text-decoration-color: initial; word-spacing: 0px;\"><span style=\"font-size: 14.0pt; color: #4a4a4a;\">No Nordeste (CMNE), j\u00e1 era fato noticiado que Richard Nunes deixaria o cargo; Kleber Vasconcelos ocupar\u00e1 sua vaga.<\/span><\/p>\n<p><img decoding=\"async\" class=\"size-medium wp-image-698\" src=\"https:\/\/blogdojoaocosta.com.br\/wp-content\/uploads\/2023\/02\/Exercito-300x200.jpg\" alt=\"\" width=\"300\" height=\"200\" srcset=\"https:\/\/blogdojoaocosta.com.br\/wp-content\/uploads\/2023\/02\/Exercito-300x200.jpg 300w, https:\/\/blogdojoaocosta.com.br\/wp-content\/uploads\/2023\/02\/Exercito-1024x682.jpg 1024w, https:\/\/blogdojoaocosta.com.br\/wp-content\/uploads\/2023\/02\/Exercito-768x511.jpg 768w, https:\/\/blogdojoaocosta.com.br\/wp-content\/uploads\/2023\/02\/Exercito-1536x1022.jpg 1536w, https:\/\/blogdojoaocosta.com.br\/wp-content\/uploads\/2023\/02\/Exercito.jpg 1851w\" sizes=\"(max-width: 300px) 100vw, 300px\" \/><\/p>\n<p><em><strong>Politiza\u00e7\u00e3o dos militares em todos os n\u00edveis preocupam<\/strong><\/em><\/p>\n<p style=\"line-height: 18.6pt; background: white;\"><span style=\"font-size: 14.0pt; color: #4a4a4a;\">No Comando Militar do Oeste (CMO) o general Luiz Baganha assume o comando no lugar de An\u00edsio David e no Sudeste (CMSE) o interino Pedro Montenegro entrega o comando para Guido Amin. Por fim, no Sul (CMS), o general Fernando Soares deixa o cargo e Hertz Pires assume em seu lugar.<\/span><\/p>\n<p style=\"line-height: 18.6pt; background: white; box-sizing: inherit; margin: 1rem; font-variant-ligatures: normal; font-variant-caps: normal; orphans: 2; text-align: start; widows: 2; -webkit-text-stroke-width: 0px; text-decoration-thickness: initial; text-decoration-style: initial; text-decoration-color: initial; word-spacing: 0px;\"><span style=\"font-size: 14.0pt; color: #4a4a4a;\">As trocas de comando devem ocorrer ao longo de fevereiro e mar\u00e7o. A previs\u00e3o para a conclus\u00e3o \u00e9 para abril. Ao todo, foram divulgadas no informe mais de 70 trocas de fun\u00e7\u00e3o no Ex\u00e9rcito.<\/span><\/p>\n<p style=\"line-height: 18.6pt; background: white;\"><span style=\"font-size: 14.0pt; color: #4a4a4a;\">O 8 de janeiro deixou claro que gera\u00e7\u00f5es consecutivas de oficiais do Ex\u00e9rcito tendem a ser seduzidos pelos apelos da vivandeiras de quartel. <\/span><\/p>\n<p style=\"line-height: 18.6pt; background: white;\"><span style=\"font-size: 14.0pt; color: #4a4a4a;\">Fonte de consulta: Revista F\u00f3rum<\/span><\/p>\n<p>Imagens: Ag. Brasil<\/p>\n<p style=\"line-height: 18.6pt; background: white; box-sizing: inherit; margin: 1rem; font-variant-ligatures: normal; font-variant-caps: normal; orphans: 2; text-align: start; widows: 2; -webkit-text-stroke-width: 0px; text-decoration-thickness: initial; text-decoration-style: initial; text-decoration-color: initial; word-spacing: 0px;\"><em style=\"box-sizing: inherit;\"><span style=\"font-size: 14.0pt; color: #4a4a4a;\">*Com informa\u00e7\u00f5es do Uol.<\/span><\/em><\/p>\n","protected":false},"excerpt":{"rendered":"<p>Mat\u00e9ria da Revista F\u00f3rum destaca troca de comandos na caserna, inclusive o chefe das tropas no Distrito Federal em 8 de janeiro, dia da tentativa de golpe de estado, em que supostamente as for\u00e7as de seguran\u00e7a tiveram participa\u00e7\u00e3o. Oo Ex\u00e9rcito informou a tropa e a imprensa de que o general\u00a0Gustavo Henrique Dutra de Menezes, comandante [&hellip;]<\/p>\n","protected":false},"author":1,"featured_media":697,"comment_status":"open","ping_status":"open","sticky":false,"template":"","format":"standard","meta":{"footnotes":""},"categories":[11],"tags":[],"class_list":["post-696","post","type-post","status-publish","format-standard","has-post-thumbnail","hentry","category-politica"],"yoast_head":"<!-- This site is optimized with the Yoast SEO plugin v27.5 - https:\/\/yoast.com\/product\/yoast-seo-wordpress\/ -->\n<title>Caserna: Ex\u00e9rcito troca 7 dos 8 comandantes - Blog do Jo\u00e3o Costa<\/title>\n<meta name=\"robots\" content=\"index, follow, max-snippet:-1, max-image-preview:large, max-video-preview:-1\" \/>\n<link rel=\"canonical\" href=\"https:\/\/blogdojoaocosta.com.br\/?p=696\" \/>\n<meta property=\"og:locale\" content=\"pt_BR\" \/>\n<meta property=\"og:type\" content=\"article\" \/>\n<meta property=\"og:title\" content=\"Caserna: Ex\u00e9rcito troca 7 dos 8 comandantes - Blog do Jo\u00e3o Costa\" \/>\n<meta property=\"og:description\" content=\"Mat\u00e9ria da Revista F\u00f3rum destaca troca de comandos na caserna, inclusive o chefe das tropas no Distrito Federal em 8 de janeiro, dia da tentativa de golpe de estado, em que supostamente as for\u00e7as de seguran\u00e7a tiveram participa\u00e7\u00e3o. Oo Ex\u00e9rcito informou a tropa e a imprensa de que o general\u00a0Gustavo Henrique Dutra de Menezes, comandante [&hellip;]\" \/>\n<meta property=\"og:url\" content=\"https:\/\/blogdojoaocosta.com.br\/?p=696\" \/>\n<meta property=\"og:site_name\" content=\"Blog do Jo\u00e3o Costa\" \/>\n<meta property=\"article:published_time\" content=\"2023-02-17T13:57:14+00:00\" \/>\n<meta property=\"og:image\" content=\"https:\/\/blogdojoaocosta.com.br\/wp-content\/uploads\/2023\/02\/Lula-tropaboa.jpg\" \/>\n\t<meta property=\"og:image:width\" content=\"259\" \/>\n\t<meta property=\"og:image:height\" content=\"194\" \/>\n\t<meta property=\"og:image:type\" content=\"image\/jpeg\" \/>\n<meta name=\"author\" content=\"joaocosta\" \/>\n<meta name=\"twitter:card\" content=\"summary_large_image\" \/>\n<meta name=\"twitter:label1\" content=\"Escrito por\" \/>\n\t<meta name=\"twitter:data1\" content=\"joaocosta\" \/>\n\t<meta name=\"twitter:label2\" content=\"Est. tempo de leitura\" \/>\n\t<meta name=\"twitter:data2\" content=\"3 minutos\" \/>\n<script type=\"application\/ld+json\" class=\"yoast-schema-graph\">{\"@context\":\"https:\\\/\\\/schema.org\",\"@graph\":[{\"@type\":\"Article\",\"@id\":\"https:\\\/\\\/blogdojoaocosta.com.br\\\/?p=696#article\",\"isPartOf\":{\"@id\":\"https:\\\/\\\/blogdojoaocosta.com.br\\\/?p=696\"},\"author\":{\"name\":\"joaocosta\",\"@id\":\"https:\\\/\\\/blogdojoaocosta.com.br\\\/#\\\/schema\\\/person\\\/af1c9fa31a41a9d29c32f74b41d55f6e\"},\"headline\":\"Caserna: Ex\u00e9rcito troca 7 dos 8 comandantes\",\"datePublished\":\"2023-02-17T13:57:14+00:00\",\"mainEntityOfPage\":{\"@id\":\"https:\\\/\\\/blogdojoaocosta.com.br\\\/?p=696\"},\"wordCount\":489,\"commentCount\":0,\"image\":{\"@id\":\"https:\\\/\\\/blogdojoaocosta.com.br\\\/?p=696#primaryimage\"},\"thumbnailUrl\":\"https:\\\/\\\/blogdojoaocosta.com.br\\\/wp-content\\\/uploads\\\/2023\\\/02\\\/Lula-tropaboa.jpg\",\"articleSection\":[\"Pol\u00edtica\"],\"inLanguage\":\"pt-BR\",\"potentialAction\":[{\"@type\":\"CommentAction\",\"name\":\"Comment\",\"target\":[\"https:\\\/\\\/blogdojoaocosta.com.br\\\/?p=696#respond\"]}]},{\"@type\":\"WebPage\",\"@id\":\"https:\\\/\\\/blogdojoaocosta.com.br\\\/?p=696\",\"url\":\"https:\\\/\\\/blogdojoaocosta.com.br\\\/?p=696\",\"name\":\"Caserna: Ex\u00e9rcito troca 7 dos 8 comandantes - Blog do Jo\u00e3o Costa\",\"isPartOf\":{\"@id\":\"https:\\\/\\\/blogdojoaocosta.com.br\\\/#website\"},\"primaryImageOfPage\":{\"@id\":\"https:\\\/\\\/blogdojoaocosta.com.br\\\/?p=696#primaryimage\"},\"image\":{\"@id\":\"https:\\\/\\\/blogdojoaocosta.com.br\\\/?p=696#primaryimage\"},\"thumbnailUrl\":\"https:\\\/\\\/blogdojoaocosta.com.br\\\/wp-content\\\/uploads\\\/2023\\\/02\\\/Lula-tropaboa.jpg\",\"datePublished\":\"2023-02-17T13:57:14+00:00\",\"author\":{\"@id\":\"https:\\\/\\\/blogdojoaocosta.com.br\\\/#\\\/schema\\\/person\\\/af1c9fa31a41a9d29c32f74b41d55f6e\"},\"breadcrumb\":{\"@id\":\"https:\\\/\\\/blogdojoaocosta.com.br\\\/?p=696#breadcrumb\"},\"inLanguage\":\"pt-BR\",\"potentialAction\":[{\"@type\":\"ReadAction\",\"target\":[\"https:\\\/\\\/blogdojoaocosta.com.br\\\/?p=696\"]}]},{\"@type\":\"ImageObject\",\"inLanguage\":\"pt-BR\",\"@id\":\"https:\\\/\\\/blogdojoaocosta.com.br\\\/?p=696#primaryimage\",\"url\":\"https:\\\/\\\/blogdojoaocosta.com.br\\\/wp-content\\\/uploads\\\/2023\\\/02\\\/Lula-tropaboa.jpg\",\"contentUrl\":\"https:\\\/\\\/blogdojoaocosta.com.br\\\/wp-content\\\/uploads\\\/2023\\\/02\\\/Lula-tropaboa.jpg\",\"width\":259,\"height\":194},{\"@type\":\"BreadcrumbList\",\"@id\":\"https:\\\/\\\/blogdojoaocosta.com.br\\\/?p=696#breadcrumb\",\"itemListElement\":[{\"@type\":\"ListItem\",\"position\":1,\"name\":\"In\u00edcio\",\"item\":\"https:\\\/\\\/blogdojoaocosta.com.br\\\/\"},{\"@type\":\"ListItem\",\"position\":2,\"name\":\"Caserna: Ex\u00e9rcito troca 7 dos 8 comandantes\"}]},{\"@type\":\"WebSite\",\"@id\":\"https:\\\/\\\/blogdojoaocosta.com.br\\\/#website\",\"url\":\"https:\\\/\\\/blogdojoaocosta.com.br\\\/\",\"name\":\"Blog do Jo\u00e3o Costa\",\"description\":\"Assim Caminha a Humanidade\",\"potentialAction\":[{\"@type\":\"SearchAction\",\"target\":{\"@type\":\"EntryPoint\",\"urlTemplate\":\"https:\\\/\\\/blogdojoaocosta.com.br\\\/?s={search_term_string}\"},\"query-input\":{\"@type\":\"PropertyValueSpecification\",\"valueRequired\":true,\"valueName\":\"search_term_string\"}}],\"inLanguage\":\"pt-BR\"},{\"@type\":\"Person\",\"@id\":\"https:\\\/\\\/blogdojoaocosta.com.br\\\/#\\\/schema\\\/person\\\/af1c9fa31a41a9d29c32f74b41d55f6e\",\"name\":\"joaocosta\",\"image\":{\"@type\":\"ImageObject\",\"inLanguage\":\"pt-BR\",\"@id\":\"https:\\\/\\\/secure.gravatar.com\\\/avatar\\\/677b6f1fc54e8c7982d7dce3cfe65fce28f898f70d9b8b631786a0b1b18b11e5?s=96&d=mm&r=g\",\"url\":\"https:\\\/\\\/secure.gravatar.com\\\/avatar\\\/677b6f1fc54e8c7982d7dce3cfe65fce28f898f70d9b8b631786a0b1b18b11e5?s=96&d=mm&r=g\",\"contentUrl\":\"https:\\\/\\\/secure.gravatar.com\\\/avatar\\\/677b6f1fc54e8c7982d7dce3cfe65fce28f898f70d9b8b631786a0b1b18b11e5?s=96&d=mm&r=g\",\"caption\":\"joaocosta\"},\"sameAs\":[\"http:\\\/\\\/blogdojoaocosta.com.br\"],\"url\":\"https:\\\/\\\/blogdojoaocosta.com.br\\\/?author=1\"}]}<\/script>\n<!-- \/ Yoast SEO plugin. -->","yoast_head_json":{"title":"Caserna: Ex\u00e9rcito troca 7 dos 8 comandantes - Blog do Jo\u00e3o Costa","robots":{"index":"index","follow":"follow","max-snippet":"max-snippet:-1","max-image-preview":"max-image-preview:large","max-video-preview":"max-video-preview:-1"},"canonical":"https:\/\/blogdojoaocosta.com.br\/?p=696","og_locale":"pt_BR","og_type":"article","og_title":"Caserna: Ex\u00e9rcito troca 7 dos 8 comandantes - Blog do Jo\u00e3o Costa","og_description":"Mat\u00e9ria da Revista F\u00f3rum destaca troca de comandos na caserna, inclusive o chefe das tropas no Distrito Federal em 8 de janeiro, dia da tentativa de golpe de estado, em que supostamente as for\u00e7as de seguran\u00e7a tiveram participa\u00e7\u00e3o. Oo Ex\u00e9rcito informou a tropa e a imprensa de que o general\u00a0Gustavo Henrique Dutra de Menezes, comandante [&hellip;]","og_url":"https:\/\/blogdojoaocosta.com.br\/?p=696","og_site_name":"Blog do Jo\u00e3o Costa","article_published_time":"2023-02-17T13:57:14+00:00","og_image":[{"width":259,"height":194,"url":"https:\/\/blogdojoaocosta.com.br\/wp-content\/uploads\/2023\/02\/Lula-tropaboa.jpg","type":"image\/jpeg"}],"author":"joaocosta","twitter_card":"summary_large_image","twitter_misc":{"Escrito por":"joaocosta","Est. tempo de leitura":"3 minutos"},"schema":{"@context":"https:\/\/schema.org","@graph":[{"@type":"Article","@id":"https:\/\/blogdojoaocosta.com.br\/?p=696#article","isPartOf":{"@id":"https:\/\/blogdojoaocosta.com.br\/?p=696"},"author":{"name":"joaocosta","@id":"https:\/\/blogdojoaocosta.com.br\/#\/schema\/person\/af1c9fa31a41a9d29c32f74b41d55f6e"},"headline":"Caserna: Ex\u00e9rcito troca 7 dos 8 comandantes","datePublished":"2023-02-17T13:57:14+00:00","mainEntityOfPage":{"@id":"https:\/\/blogdojoaocosta.com.br\/?p=696"},"wordCount":489,"commentCount":0,"image":{"@id":"https:\/\/blogdojoaocosta.com.br\/?p=696#primaryimage"},"thumbnailUrl":"https:\/\/blogdojoaocosta.com.br\/wp-content\/uploads\/2023\/02\/Lula-tropaboa.jpg","articleSection":["Pol\u00edtica"],"inLanguage":"pt-BR","potentialAction":[{"@type":"CommentAction","name":"Comment","target":["https:\/\/blogdojoaocosta.com.br\/?p=696#respond"]}]},{"@type":"WebPage","@id":"https:\/\/blogdojoaocosta.com.br\/?p=696","url":"https:\/\/blogdojoaocosta.com.br\/?p=696","name":"Caserna: Ex\u00e9rcito troca 7 dos 8 comandantes - Blog do Jo\u00e3o Costa","isPartOf":{"@id":"https:\/\/blogdojoaocosta.com.br\/#website"},"primaryImageOfPage":{"@id":"https:\/\/blogdojoaocosta.com.br\/?p=696#primaryimage"},"image":{"@id":"https:\/\/blogdojoaocosta.com.br\/?p=696#primaryimage"},"thumbnailUrl":"https:\/\/blogdojoaocosta.com.br\/wp-content\/uploads\/2023\/02\/Lula-tropaboa.jpg","datePublished":"2023-02-17T13:57:14+00:00","author":{"@id":"https:\/\/blogdojoaocosta.com.br\/#\/schema\/person\/af1c9fa31a41a9d29c32f74b41d55f6e"},"breadcrumb":{"@id":"https:\/\/blogdojoaocosta.com.br\/?p=696#breadcrumb"},"inLanguage":"pt-BR","potentialAction":[{"@type":"ReadAction","target":["https:\/\/blogdojoaocosta.com.br\/?p=696"]}]},{"@type":"ImageObject","inLanguage":"pt-BR","@id":"https:\/\/blogdojoaocosta.com.br\/?p=696#primaryimage","url":"https:\/\/blogdojoaocosta.com.br\/wp-content\/uploads\/2023\/02\/Lula-tropaboa.jpg","contentUrl":"https:\/\/blogdojoaocosta.com.br\/wp-content\/uploads\/2023\/02\/Lula-tropaboa.jpg","width":259,"height":194},{"@type":"BreadcrumbList","@id":"https:\/\/blogdojoaocosta.com.br\/?p=696#breadcrumb","itemListElement":[{"@type":"ListItem","position":1,"name":"In\u00edcio","item":"https:\/\/blogdojoaocosta.com.br\/"},{"@type":"ListItem","position":2,"name":"Caserna: Ex\u00e9rcito troca 7 dos 8 comandantes"}]},{"@type":"WebSite","@id":"https:\/\/blogdojoaocosta.com.br\/#website","url":"https:\/\/blogdojoaocosta.com.br\/","name":"Blog do Jo\u00e3o Costa","description":"Assim Caminha a Humanidade","potentialAction":[{"@type":"SearchAction","target":{"@type":"EntryPoint","urlTemplate":"https:\/\/blogdojoaocosta.com.br\/?s={search_term_string}"},"query-input":{"@type":"PropertyValueSpecification","valueRequired":true,"valueName":"search_term_string"}}],"inLanguage":"pt-BR"},{"@type":"Person","@id":"https:\/\/blogdojoaocosta.com.br\/#\/schema\/person\/af1c9fa31a41a9d29c32f74b41d55f6e","name":"joaocosta","image":{"@type":"ImageObject","inLanguage":"pt-BR","@id":"https:\/\/secure.gravatar.com\/avatar\/677b6f1fc54e8c7982d7dce3cfe65fce28f898f70d9b8b631786a0b1b18b11e5?s=96&d=mm&r=g","url":"https:\/\/secure.gravatar.com\/avatar\/677b6f1fc54e8c7982d7dce3cfe65fce28f898f70d9b8b631786a0b1b18b11e5?s=96&d=mm&r=g","contentUrl":"https:\/\/secure.gravatar.com\/avatar\/677b6f1fc54e8c7982d7dce3cfe65fce28f898f70d9b8b631786a0b1b18b11e5?s=96&d=mm&r=g","caption":"joaocosta"},"sameAs":["http:\/\/blogdojoaocosta.com.br"],"url":"https:\/\/blogdojoaocosta.com.br\/?author=1"}]}},"_links":{"self":[{"href":"https:\/\/blogdojoaocosta.com.br\/index.php?rest_route=\/wp\/v2\/posts\/696","targetHints":{"allow":["GET"]}}],"collection":[{"href":"https:\/\/blogdojoaocosta.com.br\/index.php?rest_route=\/wp\/v2\/posts"}],"about":[{"href":"https:\/\/blogdojoaocosta.com.br\/index.php?rest_route=\/wp\/v2\/types\/post"}],"author":[{"embeddable":true,"href":"https:\/\/blogdojoaocosta.com.br\/index.php?rest_route=\/wp\/v2\/users\/1"}],"replies":[{"embeddable":true,"href":"https:\/\/blogdojoaocosta.com.br\/index.php?rest_route=%2Fwp%2Fv2%2Fcomments&post=696"}],"version-history":[{"count":1,"href":"https:\/\/blogdojoaocosta.com.br\/index.php?rest_route=\/wp\/v2\/posts\/696\/revisions"}],"predecessor-version":[{"id":699,"href":"https:\/\/blogdojoaocosta.com.br\/index.php?rest_route=\/wp\/v2\/posts\/696\/revisions\/699"}],"wp:featuredmedia":[{"embeddable":true,"href":"https:\/\/blogdojoaocosta.com.br\/index.php?rest_route=\/wp\/v2\/media\/697"}],"wp:attachment":[{"href":"https:\/\/blogdojoaocosta.com.br\/index.php?rest_route=%2Fwp%2Fv2%2Fmedia&parent=696"}],"wp:term":[{"taxonomy":"category","embeddable":true,"href":"https:\/\/blogdojoaocosta.com.br\/index.php?rest_route=%2Fwp%2Fv2%2Fcategories&post=696"},{"taxonomy":"post_tag","embeddable":true,"href":"https:\/\/blogdojoaocosta.com.br\/index.php?rest_route=%2Fwp%2Fv2%2Ftags&post=696"}],"curies":[{"name":"wp","href":"https:\/\/api.w.org\/{rel}","templated":true}]}}