{"id":741,"date":"2023-03-06T10:56:30","date_gmt":"2023-03-06T13:56:30","guid":{"rendered":"https:\/\/blogdojoaocosta.com.br\/?p=741"},"modified":"2023-03-06T10:56:30","modified_gmt":"2023-03-06T13:56:30","slug":"brasil-e-a-joia-da-coroa-para-extrema-direita","status":"publish","type":"post","link":"https:\/\/blogdojoaocosta.com.br\/?p=741","title":{"rendered":"Brasil \u00e9 a &#8220;joia da Coroa&#8221; para extrema direita"},"content":{"rendered":"<p>Para os generais brasileiros e todo o espectro que congrega a extrema direita no Pa\u00eds, a Guerra Fria n\u00e3o acabou; recorrentemente com o apoio internacional ganhou protagonismo com a derrubada do governo de Dilma Rousseff, em 2016, vit\u00f3ria eleitoral, em 2018, derrocada em 2022 e sabotagens atuais ao governo do presidente Luiz In\u00e1cio Lula da Silva.<\/p>\n<p>A extrema direita se reagrupa no Pa\u00eds atrav\u00e9s de editorais da m\u00eddia nativa com uma narrativa que beira ao terrorismo econ\u00f4mico, movimenta\u00e7\u00f5es do ex-t\u00edtere do Pa\u00eds, Jair Bolsonaro, homiziado nos EUA, que consegue audi\u00eancia junto \u00e0 extrema direita internacional naquele Pa\u00eds.<\/p>\n<p>A \u00faltima movimenta\u00e7\u00e3o e conspira\u00e7\u00e3o surge nos EUA, com o senador Ted Cruz ( Partido Republicano), que no in\u00edcio dessa semana pediu a aplica\u00e7\u00f5es de san\u00e7\u00f5es contra o Brasil, por sugest\u00e3o do l\u00edder de Jair Bolsonaro, l\u00edder da extrema direita pentecostal no Brasil.<\/p>\n<p><img decoding=\"async\" class=\"alignnone size-medium wp-image-743\" src=\"https:\/\/blogdojoaocosta.com.br\/wp-content\/uploads\/2023\/03\/Ted-Cruz-e-Lula-300x144.jpg\" alt=\"\" width=\"300\" height=\"144\" srcset=\"https:\/\/blogdojoaocosta.com.br\/wp-content\/uploads\/2023\/03\/Ted-Cruz-e-Lula-300x144.jpg 300w, https:\/\/blogdojoaocosta.com.br\/wp-content\/uploads\/2023\/03\/Ted-Cruz-e-Lula-1024x492.jpg 1024w, https:\/\/blogdojoaocosta.com.br\/wp-content\/uploads\/2023\/03\/Ted-Cruz-e-Lula-768x369.jpg 768w, https:\/\/blogdojoaocosta.com.br\/wp-content\/uploads\/2023\/03\/Ted-Cruz-e-Lula.jpg 1250w\" sizes=\"(max-width: 300px) 100vw, 300px\" \/><\/p>\n<p><em><strong>Senador Ted Cruz(E) san\u00e7\u00f5es contra Lula<\/strong><\/em><\/p>\n<p>O ex-t\u00edtere brasileiro pediu e obteve a aplica\u00e7\u00e3o de san\u00e7\u00f5es e foi atendido uma vez que, sem a participa\u00e7\u00e3o do ex-tenente do Ex\u00e9rcito Brasileiro, a extrema direita internacional patina na Europa, Am\u00e9rica Latina e \u00c1sia.<\/p>\n<p>Se acatada a sugest\u00e3o do senador republicano Ted Cruz, caber\u00e1 ao governo Biden a aplica\u00e7\u00e3o das san\u00e7\u00f5es.<\/p>\n<p>O que explica a mudan\u00e7a de posi\u00e7\u00e3o do Brasil em rela\u00e7\u00e3o \u00e0 guerra da OTAN e EUA contra a R\u00fassia na Ucr\u00e2nia, atrav\u00e9s das declara\u00e7\u00f5es do presidente Lula, favor\u00e1veis \u00e0 Ucr\u00e2nia, em recente viagem \u00e0 Washington, um gesto de antecipa\u00e7\u00e3o contra eventuais sabotagens da extrema direita, que controla o Departamento de Estado dos EUA.<\/p>\n<h2>Suposta propina da Ar\u00e1bia Saudita<\/h2>\n<p>Segundo o site Brasil 247, com base em informa\u00e7\u00f5es do jornalista Lauro Jardim, o ex-tenente do Ex\u00e9rcito Jair Bolsonaro, que cometeu o crime de peculato ao receber uma propina de R$ 16,5 milh\u00f5es da Ar\u00e1bia Saudita na forma de joias, est\u00e1 assustado e ainda n\u00e3o encontrou uma forma de responder \u00e0s den\u00fancias sobre o esc\u00e2ndalo das joias.<\/p>\n<p>&#8220;Depois de dois dias em Washington, Jair Bolsonaro retornou ontem \u00e0 noite \u00e0 casa onde est\u00e1 hospedado em Orlando &#8216;assustado com a repercuss\u00e3o&#8217; do caso das joias de R$ 16,5 milh\u00f5es, de acordo com um ex-auxiliar que conversou com o ex-presidente. Apesar disso, at\u00e9 ontem \u00e0 noite, Bolsonaro se recusava a voltar a falar no assunto publicamente. E nem pretendia gravar um v\u00eddeo, como lhe foi sugerido, para se explicar diretamente aos seus eleitores&#8221;.<\/p>\n<p>Ao final e n\u00e3o por \u00faltimo, cabe uma indaga\u00e7\u00e3o: o que levaria o reino saudita a dar um presente, em joias, a ex-primeira dama, l\u00edder espiritual evang\u00e9lica,\u00a0 no valor de R$ 16,5 milh\u00f5es?<\/p>\n<p>Com informa\u00e7\u00f5es do Brasil247<\/p>\n<p>Tudo Rond\u00f4nia Independente<\/p>\n<p>Veja<\/p>\n","protected":false},"excerpt":{"rendered":"<p>Para os generais brasileiros e todo o espectro que congrega a extrema direita no Pa\u00eds, a Guerra Fria n\u00e3o acabou; recorrentemente com o apoio internacional ganhou protagonismo com a derrubada do governo de Dilma Rousseff, em 2016, vit\u00f3ria eleitoral, em 2018, derrocada em 2022 e sabotagens atuais ao governo do presidente Luiz In\u00e1cio Lula da [&hellip;]<\/p>\n","protected":false},"author":1,"featured_media":742,"comment_status":"open","ping_status":"open","sticky":false,"template":"","format":"standard","meta":{"footnotes":""},"categories":[11],"tags":[],"class_list":["post-741","post","type-post","status-publish","format-standard","has-post-thumbnail","hentry","category-politica"],"yoast_head":"<!-- This site is optimized with the Yoast SEO plugin v27.5 - https:\/\/yoast.com\/product\/yoast-seo-wordpress\/ -->\n<title>Brasil \u00e9 a &quot;joia da Coroa&quot; para extrema direita - Blog do Jo\u00e3o Costa<\/title>\n<meta name=\"robots\" content=\"index, follow, max-snippet:-1, max-image-preview:large, max-video-preview:-1\" \/>\n<link rel=\"canonical\" href=\"https:\/\/blogdojoaocosta.com.br\/?p=741\" \/>\n<meta property=\"og:locale\" content=\"pt_BR\" \/>\n<meta property=\"og:type\" content=\"article\" \/>\n<meta property=\"og:title\" content=\"Brasil \u00e9 a &quot;joia da Coroa&quot; para extrema direita - Blog do Jo\u00e3o Costa\" \/>\n<meta property=\"og:description\" content=\"Para os generais brasileiros e todo o espectro que congrega a extrema direita no Pa\u00eds, a Guerra Fria n\u00e3o acabou; recorrentemente com o apoio internacional ganhou protagonismo com a derrubada do governo de Dilma Rousseff, em 2016, vit\u00f3ria eleitoral, em 2018, derrocada em 2022 e sabotagens atuais ao governo do presidente Luiz In\u00e1cio Lula da [&hellip;]\" \/>\n<meta property=\"og:url\" content=\"https:\/\/blogdojoaocosta.com.br\/?p=741\" \/>\n<meta property=\"og:site_name\" content=\"Blog do Jo\u00e3o Costa\" \/>\n<meta property=\"article:published_time\" content=\"2023-03-06T13:56:30+00:00\" \/>\n<meta property=\"og:image\" content=\"https:\/\/blogdojoaocosta.com.br\/wp-content\/uploads\/2023\/03\/Michelle-joias.jpg\" \/>\n\t<meta property=\"og:image:width\" content=\"845\" \/>\n\t<meta property=\"og:image:height\" content=\"500\" \/>\n\t<meta property=\"og:image:type\" content=\"image\/jpeg\" \/>\n<meta name=\"author\" content=\"joaocosta\" \/>\n<meta name=\"twitter:card\" content=\"summary_large_image\" \/>\n<meta name=\"twitter:label1\" content=\"Escrito por\" \/>\n\t<meta name=\"twitter:data1\" content=\"joaocosta\" \/>\n\t<meta name=\"twitter:label2\" content=\"Est. tempo de leitura\" \/>\n\t<meta name=\"twitter:data2\" content=\"3 minutos\" \/>\n<script type=\"application\/ld+json\" class=\"yoast-schema-graph\">{\"@context\":\"https:\\\/\\\/schema.org\",\"@graph\":[{\"@type\":\"Article\",\"@id\":\"https:\\\/\\\/blogdojoaocosta.com.br\\\/?p=741#article\",\"isPartOf\":{\"@id\":\"https:\\\/\\\/blogdojoaocosta.com.br\\\/?p=741\"},\"author\":{\"name\":\"joaocosta\",\"@id\":\"https:\\\/\\\/blogdojoaocosta.com.br\\\/#\\\/schema\\\/person\\\/af1c9fa31a41a9d29c32f74b41d55f6e\"},\"headline\":\"Brasil \u00e9 a &#8220;joia da Coroa&#8221; para extrema direita\",\"datePublished\":\"2023-03-06T13:56:30+00:00\",\"mainEntityOfPage\":{\"@id\":\"https:\\\/\\\/blogdojoaocosta.com.br\\\/?p=741\"},\"wordCount\":482,\"commentCount\":0,\"image\":{\"@id\":\"https:\\\/\\\/blogdojoaocosta.com.br\\\/?p=741#primaryimage\"},\"thumbnailUrl\":\"https:\\\/\\\/blogdojoaocosta.com.br\\\/wp-content\\\/uploads\\\/2023\\\/03\\\/Michelle-joias.jpg\",\"articleSection\":[\"Pol\u00edtica\"],\"inLanguage\":\"pt-BR\",\"potentialAction\":[{\"@type\":\"CommentAction\",\"name\":\"Comment\",\"target\":[\"https:\\\/\\\/blogdojoaocosta.com.br\\\/?p=741#respond\"]}]},{\"@type\":\"WebPage\",\"@id\":\"https:\\\/\\\/blogdojoaocosta.com.br\\\/?p=741\",\"url\":\"https:\\\/\\\/blogdojoaocosta.com.br\\\/?p=741\",\"name\":\"Brasil \u00e9 a \\\"joia da Coroa\\\" para extrema direita - Blog do Jo\u00e3o Costa\",\"isPartOf\":{\"@id\":\"https:\\\/\\\/blogdojoaocosta.com.br\\\/#website\"},\"primaryImageOfPage\":{\"@id\":\"https:\\\/\\\/blogdojoaocosta.com.br\\\/?p=741#primaryimage\"},\"image\":{\"@id\":\"https:\\\/\\\/blogdojoaocosta.com.br\\\/?p=741#primaryimage\"},\"thumbnailUrl\":\"https:\\\/\\\/blogdojoaocosta.com.br\\\/wp-content\\\/uploads\\\/2023\\\/03\\\/Michelle-joias.jpg\",\"datePublished\":\"2023-03-06T13:56:30+00:00\",\"author\":{\"@id\":\"https:\\\/\\\/blogdojoaocosta.com.br\\\/#\\\/schema\\\/person\\\/af1c9fa31a41a9d29c32f74b41d55f6e\"},\"breadcrumb\":{\"@id\":\"https:\\\/\\\/blogdojoaocosta.com.br\\\/?p=741#breadcrumb\"},\"inLanguage\":\"pt-BR\",\"potentialAction\":[{\"@type\":\"ReadAction\",\"target\":[\"https:\\\/\\\/blogdojoaocosta.com.br\\\/?p=741\"]}]},{\"@type\":\"ImageObject\",\"inLanguage\":\"pt-BR\",\"@id\":\"https:\\\/\\\/blogdojoaocosta.com.br\\\/?p=741#primaryimage\",\"url\":\"https:\\\/\\\/blogdojoaocosta.com.br\\\/wp-content\\\/uploads\\\/2023\\\/03\\\/Michelle-joias.jpg\",\"contentUrl\":\"https:\\\/\\\/blogdojoaocosta.com.br\\\/wp-content\\\/uploads\\\/2023\\\/03\\\/Michelle-joias.jpg\",\"width\":845,\"height\":500},{\"@type\":\"BreadcrumbList\",\"@id\":\"https:\\\/\\\/blogdojoaocosta.com.br\\\/?p=741#breadcrumb\",\"itemListElement\":[{\"@type\":\"ListItem\",\"position\":1,\"name\":\"In\u00edcio\",\"item\":\"https:\\\/\\\/blogdojoaocosta.com.br\\\/\"},{\"@type\":\"ListItem\",\"position\":2,\"name\":\"Brasil \u00e9 a &#8220;joia da Coroa&#8221; para extrema direita\"}]},{\"@type\":\"WebSite\",\"@id\":\"https:\\\/\\\/blogdojoaocosta.com.br\\\/#website\",\"url\":\"https:\\\/\\\/blogdojoaocosta.com.br\\\/\",\"name\":\"Blog do Jo\u00e3o Costa\",\"description\":\"Assim Caminha a Humanidade\",\"potentialAction\":[{\"@type\":\"SearchAction\",\"target\":{\"@type\":\"EntryPoint\",\"urlTemplate\":\"https:\\\/\\\/blogdojoaocosta.com.br\\\/?s={search_term_string}\"},\"query-input\":{\"@type\":\"PropertyValueSpecification\",\"valueRequired\":true,\"valueName\":\"search_term_string\"}}],\"inLanguage\":\"pt-BR\"},{\"@type\":\"Person\",\"@id\":\"https:\\\/\\\/blogdojoaocosta.com.br\\\/#\\\/schema\\\/person\\\/af1c9fa31a41a9d29c32f74b41d55f6e\",\"name\":\"joaocosta\",\"image\":{\"@type\":\"ImageObject\",\"inLanguage\":\"pt-BR\",\"@id\":\"https:\\\/\\\/secure.gravatar.com\\\/avatar\\\/677b6f1fc54e8c7982d7dce3cfe65fce28f898f70d9b8b631786a0b1b18b11e5?s=96&d=mm&r=g\",\"url\":\"https:\\\/\\\/secure.gravatar.com\\\/avatar\\\/677b6f1fc54e8c7982d7dce3cfe65fce28f898f70d9b8b631786a0b1b18b11e5?s=96&d=mm&r=g\",\"contentUrl\":\"https:\\\/\\\/secure.gravatar.com\\\/avatar\\\/677b6f1fc54e8c7982d7dce3cfe65fce28f898f70d9b8b631786a0b1b18b11e5?s=96&d=mm&r=g\",\"caption\":\"joaocosta\"},\"sameAs\":[\"http:\\\/\\\/blogdojoaocosta.com.br\"],\"url\":\"https:\\\/\\\/blogdojoaocosta.com.br\\\/?author=1\"}]}<\/script>\n<!-- \/ Yoast SEO plugin. -->","yoast_head_json":{"title":"Brasil \u00e9 a \"joia da Coroa\" para extrema direita - Blog do Jo\u00e3o Costa","robots":{"index":"index","follow":"follow","max-snippet":"max-snippet:-1","max-image-preview":"max-image-preview:large","max-video-preview":"max-video-preview:-1"},"canonical":"https:\/\/blogdojoaocosta.com.br\/?p=741","og_locale":"pt_BR","og_type":"article","og_title":"Brasil \u00e9 a \"joia da Coroa\" para extrema direita - Blog do Jo\u00e3o Costa","og_description":"Para os generais brasileiros e todo o espectro que congrega a extrema direita no Pa\u00eds, a Guerra Fria n\u00e3o acabou; recorrentemente com o apoio internacional ganhou protagonismo com a derrubada do governo de Dilma Rousseff, em 2016, vit\u00f3ria eleitoral, em 2018, derrocada em 2022 e sabotagens atuais ao governo do presidente Luiz In\u00e1cio Lula da [&hellip;]","og_url":"https:\/\/blogdojoaocosta.com.br\/?p=741","og_site_name":"Blog do Jo\u00e3o Costa","article_published_time":"2023-03-06T13:56:30+00:00","og_image":[{"width":845,"height":500,"url":"https:\/\/blogdojoaocosta.com.br\/wp-content\/uploads\/2023\/03\/Michelle-joias.jpg","type":"image\/jpeg"}],"author":"joaocosta","twitter_card":"summary_large_image","twitter_misc":{"Escrito por":"joaocosta","Est. tempo de leitura":"3 minutos"},"schema":{"@context":"https:\/\/schema.org","@graph":[{"@type":"Article","@id":"https:\/\/blogdojoaocosta.com.br\/?p=741#article","isPartOf":{"@id":"https:\/\/blogdojoaocosta.com.br\/?p=741"},"author":{"name":"joaocosta","@id":"https:\/\/blogdojoaocosta.com.br\/#\/schema\/person\/af1c9fa31a41a9d29c32f74b41d55f6e"},"headline":"Brasil \u00e9 a &#8220;joia da Coroa&#8221; para extrema direita","datePublished":"2023-03-06T13:56:30+00:00","mainEntityOfPage":{"@id":"https:\/\/blogdojoaocosta.com.br\/?p=741"},"wordCount":482,"commentCount":0,"image":{"@id":"https:\/\/blogdojoaocosta.com.br\/?p=741#primaryimage"},"thumbnailUrl":"https:\/\/blogdojoaocosta.com.br\/wp-content\/uploads\/2023\/03\/Michelle-joias.jpg","articleSection":["Pol\u00edtica"],"inLanguage":"pt-BR","potentialAction":[{"@type":"CommentAction","name":"Comment","target":["https:\/\/blogdojoaocosta.com.br\/?p=741#respond"]}]},{"@type":"WebPage","@id":"https:\/\/blogdojoaocosta.com.br\/?p=741","url":"https:\/\/blogdojoaocosta.com.br\/?p=741","name":"Brasil \u00e9 a \"joia da Coroa\" para extrema direita - Blog do Jo\u00e3o Costa","isPartOf":{"@id":"https:\/\/blogdojoaocosta.com.br\/#website"},"primaryImageOfPage":{"@id":"https:\/\/blogdojoaocosta.com.br\/?p=741#primaryimage"},"image":{"@id":"https:\/\/blogdojoaocosta.com.br\/?p=741#primaryimage"},"thumbnailUrl":"https:\/\/blogdojoaocosta.com.br\/wp-content\/uploads\/2023\/03\/Michelle-joias.jpg","datePublished":"2023-03-06T13:56:30+00:00","author":{"@id":"https:\/\/blogdojoaocosta.com.br\/#\/schema\/person\/af1c9fa31a41a9d29c32f74b41d55f6e"},"breadcrumb":{"@id":"https:\/\/blogdojoaocosta.com.br\/?p=741#breadcrumb"},"inLanguage":"pt-BR","potentialAction":[{"@type":"ReadAction","target":["https:\/\/blogdojoaocosta.com.br\/?p=741"]}]},{"@type":"ImageObject","inLanguage":"pt-BR","@id":"https:\/\/blogdojoaocosta.com.br\/?p=741#primaryimage","url":"https:\/\/blogdojoaocosta.com.br\/wp-content\/uploads\/2023\/03\/Michelle-joias.jpg","contentUrl":"https:\/\/blogdojoaocosta.com.br\/wp-content\/uploads\/2023\/03\/Michelle-joias.jpg","width":845,"height":500},{"@type":"BreadcrumbList","@id":"https:\/\/blogdojoaocosta.com.br\/?p=741#breadcrumb","itemListElement":[{"@type":"ListItem","position":1,"name":"In\u00edcio","item":"https:\/\/blogdojoaocosta.com.br\/"},{"@type":"ListItem","position":2,"name":"Brasil \u00e9 a &#8220;joia da Coroa&#8221; para extrema direita"}]},{"@type":"WebSite","@id":"https:\/\/blogdojoaocosta.com.br\/#website","url":"https:\/\/blogdojoaocosta.com.br\/","name":"Blog do Jo\u00e3o Costa","description":"Assim Caminha a Humanidade","potentialAction":[{"@type":"SearchAction","target":{"@type":"EntryPoint","urlTemplate":"https:\/\/blogdojoaocosta.com.br\/?s={search_term_string}"},"query-input":{"@type":"PropertyValueSpecification","valueRequired":true,"valueName":"search_term_string"}}],"inLanguage":"pt-BR"},{"@type":"Person","@id":"https:\/\/blogdojoaocosta.com.br\/#\/schema\/person\/af1c9fa31a41a9d29c32f74b41d55f6e","name":"joaocosta","image":{"@type":"ImageObject","inLanguage":"pt-BR","@id":"https:\/\/secure.gravatar.com\/avatar\/677b6f1fc54e8c7982d7dce3cfe65fce28f898f70d9b8b631786a0b1b18b11e5?s=96&d=mm&r=g","url":"https:\/\/secure.gravatar.com\/avatar\/677b6f1fc54e8c7982d7dce3cfe65fce28f898f70d9b8b631786a0b1b18b11e5?s=96&d=mm&r=g","contentUrl":"https:\/\/secure.gravatar.com\/avatar\/677b6f1fc54e8c7982d7dce3cfe65fce28f898f70d9b8b631786a0b1b18b11e5?s=96&d=mm&r=g","caption":"joaocosta"},"sameAs":["http:\/\/blogdojoaocosta.com.br"],"url":"https:\/\/blogdojoaocosta.com.br\/?author=1"}]}},"_links":{"self":[{"href":"https:\/\/blogdojoaocosta.com.br\/index.php?rest_route=\/wp\/v2\/posts\/741","targetHints":{"allow":["GET"]}}],"collection":[{"href":"https:\/\/blogdojoaocosta.com.br\/index.php?rest_route=\/wp\/v2\/posts"}],"about":[{"href":"https:\/\/blogdojoaocosta.com.br\/index.php?rest_route=\/wp\/v2\/types\/post"}],"author":[{"embeddable":true,"href":"https:\/\/blogdojoaocosta.com.br\/index.php?rest_route=\/wp\/v2\/users\/1"}],"replies":[{"embeddable":true,"href":"https:\/\/blogdojoaocosta.com.br\/index.php?rest_route=%2Fwp%2Fv2%2Fcomments&post=741"}],"version-history":[{"count":1,"href":"https:\/\/blogdojoaocosta.com.br\/index.php?rest_route=\/wp\/v2\/posts\/741\/revisions"}],"predecessor-version":[{"id":744,"href":"https:\/\/blogdojoaocosta.com.br\/index.php?rest_route=\/wp\/v2\/posts\/741\/revisions\/744"}],"wp:featuredmedia":[{"embeddable":true,"href":"https:\/\/blogdojoaocosta.com.br\/index.php?rest_route=\/wp\/v2\/media\/742"}],"wp:attachment":[{"href":"https:\/\/blogdojoaocosta.com.br\/index.php?rest_route=%2Fwp%2Fv2%2Fmedia&parent=741"}],"wp:term":[{"taxonomy":"category","embeddable":true,"href":"https:\/\/blogdojoaocosta.com.br\/index.php?rest_route=%2Fwp%2Fv2%2Fcategories&post=741"},{"taxonomy":"post_tag","embeddable":true,"href":"https:\/\/blogdojoaocosta.com.br\/index.php?rest_route=%2Fwp%2Fv2%2Ftags&post=741"}],"curies":[{"name":"wp","href":"https:\/\/api.w.org\/{rel}","templated":true}]}}