{"id":767,"date":"2023-03-09T20:01:05","date_gmt":"2023-03-09T23:01:05","guid":{"rendered":"https:\/\/blogdojoaocosta.com.br\/?p=767"},"modified":"2023-03-09T20:01:05","modified_gmt":"2023-03-09T23:01:05","slug":"morre-dona-roselina-rainha-dos-negros-do-rosario-de-pombal","status":"publish","type":"post","link":"https:\/\/blogdojoaocosta.com.br\/?p=767","title":{"rendered":"Morre Dona Roselina, rainha dos negros do Ros\u00e1rio de Pombal"},"content":{"rendered":"<p>Bandeira a meio mastro na Igreja dos Negros do Ros\u00e1rio de Pombal.<\/p>\n<p>Pombal chora a morte de Dona Roselina, a Rainha perpetua da Irmandade dos Negros do Ros\u00e1rio de Pombal.<\/p>\n<p>A Rainha Roselina da Silva, foi intitulada de rainha perp\u00e9tua, por ter sido reeleita por v\u00e1rios mandatos. O t\u00edtulo \u00e9 comum a todas as ex-rainhas, enquanto vivem.<\/p>\n<p>Em entrevista concedida ao historiador Jerdivan N\u00f3brega, \u00a0rainha perp\u00e9tua Roselina da Silva, disse como sucedeu a Maria Joaquina da Vassoura, e se tamb\u00e9m era moradora do s\u00edtio Vassouras.<\/p>\n<p><img decoding=\"async\" class=\"alignnone size-medium wp-image-769\" src=\"https:\/\/blogdojoaocosta.com.br\/wp-content\/uploads\/2023\/03\/Rosinha2-214x300.jpeg\" alt=\"\" width=\"214\" height=\"300\" srcset=\"https:\/\/blogdojoaocosta.com.br\/wp-content\/uploads\/2023\/03\/Rosinha2-214x300.jpeg 214w, https:\/\/blogdojoaocosta.com.br\/wp-content\/uploads\/2023\/03\/Rosinha2-731x1024.jpeg 731w, https:\/\/blogdojoaocosta.com.br\/wp-content\/uploads\/2023\/03\/Rosinha2-768x1076.jpeg 768w, https:\/\/blogdojoaocosta.com.br\/wp-content\/uploads\/2023\/03\/Rosinha2-1096x1536.jpeg 1096w, https:\/\/blogdojoaocosta.com.br\/wp-content\/uploads\/2023\/03\/Rosinha2.jpeg 1142w\" sizes=\"(max-width: 214px) 100vw, 214px\" \/><\/p>\n<p><em><strong>Dona Roselina: reverenciada pela Irmandade<\/strong><\/em><\/p>\n<p>Roselina contou que \u00a0morava na cidade e n\u00e3o na zona rural de Pombal. Por\u00e9m, o seu pai era morador do pai de dona Oda Rodrigues, filha do Major Saturnino Rodrigues, propriet\u00e1rio do S\u00edtio Areal, que era vizinho do s\u00edtio Vassouras.\u00a0 Por esse caminho,\u00a0 ela foi convidada a assumir o cargo de Rainha.<\/p>\n<p>Em 1957 Roselina da Silva, em seguida Joana Virtuosa, depois veio Maria de F\u00e1tima,\u00a0 Jacinta da Paz Santana, Lucila Thomaz Raimunda de Sousa Batista, Francicleide Ribeiro (eleita na reuni\u00e3o do dia 7 de setembro de 1986), Rosilda de Sousa Batista e a atual, Maria do Socorro Lacerda.<\/p>\n<p><img decoding=\"async\" class=\"alignnone size-medium wp-image-770\" src=\"https:\/\/blogdojoaocosta.com.br\/wp-content\/uploads\/2023\/03\/nota-169x300.jpeg\" alt=\"\" width=\"169\" height=\"300\" srcset=\"https:\/\/blogdojoaocosta.com.br\/wp-content\/uploads\/2023\/03\/nota-169x300.jpeg 169w, https:\/\/blogdojoaocosta.com.br\/wp-content\/uploads\/2023\/03\/nota.jpeg 540w\" sizes=\"(max-width: 169px) 100vw, 169px\" \/><\/p>\n<p>Com informa\u00e7\u00f5es de Jerdivan N\u00f3brega<\/p>\n","protected":false},"excerpt":{"rendered":"<p>Bandeira a meio mastro na Igreja dos Negros do Ros\u00e1rio de Pombal. Pombal chora a morte de Dona Roselina, a Rainha perpetua da Irmandade dos Negros do Ros\u00e1rio de Pombal. A Rainha Roselina da Silva, foi intitulada de rainha perp\u00e9tua, por ter sido reeleita por v\u00e1rios mandatos. O t\u00edtulo \u00e9 comum a todas as ex-rainhas, [&hellip;]<\/p>\n","protected":false},"author":1,"featured_media":768,"comment_status":"open","ping_status":"open","sticky":false,"template":"","format":"standard","meta":{"footnotes":""},"categories":[6],"tags":[],"class_list":["post-767","post","type-post","status-publish","format-standard","has-post-thumbnail","hentry","category-cultura"],"yoast_head":"<!-- This site is optimized with the Yoast SEO plugin v27.5 - https:\/\/yoast.com\/product\/yoast-seo-wordpress\/ -->\n<title>Morre Dona Roselina, rainha dos negros do Ros\u00e1rio de Pombal - Blog do Jo\u00e3o Costa<\/title>\n<meta name=\"robots\" content=\"index, follow, max-snippet:-1, max-image-preview:large, max-video-preview:-1\" \/>\n<link rel=\"canonical\" href=\"https:\/\/blogdojoaocosta.com.br\/?p=767\" \/>\n<meta property=\"og:locale\" content=\"pt_BR\" \/>\n<meta property=\"og:type\" content=\"article\" \/>\n<meta property=\"og:title\" content=\"Morre Dona Roselina, rainha dos negros do Ros\u00e1rio de Pombal - Blog do Jo\u00e3o Costa\" \/>\n<meta property=\"og:description\" content=\"Bandeira a meio mastro na Igreja dos Negros do Ros\u00e1rio de Pombal. Pombal chora a morte de Dona Roselina, a Rainha perpetua da Irmandade dos Negros do Ros\u00e1rio de Pombal. A Rainha Roselina da Silva, foi intitulada de rainha perp\u00e9tua, por ter sido reeleita por v\u00e1rios mandatos. O t\u00edtulo \u00e9 comum a todas as ex-rainhas, [&hellip;]\" \/>\n<meta property=\"og:url\" content=\"https:\/\/blogdojoaocosta.com.br\/?p=767\" \/>\n<meta property=\"og:site_name\" content=\"Blog do Jo\u00e3o Costa\" \/>\n<meta property=\"article:published_time\" content=\"2023-03-09T23:01:05+00:00\" \/>\n<meta property=\"og:image\" content=\"https:\/\/blogdojoaocosta.com.br\/wp-content\/uploads\/2023\/03\/Rosinha.jpeg\" \/>\n\t<meta property=\"og:image:width\" content=\"1001\" \/>\n\t<meta property=\"og:image:height\" content=\"1600\" \/>\n\t<meta property=\"og:image:type\" content=\"image\/jpeg\" \/>\n<meta name=\"author\" content=\"joaocosta\" \/>\n<meta name=\"twitter:card\" content=\"summary_large_image\" \/>\n<meta name=\"twitter:label1\" content=\"Escrito por\" \/>\n\t<meta name=\"twitter:data1\" content=\"joaocosta\" \/>\n\t<meta name=\"twitter:label2\" content=\"Est. tempo de leitura\" \/>\n\t<meta name=\"twitter:data2\" content=\"2 minutos\" \/>\n<script type=\"application\/ld+json\" class=\"yoast-schema-graph\">{\"@context\":\"https:\\\/\\\/schema.org\",\"@graph\":[{\"@type\":\"Article\",\"@id\":\"https:\\\/\\\/blogdojoaocosta.com.br\\\/?p=767#article\",\"isPartOf\":{\"@id\":\"https:\\\/\\\/blogdojoaocosta.com.br\\\/?p=767\"},\"author\":{\"name\":\"joaocosta\",\"@id\":\"https:\\\/\\\/blogdojoaocosta.com.br\\\/#\\\/schema\\\/person\\\/af1c9fa31a41a9d29c32f74b41d55f6e\"},\"headline\":\"Morre Dona Roselina, rainha dos negros do Ros\u00e1rio de Pombal\",\"datePublished\":\"2023-03-09T23:01:05+00:00\",\"mainEntityOfPage\":{\"@id\":\"https:\\\/\\\/blogdojoaocosta.com.br\\\/?p=767\"},\"wordCount\":219,\"commentCount\":0,\"image\":{\"@id\":\"https:\\\/\\\/blogdojoaocosta.com.br\\\/?p=767#primaryimage\"},\"thumbnailUrl\":\"https:\\\/\\\/blogdojoaocosta.com.br\\\/wp-content\\\/uploads\\\/2023\\\/03\\\/Rosinha.jpeg\",\"articleSection\":[\"Cultura\"],\"inLanguage\":\"pt-BR\",\"potentialAction\":[{\"@type\":\"CommentAction\",\"name\":\"Comment\",\"target\":[\"https:\\\/\\\/blogdojoaocosta.com.br\\\/?p=767#respond\"]}]},{\"@type\":\"WebPage\",\"@id\":\"https:\\\/\\\/blogdojoaocosta.com.br\\\/?p=767\",\"url\":\"https:\\\/\\\/blogdojoaocosta.com.br\\\/?p=767\",\"name\":\"Morre Dona Roselina, rainha dos negros do Ros\u00e1rio de Pombal - Blog do Jo\u00e3o Costa\",\"isPartOf\":{\"@id\":\"https:\\\/\\\/blogdojoaocosta.com.br\\\/#website\"},\"primaryImageOfPage\":{\"@id\":\"https:\\\/\\\/blogdojoaocosta.com.br\\\/?p=767#primaryimage\"},\"image\":{\"@id\":\"https:\\\/\\\/blogdojoaocosta.com.br\\\/?p=767#primaryimage\"},\"thumbnailUrl\":\"https:\\\/\\\/blogdojoaocosta.com.br\\\/wp-content\\\/uploads\\\/2023\\\/03\\\/Rosinha.jpeg\",\"datePublished\":\"2023-03-09T23:01:05+00:00\",\"author\":{\"@id\":\"https:\\\/\\\/blogdojoaocosta.com.br\\\/#\\\/schema\\\/person\\\/af1c9fa31a41a9d29c32f74b41d55f6e\"},\"breadcrumb\":{\"@id\":\"https:\\\/\\\/blogdojoaocosta.com.br\\\/?p=767#breadcrumb\"},\"inLanguage\":\"pt-BR\",\"potentialAction\":[{\"@type\":\"ReadAction\",\"target\":[\"https:\\\/\\\/blogdojoaocosta.com.br\\\/?p=767\"]}]},{\"@type\":\"ImageObject\",\"inLanguage\":\"pt-BR\",\"@id\":\"https:\\\/\\\/blogdojoaocosta.com.br\\\/?p=767#primaryimage\",\"url\":\"https:\\\/\\\/blogdojoaocosta.com.br\\\/wp-content\\\/uploads\\\/2023\\\/03\\\/Rosinha.jpeg\",\"contentUrl\":\"https:\\\/\\\/blogdojoaocosta.com.br\\\/wp-content\\\/uploads\\\/2023\\\/03\\\/Rosinha.jpeg\",\"width\":1001,\"height\":1600},{\"@type\":\"BreadcrumbList\",\"@id\":\"https:\\\/\\\/blogdojoaocosta.com.br\\\/?p=767#breadcrumb\",\"itemListElement\":[{\"@type\":\"ListItem\",\"position\":1,\"name\":\"In\u00edcio\",\"item\":\"https:\\\/\\\/blogdojoaocosta.com.br\\\/\"},{\"@type\":\"ListItem\",\"position\":2,\"name\":\"Morre Dona Roselina, rainha dos negros do Ros\u00e1rio de Pombal\"}]},{\"@type\":\"WebSite\",\"@id\":\"https:\\\/\\\/blogdojoaocosta.com.br\\\/#website\",\"url\":\"https:\\\/\\\/blogdojoaocosta.com.br\\\/\",\"name\":\"Blog do Jo\u00e3o Costa\",\"description\":\"Assim Caminha a Humanidade\",\"potentialAction\":[{\"@type\":\"SearchAction\",\"target\":{\"@type\":\"EntryPoint\",\"urlTemplate\":\"https:\\\/\\\/blogdojoaocosta.com.br\\\/?s={search_term_string}\"},\"query-input\":{\"@type\":\"PropertyValueSpecification\",\"valueRequired\":true,\"valueName\":\"search_term_string\"}}],\"inLanguage\":\"pt-BR\"},{\"@type\":\"Person\",\"@id\":\"https:\\\/\\\/blogdojoaocosta.com.br\\\/#\\\/schema\\\/person\\\/af1c9fa31a41a9d29c32f74b41d55f6e\",\"name\":\"joaocosta\",\"image\":{\"@type\":\"ImageObject\",\"inLanguage\":\"pt-BR\",\"@id\":\"https:\\\/\\\/secure.gravatar.com\\\/avatar\\\/677b6f1fc54e8c7982d7dce3cfe65fce28f898f70d9b8b631786a0b1b18b11e5?s=96&d=mm&r=g\",\"url\":\"https:\\\/\\\/secure.gravatar.com\\\/avatar\\\/677b6f1fc54e8c7982d7dce3cfe65fce28f898f70d9b8b631786a0b1b18b11e5?s=96&d=mm&r=g\",\"contentUrl\":\"https:\\\/\\\/secure.gravatar.com\\\/avatar\\\/677b6f1fc54e8c7982d7dce3cfe65fce28f898f70d9b8b631786a0b1b18b11e5?s=96&d=mm&r=g\",\"caption\":\"joaocosta\"},\"sameAs\":[\"http:\\\/\\\/blogdojoaocosta.com.br\"],\"url\":\"https:\\\/\\\/blogdojoaocosta.com.br\\\/?author=1\"}]}<\/script>\n<!-- \/ Yoast SEO plugin. -->","yoast_head_json":{"title":"Morre Dona Roselina, rainha dos negros do Ros\u00e1rio de Pombal - Blog do Jo\u00e3o Costa","robots":{"index":"index","follow":"follow","max-snippet":"max-snippet:-1","max-image-preview":"max-image-preview:large","max-video-preview":"max-video-preview:-1"},"canonical":"https:\/\/blogdojoaocosta.com.br\/?p=767","og_locale":"pt_BR","og_type":"article","og_title":"Morre Dona Roselina, rainha dos negros do Ros\u00e1rio de Pombal - Blog do Jo\u00e3o Costa","og_description":"Bandeira a meio mastro na Igreja dos Negros do Ros\u00e1rio de Pombal. Pombal chora a morte de Dona Roselina, a Rainha perpetua da Irmandade dos Negros do Ros\u00e1rio de Pombal. A Rainha Roselina da Silva, foi intitulada de rainha perp\u00e9tua, por ter sido reeleita por v\u00e1rios mandatos. O t\u00edtulo \u00e9 comum a todas as ex-rainhas, [&hellip;]","og_url":"https:\/\/blogdojoaocosta.com.br\/?p=767","og_site_name":"Blog do Jo\u00e3o Costa","article_published_time":"2023-03-09T23:01:05+00:00","og_image":[{"width":1001,"height":1600,"url":"https:\/\/blogdojoaocosta.com.br\/wp-content\/uploads\/2023\/03\/Rosinha.jpeg","type":"image\/jpeg"}],"author":"joaocosta","twitter_card":"summary_large_image","twitter_misc":{"Escrito por":"joaocosta","Est. tempo de leitura":"2 minutos"},"schema":{"@context":"https:\/\/schema.org","@graph":[{"@type":"Article","@id":"https:\/\/blogdojoaocosta.com.br\/?p=767#article","isPartOf":{"@id":"https:\/\/blogdojoaocosta.com.br\/?p=767"},"author":{"name":"joaocosta","@id":"https:\/\/blogdojoaocosta.com.br\/#\/schema\/person\/af1c9fa31a41a9d29c32f74b41d55f6e"},"headline":"Morre Dona Roselina, rainha dos negros do Ros\u00e1rio de Pombal","datePublished":"2023-03-09T23:01:05+00:00","mainEntityOfPage":{"@id":"https:\/\/blogdojoaocosta.com.br\/?p=767"},"wordCount":219,"commentCount":0,"image":{"@id":"https:\/\/blogdojoaocosta.com.br\/?p=767#primaryimage"},"thumbnailUrl":"https:\/\/blogdojoaocosta.com.br\/wp-content\/uploads\/2023\/03\/Rosinha.jpeg","articleSection":["Cultura"],"inLanguage":"pt-BR","potentialAction":[{"@type":"CommentAction","name":"Comment","target":["https:\/\/blogdojoaocosta.com.br\/?p=767#respond"]}]},{"@type":"WebPage","@id":"https:\/\/blogdojoaocosta.com.br\/?p=767","url":"https:\/\/blogdojoaocosta.com.br\/?p=767","name":"Morre Dona Roselina, rainha dos negros do Ros\u00e1rio de Pombal - Blog do Jo\u00e3o Costa","isPartOf":{"@id":"https:\/\/blogdojoaocosta.com.br\/#website"},"primaryImageOfPage":{"@id":"https:\/\/blogdojoaocosta.com.br\/?p=767#primaryimage"},"image":{"@id":"https:\/\/blogdojoaocosta.com.br\/?p=767#primaryimage"},"thumbnailUrl":"https:\/\/blogdojoaocosta.com.br\/wp-content\/uploads\/2023\/03\/Rosinha.jpeg","datePublished":"2023-03-09T23:01:05+00:00","author":{"@id":"https:\/\/blogdojoaocosta.com.br\/#\/schema\/person\/af1c9fa31a41a9d29c32f74b41d55f6e"},"breadcrumb":{"@id":"https:\/\/blogdojoaocosta.com.br\/?p=767#breadcrumb"},"inLanguage":"pt-BR","potentialAction":[{"@type":"ReadAction","target":["https:\/\/blogdojoaocosta.com.br\/?p=767"]}]},{"@type":"ImageObject","inLanguage":"pt-BR","@id":"https:\/\/blogdojoaocosta.com.br\/?p=767#primaryimage","url":"https:\/\/blogdojoaocosta.com.br\/wp-content\/uploads\/2023\/03\/Rosinha.jpeg","contentUrl":"https:\/\/blogdojoaocosta.com.br\/wp-content\/uploads\/2023\/03\/Rosinha.jpeg","width":1001,"height":1600},{"@type":"BreadcrumbList","@id":"https:\/\/blogdojoaocosta.com.br\/?p=767#breadcrumb","itemListElement":[{"@type":"ListItem","position":1,"name":"In\u00edcio","item":"https:\/\/blogdojoaocosta.com.br\/"},{"@type":"ListItem","position":2,"name":"Morre Dona Roselina, rainha dos negros do Ros\u00e1rio de Pombal"}]},{"@type":"WebSite","@id":"https:\/\/blogdojoaocosta.com.br\/#website","url":"https:\/\/blogdojoaocosta.com.br\/","name":"Blog do Jo\u00e3o Costa","description":"Assim Caminha a Humanidade","potentialAction":[{"@type":"SearchAction","target":{"@type":"EntryPoint","urlTemplate":"https:\/\/blogdojoaocosta.com.br\/?s={search_term_string}"},"query-input":{"@type":"PropertyValueSpecification","valueRequired":true,"valueName":"search_term_string"}}],"inLanguage":"pt-BR"},{"@type":"Person","@id":"https:\/\/blogdojoaocosta.com.br\/#\/schema\/person\/af1c9fa31a41a9d29c32f74b41d55f6e","name":"joaocosta","image":{"@type":"ImageObject","inLanguage":"pt-BR","@id":"https:\/\/secure.gravatar.com\/avatar\/677b6f1fc54e8c7982d7dce3cfe65fce28f898f70d9b8b631786a0b1b18b11e5?s=96&d=mm&r=g","url":"https:\/\/secure.gravatar.com\/avatar\/677b6f1fc54e8c7982d7dce3cfe65fce28f898f70d9b8b631786a0b1b18b11e5?s=96&d=mm&r=g","contentUrl":"https:\/\/secure.gravatar.com\/avatar\/677b6f1fc54e8c7982d7dce3cfe65fce28f898f70d9b8b631786a0b1b18b11e5?s=96&d=mm&r=g","caption":"joaocosta"},"sameAs":["http:\/\/blogdojoaocosta.com.br"],"url":"https:\/\/blogdojoaocosta.com.br\/?author=1"}]}},"_links":{"self":[{"href":"https:\/\/blogdojoaocosta.com.br\/index.php?rest_route=\/wp\/v2\/posts\/767","targetHints":{"allow":["GET"]}}],"collection":[{"href":"https:\/\/blogdojoaocosta.com.br\/index.php?rest_route=\/wp\/v2\/posts"}],"about":[{"href":"https:\/\/blogdojoaocosta.com.br\/index.php?rest_route=\/wp\/v2\/types\/post"}],"author":[{"embeddable":true,"href":"https:\/\/blogdojoaocosta.com.br\/index.php?rest_route=\/wp\/v2\/users\/1"}],"replies":[{"embeddable":true,"href":"https:\/\/blogdojoaocosta.com.br\/index.php?rest_route=%2Fwp%2Fv2%2Fcomments&post=767"}],"version-history":[{"count":1,"href":"https:\/\/blogdojoaocosta.com.br\/index.php?rest_route=\/wp\/v2\/posts\/767\/revisions"}],"predecessor-version":[{"id":771,"href":"https:\/\/blogdojoaocosta.com.br\/index.php?rest_route=\/wp\/v2\/posts\/767\/revisions\/771"}],"wp:featuredmedia":[{"embeddable":true,"href":"https:\/\/blogdojoaocosta.com.br\/index.php?rest_route=\/wp\/v2\/media\/768"}],"wp:attachment":[{"href":"https:\/\/blogdojoaocosta.com.br\/index.php?rest_route=%2Fwp%2Fv2%2Fmedia&parent=767"}],"wp:term":[{"taxonomy":"category","embeddable":true,"href":"https:\/\/blogdojoaocosta.com.br\/index.php?rest_route=%2Fwp%2Fv2%2Fcategories&post=767"},{"taxonomy":"post_tag","embeddable":true,"href":"https:\/\/blogdojoaocosta.com.br\/index.php?rest_route=%2Fwp%2Fv2%2Ftags&post=767"}],"curies":[{"name":"wp","href":"https:\/\/api.w.org\/{rel}","templated":true}]}}