{"id":855,"date":"2023-03-27T11:18:20","date_gmt":"2023-03-27T14:18:20","guid":{"rendered":"https:\/\/blogdojoaocosta.com.br\/?p=855"},"modified":"2023-03-27T12:09:51","modified_gmt":"2023-03-27T15:09:51","slug":"cariri-cangaco-jornada-exitosa-em-princesa-e-patos-de-irere","status":"publish","type":"post","link":"https:\/\/blogdojoaocosta.com.br\/?p=855","title":{"rendered":"Cariri Canga\u00e7o: jornada exitosa em Princesa e Patos de Irer\u00ea"},"content":{"rendered":"<p>A 2\u00aa edi\u00e7\u00e3o do Cariri Canga\u00e7o, em Princesa Isabel-Patos de Irer\u00ea(PB) e Triunfo, em Pernambuco, chegou ao fim no \u00faltimo domingo, assinalando um dos maiores encontros de pesquisadores e historiadores do fen\u00f4meno canga\u00e7o, marcado tamb\u00e9m pela presen\u00e7a de contingente da Pol\u00edcia Militar da Para\u00edba, que exibiu no evento algumas pe\u00e7as do material b\u00e9lico usado pela corpora\u00e7\u00e3o durante a Revolta de Princesa.<\/p>\n<p>&nbsp;<\/p>\n<p>O blog reproduz a seguir trechos do artigo de agradecimentos do historiador Emanoel Arruda e imagens do evento.<\/p>\n<p>\u201cN\u00f3s sempre buscamos divulgar ao m\u00e1ximo nossas atividades, mas dessa vez houve uma integra\u00e7\u00e3o espont\u00e2nea dos internautas e blogueiros. Foi surpreendente e animador ver como a nossa hist\u00f3ria \u00e9 fascinante e atrativa. Com certeza teremos mais apaixonados nos acompanhando nas pr\u00f3ximas edi\u00e7\u00f5es\u201d, escreve Arruda.<\/p>\n<p><img decoding=\"async\" class=\"alignnone size-medium wp-image-858\" src=\"https:\/\/blogdojoaocosta.com.br\/wp-content\/uploads\/2023\/03\/Emanoel-boa-300x200.jpeg\" alt=\"\" width=\"300\" height=\"200\" srcset=\"https:\/\/blogdojoaocosta.com.br\/wp-content\/uploads\/2023\/03\/Emanoel-boa-300x200.jpeg 300w, https:\/\/blogdojoaocosta.com.br\/wp-content\/uploads\/2023\/03\/Emanoel-boa-1024x682.jpeg 1024w, https:\/\/blogdojoaocosta.com.br\/wp-content\/uploads\/2023\/03\/Emanoel-boa-768x512.jpeg 768w, https:\/\/blogdojoaocosta.com.br\/wp-content\/uploads\/2023\/03\/Emanoel-boa-1536x1023.jpeg 1536w, https:\/\/blogdojoaocosta.com.br\/wp-content\/uploads\/2023\/03\/Emanoel-boa.jpeg 1600w\" sizes=\"(max-width: 300px) 100vw, 300px\" \/><\/p>\n<p><em><strong>Emanoel Arruda, conselheiro e organizador do Cariri, em Princesa<\/strong><\/em><\/p>\n<p><img decoding=\"async\" class=\"alignnone size-medium wp-image-857\" src=\"https:\/\/blogdojoaocosta.com.br\/wp-content\/uploads\/2023\/03\/Tropavolante-300x249.jpeg\" alt=\"\" width=\"300\" height=\"249\" srcset=\"https:\/\/blogdojoaocosta.com.br\/wp-content\/uploads\/2023\/03\/Tropavolante-300x249.jpeg 300w, https:\/\/blogdojoaocosta.com.br\/wp-content\/uploads\/2023\/03\/Tropavolante-768x636.jpeg 768w, https:\/\/blogdojoaocosta.com.br\/wp-content\/uploads\/2023\/03\/Tropavolante.jpeg 869w\" sizes=\"(max-width: 300px) 100vw, 300px\" \/><\/p>\n<p><em><strong>Volantes no Palacete, 93 anos depois da Revolta<\/strong><\/em><\/p>\n<p>\u201cEsta imagem do palacete simboliza um pouco do que falo. Nela, a Pol\u00edcia Militar da Para\u00edba, em forma\u00e7\u00e3o dentro do Palacete do Coronel Jos\u00e9 Pereira, toca a can\u00e7\u00e3o: &#8220;Acorda Maria Bonita&#8221;, numa apresenta\u00e7\u00e3o que mostrou que esta edi\u00e7\u00e3o do Cariri Canga\u00e7o seria diferente. Depois deste in\u00edcio eletrizante, n\u00e3o houve um minuto que algo intenso n\u00e3o surgisse na programa\u00e7\u00e3o\u201d, acrescenta Emanoel Arruda, um dos conselheiros do Cariri Canga\u00e7o.<\/p>\n<p><img decoding=\"async\" class=\"alignnone size-medium wp-image-859\" src=\"https:\/\/blogdojoaocosta.com.br\/wp-content\/uploads\/2023\/03\/Mesa-virgulino-300x225.jpeg\" alt=\"\" width=\"300\" height=\"225\" srcset=\"https:\/\/blogdojoaocosta.com.br\/wp-content\/uploads\/2023\/03\/Mesa-virgulino-300x225.jpeg 300w, https:\/\/blogdojoaocosta.com.br\/wp-content\/uploads\/2023\/03\/Mesa-virgulino-1024x768.jpeg 1024w, https:\/\/blogdojoaocosta.com.br\/wp-content\/uploads\/2023\/03\/Mesa-virgulino-768x576.jpeg 768w, https:\/\/blogdojoaocosta.com.br\/wp-content\/uploads\/2023\/03\/Mesa-virgulino-1536x1152.jpeg 1536w, https:\/\/blogdojoaocosta.com.br\/wp-content\/uploads\/2023\/03\/Mesa-virgulino.jpeg 1600w\" sizes=\"(max-width: 300px) 100vw, 300px\" \/><\/p>\n<p><em><strong>Pesquisadores ocupam a famosa mesa de Virgulino e Marcolino<\/strong><\/em><\/p>\n<p><img decoding=\"async\" class=\"alignnone size-medium wp-image-860\" src=\"https:\/\/blogdojoaocosta.com.br\/wp-content\/uploads\/2023\/03\/Lampiao-eManuel-S-300x277.jpeg\" alt=\"\" width=\"300\" height=\"277\" srcset=\"https:\/\/blogdojoaocosta.com.br\/wp-content\/uploads\/2023\/03\/Lampiao-eManuel-S-300x277.jpeg 300w, https:\/\/blogdojoaocosta.com.br\/wp-content\/uploads\/2023\/03\/Lampiao-eManuel-S.jpeg 624w\" sizes=\"(max-width: 300px) 100vw, 300px\" \/><\/p>\n<p><em><strong>Cap. Quirino, C\u00e9lia e Manuel Suassuna: conselheiros<\/strong><\/em><\/p>\n<h2>Revolta de Princesa, segundo Hesdras e Z\u00e9 Tavares<\/h2>\n<p>Em seu artigo, Arruda destaca as palestras dos historiadores Hesdras Sousa e Jos\u00e9 Tavares sobre aspectos da Revolta de Princesa.<\/p>\n<p>V\u00eddeo: pesquisador Jos\u00e9 Tavares exp\u00f5e combate durante a Revolta de Princesa:<\/p>\n<div style=\"width: 640px;\" class=\"wp-video\"><video class=\"wp-video-shortcode\" id=\"video-855-1\" width=\"640\" height=\"352\" preload=\"metadata\" controls=\"controls\"><source type=\"video\/mp4\" src=\"https:\/\/blogdojoaocosta.com.br\/wp-content\/uploads\/2023\/03\/emboscada.mp4?_=1\" \/><a href=\"https:\/\/blogdojoaocosta.com.br\/wp-content\/uploads\/2023\/03\/emboscada.mp4\">https:\/\/blogdojoaocosta.com.br\/wp-content\/uploads\/2023\/03\/emboscada.mp4<\/a><\/video><\/div>\n<p>\u201cA palestra do Hesdras Souto foi digna do momento e chamou a aten\u00e7\u00e3o para a riqueza inexplorada que temos. Jos\u00e9 Tavares, no seu anivers\u00e1rio, nos presenteia com um banho de erudi\u00e7\u00e3o e conhecimento minucioso de um dos momentos mais agitados na Hist\u00f3ria do Brasil e seus envolvidos\u201d.<\/p>\n<p><img decoding=\"async\" class=\"alignnone size-medium wp-image-865\" src=\"https:\/\/blogdojoaocosta.com.br\/wp-content\/uploads\/2023\/03\/Hesdras-livro-206x300.jpeg\" alt=\"\" width=\"206\" height=\"300\" srcset=\"https:\/\/blogdojoaocosta.com.br\/wp-content\/uploads\/2023\/03\/Hesdras-livro-206x300.jpeg 206w, https:\/\/blogdojoaocosta.com.br\/wp-content\/uploads\/2023\/03\/Hesdras-livro-704x1024.jpeg 704w, https:\/\/blogdojoaocosta.com.br\/wp-content\/uploads\/2023\/03\/Hesdras-livro.jpeg 750w\" sizes=\"(max-width: 206px) 100vw, 206px\" \/><\/p>\n<p><em><strong>Hesdras: a revolta segundo correspondentes estrangeiros<\/strong><\/em><\/p>\n<p><img decoding=\"async\" class=\"alignnone size-medium wp-image-862\" src=\"https:\/\/blogdojoaocosta.com.br\/wp-content\/uploads\/2023\/03\/Ferra-Wilson-225x300.jpeg\" alt=\"\" width=\"225\" height=\"300\" srcset=\"https:\/\/blogdojoaocosta.com.br\/wp-content\/uploads\/2023\/03\/Ferra-Wilson-225x300.jpeg 225w, https:\/\/blogdojoaocosta.com.br\/wp-content\/uploads\/2023\/03\/Ferra-Wilson-768x1024.jpeg 768w, https:\/\/blogdojoaocosta.com.br\/wp-content\/uploads\/2023\/03\/Ferra-Wilson-1152x1536.jpeg 1152w, https:\/\/blogdojoaocosta.com.br\/wp-content\/uploads\/2023\/03\/Ferra-Wilson.jpeg 1200w\" sizes=\"(max-width: 225px) 100vw, 225px\" \/><\/p>\n<p><em><strong>Luiz Ferraz(E) e Wilson da Pi\u00e7arra, pesquisadores<\/strong><\/em><\/p>\n<p><img decoding=\"async\" class=\"alignnone size-medium wp-image-863\" src=\"https:\/\/blogdojoaocosta.com.br\/wp-content\/uploads\/2023\/03\/Svero-e-tavares-300x169.jpeg\" alt=\"\" width=\"300\" height=\"169\" srcset=\"https:\/\/blogdojoaocosta.com.br\/wp-content\/uploads\/2023\/03\/Svero-e-tavares-300x169.jpeg 300w, https:\/\/blogdojoaocosta.com.br\/wp-content\/uploads\/2023\/03\/Svero-e-tavares-1024x576.jpeg 1024w, https:\/\/blogdojoaocosta.com.br\/wp-content\/uploads\/2023\/03\/Svero-e-tavares-768x432.jpeg 768w, https:\/\/blogdojoaocosta.com.br\/wp-content\/uploads\/2023\/03\/Svero-e-tavares.jpeg 1280w\" sizes=\"(max-width: 300px) 100vw, 300px\" \/><\/p>\n<p><em><strong>Manoel Severo(E) e Jos\u00e9 Tavares, pesquisadores<\/strong><\/em><\/p>\n<p>O Cariri Canga\u00e7o de 2023 refletiu um grande leque de institui\u00e7\u00f5es no resgate da mem\u00f3ria hist\u00f3rica da Regi\u00e3o de Princesa Isabel-Triunfo nos eventos que transformaram a pol\u00edtica nos estados da Para\u00edba e Pernambuco. Foram elas Prefeituras Municipais de Princesa, Triunfo e S\u00e3o Jos\u00e9 de Princesa, Memorial Pereira Lima, Pol\u00edcia Militar da Para\u00edba &#8211; PMPB, GEPEC, GECAP, GECC, ABLAC, SBEC, somados a presen\u00e7a de tantos Institutos Hist\u00f3ricos e Geogr\u00e1ficos, Academias de Letras al\u00e9m de grupos culturais da regi\u00e3o.<\/p>\n<div style=\"width: 352px;\" class=\"wp-video\"><video class=\"wp-video-shortcode\" id=\"video-855-2\" width=\"352\" height=\"640\" preload=\"metadata\" controls=\"controls\"><source type=\"video\/mp4\" src=\"https:\/\/blogdojoaocosta.com.br\/wp-content\/uploads\/2023\/03\/Caririvideo.mp4?_=2\" \/><a href=\"https:\/\/blogdojoaocosta.com.br\/wp-content\/uploads\/2023\/03\/Caririvideo.mp4\">https:\/\/blogdojoaocosta.com.br\/wp-content\/uploads\/2023\/03\/Caririvideo.mp4<\/a><\/video><\/div>\n<p>Imagens:\u00a0 grupos de WhatsApp de canga\u00e7o, Erick Clementino ( foto de Emanoel)<\/p>\n","protected":false},"excerpt":{"rendered":"<p>A 2\u00aa edi\u00e7\u00e3o do Cariri Canga\u00e7o, em Princesa Isabel-Patos de Irer\u00ea(PB) e Triunfo, em Pernambuco, chegou ao fim no \u00faltimo domingo, assinalando um dos maiores encontros de pesquisadores e historiadores do fen\u00f4meno canga\u00e7o, marcado tamb\u00e9m pela presen\u00e7a de contingente da Pol\u00edcia Militar da Para\u00edba, que exibiu no evento algumas pe\u00e7as do material b\u00e9lico usado pela [&hellip;]<\/p>\n","protected":false},"author":1,"featured_media":856,"comment_status":"open","ping_status":"open","sticky":false,"template":"","format":"standard","meta":{"footnotes":""},"categories":[10],"tags":[],"class_list":["post-855","post","type-post","status-publish","format-standard","has-post-thumbnail","hentry","category-cangaco"],"yoast_head":"<!-- This site is optimized with the Yoast SEO plugin v27.5 - https:\/\/yoast.com\/product\/yoast-seo-wordpress\/ -->\n<title>Cariri Canga\u00e7o: jornada exitosa em Princesa e Patos de Irer\u00ea - Blog do Jo\u00e3o Costa<\/title>\n<meta name=\"robots\" content=\"index, follow, max-snippet:-1, max-image-preview:large, max-video-preview:-1\" \/>\n<link rel=\"canonical\" href=\"https:\/\/blogdojoaocosta.com.br\/?p=855\" \/>\n<meta property=\"og:locale\" content=\"pt_BR\" \/>\n<meta property=\"og:type\" content=\"article\" \/>\n<meta property=\"og:title\" content=\"Cariri Canga\u00e7o: jornada exitosa em Princesa e Patos de Irer\u00ea - Blog do Jo\u00e3o Costa\" \/>\n<meta property=\"og:description\" content=\"A 2\u00aa edi\u00e7\u00e3o do Cariri Canga\u00e7o, em Princesa Isabel-Patos de Irer\u00ea(PB) e Triunfo, em Pernambuco, chegou ao fim no \u00faltimo domingo, assinalando um dos maiores encontros de pesquisadores e historiadores do fen\u00f4meno canga\u00e7o, marcado tamb\u00e9m pela presen\u00e7a de contingente da Pol\u00edcia Militar da Para\u00edba, que exibiu no evento algumas pe\u00e7as do material b\u00e9lico usado pela [&hellip;]\" \/>\n<meta property=\"og:url\" content=\"https:\/\/blogdojoaocosta.com.br\/?p=855\" \/>\n<meta property=\"og:site_name\" content=\"Blog do Jo\u00e3o Costa\" \/>\n<meta property=\"article:published_time\" content=\"2023-03-27T14:18:20+00:00\" \/>\n<meta property=\"article:modified_time\" content=\"2023-03-27T15:09:51+00:00\" \/>\n<meta property=\"og:image\" content=\"https:\/\/blogdojoaocosta.com.br\/wp-content\/uploads\/2023\/03\/Manoel-Severoboa.jpeg\" \/>\n\t<meta property=\"og:image:width\" content=\"1600\" \/>\n\t<meta property=\"og:image:height\" content=\"1066\" \/>\n\t<meta property=\"og:image:type\" content=\"image\/jpeg\" \/>\n<meta name=\"author\" content=\"joaocosta\" \/>\n<meta name=\"twitter:card\" content=\"summary_large_image\" \/>\n<meta name=\"twitter:label1\" content=\"Escrito por\" \/>\n\t<meta name=\"twitter:data1\" content=\"joaocosta\" \/>\n\t<meta name=\"twitter:label2\" content=\"Est. tempo de leitura\" \/>\n\t<meta name=\"twitter:data2\" content=\"4 minutos\" \/>\n<script type=\"application\/ld+json\" class=\"yoast-schema-graph\">{\"@context\":\"https:\\\/\\\/schema.org\",\"@graph\":[{\"@type\":\"Article\",\"@id\":\"https:\\\/\\\/blogdojoaocosta.com.br\\\/?p=855#article\",\"isPartOf\":{\"@id\":\"https:\\\/\\\/blogdojoaocosta.com.br\\\/?p=855\"},\"author\":{\"name\":\"joaocosta\",\"@id\":\"https:\\\/\\\/blogdojoaocosta.com.br\\\/#\\\/schema\\\/person\\\/af1c9fa31a41a9d29c32f74b41d55f6e\"},\"headline\":\"Cariri Canga\u00e7o: jornada exitosa em Princesa e Patos de Irer\u00ea\",\"datePublished\":\"2023-03-27T14:18:20+00:00\",\"dateModified\":\"2023-03-27T15:09:51+00:00\",\"mainEntityOfPage\":{\"@id\":\"https:\\\/\\\/blogdojoaocosta.com.br\\\/?p=855\"},\"wordCount\":507,\"commentCount\":0,\"image\":{\"@id\":\"https:\\\/\\\/blogdojoaocosta.com.br\\\/?p=855#primaryimage\"},\"thumbnailUrl\":\"https:\\\/\\\/blogdojoaocosta.com.br\\\/wp-content\\\/uploads\\\/2023\\\/03\\\/Manoel-Severoboa.jpeg\",\"articleSection\":[\"Canga\u00e7o\"],\"inLanguage\":\"pt-BR\",\"potentialAction\":[{\"@type\":\"CommentAction\",\"name\":\"Comment\",\"target\":[\"https:\\\/\\\/blogdojoaocosta.com.br\\\/?p=855#respond\"]}]},{\"@type\":\"WebPage\",\"@id\":\"https:\\\/\\\/blogdojoaocosta.com.br\\\/?p=855\",\"url\":\"https:\\\/\\\/blogdojoaocosta.com.br\\\/?p=855\",\"name\":\"Cariri Canga\u00e7o: jornada exitosa em Princesa e Patos de Irer\u00ea - Blog do Jo\u00e3o Costa\",\"isPartOf\":{\"@id\":\"https:\\\/\\\/blogdojoaocosta.com.br\\\/#website\"},\"primaryImageOfPage\":{\"@id\":\"https:\\\/\\\/blogdojoaocosta.com.br\\\/?p=855#primaryimage\"},\"image\":{\"@id\":\"https:\\\/\\\/blogdojoaocosta.com.br\\\/?p=855#primaryimage\"},\"thumbnailUrl\":\"https:\\\/\\\/blogdojoaocosta.com.br\\\/wp-content\\\/uploads\\\/2023\\\/03\\\/Manoel-Severoboa.jpeg\",\"datePublished\":\"2023-03-27T14:18:20+00:00\",\"dateModified\":\"2023-03-27T15:09:51+00:00\",\"author\":{\"@id\":\"https:\\\/\\\/blogdojoaocosta.com.br\\\/#\\\/schema\\\/person\\\/af1c9fa31a41a9d29c32f74b41d55f6e\"},\"breadcrumb\":{\"@id\":\"https:\\\/\\\/blogdojoaocosta.com.br\\\/?p=855#breadcrumb\"},\"inLanguage\":\"pt-BR\",\"potentialAction\":[{\"@type\":\"ReadAction\",\"target\":[\"https:\\\/\\\/blogdojoaocosta.com.br\\\/?p=855\"]}]},{\"@type\":\"ImageObject\",\"inLanguage\":\"pt-BR\",\"@id\":\"https:\\\/\\\/blogdojoaocosta.com.br\\\/?p=855#primaryimage\",\"url\":\"https:\\\/\\\/blogdojoaocosta.com.br\\\/wp-content\\\/uploads\\\/2023\\\/03\\\/Manoel-Severoboa.jpeg\",\"contentUrl\":\"https:\\\/\\\/blogdojoaocosta.com.br\\\/wp-content\\\/uploads\\\/2023\\\/03\\\/Manoel-Severoboa.jpeg\",\"width\":1600,\"height\":1066},{\"@type\":\"BreadcrumbList\",\"@id\":\"https:\\\/\\\/blogdojoaocosta.com.br\\\/?p=855#breadcrumb\",\"itemListElement\":[{\"@type\":\"ListItem\",\"position\":1,\"name\":\"In\u00edcio\",\"item\":\"https:\\\/\\\/blogdojoaocosta.com.br\\\/\"},{\"@type\":\"ListItem\",\"position\":2,\"name\":\"Cariri Canga\u00e7o: jornada exitosa em Princesa e Patos de Irer\u00ea\"}]},{\"@type\":\"WebSite\",\"@id\":\"https:\\\/\\\/blogdojoaocosta.com.br\\\/#website\",\"url\":\"https:\\\/\\\/blogdojoaocosta.com.br\\\/\",\"name\":\"Blog do Jo\u00e3o Costa\",\"description\":\"Assim Caminha a Humanidade\",\"potentialAction\":[{\"@type\":\"SearchAction\",\"target\":{\"@type\":\"EntryPoint\",\"urlTemplate\":\"https:\\\/\\\/blogdojoaocosta.com.br\\\/?s={search_term_string}\"},\"query-input\":{\"@type\":\"PropertyValueSpecification\",\"valueRequired\":true,\"valueName\":\"search_term_string\"}}],\"inLanguage\":\"pt-BR\"},{\"@type\":\"Person\",\"@id\":\"https:\\\/\\\/blogdojoaocosta.com.br\\\/#\\\/schema\\\/person\\\/af1c9fa31a41a9d29c32f74b41d55f6e\",\"name\":\"joaocosta\",\"image\":{\"@type\":\"ImageObject\",\"inLanguage\":\"pt-BR\",\"@id\":\"https:\\\/\\\/secure.gravatar.com\\\/avatar\\\/677b6f1fc54e8c7982d7dce3cfe65fce28f898f70d9b8b631786a0b1b18b11e5?s=96&d=mm&r=g\",\"url\":\"https:\\\/\\\/secure.gravatar.com\\\/avatar\\\/677b6f1fc54e8c7982d7dce3cfe65fce28f898f70d9b8b631786a0b1b18b11e5?s=96&d=mm&r=g\",\"contentUrl\":\"https:\\\/\\\/secure.gravatar.com\\\/avatar\\\/677b6f1fc54e8c7982d7dce3cfe65fce28f898f70d9b8b631786a0b1b18b11e5?s=96&d=mm&r=g\",\"caption\":\"joaocosta\"},\"sameAs\":[\"http:\\\/\\\/blogdojoaocosta.com.br\"],\"url\":\"https:\\\/\\\/blogdojoaocosta.com.br\\\/?author=1\"}]}<\/script>\n<!-- \/ Yoast SEO plugin. -->","yoast_head_json":{"title":"Cariri Canga\u00e7o: jornada exitosa em Princesa e Patos de Irer\u00ea - Blog do Jo\u00e3o Costa","robots":{"index":"index","follow":"follow","max-snippet":"max-snippet:-1","max-image-preview":"max-image-preview:large","max-video-preview":"max-video-preview:-1"},"canonical":"https:\/\/blogdojoaocosta.com.br\/?p=855","og_locale":"pt_BR","og_type":"article","og_title":"Cariri Canga\u00e7o: jornada exitosa em Princesa e Patos de Irer\u00ea - Blog do Jo\u00e3o Costa","og_description":"A 2\u00aa edi\u00e7\u00e3o do Cariri Canga\u00e7o, em Princesa Isabel-Patos de Irer\u00ea(PB) e Triunfo, em Pernambuco, chegou ao fim no \u00faltimo domingo, assinalando um dos maiores encontros de pesquisadores e historiadores do fen\u00f4meno canga\u00e7o, marcado tamb\u00e9m pela presen\u00e7a de contingente da Pol\u00edcia Militar da Para\u00edba, que exibiu no evento algumas pe\u00e7as do material b\u00e9lico usado pela [&hellip;]","og_url":"https:\/\/blogdojoaocosta.com.br\/?p=855","og_site_name":"Blog do Jo\u00e3o Costa","article_published_time":"2023-03-27T14:18:20+00:00","article_modified_time":"2023-03-27T15:09:51+00:00","og_image":[{"width":1600,"height":1066,"url":"https:\/\/blogdojoaocosta.com.br\/wp-content\/uploads\/2023\/03\/Manoel-Severoboa.jpeg","type":"image\/jpeg"}],"author":"joaocosta","twitter_card":"summary_large_image","twitter_misc":{"Escrito por":"joaocosta","Est. tempo de leitura":"4 minutos"},"schema":{"@context":"https:\/\/schema.org","@graph":[{"@type":"Article","@id":"https:\/\/blogdojoaocosta.com.br\/?p=855#article","isPartOf":{"@id":"https:\/\/blogdojoaocosta.com.br\/?p=855"},"author":{"name":"joaocosta","@id":"https:\/\/blogdojoaocosta.com.br\/#\/schema\/person\/af1c9fa31a41a9d29c32f74b41d55f6e"},"headline":"Cariri Canga\u00e7o: jornada exitosa em Princesa e Patos de Irer\u00ea","datePublished":"2023-03-27T14:18:20+00:00","dateModified":"2023-03-27T15:09:51+00:00","mainEntityOfPage":{"@id":"https:\/\/blogdojoaocosta.com.br\/?p=855"},"wordCount":507,"commentCount":0,"image":{"@id":"https:\/\/blogdojoaocosta.com.br\/?p=855#primaryimage"},"thumbnailUrl":"https:\/\/blogdojoaocosta.com.br\/wp-content\/uploads\/2023\/03\/Manoel-Severoboa.jpeg","articleSection":["Canga\u00e7o"],"inLanguage":"pt-BR","potentialAction":[{"@type":"CommentAction","name":"Comment","target":["https:\/\/blogdojoaocosta.com.br\/?p=855#respond"]}]},{"@type":"WebPage","@id":"https:\/\/blogdojoaocosta.com.br\/?p=855","url":"https:\/\/blogdojoaocosta.com.br\/?p=855","name":"Cariri Canga\u00e7o: jornada exitosa em Princesa e Patos de Irer\u00ea - Blog do Jo\u00e3o Costa","isPartOf":{"@id":"https:\/\/blogdojoaocosta.com.br\/#website"},"primaryImageOfPage":{"@id":"https:\/\/blogdojoaocosta.com.br\/?p=855#primaryimage"},"image":{"@id":"https:\/\/blogdojoaocosta.com.br\/?p=855#primaryimage"},"thumbnailUrl":"https:\/\/blogdojoaocosta.com.br\/wp-content\/uploads\/2023\/03\/Manoel-Severoboa.jpeg","datePublished":"2023-03-27T14:18:20+00:00","dateModified":"2023-03-27T15:09:51+00:00","author":{"@id":"https:\/\/blogdojoaocosta.com.br\/#\/schema\/person\/af1c9fa31a41a9d29c32f74b41d55f6e"},"breadcrumb":{"@id":"https:\/\/blogdojoaocosta.com.br\/?p=855#breadcrumb"},"inLanguage":"pt-BR","potentialAction":[{"@type":"ReadAction","target":["https:\/\/blogdojoaocosta.com.br\/?p=855"]}]},{"@type":"ImageObject","inLanguage":"pt-BR","@id":"https:\/\/blogdojoaocosta.com.br\/?p=855#primaryimage","url":"https:\/\/blogdojoaocosta.com.br\/wp-content\/uploads\/2023\/03\/Manoel-Severoboa.jpeg","contentUrl":"https:\/\/blogdojoaocosta.com.br\/wp-content\/uploads\/2023\/03\/Manoel-Severoboa.jpeg","width":1600,"height":1066},{"@type":"BreadcrumbList","@id":"https:\/\/blogdojoaocosta.com.br\/?p=855#breadcrumb","itemListElement":[{"@type":"ListItem","position":1,"name":"In\u00edcio","item":"https:\/\/blogdojoaocosta.com.br\/"},{"@type":"ListItem","position":2,"name":"Cariri Canga\u00e7o: jornada exitosa em Princesa e Patos de Irer\u00ea"}]},{"@type":"WebSite","@id":"https:\/\/blogdojoaocosta.com.br\/#website","url":"https:\/\/blogdojoaocosta.com.br\/","name":"Blog do Jo\u00e3o Costa","description":"Assim Caminha a Humanidade","potentialAction":[{"@type":"SearchAction","target":{"@type":"EntryPoint","urlTemplate":"https:\/\/blogdojoaocosta.com.br\/?s={search_term_string}"},"query-input":{"@type":"PropertyValueSpecification","valueRequired":true,"valueName":"search_term_string"}}],"inLanguage":"pt-BR"},{"@type":"Person","@id":"https:\/\/blogdojoaocosta.com.br\/#\/schema\/person\/af1c9fa31a41a9d29c32f74b41d55f6e","name":"joaocosta","image":{"@type":"ImageObject","inLanguage":"pt-BR","@id":"https:\/\/secure.gravatar.com\/avatar\/677b6f1fc54e8c7982d7dce3cfe65fce28f898f70d9b8b631786a0b1b18b11e5?s=96&d=mm&r=g","url":"https:\/\/secure.gravatar.com\/avatar\/677b6f1fc54e8c7982d7dce3cfe65fce28f898f70d9b8b631786a0b1b18b11e5?s=96&d=mm&r=g","contentUrl":"https:\/\/secure.gravatar.com\/avatar\/677b6f1fc54e8c7982d7dce3cfe65fce28f898f70d9b8b631786a0b1b18b11e5?s=96&d=mm&r=g","caption":"joaocosta"},"sameAs":["http:\/\/blogdojoaocosta.com.br"],"url":"https:\/\/blogdojoaocosta.com.br\/?author=1"}]}},"_links":{"self":[{"href":"https:\/\/blogdojoaocosta.com.br\/index.php?rest_route=\/wp\/v2\/posts\/855","targetHints":{"allow":["GET"]}}],"collection":[{"href":"https:\/\/blogdojoaocosta.com.br\/index.php?rest_route=\/wp\/v2\/posts"}],"about":[{"href":"https:\/\/blogdojoaocosta.com.br\/index.php?rest_route=\/wp\/v2\/types\/post"}],"author":[{"embeddable":true,"href":"https:\/\/blogdojoaocosta.com.br\/index.php?rest_route=\/wp\/v2\/users\/1"}],"replies":[{"embeddable":true,"href":"https:\/\/blogdojoaocosta.com.br\/index.php?rest_route=%2Fwp%2Fv2%2Fcomments&post=855"}],"version-history":[{"count":3,"href":"https:\/\/blogdojoaocosta.com.br\/index.php?rest_route=\/wp\/v2\/posts\/855\/revisions"}],"predecessor-version":[{"id":867,"href":"https:\/\/blogdojoaocosta.com.br\/index.php?rest_route=\/wp\/v2\/posts\/855\/revisions\/867"}],"wp:featuredmedia":[{"embeddable":true,"href":"https:\/\/blogdojoaocosta.com.br\/index.php?rest_route=\/wp\/v2\/media\/856"}],"wp:attachment":[{"href":"https:\/\/blogdojoaocosta.com.br\/index.php?rest_route=%2Fwp%2Fv2%2Fmedia&parent=855"}],"wp:term":[{"taxonomy":"category","embeddable":true,"href":"https:\/\/blogdojoaocosta.com.br\/index.php?rest_route=%2Fwp%2Fv2%2Fcategories&post=855"},{"taxonomy":"post_tag","embeddable":true,"href":"https:\/\/blogdojoaocosta.com.br\/index.php?rest_route=%2Fwp%2Fv2%2Ftags&post=855"}],"curies":[{"name":"wp","href":"https:\/\/api.w.org\/{rel}","templated":true}]}}