{"id":889,"date":"2023-03-31T09:15:31","date_gmt":"2023-03-31T12:15:31","guid":{"rendered":"https:\/\/blogdojoaocosta.com.br\/?p=889"},"modified":"2023-03-31T09:15:31","modified_gmt":"2023-03-31T12:15:31","slug":"apos-59-anos-do-golpe-militar-ameacas-a-democracia-seguem","status":"publish","type":"post","link":"https:\/\/blogdojoaocosta.com.br\/?p=889","title":{"rendered":"Ap\u00f3s 59 anos do Golpe Militar, amea\u00e7as \u00e0 Democracia seguem"},"content":{"rendered":"<p>O anivers\u00e1rio de 59 anos do golpe militar de 1964 \u00e9 marcado hoje por danos na imagem dos militares, que aderiram a um governo desqualificado moralmente e intelectualmente, como o do tenente Messias Bolsonaro que ficou marcado pelas 700 mil mortes na pandemia, pelo roubo de joias, pela entrega do patrim\u00f4nio p\u00fablico e pelo baixo desempenho econ\u00f4mico, publica hoje o site 247.<\/p>\n<p>Mesmo ap\u00f3s 59 anos, as amea\u00e7as \u00e0 democracia e ao estado de direito continuam, a exemplo recente da tentativa de golpe de estado em 08 de janeiro de 2023, perpetrado pela extremadireitapentecostal nos ataques aos poderes da Rep\u00fablica, favorecidos pela omiss\u00e3o dos organismos de seguran\u00e7a e apoio de setores das for\u00e7as armadas.<\/p>\n<p>A mat\u00e9ria destaca que o golpe foi \u201cjustificado pelos militares como uma resposta aos supostos perigos de uma suposta amea\u00e7a comunista no pa\u00eds, mas na realidade, o objetivo era manter o poder nas m\u00e3os das elites militares e civis que se opunham \u00e0s reformas sociais e trabalhistas defendidas por Goulart\u201d<\/p>\n<p><img decoding=\"async\" class=\"alignnone size-full wp-image-891\" src=\"https:\/\/blogdojoaocosta.com.br\/wp-content\/uploads\/2023\/03\/Golpe-generais.jpg\" alt=\"\" width=\"271\" height=\"186\" \/><\/p>\n<p><em><strong>General Castelo Branco, de terno, assumiu o poder<\/strong><\/em><\/p>\n<p>A suposta amea\u00e7a comunista fazia parte da narrativa do Departamento de estado norte-americano, que os pa\u00edses alinhados aos EUA, como o Brasil, adotaram. Inclusive par perseguir e eliminar advers\u00e1rios pol\u00edticos.<\/p>\n<p>A partir do golpe, o Brasil passou por um longo per\u00edodo de ditadura militar, que durou at\u00e9 1985, marcado por repress\u00e3o, censura, tortura e desaparecimentos de opositores pol\u00edticos. A economia brasileira cresceu consideravelmente durante esse per\u00edodo, mas as desigualdades sociais tamb\u00e9m aumentaram, com a concentra\u00e7\u00e3o de renda nas m\u00e3os de poucos grupos empresariais e militares. O regime militar foi finalmente encerrado ap\u00f3s uma grande mobiliza\u00e7\u00e3o popular e a realiza\u00e7\u00e3o de elei\u00e7\u00f5es diretas para presidente em 1989, diz a reportagem.<\/p>\n<p>Com site 247<\/p>\n<p>Imagens Memorial da Democracia<\/p>\n<p>&nbsp;<\/p>\n","protected":false},"excerpt":{"rendered":"<p>O anivers\u00e1rio de 59 anos do golpe militar de 1964 \u00e9 marcado hoje por danos na imagem dos militares, que aderiram a um governo desqualificado moralmente e intelectualmente, como o do tenente Messias Bolsonaro que ficou marcado pelas 700 mil mortes na pandemia, pelo roubo de joias, pela entrega do patrim\u00f4nio p\u00fablico e pelo baixo [&hellip;]<\/p>\n","protected":false},"author":1,"featured_media":890,"comment_status":"open","ping_status":"open","sticky":false,"template":"","format":"standard","meta":{"footnotes":""},"categories":[11],"tags":[],"class_list":["post-889","post","type-post","status-publish","format-standard","has-post-thumbnail","hentry","category-politica"],"yoast_head":"<!-- This site is optimized with the Yoast SEO plugin v27.5 - https:\/\/yoast.com\/product\/yoast-seo-wordpress\/ -->\n<title>Ap\u00f3s 59 anos do Golpe Militar, amea\u00e7as \u00e0 Democracia seguem - Blog do Jo\u00e3o Costa<\/title>\n<meta name=\"robots\" content=\"index, follow, max-snippet:-1, max-image-preview:large, max-video-preview:-1\" \/>\n<link rel=\"canonical\" href=\"https:\/\/blogdojoaocosta.com.br\/?p=889\" \/>\n<meta property=\"og:locale\" content=\"pt_BR\" \/>\n<meta property=\"og:type\" content=\"article\" \/>\n<meta property=\"og:title\" content=\"Ap\u00f3s 59 anos do Golpe Militar, amea\u00e7as \u00e0 Democracia seguem - Blog do Jo\u00e3o Costa\" \/>\n<meta property=\"og:description\" content=\"O anivers\u00e1rio de 59 anos do golpe militar de 1964 \u00e9 marcado hoje por danos na imagem dos militares, que aderiram a um governo desqualificado moralmente e intelectualmente, como o do tenente Messias Bolsonaro que ficou marcado pelas 700 mil mortes na pandemia, pelo roubo de joias, pela entrega do patrim\u00f4nio p\u00fablico e pelo baixo [&hellip;]\" \/>\n<meta property=\"og:url\" content=\"https:\/\/blogdojoaocosta.com.br\/?p=889\" \/>\n<meta property=\"og:site_name\" content=\"Blog do Jo\u00e3o Costa\" \/>\n<meta property=\"article:published_time\" content=\"2023-03-31T12:15:31+00:00\" \/>\n<meta property=\"og:image\" content=\"https:\/\/blogdojoaocosta.com.br\/wp-content\/uploads\/2023\/03\/Golpe-capa1.jpeg\" \/>\n\t<meta property=\"og:image:width\" content=\"800\" \/>\n\t<meta property=\"og:image:height\" content=\"300\" \/>\n\t<meta property=\"og:image:type\" content=\"image\/jpeg\" \/>\n<meta name=\"author\" content=\"joaocosta\" \/>\n<meta name=\"twitter:card\" content=\"summary_large_image\" \/>\n<meta name=\"twitter:label1\" content=\"Escrito por\" \/>\n\t<meta name=\"twitter:data1\" content=\"joaocosta\" \/>\n\t<meta name=\"twitter:label2\" content=\"Est. tempo de leitura\" \/>\n\t<meta name=\"twitter:data2\" content=\"2 minutos\" \/>\n<script type=\"application\/ld+json\" class=\"yoast-schema-graph\">{\"@context\":\"https:\\\/\\\/schema.org\",\"@graph\":[{\"@type\":\"Article\",\"@id\":\"https:\\\/\\\/blogdojoaocosta.com.br\\\/?p=889#article\",\"isPartOf\":{\"@id\":\"https:\\\/\\\/blogdojoaocosta.com.br\\\/?p=889\"},\"author\":{\"name\":\"joaocosta\",\"@id\":\"https:\\\/\\\/blogdojoaocosta.com.br\\\/#\\\/schema\\\/person\\\/af1c9fa31a41a9d29c32f74b41d55f6e\"},\"headline\":\"Ap\u00f3s 59 anos do Golpe Militar, amea\u00e7as \u00e0 Democracia seguem\",\"datePublished\":\"2023-03-31T12:15:31+00:00\",\"mainEntityOfPage\":{\"@id\":\"https:\\\/\\\/blogdojoaocosta.com.br\\\/?p=889\"},\"wordCount\":316,\"commentCount\":0,\"image\":{\"@id\":\"https:\\\/\\\/blogdojoaocosta.com.br\\\/?p=889#primaryimage\"},\"thumbnailUrl\":\"https:\\\/\\\/blogdojoaocosta.com.br\\\/wp-content\\\/uploads\\\/2023\\\/03\\\/Golpe-capa1.jpeg\",\"articleSection\":[\"Pol\u00edtica\"],\"inLanguage\":\"pt-BR\",\"potentialAction\":[{\"@type\":\"CommentAction\",\"name\":\"Comment\",\"target\":[\"https:\\\/\\\/blogdojoaocosta.com.br\\\/?p=889#respond\"]}]},{\"@type\":\"WebPage\",\"@id\":\"https:\\\/\\\/blogdojoaocosta.com.br\\\/?p=889\",\"url\":\"https:\\\/\\\/blogdojoaocosta.com.br\\\/?p=889\",\"name\":\"Ap\u00f3s 59 anos do Golpe Militar, amea\u00e7as \u00e0 Democracia seguem - Blog do Jo\u00e3o Costa\",\"isPartOf\":{\"@id\":\"https:\\\/\\\/blogdojoaocosta.com.br\\\/#website\"},\"primaryImageOfPage\":{\"@id\":\"https:\\\/\\\/blogdojoaocosta.com.br\\\/?p=889#primaryimage\"},\"image\":{\"@id\":\"https:\\\/\\\/blogdojoaocosta.com.br\\\/?p=889#primaryimage\"},\"thumbnailUrl\":\"https:\\\/\\\/blogdojoaocosta.com.br\\\/wp-content\\\/uploads\\\/2023\\\/03\\\/Golpe-capa1.jpeg\",\"datePublished\":\"2023-03-31T12:15:31+00:00\",\"author\":{\"@id\":\"https:\\\/\\\/blogdojoaocosta.com.br\\\/#\\\/schema\\\/person\\\/af1c9fa31a41a9d29c32f74b41d55f6e\"},\"breadcrumb\":{\"@id\":\"https:\\\/\\\/blogdojoaocosta.com.br\\\/?p=889#breadcrumb\"},\"inLanguage\":\"pt-BR\",\"potentialAction\":[{\"@type\":\"ReadAction\",\"target\":[\"https:\\\/\\\/blogdojoaocosta.com.br\\\/?p=889\"]}]},{\"@type\":\"ImageObject\",\"inLanguage\":\"pt-BR\",\"@id\":\"https:\\\/\\\/blogdojoaocosta.com.br\\\/?p=889#primaryimage\",\"url\":\"https:\\\/\\\/blogdojoaocosta.com.br\\\/wp-content\\\/uploads\\\/2023\\\/03\\\/Golpe-capa1.jpeg\",\"contentUrl\":\"https:\\\/\\\/blogdojoaocosta.com.br\\\/wp-content\\\/uploads\\\/2023\\\/03\\\/Golpe-capa1.jpeg\",\"width\":800,\"height\":300},{\"@type\":\"BreadcrumbList\",\"@id\":\"https:\\\/\\\/blogdojoaocosta.com.br\\\/?p=889#breadcrumb\",\"itemListElement\":[{\"@type\":\"ListItem\",\"position\":1,\"name\":\"In\u00edcio\",\"item\":\"https:\\\/\\\/blogdojoaocosta.com.br\\\/\"},{\"@type\":\"ListItem\",\"position\":2,\"name\":\"Ap\u00f3s 59 anos do Golpe Militar, amea\u00e7as \u00e0 Democracia seguem\"}]},{\"@type\":\"WebSite\",\"@id\":\"https:\\\/\\\/blogdojoaocosta.com.br\\\/#website\",\"url\":\"https:\\\/\\\/blogdojoaocosta.com.br\\\/\",\"name\":\"Blog do Jo\u00e3o Costa\",\"description\":\"Assim Caminha a Humanidade\",\"potentialAction\":[{\"@type\":\"SearchAction\",\"target\":{\"@type\":\"EntryPoint\",\"urlTemplate\":\"https:\\\/\\\/blogdojoaocosta.com.br\\\/?s={search_term_string}\"},\"query-input\":{\"@type\":\"PropertyValueSpecification\",\"valueRequired\":true,\"valueName\":\"search_term_string\"}}],\"inLanguage\":\"pt-BR\"},{\"@type\":\"Person\",\"@id\":\"https:\\\/\\\/blogdojoaocosta.com.br\\\/#\\\/schema\\\/person\\\/af1c9fa31a41a9d29c32f74b41d55f6e\",\"name\":\"joaocosta\",\"image\":{\"@type\":\"ImageObject\",\"inLanguage\":\"pt-BR\",\"@id\":\"https:\\\/\\\/secure.gravatar.com\\\/avatar\\\/677b6f1fc54e8c7982d7dce3cfe65fce28f898f70d9b8b631786a0b1b18b11e5?s=96&d=mm&r=g\",\"url\":\"https:\\\/\\\/secure.gravatar.com\\\/avatar\\\/677b6f1fc54e8c7982d7dce3cfe65fce28f898f70d9b8b631786a0b1b18b11e5?s=96&d=mm&r=g\",\"contentUrl\":\"https:\\\/\\\/secure.gravatar.com\\\/avatar\\\/677b6f1fc54e8c7982d7dce3cfe65fce28f898f70d9b8b631786a0b1b18b11e5?s=96&d=mm&r=g\",\"caption\":\"joaocosta\"},\"sameAs\":[\"http:\\\/\\\/blogdojoaocosta.com.br\"],\"url\":\"https:\\\/\\\/blogdojoaocosta.com.br\\\/?author=1\"}]}<\/script>\n<!-- \/ Yoast SEO plugin. -->","yoast_head_json":{"title":"Ap\u00f3s 59 anos do Golpe Militar, amea\u00e7as \u00e0 Democracia seguem - Blog do Jo\u00e3o Costa","robots":{"index":"index","follow":"follow","max-snippet":"max-snippet:-1","max-image-preview":"max-image-preview:large","max-video-preview":"max-video-preview:-1"},"canonical":"https:\/\/blogdojoaocosta.com.br\/?p=889","og_locale":"pt_BR","og_type":"article","og_title":"Ap\u00f3s 59 anos do Golpe Militar, amea\u00e7as \u00e0 Democracia seguem - Blog do Jo\u00e3o Costa","og_description":"O anivers\u00e1rio de 59 anos do golpe militar de 1964 \u00e9 marcado hoje por danos na imagem dos militares, que aderiram a um governo desqualificado moralmente e intelectualmente, como o do tenente Messias Bolsonaro que ficou marcado pelas 700 mil mortes na pandemia, pelo roubo de joias, pela entrega do patrim\u00f4nio p\u00fablico e pelo baixo [&hellip;]","og_url":"https:\/\/blogdojoaocosta.com.br\/?p=889","og_site_name":"Blog do Jo\u00e3o Costa","article_published_time":"2023-03-31T12:15:31+00:00","og_image":[{"width":800,"height":300,"url":"https:\/\/blogdojoaocosta.com.br\/wp-content\/uploads\/2023\/03\/Golpe-capa1.jpeg","type":"image\/jpeg"}],"author":"joaocosta","twitter_card":"summary_large_image","twitter_misc":{"Escrito por":"joaocosta","Est. tempo de leitura":"2 minutos"},"schema":{"@context":"https:\/\/schema.org","@graph":[{"@type":"Article","@id":"https:\/\/blogdojoaocosta.com.br\/?p=889#article","isPartOf":{"@id":"https:\/\/blogdojoaocosta.com.br\/?p=889"},"author":{"name":"joaocosta","@id":"https:\/\/blogdojoaocosta.com.br\/#\/schema\/person\/af1c9fa31a41a9d29c32f74b41d55f6e"},"headline":"Ap\u00f3s 59 anos do Golpe Militar, amea\u00e7as \u00e0 Democracia seguem","datePublished":"2023-03-31T12:15:31+00:00","mainEntityOfPage":{"@id":"https:\/\/blogdojoaocosta.com.br\/?p=889"},"wordCount":316,"commentCount":0,"image":{"@id":"https:\/\/blogdojoaocosta.com.br\/?p=889#primaryimage"},"thumbnailUrl":"https:\/\/blogdojoaocosta.com.br\/wp-content\/uploads\/2023\/03\/Golpe-capa1.jpeg","articleSection":["Pol\u00edtica"],"inLanguage":"pt-BR","potentialAction":[{"@type":"CommentAction","name":"Comment","target":["https:\/\/blogdojoaocosta.com.br\/?p=889#respond"]}]},{"@type":"WebPage","@id":"https:\/\/blogdojoaocosta.com.br\/?p=889","url":"https:\/\/blogdojoaocosta.com.br\/?p=889","name":"Ap\u00f3s 59 anos do Golpe Militar, amea\u00e7as \u00e0 Democracia seguem - Blog do Jo\u00e3o Costa","isPartOf":{"@id":"https:\/\/blogdojoaocosta.com.br\/#website"},"primaryImageOfPage":{"@id":"https:\/\/blogdojoaocosta.com.br\/?p=889#primaryimage"},"image":{"@id":"https:\/\/blogdojoaocosta.com.br\/?p=889#primaryimage"},"thumbnailUrl":"https:\/\/blogdojoaocosta.com.br\/wp-content\/uploads\/2023\/03\/Golpe-capa1.jpeg","datePublished":"2023-03-31T12:15:31+00:00","author":{"@id":"https:\/\/blogdojoaocosta.com.br\/#\/schema\/person\/af1c9fa31a41a9d29c32f74b41d55f6e"},"breadcrumb":{"@id":"https:\/\/blogdojoaocosta.com.br\/?p=889#breadcrumb"},"inLanguage":"pt-BR","potentialAction":[{"@type":"ReadAction","target":["https:\/\/blogdojoaocosta.com.br\/?p=889"]}]},{"@type":"ImageObject","inLanguage":"pt-BR","@id":"https:\/\/blogdojoaocosta.com.br\/?p=889#primaryimage","url":"https:\/\/blogdojoaocosta.com.br\/wp-content\/uploads\/2023\/03\/Golpe-capa1.jpeg","contentUrl":"https:\/\/blogdojoaocosta.com.br\/wp-content\/uploads\/2023\/03\/Golpe-capa1.jpeg","width":800,"height":300},{"@type":"BreadcrumbList","@id":"https:\/\/blogdojoaocosta.com.br\/?p=889#breadcrumb","itemListElement":[{"@type":"ListItem","position":1,"name":"In\u00edcio","item":"https:\/\/blogdojoaocosta.com.br\/"},{"@type":"ListItem","position":2,"name":"Ap\u00f3s 59 anos do Golpe Militar, amea\u00e7as \u00e0 Democracia seguem"}]},{"@type":"WebSite","@id":"https:\/\/blogdojoaocosta.com.br\/#website","url":"https:\/\/blogdojoaocosta.com.br\/","name":"Blog do Jo\u00e3o Costa","description":"Assim Caminha a Humanidade","potentialAction":[{"@type":"SearchAction","target":{"@type":"EntryPoint","urlTemplate":"https:\/\/blogdojoaocosta.com.br\/?s={search_term_string}"},"query-input":{"@type":"PropertyValueSpecification","valueRequired":true,"valueName":"search_term_string"}}],"inLanguage":"pt-BR"},{"@type":"Person","@id":"https:\/\/blogdojoaocosta.com.br\/#\/schema\/person\/af1c9fa31a41a9d29c32f74b41d55f6e","name":"joaocosta","image":{"@type":"ImageObject","inLanguage":"pt-BR","@id":"https:\/\/secure.gravatar.com\/avatar\/677b6f1fc54e8c7982d7dce3cfe65fce28f898f70d9b8b631786a0b1b18b11e5?s=96&d=mm&r=g","url":"https:\/\/secure.gravatar.com\/avatar\/677b6f1fc54e8c7982d7dce3cfe65fce28f898f70d9b8b631786a0b1b18b11e5?s=96&d=mm&r=g","contentUrl":"https:\/\/secure.gravatar.com\/avatar\/677b6f1fc54e8c7982d7dce3cfe65fce28f898f70d9b8b631786a0b1b18b11e5?s=96&d=mm&r=g","caption":"joaocosta"},"sameAs":["http:\/\/blogdojoaocosta.com.br"],"url":"https:\/\/blogdojoaocosta.com.br\/?author=1"}]}},"_links":{"self":[{"href":"https:\/\/blogdojoaocosta.com.br\/index.php?rest_route=\/wp\/v2\/posts\/889","targetHints":{"allow":["GET"]}}],"collection":[{"href":"https:\/\/blogdojoaocosta.com.br\/index.php?rest_route=\/wp\/v2\/posts"}],"about":[{"href":"https:\/\/blogdojoaocosta.com.br\/index.php?rest_route=\/wp\/v2\/types\/post"}],"author":[{"embeddable":true,"href":"https:\/\/blogdojoaocosta.com.br\/index.php?rest_route=\/wp\/v2\/users\/1"}],"replies":[{"embeddable":true,"href":"https:\/\/blogdojoaocosta.com.br\/index.php?rest_route=%2Fwp%2Fv2%2Fcomments&post=889"}],"version-history":[{"count":1,"href":"https:\/\/blogdojoaocosta.com.br\/index.php?rest_route=\/wp\/v2\/posts\/889\/revisions"}],"predecessor-version":[{"id":892,"href":"https:\/\/blogdojoaocosta.com.br\/index.php?rest_route=\/wp\/v2\/posts\/889\/revisions\/892"}],"wp:featuredmedia":[{"embeddable":true,"href":"https:\/\/blogdojoaocosta.com.br\/index.php?rest_route=\/wp\/v2\/media\/890"}],"wp:attachment":[{"href":"https:\/\/blogdojoaocosta.com.br\/index.php?rest_route=%2Fwp%2Fv2%2Fmedia&parent=889"}],"wp:term":[{"taxonomy":"category","embeddable":true,"href":"https:\/\/blogdojoaocosta.com.br\/index.php?rest_route=%2Fwp%2Fv2%2Fcategories&post=889"},{"taxonomy":"post_tag","embeddable":true,"href":"https:\/\/blogdojoaocosta.com.br\/index.php?rest_route=%2Fwp%2Fv2%2Ftags&post=889"}],"curies":[{"name":"wp","href":"https:\/\/api.w.org\/{rel}","templated":true}]}}