{"id":928,"date":"2023-04-05T08:50:18","date_gmt":"2023-04-05T11:50:18","guid":{"rendered":"https:\/\/blogdojoaocosta.com.br\/?p=928"},"modified":"2023-04-05T08:50:18","modified_gmt":"2023-04-05T11:50:18","slug":"marinha-promove-mulher-negra-ao-posto-de-almirante","status":"publish","type":"post","link":"https:\/\/blogdojoaocosta.com.br\/?p=928","title":{"rendered":"Marinha promove mulher negra ao posto de Almirante"},"content":{"rendered":"<p>A Marinha promoveu na ter\u00e7a-feira (4) a m\u00e9dica Maria Cec\u00edlia Barbosa da Silva Concei\u00e7\u00e3o ao posto de almirante. A m\u00e9dica \u00e9 a terceira mulher e a primeira negra a alcan\u00e7ar o posto na hist\u00f3ria da For\u00e7a. Ela participou da cerim\u00f4nia em que o presidente Luiz In\u00e1cio Lula da Silva (PT) cumprimentou os oficiais-generais rec\u00e9m-promovidos, no Pal\u00e1cio do Planalto, detalha mat\u00e9ria da Folha de S\u00e3o Paulo.<\/p>\n<p>Al\u00e9m de representar o empoderamento das mulheres na Armada assinala a participa\u00e7\u00e3o dos brasileiros negros na for\u00e7a que praticamente teve in\u00edcio no s\u00e9culo XIX, quando a marinha se tornou um dos caminhos seguidos pelos escravos fugidos para alcan\u00e7ar a liberdade.<\/p>\n<p>Foi um per\u00edodo em que brasileiros negros eram emancipados para combaterem na Guerra do Paraguai; em 1910, devido aos castigos corporais na Marinha, uma revolta eclodiu no Rio de Janeiro sob o comando de um negro: Jo\u00e3o C\u00e2ndido, imortalizado na can\u00e7\u00e3o popular como o \u201cAlmirante Negro\u201d.<\/p>\n<p>Mas ainda h\u00e1 um d\u00e9bito da Na\u00e7\u00e3o e da pr\u00f3pria Armada para com o negro Jo\u00e3o C\u00e2ndido, l\u00edder da&#8221; Revolta da Chibata&#8221;.<\/p>\n<p>O fato \u00e9 que as mulheres contabilizam cada vez mais conquistas profissionais na carreira militar. Nos \u00faltimos dez anos, grandes mudan\u00e7as foram feitas pela Marinha do Brasil (MB) para que elas ocupassem cargos que eram, tradicionalmente, exclusivos dos homens. At\u00e9 2024, estar\u00e3o inclu\u00eddas em todos os Corpos, escolas e centros de instru\u00e7\u00e3o da For\u00e7a, segundo publica\u00e7\u00e3o da Marinha.<\/p>\n<p>A promo\u00e7\u00e3o foi definida em fevereiro pelo almirantado, e a nomea\u00e7\u00e3o foi confirmada na \u00faltima semana. Maria Cec\u00edlia ocupar\u00e1 a diretoria do Departamento de Sa\u00fade do Minist\u00e9rio da Defesa.<\/p>\n<p>Ao jornal Folha de S. Paulo, Maria Cec\u00edlia afirmou que se sente recompensada e feliz com a promo\u00e7\u00e3o. \u201cNossa carreira na Marinha do Brasil \u00e9 cercada de momentos dif\u00edceis, momentos bons, e a institui\u00e7\u00e3o abre essa oportunidade para que as oficiais alcancem, por m\u00e9rito pr\u00f3prio, postos mais elevados durante a carreira. Me sinto recompensada e feliz por estar fazendo parte do grupo de almirantes da Marinha\u201d, disse.<\/p>\n<p>Com informa\u00e7\u00f5es da Folha de S\u00e3o Paulo, site da Marinha e Senado Federal<\/p>\n","protected":false},"excerpt":{"rendered":"<p>A Marinha promoveu na ter\u00e7a-feira (4) a m\u00e9dica Maria Cec\u00edlia Barbosa da Silva Concei\u00e7\u00e3o ao posto de almirante. A m\u00e9dica \u00e9 a terceira mulher e a primeira negra a alcan\u00e7ar o posto na hist\u00f3ria da For\u00e7a. Ela participou da cerim\u00f4nia em que o presidente Luiz In\u00e1cio Lula da Silva (PT) cumprimentou os oficiais-generais rec\u00e9m-promovidos, no [&hellip;]<\/p>\n","protected":false},"author":1,"featured_media":929,"comment_status":"open","ping_status":"open","sticky":false,"template":"","format":"standard","meta":{"footnotes":""},"categories":[15],"tags":[],"class_list":["post-928","post","type-post","status-publish","format-standard","has-post-thumbnail","hentry","category-diversidade"],"yoast_head":"<!-- This site is optimized with the Yoast SEO plugin v27.5 - https:\/\/yoast.com\/product\/yoast-seo-wordpress\/ -->\n<title>Marinha promove mulher negra ao posto de Almirante - Blog do Jo\u00e3o Costa<\/title>\n<meta name=\"robots\" content=\"index, follow, max-snippet:-1, max-image-preview:large, max-video-preview:-1\" \/>\n<link rel=\"canonical\" href=\"https:\/\/blogdojoaocosta.com.br\/?p=928\" \/>\n<meta property=\"og:locale\" content=\"pt_BR\" \/>\n<meta property=\"og:type\" content=\"article\" \/>\n<meta property=\"og:title\" content=\"Marinha promove mulher negra ao posto de Almirante - Blog do Jo\u00e3o Costa\" \/>\n<meta property=\"og:description\" content=\"A Marinha promoveu na ter\u00e7a-feira (4) a m\u00e9dica Maria Cec\u00edlia Barbosa da Silva Concei\u00e7\u00e3o ao posto de almirante. A m\u00e9dica \u00e9 a terceira mulher e a primeira negra a alcan\u00e7ar o posto na hist\u00f3ria da For\u00e7a. Ela participou da cerim\u00f4nia em que o presidente Luiz In\u00e1cio Lula da Silva (PT) cumprimentou os oficiais-generais rec\u00e9m-promovidos, no [&hellip;]\" \/>\n<meta property=\"og:url\" content=\"https:\/\/blogdojoaocosta.com.br\/?p=928\" \/>\n<meta property=\"og:site_name\" content=\"Blog do Jo\u00e3o Costa\" \/>\n<meta property=\"article:published_time\" content=\"2023-04-05T11:50:18+00:00\" \/>\n<meta property=\"og:image\" content=\"https:\/\/blogdojoaocosta.com.br\/wp-content\/uploads\/2023\/04\/Almirante-legal.jpg\" \/>\n\t<meta property=\"og:image:width\" content=\"435\" \/>\n\t<meta property=\"og:image:height\" content=\"295\" \/>\n\t<meta property=\"og:image:type\" content=\"image\/jpeg\" \/>\n<meta name=\"author\" content=\"joaocosta\" \/>\n<meta name=\"twitter:card\" content=\"summary_large_image\" \/>\n<meta name=\"twitter:label1\" content=\"Escrito por\" \/>\n\t<meta name=\"twitter:data1\" content=\"joaocosta\" \/>\n\t<meta name=\"twitter:label2\" content=\"Est. tempo de leitura\" \/>\n\t<meta name=\"twitter:data2\" content=\"2 minutos\" \/>\n<script type=\"application\/ld+json\" class=\"yoast-schema-graph\">{\"@context\":\"https:\\\/\\\/schema.org\",\"@graph\":[{\"@type\":\"Article\",\"@id\":\"https:\\\/\\\/blogdojoaocosta.com.br\\\/?p=928#article\",\"isPartOf\":{\"@id\":\"https:\\\/\\\/blogdojoaocosta.com.br\\\/?p=928\"},\"author\":{\"name\":\"joaocosta\",\"@id\":\"https:\\\/\\\/blogdojoaocosta.com.br\\\/#\\\/schema\\\/person\\\/af1c9fa31a41a9d29c32f74b41d55f6e\"},\"headline\":\"Marinha promove mulher negra ao posto de Almirante\",\"datePublished\":\"2023-04-05T11:50:18+00:00\",\"mainEntityOfPage\":{\"@id\":\"https:\\\/\\\/blogdojoaocosta.com.br\\\/?p=928\"},\"wordCount\":391,\"commentCount\":0,\"image\":{\"@id\":\"https:\\\/\\\/blogdojoaocosta.com.br\\\/?p=928#primaryimage\"},\"thumbnailUrl\":\"https:\\\/\\\/blogdojoaocosta.com.br\\\/wp-content\\\/uploads\\\/2023\\\/04\\\/Almirante-legal.jpg\",\"articleSection\":[\"Diversidade\"],\"inLanguage\":\"pt-BR\",\"potentialAction\":[{\"@type\":\"CommentAction\",\"name\":\"Comment\",\"target\":[\"https:\\\/\\\/blogdojoaocosta.com.br\\\/?p=928#respond\"]}]},{\"@type\":\"WebPage\",\"@id\":\"https:\\\/\\\/blogdojoaocosta.com.br\\\/?p=928\",\"url\":\"https:\\\/\\\/blogdojoaocosta.com.br\\\/?p=928\",\"name\":\"Marinha promove mulher negra ao posto de Almirante - Blog do Jo\u00e3o Costa\",\"isPartOf\":{\"@id\":\"https:\\\/\\\/blogdojoaocosta.com.br\\\/#website\"},\"primaryImageOfPage\":{\"@id\":\"https:\\\/\\\/blogdojoaocosta.com.br\\\/?p=928#primaryimage\"},\"image\":{\"@id\":\"https:\\\/\\\/blogdojoaocosta.com.br\\\/?p=928#primaryimage\"},\"thumbnailUrl\":\"https:\\\/\\\/blogdojoaocosta.com.br\\\/wp-content\\\/uploads\\\/2023\\\/04\\\/Almirante-legal.jpg\",\"datePublished\":\"2023-04-05T11:50:18+00:00\",\"author\":{\"@id\":\"https:\\\/\\\/blogdojoaocosta.com.br\\\/#\\\/schema\\\/person\\\/af1c9fa31a41a9d29c32f74b41d55f6e\"},\"breadcrumb\":{\"@id\":\"https:\\\/\\\/blogdojoaocosta.com.br\\\/?p=928#breadcrumb\"},\"inLanguage\":\"pt-BR\",\"potentialAction\":[{\"@type\":\"ReadAction\",\"target\":[\"https:\\\/\\\/blogdojoaocosta.com.br\\\/?p=928\"]}]},{\"@type\":\"ImageObject\",\"inLanguage\":\"pt-BR\",\"@id\":\"https:\\\/\\\/blogdojoaocosta.com.br\\\/?p=928#primaryimage\",\"url\":\"https:\\\/\\\/blogdojoaocosta.com.br\\\/wp-content\\\/uploads\\\/2023\\\/04\\\/Almirante-legal.jpg\",\"contentUrl\":\"https:\\\/\\\/blogdojoaocosta.com.br\\\/wp-content\\\/uploads\\\/2023\\\/04\\\/Almirante-legal.jpg\",\"width\":435,\"height\":295,\"caption\":\"Maria Cec\u00edlia \u00e9 a primeira mulher negra a ser promovida - 1\"},{\"@type\":\"BreadcrumbList\",\"@id\":\"https:\\\/\\\/blogdojoaocosta.com.br\\\/?p=928#breadcrumb\",\"itemListElement\":[{\"@type\":\"ListItem\",\"position\":1,\"name\":\"In\u00edcio\",\"item\":\"https:\\\/\\\/blogdojoaocosta.com.br\\\/\"},{\"@type\":\"ListItem\",\"position\":2,\"name\":\"Marinha promove mulher negra ao posto de Almirante\"}]},{\"@type\":\"WebSite\",\"@id\":\"https:\\\/\\\/blogdojoaocosta.com.br\\\/#website\",\"url\":\"https:\\\/\\\/blogdojoaocosta.com.br\\\/\",\"name\":\"Blog do Jo\u00e3o Costa\",\"description\":\"Assim Caminha a Humanidade\",\"potentialAction\":[{\"@type\":\"SearchAction\",\"target\":{\"@type\":\"EntryPoint\",\"urlTemplate\":\"https:\\\/\\\/blogdojoaocosta.com.br\\\/?s={search_term_string}\"},\"query-input\":{\"@type\":\"PropertyValueSpecification\",\"valueRequired\":true,\"valueName\":\"search_term_string\"}}],\"inLanguage\":\"pt-BR\"},{\"@type\":\"Person\",\"@id\":\"https:\\\/\\\/blogdojoaocosta.com.br\\\/#\\\/schema\\\/person\\\/af1c9fa31a41a9d29c32f74b41d55f6e\",\"name\":\"joaocosta\",\"image\":{\"@type\":\"ImageObject\",\"inLanguage\":\"pt-BR\",\"@id\":\"https:\\\/\\\/secure.gravatar.com\\\/avatar\\\/677b6f1fc54e8c7982d7dce3cfe65fce28f898f70d9b8b631786a0b1b18b11e5?s=96&d=mm&r=g\",\"url\":\"https:\\\/\\\/secure.gravatar.com\\\/avatar\\\/677b6f1fc54e8c7982d7dce3cfe65fce28f898f70d9b8b631786a0b1b18b11e5?s=96&d=mm&r=g\",\"contentUrl\":\"https:\\\/\\\/secure.gravatar.com\\\/avatar\\\/677b6f1fc54e8c7982d7dce3cfe65fce28f898f70d9b8b631786a0b1b18b11e5?s=96&d=mm&r=g\",\"caption\":\"joaocosta\"},\"sameAs\":[\"http:\\\/\\\/blogdojoaocosta.com.br\"],\"url\":\"https:\\\/\\\/blogdojoaocosta.com.br\\\/?author=1\"}]}<\/script>\n<!-- \/ Yoast SEO plugin. -->","yoast_head_json":{"title":"Marinha promove mulher negra ao posto de Almirante - Blog do Jo\u00e3o Costa","robots":{"index":"index","follow":"follow","max-snippet":"max-snippet:-1","max-image-preview":"max-image-preview:large","max-video-preview":"max-video-preview:-1"},"canonical":"https:\/\/blogdojoaocosta.com.br\/?p=928","og_locale":"pt_BR","og_type":"article","og_title":"Marinha promove mulher negra ao posto de Almirante - Blog do Jo\u00e3o Costa","og_description":"A Marinha promoveu na ter\u00e7a-feira (4) a m\u00e9dica Maria Cec\u00edlia Barbosa da Silva Concei\u00e7\u00e3o ao posto de almirante. A m\u00e9dica \u00e9 a terceira mulher e a primeira negra a alcan\u00e7ar o posto na hist\u00f3ria da For\u00e7a. Ela participou da cerim\u00f4nia em que o presidente Luiz In\u00e1cio Lula da Silva (PT) cumprimentou os oficiais-generais rec\u00e9m-promovidos, no [&hellip;]","og_url":"https:\/\/blogdojoaocosta.com.br\/?p=928","og_site_name":"Blog do Jo\u00e3o Costa","article_published_time":"2023-04-05T11:50:18+00:00","og_image":[{"width":435,"height":295,"url":"https:\/\/blogdojoaocosta.com.br\/wp-content\/uploads\/2023\/04\/Almirante-legal.jpg","type":"image\/jpeg"}],"author":"joaocosta","twitter_card":"summary_large_image","twitter_misc":{"Escrito por":"joaocosta","Est. tempo de leitura":"2 minutos"},"schema":{"@context":"https:\/\/schema.org","@graph":[{"@type":"Article","@id":"https:\/\/blogdojoaocosta.com.br\/?p=928#article","isPartOf":{"@id":"https:\/\/blogdojoaocosta.com.br\/?p=928"},"author":{"name":"joaocosta","@id":"https:\/\/blogdojoaocosta.com.br\/#\/schema\/person\/af1c9fa31a41a9d29c32f74b41d55f6e"},"headline":"Marinha promove mulher negra ao posto de Almirante","datePublished":"2023-04-05T11:50:18+00:00","mainEntityOfPage":{"@id":"https:\/\/blogdojoaocosta.com.br\/?p=928"},"wordCount":391,"commentCount":0,"image":{"@id":"https:\/\/blogdojoaocosta.com.br\/?p=928#primaryimage"},"thumbnailUrl":"https:\/\/blogdojoaocosta.com.br\/wp-content\/uploads\/2023\/04\/Almirante-legal.jpg","articleSection":["Diversidade"],"inLanguage":"pt-BR","potentialAction":[{"@type":"CommentAction","name":"Comment","target":["https:\/\/blogdojoaocosta.com.br\/?p=928#respond"]}]},{"@type":"WebPage","@id":"https:\/\/blogdojoaocosta.com.br\/?p=928","url":"https:\/\/blogdojoaocosta.com.br\/?p=928","name":"Marinha promove mulher negra ao posto de Almirante - Blog do Jo\u00e3o Costa","isPartOf":{"@id":"https:\/\/blogdojoaocosta.com.br\/#website"},"primaryImageOfPage":{"@id":"https:\/\/blogdojoaocosta.com.br\/?p=928#primaryimage"},"image":{"@id":"https:\/\/blogdojoaocosta.com.br\/?p=928#primaryimage"},"thumbnailUrl":"https:\/\/blogdojoaocosta.com.br\/wp-content\/uploads\/2023\/04\/Almirante-legal.jpg","datePublished":"2023-04-05T11:50:18+00:00","author":{"@id":"https:\/\/blogdojoaocosta.com.br\/#\/schema\/person\/af1c9fa31a41a9d29c32f74b41d55f6e"},"breadcrumb":{"@id":"https:\/\/blogdojoaocosta.com.br\/?p=928#breadcrumb"},"inLanguage":"pt-BR","potentialAction":[{"@type":"ReadAction","target":["https:\/\/blogdojoaocosta.com.br\/?p=928"]}]},{"@type":"ImageObject","inLanguage":"pt-BR","@id":"https:\/\/blogdojoaocosta.com.br\/?p=928#primaryimage","url":"https:\/\/blogdojoaocosta.com.br\/wp-content\/uploads\/2023\/04\/Almirante-legal.jpg","contentUrl":"https:\/\/blogdojoaocosta.com.br\/wp-content\/uploads\/2023\/04\/Almirante-legal.jpg","width":435,"height":295,"caption":"Maria Cec\u00edlia \u00e9 a primeira mulher negra a ser promovida - 1"},{"@type":"BreadcrumbList","@id":"https:\/\/blogdojoaocosta.com.br\/?p=928#breadcrumb","itemListElement":[{"@type":"ListItem","position":1,"name":"In\u00edcio","item":"https:\/\/blogdojoaocosta.com.br\/"},{"@type":"ListItem","position":2,"name":"Marinha promove mulher negra ao posto de Almirante"}]},{"@type":"WebSite","@id":"https:\/\/blogdojoaocosta.com.br\/#website","url":"https:\/\/blogdojoaocosta.com.br\/","name":"Blog do Jo\u00e3o Costa","description":"Assim Caminha a Humanidade","potentialAction":[{"@type":"SearchAction","target":{"@type":"EntryPoint","urlTemplate":"https:\/\/blogdojoaocosta.com.br\/?s={search_term_string}"},"query-input":{"@type":"PropertyValueSpecification","valueRequired":true,"valueName":"search_term_string"}}],"inLanguage":"pt-BR"},{"@type":"Person","@id":"https:\/\/blogdojoaocosta.com.br\/#\/schema\/person\/af1c9fa31a41a9d29c32f74b41d55f6e","name":"joaocosta","image":{"@type":"ImageObject","inLanguage":"pt-BR","@id":"https:\/\/secure.gravatar.com\/avatar\/677b6f1fc54e8c7982d7dce3cfe65fce28f898f70d9b8b631786a0b1b18b11e5?s=96&d=mm&r=g","url":"https:\/\/secure.gravatar.com\/avatar\/677b6f1fc54e8c7982d7dce3cfe65fce28f898f70d9b8b631786a0b1b18b11e5?s=96&d=mm&r=g","contentUrl":"https:\/\/secure.gravatar.com\/avatar\/677b6f1fc54e8c7982d7dce3cfe65fce28f898f70d9b8b631786a0b1b18b11e5?s=96&d=mm&r=g","caption":"joaocosta"},"sameAs":["http:\/\/blogdojoaocosta.com.br"],"url":"https:\/\/blogdojoaocosta.com.br\/?author=1"}]}},"_links":{"self":[{"href":"https:\/\/blogdojoaocosta.com.br\/index.php?rest_route=\/wp\/v2\/posts\/928","targetHints":{"allow":["GET"]}}],"collection":[{"href":"https:\/\/blogdojoaocosta.com.br\/index.php?rest_route=\/wp\/v2\/posts"}],"about":[{"href":"https:\/\/blogdojoaocosta.com.br\/index.php?rest_route=\/wp\/v2\/types\/post"}],"author":[{"embeddable":true,"href":"https:\/\/blogdojoaocosta.com.br\/index.php?rest_route=\/wp\/v2\/users\/1"}],"replies":[{"embeddable":true,"href":"https:\/\/blogdojoaocosta.com.br\/index.php?rest_route=%2Fwp%2Fv2%2Fcomments&post=928"}],"version-history":[{"count":1,"href":"https:\/\/blogdojoaocosta.com.br\/index.php?rest_route=\/wp\/v2\/posts\/928\/revisions"}],"predecessor-version":[{"id":930,"href":"https:\/\/blogdojoaocosta.com.br\/index.php?rest_route=\/wp\/v2\/posts\/928\/revisions\/930"}],"wp:featuredmedia":[{"embeddable":true,"href":"https:\/\/blogdojoaocosta.com.br\/index.php?rest_route=\/wp\/v2\/media\/929"}],"wp:attachment":[{"href":"https:\/\/blogdojoaocosta.com.br\/index.php?rest_route=%2Fwp%2Fv2%2Fmedia&parent=928"}],"wp:term":[{"taxonomy":"category","embeddable":true,"href":"https:\/\/blogdojoaocosta.com.br\/index.php?rest_route=%2Fwp%2Fv2%2Fcategories&post=928"},{"taxonomy":"post_tag","embeddable":true,"href":"https:\/\/blogdojoaocosta.com.br\/index.php?rest_route=%2Fwp%2Fv2%2Ftags&post=928"}],"curies":[{"name":"wp","href":"https:\/\/api.w.org\/{rel}","templated":true}]}}